{"id":371,"date":"2023-07-25T14:26:32","date_gmt":"2023-07-25T17:26:32","guid":{"rendered":"https:\/\/apuntesdesanluis.com\/?p=371"},"modified":"2023-07-25T14:26:32","modified_gmt":"2023-07-25T17:26:32","slug":"la-uia-en-alerta-por-las-ultimas-medidas-economicas-impactan-negativamente-en-la-produccion","status":"publish","type":"post","link":"https:\/\/apuntesdesanluis.com\/index.php\/2023\/07\/25\/la-uia-en-alerta-por-las-ultimas-medidas-economicas-impactan-negativamente-en-la-produccion\/","title":{"rendered":"LA UIA, EN ALERTA POR LAS \u00daLTIMAS MEDIDAS ECON\u00d3MICAS: &#8220;IMPACTAN NEGATIVAMENTE EN LA PRODUCCI\u00d3N&#8221;"},"content":{"rendered":"<h3>La Uni\u00f3n Industrial Argentina (UIA) advirti\u00f3 que las recientes medidas econ\u00f3micas que anunci\u00f3 el Gobierno &#8220;impactan negativamente en la producci\u00f3n&#8221;, ya que &#8220;limitan a\u00fan m\u00e1s el acceso a insumos necesarios para la industria&#8221;.<\/h3>\n<h3>&#8220;Los anuncios de estos \u00faltimos d\u00edas, que esperamos sean de car\u00e1cter transitorio producto de la escasez de divisas, afectar\u00e1n la actividad, con fuerte impacto en las PyMEs, a partir de una mayor presi\u00f3n fiscal al sector productivo, mayores costos y p\u00e9rdida de competitividad para la exportaci\u00f3n&#8221;, se quej\u00f3 la central fabril.<\/h3>\n<h3>En ese sentido, afirm\u00f3 que &#8220;resulta fundamental evitar el sesgo antiexportador y las distorsiones de precios que generan estos esquemas que impactan aleatoriamente en las cadenas de valor&#8221;.<\/h3>\n<h3>El Gobierno anunci\u00f3 el domingo que mejorar\u00e1 el tipo de cambio para el ma\u00edz y las econom\u00edas regionales y eximir\u00e1 del impuesto PAIS a las importaciones vinculadas con la canasta b\u00e1sica alimentaria. Ahora, la UIA enumer\u00f3 las consecuencias de la aplicaci\u00f3n de las medidas oficiales:<\/h3>\n<h3>&#8211; Rigen desde el lunes para las operaciones que accedan al mercado libre de cambios y lo perciben los bancos al momento del pago, en pesos, es decir que aplica sobre importaciones pautadas con anterioridad, generando costos retroactivos que no ten\u00edan cobertura cambiaria, generando un quiebre en la cadena de pagos de los sectores afectados.<\/h3>\n<h3>&#8211; No se conoce a\u00fan la normativa para saber el alcance de la excepci\u00f3n del Impuesto PAIS para insumos y bienes intermedios vinculados en forma directa a productos de la canasta b\u00e1sica alimentaria y para combustibles, lubricantes, bienes vinculados a la generaci\u00f3n de energ\u00eda.<\/h3>\n<h3>&#8211; No se ha contemplado eximir a todo lo que est\u00e1 en el marco de Precios Justos, lo que presionar\u00e1 a\u00fan m\u00e1s sobre costos y precios. Existe adem\u00e1s la dificultad para exceptuar a todas las materias primas, insumos y bienes intermedios asociados a los bienes de canasta b\u00e1sica.<\/h3>\n<h3>&#8211; Afecta la competitividad de las exportaciones, encareciendo a\u00fan m\u00e1s los fletes internacionales en un marco de baja competitividad log\u00edstica internacional.<\/h3>\n","protected":false},"excerpt":{"rendered":"<p>La Uni\u00f3n Industrial Argentina (UIA) advirti\u00f3 que las recientes medidas econ\u00f3micas que anunci\u00f3 el Gobierno&#8230;<\/p>\n","protected":false},"author":1,"featured_media":372,"comment_status":"closed","ping_status":"closed","sticky":false,"template":"","format":"standard","meta":{"footnotes":""},"categories":[5],"tags":[],"class_list":["post-371","post","type-post","status-publish","format-standard","has-post-thumbnail","hentry","category-nacionales-internacionales"],"yoast_head":"<!-- This site is optimized with the Yoast SEO plugin v26.1.1 - https:\/\/yoast.com\/wordpress\/plugins\/seo\/ -->\n<title>LA UIA, EN ALERTA POR LAS \u00daLTIMAS MEDIDAS ECON\u00d3MICAS: &quot;IMPACTAN NEGATIVAMENTE EN LA PRODUCCI\u00d3N&quot; - Apuntes de San Luis<\/title>\n<meta name=\"robots\" content=\"index, follow, max-snippet:-1, max-image-preview:large, max-video-preview:-1\" \/>\n<link rel=\"canonical\" href=\"https:\/\/apuntesdesanluis.com\/index.php\/2023\/07\/25\/la-uia-en-alerta-por-las-ultimas-medidas-economicas-impactan-negativamente-en-la-produccion\/\" \/>\n<meta property=\"og:locale\" content=\"es_ES\" \/>\n<meta property=\"og:type\" content=\"article\" \/>\n<meta property=\"og:title\" content=\"LA UIA, EN ALERTA POR LAS \u00daLTIMAS MEDIDAS ECON\u00d3MICAS: &quot;IMPACTAN NEGATIVAMENTE EN LA PRODUCCI\u00d3N&quot; - Apuntes de San Luis\" \/>\n<meta property=\"og:description\" content=\"La Uni\u00f3n Industrial Argentina (UIA) advirti\u00f3 que las recientes medidas econ\u00f3micas que anunci\u00f3 el Gobierno...\" \/>\n<meta property=\"og:url\" content=\"https:\/\/apuntesdesanluis.com\/index.php\/2023\/07\/25\/la-uia-en-alerta-por-las-ultimas-medidas-economicas-impactan-negativamente-en-la-produccion\/\" \/>\n<meta property=\"og:site_name\" content=\"Apuntes de San Luis\" \/>\n<meta property=\"article:published_time\" content=\"2023-07-25T17:26:32+00:00\" \/>\n<meta property=\"og:image\" content=\"https:\/\/apuntesdesanluis.com\/wp-content\/uploads\/2023\/07\/UIA.png\" \/>\n\t<meta property=\"og:image:width\" content=\"664\" \/>\n\t<meta property=\"og:image:height\" content=\"396\" \/>\n\t<meta property=\"og:image:type\" content=\"image\/png\" \/>\n<meta name=\"author\" content=\"apuntesdesanluis.com\" \/>\n<meta name=\"twitter:card\" content=\"summary_large_image\" \/>\n<meta name=\"twitter:label1\" content=\"Escrito por\" \/>\n\t<meta name=\"twitter:data1\" content=\"apuntesdesanluis.com\" \/>\n\t<meta name=\"twitter:label2\" content=\"Tiempo de lectura\" \/>\n\t<meta name=\"twitter:data2\" content=\"2 minutos\" \/>\n<script type=\"application\/ld+json\" class=\"yoast-schema-graph\">{\"@context\":\"https:\/\/schema.org\",\"@graph\":[{\"@type\":\"Article\",\"@id\":\"https:\/\/apuntesdesanluis.com\/index.php\/2023\/07\/25\/la-uia-en-alerta-por-las-ultimas-medidas-economicas-impactan-negativamente-en-la-produccion\/#article\",\"isPartOf\":{\"@id\":\"https:\/\/apuntesdesanluis.com\/index.php\/2023\/07\/25\/la-uia-en-alerta-por-las-ultimas-medidas-economicas-impactan-negativamente-en-la-produccion\/\"},\"author\":{\"name\":\"apuntesdesanluis.com\",\"@id\":\"https:\/\/apuntesdesanluis.com\/#\/schema\/person\/b55151d52296fcce64d1a72538a70b90\"},\"headline\":\"LA UIA, EN ALERTA POR LAS \u00daLTIMAS MEDIDAS ECON\u00d3MICAS: &#8220;IMPACTAN NEGATIVAMENTE EN LA PRODUCCI\u00d3N&#8221;\",\"datePublished\":\"2023-07-25T17:26:32+00:00\",\"mainEntityOfPage\":{\"@id\":\"https:\/\/apuntesdesanluis.com\/index.php\/2023\/07\/25\/la-uia-en-alerta-por-las-ultimas-medidas-economicas-impactan-negativamente-en-la-produccion\/\"},\"wordCount\":369,\"publisher\":{\"@id\":\"https:\/\/apuntesdesanluis.com\/#\/schema\/person\/b55151d52296fcce64d1a72538a70b90\"},\"image\":{\"@id\":\"https:\/\/apuntesdesanluis.com\/index.php\/2023\/07\/25\/la-uia-en-alerta-por-las-ultimas-medidas-economicas-impactan-negativamente-en-la-produccion\/#primaryimage\"},\"thumbnailUrl\":\"https:\/\/apuntesdesanluis.com\/wp-content\/uploads\/2023\/07\/UIA.png\",\"articleSection\":[\"Nacionales\/Internacionales\"],\"inLanguage\":\"es-AR\"},{\"@type\":\"WebPage\",\"@id\":\"https:\/\/apuntesdesanluis.com\/index.php\/2023\/07\/25\/la-uia-en-alerta-por-las-ultimas-medidas-economicas-impactan-negativamente-en-la-produccion\/\",\"url\":\"https:\/\/apuntesdesanluis.com\/index.php\/2023\/07\/25\/la-uia-en-alerta-por-las-ultimas-medidas-economicas-impactan-negativamente-en-la-produccion\/\",\"name\":\"LA UIA, EN ALERTA POR LAS \u00daLTIMAS MEDIDAS ECON\u00d3MICAS: \\\"IMPACTAN NEGATIVAMENTE EN LA PRODUCCI\u00d3N\\\" - Apuntes de San Luis\",\"isPartOf\":{\"@id\":\"https:\/\/apuntesdesanluis.com\/#website\"},\"primaryImageOfPage\":{\"@id\":\"https:\/\/apuntesdesanluis.com\/index.php\/2023\/07\/25\/la-uia-en-alerta-por-las-ultimas-medidas-economicas-impactan-negativamente-en-la-produccion\/#primaryimage\"},\"image\":{\"@id\":\"https:\/\/apuntesdesanluis.com\/index.php\/2023\/07\/25\/la-uia-en-alerta-por-las-ultimas-medidas-economicas-impactan-negativamente-en-la-produccion\/#primaryimage\"},\"thumbnailUrl\":\"https:\/\/apuntesdesanluis.com\/wp-content\/uploads\/2023\/07\/UIA.png\",\"datePublished\":\"2023-07-25T17:26:32+00:00\",\"breadcrumb\":{\"@id\":\"https:\/\/apuntesdesanluis.com\/index.php\/2023\/07\/25\/la-uia-en-alerta-por-las-ultimas-medidas-economicas-impactan-negativamente-en-la-produccion\/#breadcrumb\"},\"inLanguage\":\"es-AR\",\"potentialAction\":[{\"@type\":\"ReadAction\",\"target\":[\"https:\/\/apuntesdesanluis.com\/index.php\/2023\/07\/25\/la-uia-en-alerta-por-las-ultimas-medidas-economicas-impactan-negativamente-en-la-produccion\/\"]}]},{\"@type\":\"ImageObject\",\"inLanguage\":\"es-AR\",\"@id\":\"https:\/\/apuntesdesanluis.com\/index.php\/2023\/07\/25\/la-uia-en-alerta-por-las-ultimas-medidas-economicas-impactan-negativamente-en-la-produccion\/#primaryimage\",\"url\":\"https:\/\/apuntesdesanluis.com\/wp-content\/uploads\/2023\/07\/UIA.png\",\"contentUrl\":\"https:\/\/apuntesdesanluis.com\/wp-content\/uploads\/2023\/07\/UIA.png\",\"width\":664,\"height\":396},{\"@type\":\"BreadcrumbList\",\"@id\":\"https:\/\/apuntesdesanluis.com\/index.php\/2023\/07\/25\/la-uia-en-alerta-por-las-ultimas-medidas-economicas-impactan-negativamente-en-la-produccion\/#breadcrumb\",\"itemListElement\":[{\"@type\":\"ListItem\",\"position\":1,\"name\":\"Inicio\",\"item\":\"https:\/\/apuntesdesanluis.com\/\"},{\"@type\":\"ListItem\",\"position\":2,\"name\":\"LA UIA, EN ALERTA POR LAS \u00daLTIMAS MEDIDAS ECON\u00d3MICAS: &#8220;IMPACTAN NEGATIVAMENTE EN LA PRODUCCI\u00d3N&#8221;\"}]},{\"@type\":\"WebSite\",\"@id\":\"https:\/\/apuntesdesanluis.com\/#website\",\"url\":\"https:\/\/apuntesdesanluis.com\/\",\"name\":\"Apuntes de San Luis\",\"description\":\"\",\"publisher\":{\"@id\":\"https:\/\/apuntesdesanluis.com\/#\/schema\/person\/b55151d52296fcce64d1a72538a70b90\"},\"potentialAction\":[{\"@type\":\"SearchAction\",\"target\":{\"@type\":\"EntryPoint\",\"urlTemplate\":\"https:\/\/apuntesdesanluis.com\/?s={search_term_string}\"},\"query-input\":{\"@type\":\"PropertyValueSpecification\",\"valueRequired\":true,\"valueName\":\"search_term_string\"}}],\"inLanguage\":\"es-AR\"},{\"@type\":[\"Person\",\"Organization\"],\"@id\":\"https:\/\/apuntesdesanluis.com\/#\/schema\/person\/b55151d52296fcce64d1a72538a70b90\",\"name\":\"apuntesdesanluis.com\",\"image\":{\"@type\":\"ImageObject\",\"inLanguage\":\"es-AR\",\"@id\":\"https:\/\/apuntesdesanluis.com\/#\/schema\/person\/image\/\",\"url\":\"https:\/\/apuntesdesanluis.com\/wp-content\/uploads\/2023\/07\/cropped-apuntesdesanluis.png\",\"contentUrl\":\"https:\/\/apuntesdesanluis.com\/wp-content\/uploads\/2023\/07\/cropped-apuntesdesanluis.png\",\"width\":450,\"height\":112,\"caption\":\"apuntesdesanluis.com\"},\"logo\":{\"@id\":\"https:\/\/apuntesdesanluis.com\/#\/schema\/person\/image\/\"},\"sameAs\":[\"https:\/\/apuntesdesanluis.com\"],\"url\":\"https:\/\/apuntesdesanluis.com\/index.php\/author\/apuntesdesanluis-com\/\"}]}<\/script>\n<!-- \/ Yoast SEO plugin. -->","yoast_head_json":{"title":"LA UIA, EN ALERTA POR LAS \u00daLTIMAS MEDIDAS ECON\u00d3MICAS: \"IMPACTAN NEGATIVAMENTE EN LA PRODUCCI\u00d3N\" - Apuntes de San Luis","robots":{"index":"index","follow":"follow","max-snippet":"max-snippet:-1","max-image-preview":"max-image-preview:large","max-video-preview":"max-video-preview:-1"},"canonical":"https:\/\/apuntesdesanluis.com\/index.php\/2023\/07\/25\/la-uia-en-alerta-por-las-ultimas-medidas-economicas-impactan-negativamente-en-la-produccion\/","og_locale":"es_ES","og_type":"article","og_title":"LA UIA, EN ALERTA POR LAS \u00daLTIMAS MEDIDAS ECON\u00d3MICAS: \"IMPACTAN NEGATIVAMENTE EN LA PRODUCCI\u00d3N\" - Apuntes de San Luis","og_description":"La Uni\u00f3n Industrial Argentina (UIA) advirti\u00f3 que las recientes medidas econ\u00f3micas que anunci\u00f3 el Gobierno...","og_url":"https:\/\/apuntesdesanluis.com\/index.php\/2023\/07\/25\/la-uia-en-alerta-por-las-ultimas-medidas-economicas-impactan-negativamente-en-la-produccion\/","og_site_name":"Apuntes de San Luis","article_published_time":"2023-07-25T17:26:32+00:00","og_image":[{"width":664,"height":396,"url":"https:\/\/apuntesdesanluis.com\/wp-content\/uploads\/2023\/07\/UIA.png","type":"image\/png"}],"author":"apuntesdesanluis.com","twitter_card":"summary_large_image","twitter_misc":{"Escrito por":"apuntesdesanluis.com","Tiempo de lectura":"2 minutos"},"schema":{"@context":"https:\/\/schema.org","@graph":[{"@type":"Article","@id":"https:\/\/apuntesdesanluis.com\/index.php\/2023\/07\/25\/la-uia-en-alerta-por-las-ultimas-medidas-economicas-impactan-negativamente-en-la-produccion\/#article","isPartOf":{"@id":"https:\/\/apuntesdesanluis.com\/index.php\/2023\/07\/25\/la-uia-en-alerta-por-las-ultimas-medidas-economicas-impactan-negativamente-en-la-produccion\/"},"author":{"name":"apuntesdesanluis.com","@id":"https:\/\/apuntesdesanluis.com\/#\/schema\/person\/b55151d52296fcce64d1a72538a70b90"},"headline":"LA UIA, EN ALERTA POR LAS \u00daLTIMAS MEDIDAS ECON\u00d3MICAS: &#8220;IMPACTAN NEGATIVAMENTE EN LA PRODUCCI\u00d3N&#8221;","datePublished":"2023-07-25T17:26:32+00:00","mainEntityOfPage":{"@id":"https:\/\/apuntesdesanluis.com\/index.php\/2023\/07\/25\/la-uia-en-alerta-por-las-ultimas-medidas-economicas-impactan-negativamente-en-la-produccion\/"},"wordCount":369,"publisher":{"@id":"https:\/\/apuntesdesanluis.com\/#\/schema\/person\/b55151d52296fcce64d1a72538a70b90"},"image":{"@id":"https:\/\/apuntesdesanluis.com\/index.php\/2023\/07\/25\/la-uia-en-alerta-por-las-ultimas-medidas-economicas-impactan-negativamente-en-la-produccion\/#primaryimage"},"thumbnailUrl":"https:\/\/apuntesdesanluis.com\/wp-content\/uploads\/2023\/07\/UIA.png","articleSection":["Nacionales\/Internacionales"],"inLanguage":"es-AR"},{"@type":"WebPage","@id":"https:\/\/apuntesdesanluis.com\/index.php\/2023\/07\/25\/la-uia-en-alerta-por-las-ultimas-medidas-economicas-impactan-negativamente-en-la-produccion\/","url":"https:\/\/apuntesdesanluis.com\/index.php\/2023\/07\/25\/la-uia-en-alerta-por-las-ultimas-medidas-economicas-impactan-negativamente-en-la-produccion\/","name":"LA UIA, EN ALERTA POR LAS \u00daLTIMAS MEDIDAS ECON\u00d3MICAS: \"IMPACTAN NEGATIVAMENTE EN LA PRODUCCI\u00d3N\" - Apuntes de San Luis","isPartOf":{"@id":"https:\/\/apuntesdesanluis.com\/#website"},"primaryImageOfPage":{"@id":"https:\/\/apuntesdesanluis.com\/index.php\/2023\/07\/25\/la-uia-en-alerta-por-las-ultimas-medidas-economicas-impactan-negativamente-en-la-produccion\/#primaryimage"},"image":{"@id":"https:\/\/apuntesdesanluis.com\/index.php\/2023\/07\/25\/la-uia-en-alerta-por-las-ultimas-medidas-economicas-impactan-negativamente-en-la-produccion\/#primaryimage"},"thumbnailUrl":"https:\/\/apuntesdesanluis.com\/wp-content\/uploads\/2023\/07\/UIA.png","datePublished":"2023-07-25T17:26:32+00:00","breadcrumb":{"@id":"https:\/\/apuntesdesanluis.com\/index.php\/2023\/07\/25\/la-uia-en-alerta-por-las-ultimas-medidas-economicas-impactan-negativamente-en-la-produccion\/#breadcrumb"},"inLanguage":"es-AR","potentialAction":[{"@type":"ReadAction","target":["https:\/\/apuntesdesanluis.com\/index.php\/2023\/07\/25\/la-uia-en-alerta-por-las-ultimas-medidas-economicas-impactan-negativamente-en-la-produccion\/"]}]},{"@type":"ImageObject","inLanguage":"es-AR","@id":"https:\/\/apuntesdesanluis.com\/index.php\/2023\/07\/25\/la-uia-en-alerta-por-las-ultimas-medidas-economicas-impactan-negativamente-en-la-produccion\/#primaryimage","url":"https:\/\/apuntesdesanluis.com\/wp-content\/uploads\/2023\/07\/UIA.png","contentUrl":"https:\/\/apuntesdesanluis.com\/wp-content\/uploads\/2023\/07\/UIA.png","width":664,"height":396},{"@type":"BreadcrumbList","@id":"https:\/\/apuntesdesanluis.com\/index.php\/2023\/07\/25\/la-uia-en-alerta-por-las-ultimas-medidas-economicas-impactan-negativamente-en-la-produccion\/#breadcrumb","itemListElement":[{"@type":"ListItem","position":1,"name":"Inicio","item":"https:\/\/apuntesdesanluis.com\/"},{"@type":"ListItem","position":2,"name":"LA UIA, EN ALERTA POR LAS \u00daLTIMAS MEDIDAS ECON\u00d3MICAS: &#8220;IMPACTAN NEGATIVAMENTE EN LA PRODUCCI\u00d3N&#8221;"}]},{"@type":"WebSite","@id":"https:\/\/apuntesdesanluis.com\/#website","url":"https:\/\/apuntesdesanluis.com\/","name":"Apuntes de San Luis","description":"","publisher":{"@id":"https:\/\/apuntesdesanluis.com\/#\/schema\/person\/b55151d52296fcce64d1a72538a70b90"},"potentialAction":[{"@type":"SearchAction","target":{"@type":"EntryPoint","urlTemplate":"https:\/\/apuntesdesanluis.com\/?s={search_term_string}"},"query-input":{"@type":"PropertyValueSpecification","valueRequired":true,"valueName":"search_term_string"}}],"inLanguage":"es-AR"},{"@type":["Person","Organization"],"@id":"https:\/\/apuntesdesanluis.com\/#\/schema\/person\/b55151d52296fcce64d1a72538a70b90","name":"apuntesdesanluis.com","image":{"@type":"ImageObject","inLanguage":"es-AR","@id":"https:\/\/apuntesdesanluis.com\/#\/schema\/person\/image\/","url":"https:\/\/apuntesdesanluis.com\/wp-content\/uploads\/2023\/07\/cropped-apuntesdesanluis.png","contentUrl":"https:\/\/apuntesdesanluis.com\/wp-content\/uploads\/2023\/07\/cropped-apuntesdesanluis.png","width":450,"height":112,"caption":"apuntesdesanluis.com"},"logo":{"@id":"https:\/\/apuntesdesanluis.com\/#\/schema\/person\/image\/"},"sameAs":["https:\/\/apuntesdesanluis.com"],"url":"https:\/\/apuntesdesanluis.com\/index.php\/author\/apuntesdesanluis-com\/"}]}},"featured_image_urls":{"full":["https:\/\/apuntesdesanluis.com\/wp-content\/uploads\/2023\/07\/UIA.png",664,396,false],"thumbnail":["https:\/\/apuntesdesanluis.com\/wp-content\/uploads\/2023\/07\/UIA-150x150.png",150,150,true],"medium":["https:\/\/apuntesdesanluis.com\/wp-content\/uploads\/2023\/07\/UIA-300x179.png",300,179,true],"medium_large":["https:\/\/apuntesdesanluis.com\/wp-content\/uploads\/2023\/07\/UIA.png",640,382,false],"large":["https:\/\/apuntesdesanluis.com\/wp-content\/uploads\/2023\/07\/UIA.png",640,382,false],"1536x1536":["https:\/\/apuntesdesanluis.com\/wp-content\/uploads\/2023\/07\/UIA.png",664,396,false],"2048x2048":["https:\/\/apuntesdesanluis.com\/wp-content\/uploads\/2023\/07\/UIA.png",664,396,false],"newsever-slider-full":["https:\/\/apuntesdesanluis.com\/wp-content\/uploads\/2023\/07\/UIA.png",664,396,false],"newsever-featured":["https:\/\/apuntesdesanluis.com\/wp-content\/uploads\/2023\/07\/UIA.png",664,396,false],"newsever-medium":["https:\/\/apuntesdesanluis.com\/wp-content\/uploads\/2023\/07\/UIA.png",664,396,false]},"author_info":{"display_name":"apuntesdesanluis.com","author_link":"https:\/\/apuntesdesanluis.com\/index.php\/author\/apuntesdesanluis-com\/"},"category_info":"<a href=\"https:\/\/apuntesdesanluis.com\/index.php\/category\/nacionales-internacionales\/\" rel=\"category tag\">Nacionales\/Internacionales<\/a>","tag_info":"Nacionales\/Internacionales","comment_count":"0","_links":{"self":[{"href":"https:\/\/apuntesdesanluis.com\/index.php\/wp-json\/wp\/v2\/posts\/371","targetHints":{"allow":["GET"]}}],"collection":[{"href":"https:\/\/apuntesdesanluis.com\/index.php\/wp-json\/wp\/v2\/posts"}],"about":[{"href":"https:\/\/apuntesdesanluis.com\/index.php\/wp-json\/wp\/v2\/types\/post"}],"author":[{"embeddable":true,"href":"https:\/\/apuntesdesanluis.com\/index.php\/wp-json\/wp\/v2\/users\/1"}],"replies":[{"embeddable":true,"href":"https:\/\/apuntesdesanluis.com\/index.php\/wp-json\/wp\/v2\/comments?post=371"}],"version-history":[{"count":1,"href":"https:\/\/apuntesdesanluis.com\/index.php\/wp-json\/wp\/v2\/posts\/371\/revisions"}],"predecessor-version":[{"id":373,"href":"https:\/\/apuntesdesanluis.com\/index.php\/wp-json\/wp\/v2\/posts\/371\/revisions\/373"}],"wp:featuredmedia":[{"embeddable":true,"href":"https:\/\/apuntesdesanluis.com\/index.php\/wp-json\/wp\/v2\/media\/372"}],"wp:attachment":[{"href":"https:\/\/apuntesdesanluis.com\/index.php\/wp-json\/wp\/v2\/media?parent=371"}],"wp:term":[{"taxonomy":"category","embeddable":true,"href":"https:\/\/apuntesdesanluis.com\/index.php\/wp-json\/wp\/v2\/categories?post=371"},{"taxonomy":"post_tag","embeddable":true,"href":"https:\/\/apuntesdesanluis.com\/index.php\/wp-json\/wp\/v2\/tags?post=371"}],"curies":[{"name":"wp","href":"https:\/\/api.w.org\/{rel}","templated":true}]}}