{"id":3712,"date":"2023-09-21T20:28:10","date_gmt":"2023-09-21T23:28:10","guid":{"rendered":"https:\/\/apuntesdesanluis.com\/?p=3712"},"modified":"2023-09-21T20:28:10","modified_gmt":"2023-09-21T23:28:10","slug":"fue-detenido-e-imputado-el-agresor-del-comerciante-por-tentativa-de-homicidio","status":"publish","type":"post","link":"https:\/\/apuntesdesanluis.com\/index.php\/2023\/09\/21\/fue-detenido-e-imputado-el-agresor-del-comerciante-por-tentativa-de-homicidio\/","title":{"rendered":"FUE DETENIDO E IMPUTADO EL AGRESOR DEL COMERCIANTE, POR TENTATIVA DE HOMICIDIO"},"content":{"rendered":"<h3>Este jueves en horas de la ma\u00f1ana se le formularon cargos por el delito de homicidio simple en grado de tentativa, en un hecho que tuvo como v\u00edctima al comerciante <strong>Oscar Garc\u00eda<\/strong>. El imputado continuar\u00e1 alojado en una dependencia policial.<\/h3>\n<h3>En la ma\u00f1ana de este jueves, el Dr. Alfredo Cuello, como juez subrogante en el Juzgado de Garant\u00edas N\u00ba 2, formul\u00f3 cargos provisorios contra un hombre por el delito de homicidio simple en grado de tentativa, concedi\u00f3 la pr\u00f3rroga de detenci\u00f3n solicitada por la defensa por el plazo de ocho d\u00edas y fij\u00f3 una nueva audiencia para el pr\u00f3ximo 29 de septiembre.<\/h3>\n<h3>El hombre, al que se le formularon cargos provisorios como autor del delito de homicidio simple en grado de tentativa permanecer\u00e1 detenido en una dependencia policial de la ciudad de Villa Mercedes.<\/h3>\n<h3>En primer lugar, el Dr. Leandro Estrada, Fiscal de Instrucci\u00f3n N\u00ba 4,\u00a0 explic\u00f3 que el hecho investigado ocurri\u00f3 el pasado\u00a0 6 de septiembre, entre las 18:30 y las 18:50 horas, en la v\u00eda p\u00fablica, en calle Hip\u00f3lito Yrigoyen, entre Lavalle y General Paz.\u00a0 Refiri\u00e9ndose a diferentes fases, describi\u00f3 una a una las acciones desplegadas por el imputado, quien luego de una discusi\u00f3n golpe\u00f3 al damnificado en al menos dos oportunidades, provoc\u00e1ndole lesiones graves.<\/h3>\n<h3>Explic\u00f3 que, con un primer golpe, logr\u00f3 que el damnificado se descompensara, cayendo sobre la carpeta asf\u00e1ltica y estando all\u00ed, le asest\u00f3 otro golpe. La secuencia fue descripta por un testigo directo.<\/h3>\n<h3>Asegur\u00f3 que el imputado demostr\u00f3 un \u201cmenosprecio absoluto por la salud y la vida del damnificado\u201d.<\/h3>\n<h3>Explic\u00f3 que producto de los golpes recibidos el damnificado sufri\u00f3 un traumatismo encef\u00e1lico severo y que existe riesgo de p\u00e9rdida de la audici\u00f3n. Encuadr\u00f3 al hecho como una tentativa de homicidio y enumer\u00f3 las evidencias incorporadas al legajo.<\/h3>\n<h3>A continuaci\u00f3n el Dr. Gustavo Otegui, en representaci\u00f3n del particular damnificado, comparti\u00f3 el encuadre realizado por el Ministerio P\u00fablico Fiscal y subsidiariamente, pidi\u00f3 que se califique al hecho como lesiones grav\u00edsimas. Explic\u00f3 el contexto en el que se produjo el delito, mencionando que no exist\u00edan antecedentes de enemistad entre el damnificado y el imputado. Detall\u00f3 que el damnificado tiene un comercio contiguo a otro local, que es de los padres del imputado.<\/h3>\n<h3>Por \u00faltimo, el Dr. Pascual Celdr\u00e1n, en representaci\u00f3n del imputado, solicit\u00f3 al juez un plazo de pr\u00f3rroga de la detenci\u00f3n a fin de exponer su teor\u00eda del caso.<\/h3>\n<h3>Luego de escuchar a las partes, el Dr. Cuello formul\u00f3 cargos provisorios por el delito de homicidio en grado de tentativa y concedi\u00f3 la pr\u00f3rroga de detenci\u00f3n por el plazo de ocho d\u00edas, fijando una nueva audiencia para el pr\u00f3ximo viernes 29 de septiembre.<\/h3>\n<h3><strong><span style=\"color: #000000;\">NOTICIA RELACIONADA:<\/span><\/strong><\/h3>\n<p><a href=\"https:\/\/apuntesdesanluis.com\/index.php\/2023\/09\/16\/brutal-agresion-tras-una-discusion-de-transito-un-comerciante-termino-en-terapia-intensiva\/\"><img fetchpriority=\"high\" decoding=\"async\" class=\"alignnone  wp-image-3713\" src=\"https:\/\/apuntesdesanluis.com\/wp-content\/uploads\/2023\/09\/AGESION-A-OSCAR-GARCIA-300x208.png\" alt=\"\" width=\"472\" height=\"327\" srcset=\"https:\/\/apuntesdesanluis.com\/wp-content\/uploads\/2023\/09\/AGESION-A-OSCAR-GARCIA-300x208.png 300w, https:\/\/apuntesdesanluis.com\/wp-content\/uploads\/2023\/09\/AGESION-A-OSCAR-GARCIA.png 500w\" sizes=\"(max-width: 472px) 100vw, 472px\" \/><\/a><\/p>\n<p>&nbsp;<\/p>\n<p>&nbsp;<\/p>\n","protected":false},"excerpt":{"rendered":"<p>Este jueves en horas de la ma\u00f1ana se le formularon cargos por el delito de&#8230;<\/p>\n","protected":false},"author":1,"featured_media":3714,"comment_status":"closed","ping_status":"closed","sticky":false,"template":"","format":"standard","meta":{"footnotes":""},"categories":[6],"tags":[],"class_list":["post-3712","post","type-post","status-publish","format-standard","has-post-thumbnail","hentry","category-ciudad-provincia"],"yoast_head":"<!-- This site is optimized with the Yoast SEO plugin v26.1.1 - https:\/\/yoast.com\/wordpress\/plugins\/seo\/ -->\n<title>FUE DETENIDO E IMPUTADO EL AGRESOR DEL COMERCIANTE, POR TENTATIVA DE HOMICIDIO - Apuntes de San Luis<\/title>\n<meta name=\"robots\" content=\"index, follow, max-snippet:-1, max-image-preview:large, max-video-preview:-1\" \/>\n<link rel=\"canonical\" href=\"https:\/\/apuntesdesanluis.com\/index.php\/2023\/09\/21\/fue-detenido-e-imputado-el-agresor-del-comerciante-por-tentativa-de-homicidio\/\" \/>\n<meta property=\"og:locale\" content=\"es_ES\" \/>\n<meta property=\"og:type\" content=\"article\" \/>\n<meta property=\"og:title\" content=\"FUE DETENIDO E IMPUTADO EL AGRESOR DEL COMERCIANTE, POR TENTATIVA DE HOMICIDIO - Apuntes de San Luis\" \/>\n<meta property=\"og:description\" content=\"Este jueves en horas de la ma\u00f1ana se le formularon cargos por el delito de...\" \/>\n<meta property=\"og:url\" content=\"https:\/\/apuntesdesanluis.com\/index.php\/2023\/09\/21\/fue-detenido-e-imputado-el-agresor-del-comerciante-por-tentativa-de-homicidio\/\" \/>\n<meta property=\"og:site_name\" content=\"Apuntes de San Luis\" \/>\n<meta property=\"article:published_time\" content=\"2023-09-21T23:28:10+00:00\" \/>\n<meta property=\"og:image\" content=\"https:\/\/apuntesdesanluis.com\/wp-content\/uploads\/2023\/09\/juicio-al-agresor-del-comerciante.png\" \/>\n\t<meta property=\"og:image:width\" content=\"600\" \/>\n\t<meta property=\"og:image:height\" content=\"382\" \/>\n\t<meta property=\"og:image:type\" content=\"image\/png\" \/>\n<meta name=\"author\" content=\"apuntesdesanluis.com\" \/>\n<meta name=\"twitter:card\" content=\"summary_large_image\" \/>\n<meta name=\"twitter:label1\" content=\"Escrito por\" \/>\n\t<meta name=\"twitter:data1\" content=\"apuntesdesanluis.com\" \/>\n\t<meta name=\"twitter:label2\" content=\"Tiempo de lectura\" \/>\n\t<meta name=\"twitter:data2\" content=\"3 minutos\" \/>\n<script type=\"application\/ld+json\" class=\"yoast-schema-graph\">{\"@context\":\"https:\/\/schema.org\",\"@graph\":[{\"@type\":\"Article\",\"@id\":\"https:\/\/apuntesdesanluis.com\/index.php\/2023\/09\/21\/fue-detenido-e-imputado-el-agresor-del-comerciante-por-tentativa-de-homicidio\/#article\",\"isPartOf\":{\"@id\":\"https:\/\/apuntesdesanluis.com\/index.php\/2023\/09\/21\/fue-detenido-e-imputado-el-agresor-del-comerciante-por-tentativa-de-homicidio\/\"},\"author\":{\"name\":\"apuntesdesanluis.com\",\"@id\":\"https:\/\/apuntesdesanluis.com\/#\/schema\/person\/b55151d52296fcce64d1a72538a70b90\"},\"headline\":\"FUE DETENIDO E IMPUTADO EL AGRESOR DEL COMERCIANTE, POR TENTATIVA DE HOMICIDIO\",\"datePublished\":\"2023-09-21T23:28:10+00:00\",\"mainEntityOfPage\":{\"@id\":\"https:\/\/apuntesdesanluis.com\/index.php\/2023\/09\/21\/fue-detenido-e-imputado-el-agresor-del-comerciante-por-tentativa-de-homicidio\/\"},\"wordCount\":480,\"publisher\":{\"@id\":\"https:\/\/apuntesdesanluis.com\/#\/schema\/person\/b55151d52296fcce64d1a72538a70b90\"},\"image\":{\"@id\":\"https:\/\/apuntesdesanluis.com\/index.php\/2023\/09\/21\/fue-detenido-e-imputado-el-agresor-del-comerciante-por-tentativa-de-homicidio\/#primaryimage\"},\"thumbnailUrl\":\"https:\/\/apuntesdesanluis.com\/wp-content\/uploads\/2023\/09\/juicio-al-agresor-del-comerciante.png\",\"articleSection\":[\"Ciudad\/Provincia\"],\"inLanguage\":\"es-AR\"},{\"@type\":\"WebPage\",\"@id\":\"https:\/\/apuntesdesanluis.com\/index.php\/2023\/09\/21\/fue-detenido-e-imputado-el-agresor-del-comerciante-por-tentativa-de-homicidio\/\",\"url\":\"https:\/\/apuntesdesanluis.com\/index.php\/2023\/09\/21\/fue-detenido-e-imputado-el-agresor-del-comerciante-por-tentativa-de-homicidio\/\",\"name\":\"FUE DETENIDO E IMPUTADO EL AGRESOR DEL COMERCIANTE, POR TENTATIVA DE HOMICIDIO - Apuntes de San Luis\",\"isPartOf\":{\"@id\":\"https:\/\/apuntesdesanluis.com\/#website\"},\"primaryImageOfPage\":{\"@id\":\"https:\/\/apuntesdesanluis.com\/index.php\/2023\/09\/21\/fue-detenido-e-imputado-el-agresor-del-comerciante-por-tentativa-de-homicidio\/#primaryimage\"},\"image\":{\"@id\":\"https:\/\/apuntesdesanluis.com\/index.php\/2023\/09\/21\/fue-detenido-e-imputado-el-agresor-del-comerciante-por-tentativa-de-homicidio\/#primaryimage\"},\"thumbnailUrl\":\"https:\/\/apuntesdesanluis.com\/wp-content\/uploads\/2023\/09\/juicio-al-agresor-del-comerciante.png\",\"datePublished\":\"2023-09-21T23:28:10+00:00\",\"breadcrumb\":{\"@id\":\"https:\/\/apuntesdesanluis.com\/index.php\/2023\/09\/21\/fue-detenido-e-imputado-el-agresor-del-comerciante-por-tentativa-de-homicidio\/#breadcrumb\"},\"inLanguage\":\"es-AR\",\"potentialAction\":[{\"@type\":\"ReadAction\",\"target\":[\"https:\/\/apuntesdesanluis.com\/index.php\/2023\/09\/21\/fue-detenido-e-imputado-el-agresor-del-comerciante-por-tentativa-de-homicidio\/\"]}]},{\"@type\":\"ImageObject\",\"inLanguage\":\"es-AR\",\"@id\":\"https:\/\/apuntesdesanluis.com\/index.php\/2023\/09\/21\/fue-detenido-e-imputado-el-agresor-del-comerciante-por-tentativa-de-homicidio\/#primaryimage\",\"url\":\"https:\/\/apuntesdesanluis.com\/wp-content\/uploads\/2023\/09\/juicio-al-agresor-del-comerciante.png\",\"contentUrl\":\"https:\/\/apuntesdesanluis.com\/wp-content\/uploads\/2023\/09\/juicio-al-agresor-del-comerciante.png\",\"width\":600,\"height\":382},{\"@type\":\"BreadcrumbList\",\"@id\":\"https:\/\/apuntesdesanluis.com\/index.php\/2023\/09\/21\/fue-detenido-e-imputado-el-agresor-del-comerciante-por-tentativa-de-homicidio\/#breadcrumb\",\"itemListElement\":[{\"@type\":\"ListItem\",\"position\":1,\"name\":\"Inicio\",\"item\":\"https:\/\/apuntesdesanluis.com\/\"},{\"@type\":\"ListItem\",\"position\":2,\"name\":\"FUE DETENIDO E IMPUTADO EL AGRESOR DEL COMERCIANTE, POR TENTATIVA DE HOMICIDIO\"}]},{\"@type\":\"WebSite\",\"@id\":\"https:\/\/apuntesdesanluis.com\/#website\",\"url\":\"https:\/\/apuntesdesanluis.com\/\",\"name\":\"Apuntes de San Luis\",\"description\":\"\",\"publisher\":{\"@id\":\"https:\/\/apuntesdesanluis.com\/#\/schema\/person\/b55151d52296fcce64d1a72538a70b90\"},\"potentialAction\":[{\"@type\":\"SearchAction\",\"target\":{\"@type\":\"EntryPoint\",\"urlTemplate\":\"https:\/\/apuntesdesanluis.com\/?s={search_term_string}\"},\"query-input\":{\"@type\":\"PropertyValueSpecification\",\"valueRequired\":true,\"valueName\":\"search_term_string\"}}],\"inLanguage\":\"es-AR\"},{\"@type\":[\"Person\",\"Organization\"],\"@id\":\"https:\/\/apuntesdesanluis.com\/#\/schema\/person\/b55151d52296fcce64d1a72538a70b90\",\"name\":\"apuntesdesanluis.com\",\"image\":{\"@type\":\"ImageObject\",\"inLanguage\":\"es-AR\",\"@id\":\"https:\/\/apuntesdesanluis.com\/#\/schema\/person\/image\/\",\"url\":\"https:\/\/apuntesdesanluis.com\/wp-content\/uploads\/2023\/07\/cropped-apuntesdesanluis.png\",\"contentUrl\":\"https:\/\/apuntesdesanluis.com\/wp-content\/uploads\/2023\/07\/cropped-apuntesdesanluis.png\",\"width\":450,\"height\":112,\"caption\":\"apuntesdesanluis.com\"},\"logo\":{\"@id\":\"https:\/\/apuntesdesanluis.com\/#\/schema\/person\/image\/\"},\"sameAs\":[\"https:\/\/apuntesdesanluis.com\"],\"url\":\"https:\/\/apuntesdesanluis.com\/index.php\/author\/apuntesdesanluis-com\/\"}]}<\/script>\n<!-- \/ Yoast SEO plugin. -->","yoast_head_json":{"title":"FUE DETENIDO E IMPUTADO EL AGRESOR DEL COMERCIANTE, POR TENTATIVA DE HOMICIDIO - Apuntes de San Luis","robots":{"index":"index","follow":"follow","max-snippet":"max-snippet:-1","max-image-preview":"max-image-preview:large","max-video-preview":"max-video-preview:-1"},"canonical":"https:\/\/apuntesdesanluis.com\/index.php\/2023\/09\/21\/fue-detenido-e-imputado-el-agresor-del-comerciante-por-tentativa-de-homicidio\/","og_locale":"es_ES","og_type":"article","og_title":"FUE DETENIDO E IMPUTADO EL AGRESOR DEL COMERCIANTE, POR TENTATIVA DE HOMICIDIO - Apuntes de San Luis","og_description":"Este jueves en horas de la ma\u00f1ana se le formularon cargos por el delito de...","og_url":"https:\/\/apuntesdesanluis.com\/index.php\/2023\/09\/21\/fue-detenido-e-imputado-el-agresor-del-comerciante-por-tentativa-de-homicidio\/","og_site_name":"Apuntes de San Luis","article_published_time":"2023-09-21T23:28:10+00:00","og_image":[{"width":600,"height":382,"url":"https:\/\/apuntesdesanluis.com\/wp-content\/uploads\/2023\/09\/juicio-al-agresor-del-comerciante.png","type":"image\/png"}],"author":"apuntesdesanluis.com","twitter_card":"summary_large_image","twitter_misc":{"Escrito por":"apuntesdesanluis.com","Tiempo de lectura":"3 minutos"},"schema":{"@context":"https:\/\/schema.org","@graph":[{"@type":"Article","@id":"https:\/\/apuntesdesanluis.com\/index.php\/2023\/09\/21\/fue-detenido-e-imputado-el-agresor-del-comerciante-por-tentativa-de-homicidio\/#article","isPartOf":{"@id":"https:\/\/apuntesdesanluis.com\/index.php\/2023\/09\/21\/fue-detenido-e-imputado-el-agresor-del-comerciante-por-tentativa-de-homicidio\/"},"author":{"name":"apuntesdesanluis.com","@id":"https:\/\/apuntesdesanluis.com\/#\/schema\/person\/b55151d52296fcce64d1a72538a70b90"},"headline":"FUE DETENIDO E IMPUTADO EL AGRESOR DEL COMERCIANTE, POR TENTATIVA DE HOMICIDIO","datePublished":"2023-09-21T23:28:10+00:00","mainEntityOfPage":{"@id":"https:\/\/apuntesdesanluis.com\/index.php\/2023\/09\/21\/fue-detenido-e-imputado-el-agresor-del-comerciante-por-tentativa-de-homicidio\/"},"wordCount":480,"publisher":{"@id":"https:\/\/apuntesdesanluis.com\/#\/schema\/person\/b55151d52296fcce64d1a72538a70b90"},"image":{"@id":"https:\/\/apuntesdesanluis.com\/index.php\/2023\/09\/21\/fue-detenido-e-imputado-el-agresor-del-comerciante-por-tentativa-de-homicidio\/#primaryimage"},"thumbnailUrl":"https:\/\/apuntesdesanluis.com\/wp-content\/uploads\/2023\/09\/juicio-al-agresor-del-comerciante.png","articleSection":["Ciudad\/Provincia"],"inLanguage":"es-AR"},{"@type":"WebPage","@id":"https:\/\/apuntesdesanluis.com\/index.php\/2023\/09\/21\/fue-detenido-e-imputado-el-agresor-del-comerciante-por-tentativa-de-homicidio\/","url":"https:\/\/apuntesdesanluis.com\/index.php\/2023\/09\/21\/fue-detenido-e-imputado-el-agresor-del-comerciante-por-tentativa-de-homicidio\/","name":"FUE DETENIDO E IMPUTADO EL AGRESOR DEL COMERCIANTE, POR TENTATIVA DE HOMICIDIO - Apuntes de San Luis","isPartOf":{"@id":"https:\/\/apuntesdesanluis.com\/#website"},"primaryImageOfPage":{"@id":"https:\/\/apuntesdesanluis.com\/index.php\/2023\/09\/21\/fue-detenido-e-imputado-el-agresor-del-comerciante-por-tentativa-de-homicidio\/#primaryimage"},"image":{"@id":"https:\/\/apuntesdesanluis.com\/index.php\/2023\/09\/21\/fue-detenido-e-imputado-el-agresor-del-comerciante-por-tentativa-de-homicidio\/#primaryimage"},"thumbnailUrl":"https:\/\/apuntesdesanluis.com\/wp-content\/uploads\/2023\/09\/juicio-al-agresor-del-comerciante.png","datePublished":"2023-09-21T23:28:10+00:00","breadcrumb":{"@id":"https:\/\/apuntesdesanluis.com\/index.php\/2023\/09\/21\/fue-detenido-e-imputado-el-agresor-del-comerciante-por-tentativa-de-homicidio\/#breadcrumb"},"inLanguage":"es-AR","potentialAction":[{"@type":"ReadAction","target":["https:\/\/apuntesdesanluis.com\/index.php\/2023\/09\/21\/fue-detenido-e-imputado-el-agresor-del-comerciante-por-tentativa-de-homicidio\/"]}]},{"@type":"ImageObject","inLanguage":"es-AR","@id":"https:\/\/apuntesdesanluis.com\/index.php\/2023\/09\/21\/fue-detenido-e-imputado-el-agresor-del-comerciante-por-tentativa-de-homicidio\/#primaryimage","url":"https:\/\/apuntesdesanluis.com\/wp-content\/uploads\/2023\/09\/juicio-al-agresor-del-comerciante.png","contentUrl":"https:\/\/apuntesdesanluis.com\/wp-content\/uploads\/2023\/09\/juicio-al-agresor-del-comerciante.png","width":600,"height":382},{"@type":"BreadcrumbList","@id":"https:\/\/apuntesdesanluis.com\/index.php\/2023\/09\/21\/fue-detenido-e-imputado-el-agresor-del-comerciante-por-tentativa-de-homicidio\/#breadcrumb","itemListElement":[{"@type":"ListItem","position":1,"name":"Inicio","item":"https:\/\/apuntesdesanluis.com\/"},{"@type":"ListItem","position":2,"name":"FUE DETENIDO E IMPUTADO EL AGRESOR DEL COMERCIANTE, POR TENTATIVA DE HOMICIDIO"}]},{"@type":"WebSite","@id":"https:\/\/apuntesdesanluis.com\/#website","url":"https:\/\/apuntesdesanluis.com\/","name":"Apuntes de San Luis","description":"","publisher":{"@id":"https:\/\/apuntesdesanluis.com\/#\/schema\/person\/b55151d52296fcce64d1a72538a70b90"},"potentialAction":[{"@type":"SearchAction","target":{"@type":"EntryPoint","urlTemplate":"https:\/\/apuntesdesanluis.com\/?s={search_term_string}"},"query-input":{"@type":"PropertyValueSpecification","valueRequired":true,"valueName":"search_term_string"}}],"inLanguage":"es-AR"},{"@type":["Person","Organization"],"@id":"https:\/\/apuntesdesanluis.com\/#\/schema\/person\/b55151d52296fcce64d1a72538a70b90","name":"apuntesdesanluis.com","image":{"@type":"ImageObject","inLanguage":"es-AR","@id":"https:\/\/apuntesdesanluis.com\/#\/schema\/person\/image\/","url":"https:\/\/apuntesdesanluis.com\/wp-content\/uploads\/2023\/07\/cropped-apuntesdesanluis.png","contentUrl":"https:\/\/apuntesdesanluis.com\/wp-content\/uploads\/2023\/07\/cropped-apuntesdesanluis.png","width":450,"height":112,"caption":"apuntesdesanluis.com"},"logo":{"@id":"https:\/\/apuntesdesanluis.com\/#\/schema\/person\/image\/"},"sameAs":["https:\/\/apuntesdesanluis.com"],"url":"https:\/\/apuntesdesanluis.com\/index.php\/author\/apuntesdesanluis-com\/"}]}},"featured_image_urls":{"full":["https:\/\/apuntesdesanluis.com\/wp-content\/uploads\/2023\/09\/juicio-al-agresor-del-comerciante.png",600,382,false],"thumbnail":["https:\/\/apuntesdesanluis.com\/wp-content\/uploads\/2023\/09\/juicio-al-agresor-del-comerciante-150x150.png",150,150,true],"medium":["https:\/\/apuntesdesanluis.com\/wp-content\/uploads\/2023\/09\/juicio-al-agresor-del-comerciante-300x191.png",300,191,true],"medium_large":["https:\/\/apuntesdesanluis.com\/wp-content\/uploads\/2023\/09\/juicio-al-agresor-del-comerciante.png",600,382,false],"large":["https:\/\/apuntesdesanluis.com\/wp-content\/uploads\/2023\/09\/juicio-al-agresor-del-comerciante.png",600,382,false],"1536x1536":["https:\/\/apuntesdesanluis.com\/wp-content\/uploads\/2023\/09\/juicio-al-agresor-del-comerciante.png",600,382,false],"2048x2048":["https:\/\/apuntesdesanluis.com\/wp-content\/uploads\/2023\/09\/juicio-al-agresor-del-comerciante.png",600,382,false],"newsever-slider-full":["https:\/\/apuntesdesanluis.com\/wp-content\/uploads\/2023\/09\/juicio-al-agresor-del-comerciante.png",600,382,false],"newsever-featured":["https:\/\/apuntesdesanluis.com\/wp-content\/uploads\/2023\/09\/juicio-al-agresor-del-comerciante.png",600,382,false],"newsever-medium":["https:\/\/apuntesdesanluis.com\/wp-content\/uploads\/2023\/09\/juicio-al-agresor-del-comerciante.png",600,382,false]},"author_info":{"display_name":"apuntesdesanluis.com","author_link":"https:\/\/apuntesdesanluis.com\/index.php\/author\/apuntesdesanluis-com\/"},"category_info":"<a href=\"https:\/\/apuntesdesanluis.com\/index.php\/category\/ciudad-provincia\/\" rel=\"category tag\">Ciudad\/Provincia<\/a>","tag_info":"Ciudad\/Provincia","comment_count":"0","_links":{"self":[{"href":"https:\/\/apuntesdesanluis.com\/index.php\/wp-json\/wp\/v2\/posts\/3712","targetHints":{"allow":["GET"]}}],"collection":[{"href":"https:\/\/apuntesdesanluis.com\/index.php\/wp-json\/wp\/v2\/posts"}],"about":[{"href":"https:\/\/apuntesdesanluis.com\/index.php\/wp-json\/wp\/v2\/types\/post"}],"author":[{"embeddable":true,"href":"https:\/\/apuntesdesanluis.com\/index.php\/wp-json\/wp\/v2\/users\/1"}],"replies":[{"embeddable":true,"href":"https:\/\/apuntesdesanluis.com\/index.php\/wp-json\/wp\/v2\/comments?post=3712"}],"version-history":[{"count":1,"href":"https:\/\/apuntesdesanluis.com\/index.php\/wp-json\/wp\/v2\/posts\/3712\/revisions"}],"predecessor-version":[{"id":3715,"href":"https:\/\/apuntesdesanluis.com\/index.php\/wp-json\/wp\/v2\/posts\/3712\/revisions\/3715"}],"wp:featuredmedia":[{"embeddable":true,"href":"https:\/\/apuntesdesanluis.com\/index.php\/wp-json\/wp\/v2\/media\/3714"}],"wp:attachment":[{"href":"https:\/\/apuntesdesanluis.com\/index.php\/wp-json\/wp\/v2\/media?parent=3712"}],"wp:term":[{"taxonomy":"category","embeddable":true,"href":"https:\/\/apuntesdesanluis.com\/index.php\/wp-json\/wp\/v2\/categories?post=3712"},{"taxonomy":"post_tag","embeddable":true,"href":"https:\/\/apuntesdesanluis.com\/index.php\/wp-json\/wp\/v2\/tags?post=3712"}],"curies":[{"name":"wp","href":"https:\/\/api.w.org\/{rel}","templated":true}]}}