{"id":3720,"date":"2023-09-21T20:45:29","date_gmt":"2023-09-21T23:45:29","guid":{"rendered":"https:\/\/apuntesdesanluis.com\/?p=3720"},"modified":"2023-09-21T20:45:29","modified_gmt":"2023-09-21T23:45:29","slug":"acuchillo-a-otro-que-perdio-la-vesicula-y-lo-condenaron-a-3-anos-de-prision-en-suspenso","status":"publish","type":"post","link":"https:\/\/apuntesdesanluis.com\/index.php\/2023\/09\/21\/acuchillo-a-otro-que-perdio-la-vesicula-y-lo-condenaron-a-3-anos-de-prision-en-suspenso\/","title":{"rendered":"ACUCHILL\u00d3 A OTRO, QUE PERDI\u00d3 LA VES\u00cdCULA, Y LO CONDENARON A 3 A\u00d1OS DE PRISI\u00d3N EN SUSPENSO"},"content":{"rendered":"<h3 class=\"yiv7409174924ydp6329976emsonormal\" style=\"text-align: justify; background: white;\"><span style=\"font-family: 'Arial','sans-serif'; color: #1d2228;\">El tribunal de juicio de la Tercera Circunscripci\u00f3n Judicial, conden\u00f3 este jueves a S.J.L. como autor del delito de lesiones grav\u00edsimas en perjuicio de V.D.Q. Le dictaron tres a\u00f1os de prisi\u00f3n en suspenso como autor del delito de lesiones grav\u00edsimas con arma blanca.<\/span><\/h3>\n<h3 class=\"yiv7409174924ydp6329976emsonormal\" style=\"text-align: justify; background: white;\"><span style=\"font-family: 'Arial','sans-serif'; color: #1d2228;\">El hecho ocurri\u00f3 el d\u00eda 8 de mayo de 2017 en un bar de la localidad de Papagayos cuando, en medio de un enfrentamiento, el ahora condenado hiri\u00f3 a otro hombre con un cuchillo.<\/span><\/h3>\n<h3 class=\"yiv7409174924ydp6329976emsonormal\" style=\"text-align: justify; background: white;\"><span style=\"font-family: 'Arial','sans-serif'; color: #1d2228;\">La lesi\u00f3n fue producida en la zona del abdomen, a la altura de la ves\u00edcula, provoc\u00e1ndole a la v\u00edctima la p\u00e9rdida de dicho \u00f3rgano.<\/span><\/h3>\n<h3 class=\"yiv7409174924ydp6329976emsonormal\" style=\"text-align: justify; background: white;\"><span style=\"font-family: 'Arial','sans-serif'; color: #1d2228;\">Tras el lamentable suceso, el agresor se present\u00f3 voluntariamente en la Comisar\u00eda de Villa Larca, entreg\u00f3 el cuchillo y se puso a disposici\u00f3n de las autoridades.<\/span><\/h3>\n<h3 class=\"yiv7409174924ydp6329976emsonormal\" style=\"text-align: justify; background: white;\"><strong><span style=\"font-family: 'Arial','sans-serif'; color: #1d2228;\">JUICIO ABREVIADO<\/span><\/strong><\/h3>\n<h3 class=\"yiv7409174924ydp6329976emsonormal\" style=\"text-align: justify; background: white;\"><span style=\"font-family: 'Arial','sans-serif'; color: #1d2228;\">En la audiencia celebrada este 21 de septiembre, el Fiscal de Juicio, Mario N\u00e9stor Zudaire inform\u00f3 al tribunal el acuerdo de juicio abreviado convenido por las partes, mediante el cual, el acusado reconoci\u00f3 su autor\u00eda en el hecho y prest\u00f3 conformidad a la imposici\u00f3n de una pena de tres a\u00f1os de prisi\u00f3n en suspenso.<\/span><\/h3>\n<h3 class=\"yiv7409174924ydp6329976emsonormal\" style=\"text-align: justify; background: white;\"><span style=\"font-family: 'Arial','sans-serif'; color: #1d2228;\">Como circunstancias atenuantes, se consider\u00f3 la ausencia de antecedentes penales y, como agravantes, la forma de comisi\u00f3n del delito y la extensi\u00f3n del da\u00f1o causado.<\/span><\/h3>\n<h3 class=\"yiv7409174924ydp6329976emsonormal\" style=\"text-align: justify; background: white;\"><span style=\"font-family: 'Arial','sans-serif'; color: #1d2228;\">Al respecto, el abogado defensor, Diego Vel\u00e1zquez, manifest\u00f3 que ese acuerdo representaba un acto de justicia para con su defendido, al asegurar que fue el principal agredido y que qued\u00f3 envuelto en medio de una pelea que no provoc\u00f3, remarcando que no se trat\u00f3 de un hecho premeditado y que no tuvo intenci\u00f3n de provocarle ese da\u00f1o a la v\u00edctima.<\/span><\/h3>\n<h3 class=\"yiv7409174924ydp6329976emsonormal\" style=\"text-align: justify; background: white;\"><span style=\"font-family: 'Arial','sans-serif'; color: #1d2228;\">Ante el tribunal integrado por Daniel Gustavo Sanchi\u00f1o, Sandra Elizabeth Piguillem y Mar\u00eda Claudia Uccello, el acusado ratific\u00f3 el acuerdo arribado por el fiscal y su abogado defensor, y expres\u00f3 su arrepentimiento por lo ocurrido.<\/span><\/h3>\n<h3 class=\"yiv7409174924ydp6329976emsonormal\" style=\"text-align: justify; background: white;\"><span style=\"font-family: 'Arial','sans-serif'; color: #1d2228;\">Por tratarse de un delito que prev\u00e9 una pena m\u00ednima de tres a\u00f1os, y al contar con la conformidad de todas las partes, los magistrados resolvieron por unanimidad homologar el acuerdo de juicio abreviado dictando, en consecuencia, el siguiente veredicto:<\/span><\/h3>\n<h3 class=\"yiv7409174924ydp6329976emsonormal\" style=\"text-align: justify; background: white;\"><span style=\"font-family: 'Arial','sans-serif'; color: #1d2228;\">Declarar a S.J.L. culpable como autor material y penalmente responsable del delito de lesiones grav\u00edsimas con arma blanca, conden\u00e1ndolo a sufrir a la pena de 3 a\u00f1os de prisi\u00f3n en suspenso, accesorias de ley y costas procesales.<\/span><\/h3>\n<h3 class=\"yiv7409174924ydp6329976emsonormal\" style=\"text-align: justify; background: white;\"><span style=\"font-family: 'Arial','sans-serif'; color: #1d2228;\">Asimismo, deber\u00e1 informar al tribunal respecto de cualquier cambio de domicilio que realice y no abusar del consumo de bebidas alcoh\u00f3licas.<\/span><\/h3>\n<h3 class=\"yiv7409174924ydp6329976emsonormal\" style=\"text-align: justify; background: white;\"><span style=\"font-family: 'Arial','sans-serif'; color: #1d2228;\">Finalmente, se le aclar\u00f3 que en caso de incumplir alguna de estas pautas de conducta o de cometer nuevos il\u00edcitos, se le revocar\u00e1 la prisi\u00f3n en suspenso y deber\u00e1 cumplir la condena de manera efectiva.<\/span><\/h3>\n","protected":false},"excerpt":{"rendered":"<p>El tribunal de juicio de la Tercera Circunscripci\u00f3n Judicial, conden\u00f3 este jueves a S.J.L. como&#8230;<\/p>\n","protected":false},"author":1,"featured_media":3721,"comment_status":"closed","ping_status":"closed","sticky":false,"template":"","format":"standard","meta":{"footnotes":""},"categories":[6],"tags":[],"class_list":["post-3720","post","type-post","status-publish","format-standard","has-post-thumbnail","hentry","category-ciudad-provincia"],"yoast_head":"<!-- This site is optimized with the Yoast SEO plugin v26.1.1 - https:\/\/yoast.com\/wordpress\/plugins\/seo\/ -->\n<title>ACUCHILL\u00d3 A OTRO, QUE PERDI\u00d3 LA VES\u00cdCULA, Y LO CONDENARON A 3 A\u00d1OS DE PRISI\u00d3N EN SUSPENSO - Apuntes de San Luis<\/title>\n<meta name=\"robots\" content=\"index, follow, max-snippet:-1, max-image-preview:large, max-video-preview:-1\" \/>\n<link rel=\"canonical\" href=\"https:\/\/apuntesdesanluis.com\/index.php\/2023\/09\/21\/acuchillo-a-otro-que-perdio-la-vesicula-y-lo-condenaron-a-3-anos-de-prision-en-suspenso\/\" \/>\n<meta property=\"og:locale\" content=\"es_ES\" \/>\n<meta property=\"og:type\" content=\"article\" \/>\n<meta property=\"og:title\" content=\"ACUCHILL\u00d3 A OTRO, QUE PERDI\u00d3 LA VES\u00cdCULA, Y LO CONDENARON A 3 A\u00d1OS DE PRISI\u00d3N EN SUSPENSO - Apuntes de San Luis\" \/>\n<meta property=\"og:description\" content=\"El tribunal de juicio de la Tercera Circunscripci\u00f3n Judicial, conden\u00f3 este jueves a S.J.L. como...\" \/>\n<meta property=\"og:url\" content=\"https:\/\/apuntesdesanluis.com\/index.php\/2023\/09\/21\/acuchillo-a-otro-que-perdio-la-vesicula-y-lo-condenaron-a-3-anos-de-prision-en-suspenso\/\" \/>\n<meta property=\"og:site_name\" content=\"Apuntes de San Luis\" \/>\n<meta property=\"article:published_time\" content=\"2023-09-21T23:45:29+00:00\" \/>\n<meta property=\"og:image\" content=\"https:\/\/apuntesdesanluis.com\/wp-content\/uploads\/2023\/09\/ACUSADO.png\" \/>\n\t<meta property=\"og:image:width\" content=\"600\" \/>\n\t<meta property=\"og:image:height\" content=\"359\" \/>\n\t<meta property=\"og:image:type\" content=\"image\/png\" \/>\n<meta name=\"author\" content=\"apuntesdesanluis.com\" \/>\n<meta name=\"twitter:card\" content=\"summary_large_image\" \/>\n<meta name=\"twitter:label1\" content=\"Escrito por\" \/>\n\t<meta name=\"twitter:data1\" content=\"apuntesdesanluis.com\" \/>\n\t<meta name=\"twitter:label2\" content=\"Tiempo de lectura\" \/>\n\t<meta name=\"twitter:data2\" content=\"2 minutos\" \/>\n<script type=\"application\/ld+json\" class=\"yoast-schema-graph\">{\"@context\":\"https:\/\/schema.org\",\"@graph\":[{\"@type\":\"Article\",\"@id\":\"https:\/\/apuntesdesanluis.com\/index.php\/2023\/09\/21\/acuchillo-a-otro-que-perdio-la-vesicula-y-lo-condenaron-a-3-anos-de-prision-en-suspenso\/#article\",\"isPartOf\":{\"@id\":\"https:\/\/apuntesdesanluis.com\/index.php\/2023\/09\/21\/acuchillo-a-otro-que-perdio-la-vesicula-y-lo-condenaron-a-3-anos-de-prision-en-suspenso\/\"},\"author\":{\"name\":\"apuntesdesanluis.com\",\"@id\":\"https:\/\/apuntesdesanluis.com\/#\/schema\/person\/b55151d52296fcce64d1a72538a70b90\"},\"headline\":\"ACUCHILL\u00d3 A OTRO, QUE PERDI\u00d3 LA VES\u00cdCULA, Y LO CONDENARON A 3 A\u00d1OS DE PRISI\u00d3N EN SUSPENSO\",\"datePublished\":\"2023-09-21T23:45:29+00:00\",\"mainEntityOfPage\":{\"@id\":\"https:\/\/apuntesdesanluis.com\/index.php\/2023\/09\/21\/acuchillo-a-otro-que-perdio-la-vesicula-y-lo-condenaron-a-3-anos-de-prision-en-suspenso\/\"},\"wordCount\":493,\"publisher\":{\"@id\":\"https:\/\/apuntesdesanluis.com\/#\/schema\/person\/b55151d52296fcce64d1a72538a70b90\"},\"image\":{\"@id\":\"https:\/\/apuntesdesanluis.com\/index.php\/2023\/09\/21\/acuchillo-a-otro-que-perdio-la-vesicula-y-lo-condenaron-a-3-anos-de-prision-en-suspenso\/#primaryimage\"},\"thumbnailUrl\":\"https:\/\/apuntesdesanluis.com\/wp-content\/uploads\/2023\/09\/ACUSADO.png\",\"articleSection\":[\"Ciudad\/Provincia\"],\"inLanguage\":\"es-AR\"},{\"@type\":\"WebPage\",\"@id\":\"https:\/\/apuntesdesanluis.com\/index.php\/2023\/09\/21\/acuchillo-a-otro-que-perdio-la-vesicula-y-lo-condenaron-a-3-anos-de-prision-en-suspenso\/\",\"url\":\"https:\/\/apuntesdesanluis.com\/index.php\/2023\/09\/21\/acuchillo-a-otro-que-perdio-la-vesicula-y-lo-condenaron-a-3-anos-de-prision-en-suspenso\/\",\"name\":\"ACUCHILL\u00d3 A OTRO, QUE PERDI\u00d3 LA VES\u00cdCULA, Y LO CONDENARON A 3 A\u00d1OS DE PRISI\u00d3N EN SUSPENSO - Apuntes de San Luis\",\"isPartOf\":{\"@id\":\"https:\/\/apuntesdesanluis.com\/#website\"},\"primaryImageOfPage\":{\"@id\":\"https:\/\/apuntesdesanluis.com\/index.php\/2023\/09\/21\/acuchillo-a-otro-que-perdio-la-vesicula-y-lo-condenaron-a-3-anos-de-prision-en-suspenso\/#primaryimage\"},\"image\":{\"@id\":\"https:\/\/apuntesdesanluis.com\/index.php\/2023\/09\/21\/acuchillo-a-otro-que-perdio-la-vesicula-y-lo-condenaron-a-3-anos-de-prision-en-suspenso\/#primaryimage\"},\"thumbnailUrl\":\"https:\/\/apuntesdesanluis.com\/wp-content\/uploads\/2023\/09\/ACUSADO.png\",\"datePublished\":\"2023-09-21T23:45:29+00:00\",\"breadcrumb\":{\"@id\":\"https:\/\/apuntesdesanluis.com\/index.php\/2023\/09\/21\/acuchillo-a-otro-que-perdio-la-vesicula-y-lo-condenaron-a-3-anos-de-prision-en-suspenso\/#breadcrumb\"},\"inLanguage\":\"es-AR\",\"potentialAction\":[{\"@type\":\"ReadAction\",\"target\":[\"https:\/\/apuntesdesanluis.com\/index.php\/2023\/09\/21\/acuchillo-a-otro-que-perdio-la-vesicula-y-lo-condenaron-a-3-anos-de-prision-en-suspenso\/\"]}]},{\"@type\":\"ImageObject\",\"inLanguage\":\"es-AR\",\"@id\":\"https:\/\/apuntesdesanluis.com\/index.php\/2023\/09\/21\/acuchillo-a-otro-que-perdio-la-vesicula-y-lo-condenaron-a-3-anos-de-prision-en-suspenso\/#primaryimage\",\"url\":\"https:\/\/apuntesdesanluis.com\/wp-content\/uploads\/2023\/09\/ACUSADO.png\",\"contentUrl\":\"https:\/\/apuntesdesanluis.com\/wp-content\/uploads\/2023\/09\/ACUSADO.png\",\"width\":600,\"height\":359},{\"@type\":\"BreadcrumbList\",\"@id\":\"https:\/\/apuntesdesanluis.com\/index.php\/2023\/09\/21\/acuchillo-a-otro-que-perdio-la-vesicula-y-lo-condenaron-a-3-anos-de-prision-en-suspenso\/#breadcrumb\",\"itemListElement\":[{\"@type\":\"ListItem\",\"position\":1,\"name\":\"Inicio\",\"item\":\"https:\/\/apuntesdesanluis.com\/\"},{\"@type\":\"ListItem\",\"position\":2,\"name\":\"ACUCHILL\u00d3 A OTRO, QUE PERDI\u00d3 LA VES\u00cdCULA, Y LO CONDENARON A 3 A\u00d1OS DE PRISI\u00d3N EN SUSPENSO\"}]},{\"@type\":\"WebSite\",\"@id\":\"https:\/\/apuntesdesanluis.com\/#website\",\"url\":\"https:\/\/apuntesdesanluis.com\/\",\"name\":\"Apuntes de San Luis\",\"description\":\"\",\"publisher\":{\"@id\":\"https:\/\/apuntesdesanluis.com\/#\/schema\/person\/b55151d52296fcce64d1a72538a70b90\"},\"potentialAction\":[{\"@type\":\"SearchAction\",\"target\":{\"@type\":\"EntryPoint\",\"urlTemplate\":\"https:\/\/apuntesdesanluis.com\/?s={search_term_string}\"},\"query-input\":{\"@type\":\"PropertyValueSpecification\",\"valueRequired\":true,\"valueName\":\"search_term_string\"}}],\"inLanguage\":\"es-AR\"},{\"@type\":[\"Person\",\"Organization\"],\"@id\":\"https:\/\/apuntesdesanluis.com\/#\/schema\/person\/b55151d52296fcce64d1a72538a70b90\",\"name\":\"apuntesdesanluis.com\",\"image\":{\"@type\":\"ImageObject\",\"inLanguage\":\"es-AR\",\"@id\":\"https:\/\/apuntesdesanluis.com\/#\/schema\/person\/image\/\",\"url\":\"https:\/\/apuntesdesanluis.com\/wp-content\/uploads\/2023\/07\/cropped-apuntesdesanluis.png\",\"contentUrl\":\"https:\/\/apuntesdesanluis.com\/wp-content\/uploads\/2023\/07\/cropped-apuntesdesanluis.png\",\"width\":450,\"height\":112,\"caption\":\"apuntesdesanluis.com\"},\"logo\":{\"@id\":\"https:\/\/apuntesdesanluis.com\/#\/schema\/person\/image\/\"},\"sameAs\":[\"https:\/\/apuntesdesanluis.com\"],\"url\":\"https:\/\/apuntesdesanluis.com\/index.php\/author\/apuntesdesanluis-com\/\"}]}<\/script>\n<!-- \/ Yoast SEO plugin. -->","yoast_head_json":{"title":"ACUCHILL\u00d3 A OTRO, QUE PERDI\u00d3 LA VES\u00cdCULA, Y LO CONDENARON A 3 A\u00d1OS DE PRISI\u00d3N EN SUSPENSO - Apuntes de San Luis","robots":{"index":"index","follow":"follow","max-snippet":"max-snippet:-1","max-image-preview":"max-image-preview:large","max-video-preview":"max-video-preview:-1"},"canonical":"https:\/\/apuntesdesanluis.com\/index.php\/2023\/09\/21\/acuchillo-a-otro-que-perdio-la-vesicula-y-lo-condenaron-a-3-anos-de-prision-en-suspenso\/","og_locale":"es_ES","og_type":"article","og_title":"ACUCHILL\u00d3 A OTRO, QUE PERDI\u00d3 LA VES\u00cdCULA, Y LO CONDENARON A 3 A\u00d1OS DE PRISI\u00d3N EN SUSPENSO - Apuntes de San Luis","og_description":"El tribunal de juicio de la Tercera Circunscripci\u00f3n Judicial, conden\u00f3 este jueves a S.J.L. como...","og_url":"https:\/\/apuntesdesanluis.com\/index.php\/2023\/09\/21\/acuchillo-a-otro-que-perdio-la-vesicula-y-lo-condenaron-a-3-anos-de-prision-en-suspenso\/","og_site_name":"Apuntes de San Luis","article_published_time":"2023-09-21T23:45:29+00:00","og_image":[{"width":600,"height":359,"url":"https:\/\/apuntesdesanluis.com\/wp-content\/uploads\/2023\/09\/ACUSADO.png","type":"image\/png"}],"author":"apuntesdesanluis.com","twitter_card":"summary_large_image","twitter_misc":{"Escrito por":"apuntesdesanluis.com","Tiempo de lectura":"2 minutos"},"schema":{"@context":"https:\/\/schema.org","@graph":[{"@type":"Article","@id":"https:\/\/apuntesdesanluis.com\/index.php\/2023\/09\/21\/acuchillo-a-otro-que-perdio-la-vesicula-y-lo-condenaron-a-3-anos-de-prision-en-suspenso\/#article","isPartOf":{"@id":"https:\/\/apuntesdesanluis.com\/index.php\/2023\/09\/21\/acuchillo-a-otro-que-perdio-la-vesicula-y-lo-condenaron-a-3-anos-de-prision-en-suspenso\/"},"author":{"name":"apuntesdesanluis.com","@id":"https:\/\/apuntesdesanluis.com\/#\/schema\/person\/b55151d52296fcce64d1a72538a70b90"},"headline":"ACUCHILL\u00d3 A OTRO, QUE PERDI\u00d3 LA VES\u00cdCULA, Y LO CONDENARON A 3 A\u00d1OS DE PRISI\u00d3N EN SUSPENSO","datePublished":"2023-09-21T23:45:29+00:00","mainEntityOfPage":{"@id":"https:\/\/apuntesdesanluis.com\/index.php\/2023\/09\/21\/acuchillo-a-otro-que-perdio-la-vesicula-y-lo-condenaron-a-3-anos-de-prision-en-suspenso\/"},"wordCount":493,"publisher":{"@id":"https:\/\/apuntesdesanluis.com\/#\/schema\/person\/b55151d52296fcce64d1a72538a70b90"},"image":{"@id":"https:\/\/apuntesdesanluis.com\/index.php\/2023\/09\/21\/acuchillo-a-otro-que-perdio-la-vesicula-y-lo-condenaron-a-3-anos-de-prision-en-suspenso\/#primaryimage"},"thumbnailUrl":"https:\/\/apuntesdesanluis.com\/wp-content\/uploads\/2023\/09\/ACUSADO.png","articleSection":["Ciudad\/Provincia"],"inLanguage":"es-AR"},{"@type":"WebPage","@id":"https:\/\/apuntesdesanluis.com\/index.php\/2023\/09\/21\/acuchillo-a-otro-que-perdio-la-vesicula-y-lo-condenaron-a-3-anos-de-prision-en-suspenso\/","url":"https:\/\/apuntesdesanluis.com\/index.php\/2023\/09\/21\/acuchillo-a-otro-que-perdio-la-vesicula-y-lo-condenaron-a-3-anos-de-prision-en-suspenso\/","name":"ACUCHILL\u00d3 A OTRO, QUE PERDI\u00d3 LA VES\u00cdCULA, Y LO CONDENARON A 3 A\u00d1OS DE PRISI\u00d3N EN SUSPENSO - Apuntes de San Luis","isPartOf":{"@id":"https:\/\/apuntesdesanluis.com\/#website"},"primaryImageOfPage":{"@id":"https:\/\/apuntesdesanluis.com\/index.php\/2023\/09\/21\/acuchillo-a-otro-que-perdio-la-vesicula-y-lo-condenaron-a-3-anos-de-prision-en-suspenso\/#primaryimage"},"image":{"@id":"https:\/\/apuntesdesanluis.com\/index.php\/2023\/09\/21\/acuchillo-a-otro-que-perdio-la-vesicula-y-lo-condenaron-a-3-anos-de-prision-en-suspenso\/#primaryimage"},"thumbnailUrl":"https:\/\/apuntesdesanluis.com\/wp-content\/uploads\/2023\/09\/ACUSADO.png","datePublished":"2023-09-21T23:45:29+00:00","breadcrumb":{"@id":"https:\/\/apuntesdesanluis.com\/index.php\/2023\/09\/21\/acuchillo-a-otro-que-perdio-la-vesicula-y-lo-condenaron-a-3-anos-de-prision-en-suspenso\/#breadcrumb"},"inLanguage":"es-AR","potentialAction":[{"@type":"ReadAction","target":["https:\/\/apuntesdesanluis.com\/index.php\/2023\/09\/21\/acuchillo-a-otro-que-perdio-la-vesicula-y-lo-condenaron-a-3-anos-de-prision-en-suspenso\/"]}]},{"@type":"ImageObject","inLanguage":"es-AR","@id":"https:\/\/apuntesdesanluis.com\/index.php\/2023\/09\/21\/acuchillo-a-otro-que-perdio-la-vesicula-y-lo-condenaron-a-3-anos-de-prision-en-suspenso\/#primaryimage","url":"https:\/\/apuntesdesanluis.com\/wp-content\/uploads\/2023\/09\/ACUSADO.png","contentUrl":"https:\/\/apuntesdesanluis.com\/wp-content\/uploads\/2023\/09\/ACUSADO.png","width":600,"height":359},{"@type":"BreadcrumbList","@id":"https:\/\/apuntesdesanluis.com\/index.php\/2023\/09\/21\/acuchillo-a-otro-que-perdio-la-vesicula-y-lo-condenaron-a-3-anos-de-prision-en-suspenso\/#breadcrumb","itemListElement":[{"@type":"ListItem","position":1,"name":"Inicio","item":"https:\/\/apuntesdesanluis.com\/"},{"@type":"ListItem","position":2,"name":"ACUCHILL\u00d3 A OTRO, QUE PERDI\u00d3 LA VES\u00cdCULA, Y LO CONDENARON A 3 A\u00d1OS DE PRISI\u00d3N EN SUSPENSO"}]},{"@type":"WebSite","@id":"https:\/\/apuntesdesanluis.com\/#website","url":"https:\/\/apuntesdesanluis.com\/","name":"Apuntes de San Luis","description":"","publisher":{"@id":"https:\/\/apuntesdesanluis.com\/#\/schema\/person\/b55151d52296fcce64d1a72538a70b90"},"potentialAction":[{"@type":"SearchAction","target":{"@type":"EntryPoint","urlTemplate":"https:\/\/apuntesdesanluis.com\/?s={search_term_string}"},"query-input":{"@type":"PropertyValueSpecification","valueRequired":true,"valueName":"search_term_string"}}],"inLanguage":"es-AR"},{"@type":["Person","Organization"],"@id":"https:\/\/apuntesdesanluis.com\/#\/schema\/person\/b55151d52296fcce64d1a72538a70b90","name":"apuntesdesanluis.com","image":{"@type":"ImageObject","inLanguage":"es-AR","@id":"https:\/\/apuntesdesanluis.com\/#\/schema\/person\/image\/","url":"https:\/\/apuntesdesanluis.com\/wp-content\/uploads\/2023\/07\/cropped-apuntesdesanluis.png","contentUrl":"https:\/\/apuntesdesanluis.com\/wp-content\/uploads\/2023\/07\/cropped-apuntesdesanluis.png","width":450,"height":112,"caption":"apuntesdesanluis.com"},"logo":{"@id":"https:\/\/apuntesdesanluis.com\/#\/schema\/person\/image\/"},"sameAs":["https:\/\/apuntesdesanluis.com"],"url":"https:\/\/apuntesdesanluis.com\/index.php\/author\/apuntesdesanluis-com\/"}]}},"featured_image_urls":{"full":["https:\/\/apuntesdesanluis.com\/wp-content\/uploads\/2023\/09\/ACUSADO.png",600,359,false],"thumbnail":["https:\/\/apuntesdesanluis.com\/wp-content\/uploads\/2023\/09\/ACUSADO-150x150.png",150,150,true],"medium":["https:\/\/apuntesdesanluis.com\/wp-content\/uploads\/2023\/09\/ACUSADO-300x180.png",300,180,true],"medium_large":["https:\/\/apuntesdesanluis.com\/wp-content\/uploads\/2023\/09\/ACUSADO.png",600,359,false],"large":["https:\/\/apuntesdesanluis.com\/wp-content\/uploads\/2023\/09\/ACUSADO.png",600,359,false],"1536x1536":["https:\/\/apuntesdesanluis.com\/wp-content\/uploads\/2023\/09\/ACUSADO.png",600,359,false],"2048x2048":["https:\/\/apuntesdesanluis.com\/wp-content\/uploads\/2023\/09\/ACUSADO.png",600,359,false],"newsever-slider-full":["https:\/\/apuntesdesanluis.com\/wp-content\/uploads\/2023\/09\/ACUSADO.png",600,359,false],"newsever-featured":["https:\/\/apuntesdesanluis.com\/wp-content\/uploads\/2023\/09\/ACUSADO.png",600,359,false],"newsever-medium":["https:\/\/apuntesdesanluis.com\/wp-content\/uploads\/2023\/09\/ACUSADO.png",600,359,false]},"author_info":{"display_name":"apuntesdesanluis.com","author_link":"https:\/\/apuntesdesanluis.com\/index.php\/author\/apuntesdesanluis-com\/"},"category_info":"<a href=\"https:\/\/apuntesdesanluis.com\/index.php\/category\/ciudad-provincia\/\" rel=\"category tag\">Ciudad\/Provincia<\/a>","tag_info":"Ciudad\/Provincia","comment_count":"0","_links":{"self":[{"href":"https:\/\/apuntesdesanluis.com\/index.php\/wp-json\/wp\/v2\/posts\/3720","targetHints":{"allow":["GET"]}}],"collection":[{"href":"https:\/\/apuntesdesanluis.com\/index.php\/wp-json\/wp\/v2\/posts"}],"about":[{"href":"https:\/\/apuntesdesanluis.com\/index.php\/wp-json\/wp\/v2\/types\/post"}],"author":[{"embeddable":true,"href":"https:\/\/apuntesdesanluis.com\/index.php\/wp-json\/wp\/v2\/users\/1"}],"replies":[{"embeddable":true,"href":"https:\/\/apuntesdesanluis.com\/index.php\/wp-json\/wp\/v2\/comments?post=3720"}],"version-history":[{"count":1,"href":"https:\/\/apuntesdesanluis.com\/index.php\/wp-json\/wp\/v2\/posts\/3720\/revisions"}],"predecessor-version":[{"id":3722,"href":"https:\/\/apuntesdesanluis.com\/index.php\/wp-json\/wp\/v2\/posts\/3720\/revisions\/3722"}],"wp:featuredmedia":[{"embeddable":true,"href":"https:\/\/apuntesdesanluis.com\/index.php\/wp-json\/wp\/v2\/media\/3721"}],"wp:attachment":[{"href":"https:\/\/apuntesdesanluis.com\/index.php\/wp-json\/wp\/v2\/media?parent=3720"}],"wp:term":[{"taxonomy":"category","embeddable":true,"href":"https:\/\/apuntesdesanluis.com\/index.php\/wp-json\/wp\/v2\/categories?post=3720"},{"taxonomy":"post_tag","embeddable":true,"href":"https:\/\/apuntesdesanluis.com\/index.php\/wp-json\/wp\/v2\/tags?post=3720"}],"curies":[{"name":"wp","href":"https:\/\/api.w.org\/{rel}","templated":true}]}}