{"id":3723,"date":"2023-09-21T21:23:18","date_gmt":"2023-09-22T00:23:18","guid":{"rendered":"https:\/\/apuntesdesanluis.com\/?p=3723"},"modified":"2023-09-21T23:16:31","modified_gmt":"2023-09-22T02:16:31","slug":"detuvieron-por-narcotrafico-al-hermano-de-la-intendenta-de-villa-de-la-quebrada","status":"publish","type":"post","link":"https:\/\/apuntesdesanluis.com\/index.php\/2023\/09\/21\/detuvieron-por-narcotrafico-al-hermano-de-la-intendenta-de-villa-de-la-quebrada\/","title":{"rendered":"\u00a1DETUVIERON POR NARCOTR\u00c1FICO AL HERMANO DE LA INTENDENTA DE VILLA DE LA QUEBRADA!"},"content":{"rendered":"<h3>Trasladaba m\u00e1s de 2 kilos de droga en un cami\u00f3n de San Luis Agua. Pablo Alejandro Calder\u00f3n de 40 a\u00f1os fue interceptado junto a su c\u00f3mplice mientras transportaban en un cami\u00f3n cisterna droga valuada en casi $8 millones.<\/h3>\n<h3>Seg\u00fan inform\u00f3 el sitio digital El Chorrillero, el martes por la noche, en las inmediaciones del barrio Las Am\u00e9ricas de la capital puntana, hubo un fuerte operativo de la divisi\u00f3n de Narcotr\u00e1fico DG-8 de la Polic\u00eda de San Luis.<\/h3>\n<h3>Como resultado del mismo se efectu\u00f3 la detenci\u00f3n en la zona de calles Costa Rica y Rep\u00fablica Dominicana de dos hombres que transportaban m\u00e1s de dos kilos de marihuana en un cami\u00f3n cisterna.<\/h3>\n<h3>El procedimiento fue realizado por la divisi\u00f3n de Narcotr\u00e1fico DG-8 de la Polic\u00eda de San Luis.<\/h3>\n<h3>Pero el dato singular es que uno de los detenidos es Pablo Alejandro Calder\u00f3n (40), hermano de la actual intendenta de Villa de la Quebrada, Rosa Calder\u00f3n, seg\u00fan pudo confirmar el citado medio.<\/h3>\n<h3>El otro detenido es Emiliano Rub\u00e9n Morales (33) que aparece en el Registro Nacional de Armas como portador de una carabina calibre 30 y presenta como actividad en la AFIP el \u201cservicio de transporte por cami\u00f3n cisterna\u201d.<\/h3>\n<h3><img fetchpriority=\"high\" decoding=\"async\" class=\"wp-image-3724 aligncenter\" src=\"https:\/\/apuntesdesanluis.com\/wp-content\/uploads\/2023\/09\/Rosa-y-pablo-calderon-300x255.png\" alt=\"\" width=\"804\" height=\"684\" srcset=\"https:\/\/apuntesdesanluis.com\/wp-content\/uploads\/2023\/09\/Rosa-y-pablo-calderon-300x255.png 300w, https:\/\/apuntesdesanluis.com\/wp-content\/uploads\/2023\/09\/Rosa-y-pablo-calderon.png 587w\" sizes=\"(max-width: 804px) 100vw, 804px\" \/><\/h3>\n<h4 style=\"text-align: center;\"><em>Rosa y Pablo Calder\u00f3n.<\/em><\/h4>\n<h3>Seg\u00fan la informaci\u00f3n oficial, el total incautado equivale a 6075 dosis valuadas en $7.890.000. Se trata de marihuana compactada y flores de la misma droga destinada al menudeo.<\/h3>\n<h3>Todo estaba organizado en bolsas de nailon de color negro, y con cinta aisladora y celof\u00e1n. Tambi\u00e9n incautaron dos tel\u00e9fonos celulares.<\/h3>\n<h3>El procedimiento fue realizado por la divisi\u00f3n de Narcotr\u00e1fico DG-8 de la Polic\u00eda de San Luis.<\/h3>\n<h3>Adem\u00e1s, lo secuestrado se encontraba dentro de la caja de un cami\u00f3n Ford modelo cargo, patente DMR 212, que era utilizado como cisterna y que ten\u00eda ploteado una imagen de San Luis Agua en la puerta del conductor.<\/h3>\n<h3>En un comienzo ambos quedaron demorados en un calabozo de la divisi\u00f3n por la infracci\u00f3n de la Ley N\u00b0 23.737 por tenencia y tr\u00e1fico de estupefacientes y este jueves por la siesta el Juzgado Federal de San Luis, a cargo de Juan Esteban Maqueda, determin\u00f3 el traslado al Servicio Penitenciario provincial.<\/h3>\n<h3>Otro dato que agreg\u00f3 la es que la investigaci\u00f3n llevaba seis meses. Los detenidos ser\u00e1n llamados a indagatoria por el juez Maqueda.<\/h3>\n<p><img decoding=\"async\" class=\"wp-image-3749 aligncenter\" src=\"https:\/\/apuntesdesanluis.com\/wp-content\/uploads\/2023\/09\/dos-3-300x180.png\" alt=\"\" width=\"785\" height=\"471\" srcset=\"https:\/\/apuntesdesanluis.com\/wp-content\/uploads\/2023\/09\/dos-3-300x180.png 300w, https:\/\/apuntesdesanluis.com\/wp-content\/uploads\/2023\/09\/dos-3.png 739w\" sizes=\"(max-width: 785px) 100vw, 785px\" \/><\/p>\n<p>&nbsp;<\/p>\n<p>&nbsp;<\/p>\n<p>&nbsp;<\/p>\n<p>&nbsp;<\/p>\n<p>&nbsp;<\/p>\n","protected":false},"excerpt":{"rendered":"<p>Trasladaba m\u00e1s de 2 kilos de droga en un cami\u00f3n de San Luis Agua. Pablo&#8230;<\/p>\n","protected":false},"author":1,"featured_media":3725,"comment_status":"closed","ping_status":"closed","sticky":false,"template":"","format":"standard","meta":{"footnotes":""},"categories":[6],"tags":[],"class_list":["post-3723","post","type-post","status-publish","format-standard","has-post-thumbnail","hentry","category-ciudad-provincia"],"yoast_head":"<!-- This site is optimized with the Yoast SEO plugin v26.1.1 - https:\/\/yoast.com\/wordpress\/plugins\/seo\/ -->\n<title>\u00a1DETUVIERON POR NARCOTR\u00c1FICO AL HERMANO DE LA INTENDENTA DE VILLA DE LA QUEBRADA! - Apuntes de San Luis<\/title>\n<meta name=\"robots\" content=\"index, follow, max-snippet:-1, max-image-preview:large, max-video-preview:-1\" \/>\n<link rel=\"canonical\" href=\"https:\/\/apuntesdesanluis.com\/index.php\/2023\/09\/21\/detuvieron-por-narcotrafico-al-hermano-de-la-intendenta-de-villa-de-la-quebrada\/\" \/>\n<meta property=\"og:locale\" content=\"es_ES\" \/>\n<meta property=\"og:type\" content=\"article\" \/>\n<meta property=\"og:title\" content=\"\u00a1DETUVIERON POR NARCOTR\u00c1FICO AL HERMANO DE LA INTENDENTA DE VILLA DE LA QUEBRADA! - Apuntes de San Luis\" \/>\n<meta property=\"og:description\" content=\"Trasladaba m\u00e1s de 2 kilos de droga en un cami\u00f3n de San Luis Agua. Pablo...\" \/>\n<meta property=\"og:url\" content=\"https:\/\/apuntesdesanluis.com\/index.php\/2023\/09\/21\/detuvieron-por-narcotrafico-al-hermano-de-la-intendenta-de-villa-de-la-quebrada\/\" \/>\n<meta property=\"og:site_name\" content=\"Apuntes de San Luis\" \/>\n<meta property=\"article:published_time\" content=\"2023-09-22T00:23:18+00:00\" \/>\n<meta property=\"article:modified_time\" content=\"2023-09-22T02:16:31+00:00\" \/>\n<meta property=\"og:image\" content=\"https:\/\/apuntesdesanluis.com\/wp-content\/uploads\/2023\/09\/camion-detenido.png\" \/>\n\t<meta property=\"og:image:width\" content=\"700\" \/>\n\t<meta property=\"og:image:height\" content=\"409\" \/>\n\t<meta property=\"og:image:type\" content=\"image\/png\" \/>\n<meta name=\"author\" content=\"apuntesdesanluis.com\" \/>\n<meta name=\"twitter:card\" content=\"summary_large_image\" \/>\n<meta name=\"twitter:label1\" content=\"Escrito por\" \/>\n\t<meta name=\"twitter:data1\" content=\"apuntesdesanluis.com\" \/>\n\t<meta name=\"twitter:label2\" content=\"Tiempo de lectura\" \/>\n\t<meta name=\"twitter:data2\" content=\"3 minutos\" \/>\n<script type=\"application\/ld+json\" class=\"yoast-schema-graph\">{\"@context\":\"https:\/\/schema.org\",\"@graph\":[{\"@type\":\"Article\",\"@id\":\"https:\/\/apuntesdesanluis.com\/index.php\/2023\/09\/21\/detuvieron-por-narcotrafico-al-hermano-de-la-intendenta-de-villa-de-la-quebrada\/#article\",\"isPartOf\":{\"@id\":\"https:\/\/apuntesdesanluis.com\/index.php\/2023\/09\/21\/detuvieron-por-narcotrafico-al-hermano-de-la-intendenta-de-villa-de-la-quebrada\/\"},\"author\":{\"name\":\"apuntesdesanluis.com\",\"@id\":\"https:\/\/apuntesdesanluis.com\/#\/schema\/person\/b55151d52296fcce64d1a72538a70b90\"},\"headline\":\"\u00a1DETUVIERON POR NARCOTR\u00c1FICO AL HERMANO DE LA INTENDENTA DE VILLA DE LA QUEBRADA!\",\"datePublished\":\"2023-09-22T00:23:18+00:00\",\"dateModified\":\"2023-09-22T02:16:31+00:00\",\"mainEntityOfPage\":{\"@id\":\"https:\/\/apuntesdesanluis.com\/index.php\/2023\/09\/21\/detuvieron-por-narcotrafico-al-hermano-de-la-intendenta-de-villa-de-la-quebrada\/\"},\"wordCount\":425,\"publisher\":{\"@id\":\"https:\/\/apuntesdesanluis.com\/#\/schema\/person\/b55151d52296fcce64d1a72538a70b90\"},\"image\":{\"@id\":\"https:\/\/apuntesdesanluis.com\/index.php\/2023\/09\/21\/detuvieron-por-narcotrafico-al-hermano-de-la-intendenta-de-villa-de-la-quebrada\/#primaryimage\"},\"thumbnailUrl\":\"https:\/\/apuntesdesanluis.com\/wp-content\/uploads\/2023\/09\/camion-detenido.png\",\"articleSection\":[\"Ciudad\/Provincia\"],\"inLanguage\":\"es-AR\"},{\"@type\":\"WebPage\",\"@id\":\"https:\/\/apuntesdesanluis.com\/index.php\/2023\/09\/21\/detuvieron-por-narcotrafico-al-hermano-de-la-intendenta-de-villa-de-la-quebrada\/\",\"url\":\"https:\/\/apuntesdesanluis.com\/index.php\/2023\/09\/21\/detuvieron-por-narcotrafico-al-hermano-de-la-intendenta-de-villa-de-la-quebrada\/\",\"name\":\"\u00a1DETUVIERON POR NARCOTR\u00c1FICO AL HERMANO DE LA INTENDENTA DE VILLA DE LA QUEBRADA! - Apuntes de San Luis\",\"isPartOf\":{\"@id\":\"https:\/\/apuntesdesanluis.com\/#website\"},\"primaryImageOfPage\":{\"@id\":\"https:\/\/apuntesdesanluis.com\/index.php\/2023\/09\/21\/detuvieron-por-narcotrafico-al-hermano-de-la-intendenta-de-villa-de-la-quebrada\/#primaryimage\"},\"image\":{\"@id\":\"https:\/\/apuntesdesanluis.com\/index.php\/2023\/09\/21\/detuvieron-por-narcotrafico-al-hermano-de-la-intendenta-de-villa-de-la-quebrada\/#primaryimage\"},\"thumbnailUrl\":\"https:\/\/apuntesdesanluis.com\/wp-content\/uploads\/2023\/09\/camion-detenido.png\",\"datePublished\":\"2023-09-22T00:23:18+00:00\",\"dateModified\":\"2023-09-22T02:16:31+00:00\",\"breadcrumb\":{\"@id\":\"https:\/\/apuntesdesanluis.com\/index.php\/2023\/09\/21\/detuvieron-por-narcotrafico-al-hermano-de-la-intendenta-de-villa-de-la-quebrada\/#breadcrumb\"},\"inLanguage\":\"es-AR\",\"potentialAction\":[{\"@type\":\"ReadAction\",\"target\":[\"https:\/\/apuntesdesanluis.com\/index.php\/2023\/09\/21\/detuvieron-por-narcotrafico-al-hermano-de-la-intendenta-de-villa-de-la-quebrada\/\"]}]},{\"@type\":\"ImageObject\",\"inLanguage\":\"es-AR\",\"@id\":\"https:\/\/apuntesdesanluis.com\/index.php\/2023\/09\/21\/detuvieron-por-narcotrafico-al-hermano-de-la-intendenta-de-villa-de-la-quebrada\/#primaryimage\",\"url\":\"https:\/\/apuntesdesanluis.com\/wp-content\/uploads\/2023\/09\/camion-detenido.png\",\"contentUrl\":\"https:\/\/apuntesdesanluis.com\/wp-content\/uploads\/2023\/09\/camion-detenido.png\",\"width\":700,\"height\":409},{\"@type\":\"BreadcrumbList\",\"@id\":\"https:\/\/apuntesdesanluis.com\/index.php\/2023\/09\/21\/detuvieron-por-narcotrafico-al-hermano-de-la-intendenta-de-villa-de-la-quebrada\/#breadcrumb\",\"itemListElement\":[{\"@type\":\"ListItem\",\"position\":1,\"name\":\"Inicio\",\"item\":\"https:\/\/apuntesdesanluis.com\/\"},{\"@type\":\"ListItem\",\"position\":2,\"name\":\"\u00a1DETUVIERON POR NARCOTR\u00c1FICO AL HERMANO DE LA INTENDENTA DE VILLA DE LA QUEBRADA!\"}]},{\"@type\":\"WebSite\",\"@id\":\"https:\/\/apuntesdesanluis.com\/#website\",\"url\":\"https:\/\/apuntesdesanluis.com\/\",\"name\":\"Apuntes de San Luis\",\"description\":\"\",\"publisher\":{\"@id\":\"https:\/\/apuntesdesanluis.com\/#\/schema\/person\/b55151d52296fcce64d1a72538a70b90\"},\"potentialAction\":[{\"@type\":\"SearchAction\",\"target\":{\"@type\":\"EntryPoint\",\"urlTemplate\":\"https:\/\/apuntesdesanluis.com\/?s={search_term_string}\"},\"query-input\":{\"@type\":\"PropertyValueSpecification\",\"valueRequired\":true,\"valueName\":\"search_term_string\"}}],\"inLanguage\":\"es-AR\"},{\"@type\":[\"Person\",\"Organization\"],\"@id\":\"https:\/\/apuntesdesanluis.com\/#\/schema\/person\/b55151d52296fcce64d1a72538a70b90\",\"name\":\"apuntesdesanluis.com\",\"image\":{\"@type\":\"ImageObject\",\"inLanguage\":\"es-AR\",\"@id\":\"https:\/\/apuntesdesanluis.com\/#\/schema\/person\/image\/\",\"url\":\"https:\/\/apuntesdesanluis.com\/wp-content\/uploads\/2023\/07\/cropped-apuntesdesanluis.png\",\"contentUrl\":\"https:\/\/apuntesdesanluis.com\/wp-content\/uploads\/2023\/07\/cropped-apuntesdesanluis.png\",\"width\":450,\"height\":112,\"caption\":\"apuntesdesanluis.com\"},\"logo\":{\"@id\":\"https:\/\/apuntesdesanluis.com\/#\/schema\/person\/image\/\"},\"sameAs\":[\"https:\/\/apuntesdesanluis.com\"],\"url\":\"https:\/\/apuntesdesanluis.com\/index.php\/author\/apuntesdesanluis-com\/\"}]}<\/script>\n<!-- \/ Yoast SEO plugin. -->","yoast_head_json":{"title":"\u00a1DETUVIERON POR NARCOTR\u00c1FICO AL HERMANO DE LA INTENDENTA DE VILLA DE LA QUEBRADA! - Apuntes de San Luis","robots":{"index":"index","follow":"follow","max-snippet":"max-snippet:-1","max-image-preview":"max-image-preview:large","max-video-preview":"max-video-preview:-1"},"canonical":"https:\/\/apuntesdesanluis.com\/index.php\/2023\/09\/21\/detuvieron-por-narcotrafico-al-hermano-de-la-intendenta-de-villa-de-la-quebrada\/","og_locale":"es_ES","og_type":"article","og_title":"\u00a1DETUVIERON POR NARCOTR\u00c1FICO AL HERMANO DE LA INTENDENTA DE VILLA DE LA QUEBRADA! - Apuntes de San Luis","og_description":"Trasladaba m\u00e1s de 2 kilos de droga en un cami\u00f3n de San Luis Agua. Pablo...","og_url":"https:\/\/apuntesdesanluis.com\/index.php\/2023\/09\/21\/detuvieron-por-narcotrafico-al-hermano-de-la-intendenta-de-villa-de-la-quebrada\/","og_site_name":"Apuntes de San Luis","article_published_time":"2023-09-22T00:23:18+00:00","article_modified_time":"2023-09-22T02:16:31+00:00","og_image":[{"width":700,"height":409,"url":"https:\/\/apuntesdesanluis.com\/wp-content\/uploads\/2023\/09\/camion-detenido.png","type":"image\/png"}],"author":"apuntesdesanluis.com","twitter_card":"summary_large_image","twitter_misc":{"Escrito por":"apuntesdesanluis.com","Tiempo de lectura":"3 minutos"},"schema":{"@context":"https:\/\/schema.org","@graph":[{"@type":"Article","@id":"https:\/\/apuntesdesanluis.com\/index.php\/2023\/09\/21\/detuvieron-por-narcotrafico-al-hermano-de-la-intendenta-de-villa-de-la-quebrada\/#article","isPartOf":{"@id":"https:\/\/apuntesdesanluis.com\/index.php\/2023\/09\/21\/detuvieron-por-narcotrafico-al-hermano-de-la-intendenta-de-villa-de-la-quebrada\/"},"author":{"name":"apuntesdesanluis.com","@id":"https:\/\/apuntesdesanluis.com\/#\/schema\/person\/b55151d52296fcce64d1a72538a70b90"},"headline":"\u00a1DETUVIERON POR NARCOTR\u00c1FICO AL HERMANO DE LA INTENDENTA DE VILLA DE LA QUEBRADA!","datePublished":"2023-09-22T00:23:18+00:00","dateModified":"2023-09-22T02:16:31+00:00","mainEntityOfPage":{"@id":"https:\/\/apuntesdesanluis.com\/index.php\/2023\/09\/21\/detuvieron-por-narcotrafico-al-hermano-de-la-intendenta-de-villa-de-la-quebrada\/"},"wordCount":425,"publisher":{"@id":"https:\/\/apuntesdesanluis.com\/#\/schema\/person\/b55151d52296fcce64d1a72538a70b90"},"image":{"@id":"https:\/\/apuntesdesanluis.com\/index.php\/2023\/09\/21\/detuvieron-por-narcotrafico-al-hermano-de-la-intendenta-de-villa-de-la-quebrada\/#primaryimage"},"thumbnailUrl":"https:\/\/apuntesdesanluis.com\/wp-content\/uploads\/2023\/09\/camion-detenido.png","articleSection":["Ciudad\/Provincia"],"inLanguage":"es-AR"},{"@type":"WebPage","@id":"https:\/\/apuntesdesanluis.com\/index.php\/2023\/09\/21\/detuvieron-por-narcotrafico-al-hermano-de-la-intendenta-de-villa-de-la-quebrada\/","url":"https:\/\/apuntesdesanluis.com\/index.php\/2023\/09\/21\/detuvieron-por-narcotrafico-al-hermano-de-la-intendenta-de-villa-de-la-quebrada\/","name":"\u00a1DETUVIERON POR NARCOTR\u00c1FICO AL HERMANO DE LA INTENDENTA DE VILLA DE LA QUEBRADA! - Apuntes de San Luis","isPartOf":{"@id":"https:\/\/apuntesdesanluis.com\/#website"},"primaryImageOfPage":{"@id":"https:\/\/apuntesdesanluis.com\/index.php\/2023\/09\/21\/detuvieron-por-narcotrafico-al-hermano-de-la-intendenta-de-villa-de-la-quebrada\/#primaryimage"},"image":{"@id":"https:\/\/apuntesdesanluis.com\/index.php\/2023\/09\/21\/detuvieron-por-narcotrafico-al-hermano-de-la-intendenta-de-villa-de-la-quebrada\/#primaryimage"},"thumbnailUrl":"https:\/\/apuntesdesanluis.com\/wp-content\/uploads\/2023\/09\/camion-detenido.png","datePublished":"2023-09-22T00:23:18+00:00","dateModified":"2023-09-22T02:16:31+00:00","breadcrumb":{"@id":"https:\/\/apuntesdesanluis.com\/index.php\/2023\/09\/21\/detuvieron-por-narcotrafico-al-hermano-de-la-intendenta-de-villa-de-la-quebrada\/#breadcrumb"},"inLanguage":"es-AR","potentialAction":[{"@type":"ReadAction","target":["https:\/\/apuntesdesanluis.com\/index.php\/2023\/09\/21\/detuvieron-por-narcotrafico-al-hermano-de-la-intendenta-de-villa-de-la-quebrada\/"]}]},{"@type":"ImageObject","inLanguage":"es-AR","@id":"https:\/\/apuntesdesanluis.com\/index.php\/2023\/09\/21\/detuvieron-por-narcotrafico-al-hermano-de-la-intendenta-de-villa-de-la-quebrada\/#primaryimage","url":"https:\/\/apuntesdesanluis.com\/wp-content\/uploads\/2023\/09\/camion-detenido.png","contentUrl":"https:\/\/apuntesdesanluis.com\/wp-content\/uploads\/2023\/09\/camion-detenido.png","width":700,"height":409},{"@type":"BreadcrumbList","@id":"https:\/\/apuntesdesanluis.com\/index.php\/2023\/09\/21\/detuvieron-por-narcotrafico-al-hermano-de-la-intendenta-de-villa-de-la-quebrada\/#breadcrumb","itemListElement":[{"@type":"ListItem","position":1,"name":"Inicio","item":"https:\/\/apuntesdesanluis.com\/"},{"@type":"ListItem","position":2,"name":"\u00a1DETUVIERON POR NARCOTR\u00c1FICO AL HERMANO DE LA INTENDENTA DE VILLA DE LA QUEBRADA!"}]},{"@type":"WebSite","@id":"https:\/\/apuntesdesanluis.com\/#website","url":"https:\/\/apuntesdesanluis.com\/","name":"Apuntes de San Luis","description":"","publisher":{"@id":"https:\/\/apuntesdesanluis.com\/#\/schema\/person\/b55151d52296fcce64d1a72538a70b90"},"potentialAction":[{"@type":"SearchAction","target":{"@type":"EntryPoint","urlTemplate":"https:\/\/apuntesdesanluis.com\/?s={search_term_string}"},"query-input":{"@type":"PropertyValueSpecification","valueRequired":true,"valueName":"search_term_string"}}],"inLanguage":"es-AR"},{"@type":["Person","Organization"],"@id":"https:\/\/apuntesdesanluis.com\/#\/schema\/person\/b55151d52296fcce64d1a72538a70b90","name":"apuntesdesanluis.com","image":{"@type":"ImageObject","inLanguage":"es-AR","@id":"https:\/\/apuntesdesanluis.com\/#\/schema\/person\/image\/","url":"https:\/\/apuntesdesanluis.com\/wp-content\/uploads\/2023\/07\/cropped-apuntesdesanluis.png","contentUrl":"https:\/\/apuntesdesanluis.com\/wp-content\/uploads\/2023\/07\/cropped-apuntesdesanluis.png","width":450,"height":112,"caption":"apuntesdesanluis.com"},"logo":{"@id":"https:\/\/apuntesdesanluis.com\/#\/schema\/person\/image\/"},"sameAs":["https:\/\/apuntesdesanluis.com"],"url":"https:\/\/apuntesdesanluis.com\/index.php\/author\/apuntesdesanluis-com\/"}]}},"featured_image_urls":{"full":["https:\/\/apuntesdesanluis.com\/wp-content\/uploads\/2023\/09\/camion-detenido.png",700,409,false],"thumbnail":["https:\/\/apuntesdesanluis.com\/wp-content\/uploads\/2023\/09\/camion-detenido-150x150.png",150,150,true],"medium":["https:\/\/apuntesdesanluis.com\/wp-content\/uploads\/2023\/09\/camion-detenido-300x175.png",300,175,true],"medium_large":["https:\/\/apuntesdesanluis.com\/wp-content\/uploads\/2023\/09\/camion-detenido.png",640,374,false],"large":["https:\/\/apuntesdesanluis.com\/wp-content\/uploads\/2023\/09\/camion-detenido.png",640,374,false],"1536x1536":["https:\/\/apuntesdesanluis.com\/wp-content\/uploads\/2023\/09\/camion-detenido.png",700,409,false],"2048x2048":["https:\/\/apuntesdesanluis.com\/wp-content\/uploads\/2023\/09\/camion-detenido.png",700,409,false],"newsever-slider-full":["https:\/\/apuntesdesanluis.com\/wp-content\/uploads\/2023\/09\/camion-detenido.png",700,409,false],"newsever-featured":["https:\/\/apuntesdesanluis.com\/wp-content\/uploads\/2023\/09\/camion-detenido.png",700,409,false],"newsever-medium":["https:\/\/apuntesdesanluis.com\/wp-content\/uploads\/2023\/09\/camion-detenido.png",700,409,false]},"author_info":{"display_name":"apuntesdesanluis.com","author_link":"https:\/\/apuntesdesanluis.com\/index.php\/author\/apuntesdesanluis-com\/"},"category_info":"<a href=\"https:\/\/apuntesdesanluis.com\/index.php\/category\/ciudad-provincia\/\" rel=\"category tag\">Ciudad\/Provincia<\/a>","tag_info":"Ciudad\/Provincia","comment_count":"0","_links":{"self":[{"href":"https:\/\/apuntesdesanluis.com\/index.php\/wp-json\/wp\/v2\/posts\/3723","targetHints":{"allow":["GET"]}}],"collection":[{"href":"https:\/\/apuntesdesanluis.com\/index.php\/wp-json\/wp\/v2\/posts"}],"about":[{"href":"https:\/\/apuntesdesanluis.com\/index.php\/wp-json\/wp\/v2\/types\/post"}],"author":[{"embeddable":true,"href":"https:\/\/apuntesdesanluis.com\/index.php\/wp-json\/wp\/v2\/users\/1"}],"replies":[{"embeddable":true,"href":"https:\/\/apuntesdesanluis.com\/index.php\/wp-json\/wp\/v2\/comments?post=3723"}],"version-history":[{"count":3,"href":"https:\/\/apuntesdesanluis.com\/index.php\/wp-json\/wp\/v2\/posts\/3723\/revisions"}],"predecessor-version":[{"id":3750,"href":"https:\/\/apuntesdesanluis.com\/index.php\/wp-json\/wp\/v2\/posts\/3723\/revisions\/3750"}],"wp:featuredmedia":[{"embeddable":true,"href":"https:\/\/apuntesdesanluis.com\/index.php\/wp-json\/wp\/v2\/media\/3725"}],"wp:attachment":[{"href":"https:\/\/apuntesdesanluis.com\/index.php\/wp-json\/wp\/v2\/media?parent=3723"}],"wp:term":[{"taxonomy":"category","embeddable":true,"href":"https:\/\/apuntesdesanluis.com\/index.php\/wp-json\/wp\/v2\/categories?post=3723"},{"taxonomy":"post_tag","embeddable":true,"href":"https:\/\/apuntesdesanluis.com\/index.php\/wp-json\/wp\/v2\/tags?post=3723"}],"curies":[{"name":"wp","href":"https:\/\/api.w.org\/{rel}","templated":true}]}}