{"id":3731,"date":"2023-09-21T21:42:58","date_gmt":"2023-09-22T00:42:58","guid":{"rendered":"https:\/\/apuntesdesanluis.com\/?p=3731"},"modified":"2023-09-21T21:42:58","modified_gmt":"2023-09-22T00:42:58","slug":"designaron-a-las-nuevas-empresas-de-transporte-que-reemplazaran-a-panaholma","status":"publish","type":"post","link":"https:\/\/apuntesdesanluis.com\/index.php\/2023\/09\/21\/designaron-a-las-nuevas-empresas-de-transporte-que-reemplazaran-a-panaholma\/","title":{"rendered":"DESIGNARON A LAS NUEVAS EMPRESAS DE TRANSPORTE QUE REEMPLAZAR\u00c1N A PANAHOLMA"},"content":{"rendered":"<h3 class=\"yiv7409174924ydp6329976emsonormal\" style=\"text-align: justify; background: white;\"><span style=\"font-family: 'Arial','sans-serif'; color: #1d2228;\"><strong>Carlos Bringas<\/strong>, jefe del Programa Transporte Automotor de la provincia de San Luis, garantiz\u00f3 el servicio de transporte en la regi\u00f3n, tras la decisi\u00f3n de la empresa Panaholma de abandonar los corredores provinciales. El funcionario destac\u00f3 la importancia de mantener un servicio esencial para los usuarios y brind\u00f3 detalles sobre las medidas tomadas desde la Secretar\u00eda de Transporte, para asegurar la continuidad del transporte en los corredores afectados. <\/span><\/h3>\n<h3 class=\"yiv7409174924ydp6329976emsonormal\" style=\"text-align: justify; background: white;\"><span style=\"font-family: 'Arial','sans-serif'; color: #1d2228;\">\u201cEl d\u00eda 7 de septiembre de este a\u00f1o recibimos la notificaci\u00f3n formal de la empresa Panaholma que abandona los corredores de la provincia de San Luis a partir del 15 de octubre. As\u00ed que inmediatamente nosotros, autorizados y habilitados por la Ley Provincial de Transporte, dada la necesidad y urgencia de continuar y garantizar a los usuarios del transporte el servicio, hemos iniciado tratativas con otras empresas, con empresas del medio local que son las que llevan adelante el servicio interurbano.<\/span><\/h3>\n<h3 class=\"yiv7409174924ydp6329976emsonormal\" style=\"text-align: justify; background: white;\"><span style=\"font-family: 'Arial','sans-serif'; color: #1d2228;\">Las empresas que se har\u00e1n a partir del 16 de octubre son: Grupo MR, Panamericana, SRL y Blanca Paloma. \u201cSon empresas que ya trabajan en nuestros corredores, que las conocemos y est\u00e1n saliendo a apoyarnos en esta decisi\u00f3n de la empresa Panaholma de terminar as\u00ed un v\u00ednculo que nosotros lo entendemos, lo acompa\u00f1amos, pero por supuesto que no lo compartimos\u201d, afirm\u00f3.<\/span><\/h3>\n<p><iframe title=\"Designaron a las nuevas empresas de transporte que reemplazar\u00e1n a Panaholma\" width=\"640\" height=\"360\" src=\"https:\/\/www.youtube.com\/embed\/wAyFl70ikpw?feature=oembed\" frameborder=\"0\" allow=\"accelerometer; autoplay; clipboard-write; encrypted-media; gyroscope; picture-in-picture; web-share\" referrerpolicy=\"strict-origin-when-cross-origin\" allowfullscreen><\/iframe><\/p>\n<h3 class=\"yiv7409174924ydp6329976emsonormal\" style=\"text-align: justify; background: white;\"><span style=\"font-family: 'Arial','sans-serif'; color: #1d2228;\">Bringas tambi\u00e9n se refiri\u00f3 a la situaci\u00f3n de los empleados de Panaholma, asegurando que una vez resuelto el v\u00ednculo contractual con la empresa, se tomar\u00e1n medidas para garantizar la protecci\u00f3n de los trabajadores. \u201cUna vez resuelto el v\u00ednculo contractual de la empresa Panaholma con sus trabajadores, por supuesto indemnizados correctamente, nosotros desde la Secretar\u00eda y desde el Gobierno de la provincia de San Luis arbitraremos todos los medios y todas las facultades que tenemos desde aqu\u00ed, desde nuestra competencia, para mantener y garantizar el trabajo a los compa\u00f1eros choferes y a todos los que est\u00e9n bajo la \u00f3rbita de la empresa Panaholma hoy en d\u00eda\u201d, asegur\u00f3.<\/span><\/h3>\n<h3 class=\"yiv7409174924ydp6329976emsonormal\" style=\"text-align: justify; background: white;\"><span style=\"font-family: 'Arial','sans-serif'; color: #1d2228;\">En cuanto a las nuevas empresas que asumir\u00e1n el servicio a partir del 16 de octubre, Bringas a\u00f1adi\u00f3 que estas empresas ya cuentan con coches disponibles y est\u00e1n en proceso de preparaci\u00f3n para la transici\u00f3n. \u201cLas mismas ya tienen los coches disponibles, estamos esperando una cuesti\u00f3n formal y de plazos que es lo que nos anunci\u00f3 la empresa Panaholma, as\u00ed que el d\u00eda 16 el servicio va a estar garantizado, los coches en su mayor\u00eda son cero kil\u00f3metros. Felices de poder anunciar esto y de poder continuar con el sistema de transporte sano, saludable y por supuesto con empresas de San Luis para prestar un gran servicio\u201d, sostuvo.<\/span><\/h3>\n","protected":false},"excerpt":{"rendered":"<p>Carlos Bringas, jefe del Programa Transporte Automotor de la provincia de San Luis, garantiz\u00f3 el&#8230;<\/p>\n","protected":false},"author":1,"featured_media":3732,"comment_status":"closed","ping_status":"closed","sticky":false,"template":"","format":"standard","meta":{"footnotes":""},"categories":[6],"tags":[],"class_list":["post-3731","post","type-post","status-publish","format-standard","has-post-thumbnail","hentry","category-ciudad-provincia"],"yoast_head":"<!-- This site is optimized with the Yoast SEO plugin v26.1.1 - https:\/\/yoast.com\/wordpress\/plugins\/seo\/ -->\n<title>DESIGNARON A LAS NUEVAS EMPRESAS DE TRANSPORTE QUE REEMPLAZAR\u00c1N A PANAHOLMA - Apuntes de San Luis<\/title>\n<meta name=\"robots\" content=\"index, follow, max-snippet:-1, max-image-preview:large, max-video-preview:-1\" \/>\n<link rel=\"canonical\" href=\"https:\/\/apuntesdesanluis.com\/index.php\/2023\/09\/21\/designaron-a-las-nuevas-empresas-de-transporte-que-reemplazaran-a-panaholma\/\" \/>\n<meta property=\"og:locale\" content=\"es_ES\" \/>\n<meta property=\"og:type\" content=\"article\" \/>\n<meta property=\"og:title\" content=\"DESIGNARON A LAS NUEVAS EMPRESAS DE TRANSPORTE QUE REEMPLAZAR\u00c1N A PANAHOLMA - Apuntes de San Luis\" \/>\n<meta property=\"og:description\" content=\"Carlos Bringas, jefe del Programa Transporte Automotor de la provincia de San Luis, garantiz\u00f3 el...\" \/>\n<meta property=\"og:url\" content=\"https:\/\/apuntesdesanluis.com\/index.php\/2023\/09\/21\/designaron-a-las-nuevas-empresas-de-transporte-que-reemplazaran-a-panaholma\/\" \/>\n<meta property=\"og:site_name\" content=\"Apuntes de San Luis\" \/>\n<meta property=\"article:published_time\" content=\"2023-09-22T00:42:58+00:00\" \/>\n<meta property=\"og:image\" content=\"https:\/\/apuntesdesanluis.com\/wp-content\/uploads\/2023\/09\/terminal-de-omnibus-ediro.png\" \/>\n\t<meta property=\"og:image:width\" content=\"600\" \/>\n\t<meta property=\"og:image:height\" content=\"374\" \/>\n\t<meta property=\"og:image:type\" content=\"image\/png\" \/>\n<meta name=\"author\" content=\"apuntesdesanluis.com\" \/>\n<meta name=\"twitter:card\" content=\"summary_large_image\" \/>\n<meta name=\"twitter:label1\" content=\"Escrito por\" \/>\n\t<meta name=\"twitter:data1\" content=\"apuntesdesanluis.com\" \/>\n\t<meta name=\"twitter:label2\" content=\"Tiempo de lectura\" \/>\n\t<meta name=\"twitter:data2\" content=\"2 minutos\" \/>\n<script type=\"application\/ld+json\" class=\"yoast-schema-graph\">{\"@context\":\"https:\/\/schema.org\",\"@graph\":[{\"@type\":\"Article\",\"@id\":\"https:\/\/apuntesdesanluis.com\/index.php\/2023\/09\/21\/designaron-a-las-nuevas-empresas-de-transporte-que-reemplazaran-a-panaholma\/#article\",\"isPartOf\":{\"@id\":\"https:\/\/apuntesdesanluis.com\/index.php\/2023\/09\/21\/designaron-a-las-nuevas-empresas-de-transporte-que-reemplazaran-a-panaholma\/\"},\"author\":{\"name\":\"apuntesdesanluis.com\",\"@id\":\"https:\/\/apuntesdesanluis.com\/#\/schema\/person\/b55151d52296fcce64d1a72538a70b90\"},\"headline\":\"DESIGNARON A LAS NUEVAS EMPRESAS DE TRANSPORTE QUE REEMPLAZAR\u00c1N A PANAHOLMA\",\"datePublished\":\"2023-09-22T00:42:58+00:00\",\"mainEntityOfPage\":{\"@id\":\"https:\/\/apuntesdesanluis.com\/index.php\/2023\/09\/21\/designaron-a-las-nuevas-empresas-de-transporte-que-reemplazaran-a-panaholma\/\"},\"wordCount\":468,\"publisher\":{\"@id\":\"https:\/\/apuntesdesanluis.com\/#\/schema\/person\/b55151d52296fcce64d1a72538a70b90\"},\"image\":{\"@id\":\"https:\/\/apuntesdesanluis.com\/index.php\/2023\/09\/21\/designaron-a-las-nuevas-empresas-de-transporte-que-reemplazaran-a-panaholma\/#primaryimage\"},\"thumbnailUrl\":\"https:\/\/apuntesdesanluis.com\/wp-content\/uploads\/2023\/09\/terminal-de-omnibus-ediro.png\",\"articleSection\":[\"Ciudad\/Provincia\"],\"inLanguage\":\"es-AR\"},{\"@type\":\"WebPage\",\"@id\":\"https:\/\/apuntesdesanluis.com\/index.php\/2023\/09\/21\/designaron-a-las-nuevas-empresas-de-transporte-que-reemplazaran-a-panaholma\/\",\"url\":\"https:\/\/apuntesdesanluis.com\/index.php\/2023\/09\/21\/designaron-a-las-nuevas-empresas-de-transporte-que-reemplazaran-a-panaholma\/\",\"name\":\"DESIGNARON A LAS NUEVAS EMPRESAS DE TRANSPORTE QUE REEMPLAZAR\u00c1N A PANAHOLMA - Apuntes de San Luis\",\"isPartOf\":{\"@id\":\"https:\/\/apuntesdesanluis.com\/#website\"},\"primaryImageOfPage\":{\"@id\":\"https:\/\/apuntesdesanluis.com\/index.php\/2023\/09\/21\/designaron-a-las-nuevas-empresas-de-transporte-que-reemplazaran-a-panaholma\/#primaryimage\"},\"image\":{\"@id\":\"https:\/\/apuntesdesanluis.com\/index.php\/2023\/09\/21\/designaron-a-las-nuevas-empresas-de-transporte-que-reemplazaran-a-panaholma\/#primaryimage\"},\"thumbnailUrl\":\"https:\/\/apuntesdesanluis.com\/wp-content\/uploads\/2023\/09\/terminal-de-omnibus-ediro.png\",\"datePublished\":\"2023-09-22T00:42:58+00:00\",\"breadcrumb\":{\"@id\":\"https:\/\/apuntesdesanluis.com\/index.php\/2023\/09\/21\/designaron-a-las-nuevas-empresas-de-transporte-que-reemplazaran-a-panaholma\/#breadcrumb\"},\"inLanguage\":\"es-AR\",\"potentialAction\":[{\"@type\":\"ReadAction\",\"target\":[\"https:\/\/apuntesdesanluis.com\/index.php\/2023\/09\/21\/designaron-a-las-nuevas-empresas-de-transporte-que-reemplazaran-a-panaholma\/\"]}]},{\"@type\":\"ImageObject\",\"inLanguage\":\"es-AR\",\"@id\":\"https:\/\/apuntesdesanluis.com\/index.php\/2023\/09\/21\/designaron-a-las-nuevas-empresas-de-transporte-que-reemplazaran-a-panaholma\/#primaryimage\",\"url\":\"https:\/\/apuntesdesanluis.com\/wp-content\/uploads\/2023\/09\/terminal-de-omnibus-ediro.png\",\"contentUrl\":\"https:\/\/apuntesdesanluis.com\/wp-content\/uploads\/2023\/09\/terminal-de-omnibus-ediro.png\",\"width\":600,\"height\":374},{\"@type\":\"BreadcrumbList\",\"@id\":\"https:\/\/apuntesdesanluis.com\/index.php\/2023\/09\/21\/designaron-a-las-nuevas-empresas-de-transporte-que-reemplazaran-a-panaholma\/#breadcrumb\",\"itemListElement\":[{\"@type\":\"ListItem\",\"position\":1,\"name\":\"Inicio\",\"item\":\"https:\/\/apuntesdesanluis.com\/\"},{\"@type\":\"ListItem\",\"position\":2,\"name\":\"DESIGNARON A LAS NUEVAS EMPRESAS DE TRANSPORTE QUE REEMPLAZAR\u00c1N A PANAHOLMA\"}]},{\"@type\":\"WebSite\",\"@id\":\"https:\/\/apuntesdesanluis.com\/#website\",\"url\":\"https:\/\/apuntesdesanluis.com\/\",\"name\":\"Apuntes de San Luis\",\"description\":\"\",\"publisher\":{\"@id\":\"https:\/\/apuntesdesanluis.com\/#\/schema\/person\/b55151d52296fcce64d1a72538a70b90\"},\"potentialAction\":[{\"@type\":\"SearchAction\",\"target\":{\"@type\":\"EntryPoint\",\"urlTemplate\":\"https:\/\/apuntesdesanluis.com\/?s={search_term_string}\"},\"query-input\":{\"@type\":\"PropertyValueSpecification\",\"valueRequired\":true,\"valueName\":\"search_term_string\"}}],\"inLanguage\":\"es-AR\"},{\"@type\":[\"Person\",\"Organization\"],\"@id\":\"https:\/\/apuntesdesanluis.com\/#\/schema\/person\/b55151d52296fcce64d1a72538a70b90\",\"name\":\"apuntesdesanluis.com\",\"image\":{\"@type\":\"ImageObject\",\"inLanguage\":\"es-AR\",\"@id\":\"https:\/\/apuntesdesanluis.com\/#\/schema\/person\/image\/\",\"url\":\"https:\/\/apuntesdesanluis.com\/wp-content\/uploads\/2023\/07\/cropped-apuntesdesanluis.png\",\"contentUrl\":\"https:\/\/apuntesdesanluis.com\/wp-content\/uploads\/2023\/07\/cropped-apuntesdesanluis.png\",\"width\":450,\"height\":112,\"caption\":\"apuntesdesanluis.com\"},\"logo\":{\"@id\":\"https:\/\/apuntesdesanluis.com\/#\/schema\/person\/image\/\"},\"sameAs\":[\"https:\/\/apuntesdesanluis.com\"],\"url\":\"https:\/\/apuntesdesanluis.com\/index.php\/author\/apuntesdesanluis-com\/\"}]}<\/script>\n<!-- \/ Yoast SEO plugin. -->","yoast_head_json":{"title":"DESIGNARON A LAS NUEVAS EMPRESAS DE TRANSPORTE QUE REEMPLAZAR\u00c1N A PANAHOLMA - Apuntes de San Luis","robots":{"index":"index","follow":"follow","max-snippet":"max-snippet:-1","max-image-preview":"max-image-preview:large","max-video-preview":"max-video-preview:-1"},"canonical":"https:\/\/apuntesdesanluis.com\/index.php\/2023\/09\/21\/designaron-a-las-nuevas-empresas-de-transporte-que-reemplazaran-a-panaholma\/","og_locale":"es_ES","og_type":"article","og_title":"DESIGNARON A LAS NUEVAS EMPRESAS DE TRANSPORTE QUE REEMPLAZAR\u00c1N A PANAHOLMA - Apuntes de San Luis","og_description":"Carlos Bringas, jefe del Programa Transporte Automotor de la provincia de San Luis, garantiz\u00f3 el...","og_url":"https:\/\/apuntesdesanluis.com\/index.php\/2023\/09\/21\/designaron-a-las-nuevas-empresas-de-transporte-que-reemplazaran-a-panaholma\/","og_site_name":"Apuntes de San Luis","article_published_time":"2023-09-22T00:42:58+00:00","og_image":[{"width":600,"height":374,"url":"https:\/\/apuntesdesanluis.com\/wp-content\/uploads\/2023\/09\/terminal-de-omnibus-ediro.png","type":"image\/png"}],"author":"apuntesdesanluis.com","twitter_card":"summary_large_image","twitter_misc":{"Escrito por":"apuntesdesanluis.com","Tiempo de lectura":"2 minutos"},"schema":{"@context":"https:\/\/schema.org","@graph":[{"@type":"Article","@id":"https:\/\/apuntesdesanluis.com\/index.php\/2023\/09\/21\/designaron-a-las-nuevas-empresas-de-transporte-que-reemplazaran-a-panaholma\/#article","isPartOf":{"@id":"https:\/\/apuntesdesanluis.com\/index.php\/2023\/09\/21\/designaron-a-las-nuevas-empresas-de-transporte-que-reemplazaran-a-panaholma\/"},"author":{"name":"apuntesdesanluis.com","@id":"https:\/\/apuntesdesanluis.com\/#\/schema\/person\/b55151d52296fcce64d1a72538a70b90"},"headline":"DESIGNARON A LAS NUEVAS EMPRESAS DE TRANSPORTE QUE REEMPLAZAR\u00c1N A PANAHOLMA","datePublished":"2023-09-22T00:42:58+00:00","mainEntityOfPage":{"@id":"https:\/\/apuntesdesanluis.com\/index.php\/2023\/09\/21\/designaron-a-las-nuevas-empresas-de-transporte-que-reemplazaran-a-panaholma\/"},"wordCount":468,"publisher":{"@id":"https:\/\/apuntesdesanluis.com\/#\/schema\/person\/b55151d52296fcce64d1a72538a70b90"},"image":{"@id":"https:\/\/apuntesdesanluis.com\/index.php\/2023\/09\/21\/designaron-a-las-nuevas-empresas-de-transporte-que-reemplazaran-a-panaholma\/#primaryimage"},"thumbnailUrl":"https:\/\/apuntesdesanluis.com\/wp-content\/uploads\/2023\/09\/terminal-de-omnibus-ediro.png","articleSection":["Ciudad\/Provincia"],"inLanguage":"es-AR"},{"@type":"WebPage","@id":"https:\/\/apuntesdesanluis.com\/index.php\/2023\/09\/21\/designaron-a-las-nuevas-empresas-de-transporte-que-reemplazaran-a-panaholma\/","url":"https:\/\/apuntesdesanluis.com\/index.php\/2023\/09\/21\/designaron-a-las-nuevas-empresas-de-transporte-que-reemplazaran-a-panaholma\/","name":"DESIGNARON A LAS NUEVAS EMPRESAS DE TRANSPORTE QUE REEMPLAZAR\u00c1N A PANAHOLMA - Apuntes de San Luis","isPartOf":{"@id":"https:\/\/apuntesdesanluis.com\/#website"},"primaryImageOfPage":{"@id":"https:\/\/apuntesdesanluis.com\/index.php\/2023\/09\/21\/designaron-a-las-nuevas-empresas-de-transporte-que-reemplazaran-a-panaholma\/#primaryimage"},"image":{"@id":"https:\/\/apuntesdesanluis.com\/index.php\/2023\/09\/21\/designaron-a-las-nuevas-empresas-de-transporte-que-reemplazaran-a-panaholma\/#primaryimage"},"thumbnailUrl":"https:\/\/apuntesdesanluis.com\/wp-content\/uploads\/2023\/09\/terminal-de-omnibus-ediro.png","datePublished":"2023-09-22T00:42:58+00:00","breadcrumb":{"@id":"https:\/\/apuntesdesanluis.com\/index.php\/2023\/09\/21\/designaron-a-las-nuevas-empresas-de-transporte-que-reemplazaran-a-panaholma\/#breadcrumb"},"inLanguage":"es-AR","potentialAction":[{"@type":"ReadAction","target":["https:\/\/apuntesdesanluis.com\/index.php\/2023\/09\/21\/designaron-a-las-nuevas-empresas-de-transporte-que-reemplazaran-a-panaholma\/"]}]},{"@type":"ImageObject","inLanguage":"es-AR","@id":"https:\/\/apuntesdesanluis.com\/index.php\/2023\/09\/21\/designaron-a-las-nuevas-empresas-de-transporte-que-reemplazaran-a-panaholma\/#primaryimage","url":"https:\/\/apuntesdesanluis.com\/wp-content\/uploads\/2023\/09\/terminal-de-omnibus-ediro.png","contentUrl":"https:\/\/apuntesdesanluis.com\/wp-content\/uploads\/2023\/09\/terminal-de-omnibus-ediro.png","width":600,"height":374},{"@type":"BreadcrumbList","@id":"https:\/\/apuntesdesanluis.com\/index.php\/2023\/09\/21\/designaron-a-las-nuevas-empresas-de-transporte-que-reemplazaran-a-panaholma\/#breadcrumb","itemListElement":[{"@type":"ListItem","position":1,"name":"Inicio","item":"https:\/\/apuntesdesanluis.com\/"},{"@type":"ListItem","position":2,"name":"DESIGNARON A LAS NUEVAS EMPRESAS DE TRANSPORTE QUE REEMPLAZAR\u00c1N A PANAHOLMA"}]},{"@type":"WebSite","@id":"https:\/\/apuntesdesanluis.com\/#website","url":"https:\/\/apuntesdesanluis.com\/","name":"Apuntes de San Luis","description":"","publisher":{"@id":"https:\/\/apuntesdesanluis.com\/#\/schema\/person\/b55151d52296fcce64d1a72538a70b90"},"potentialAction":[{"@type":"SearchAction","target":{"@type":"EntryPoint","urlTemplate":"https:\/\/apuntesdesanluis.com\/?s={search_term_string}"},"query-input":{"@type":"PropertyValueSpecification","valueRequired":true,"valueName":"search_term_string"}}],"inLanguage":"es-AR"},{"@type":["Person","Organization"],"@id":"https:\/\/apuntesdesanluis.com\/#\/schema\/person\/b55151d52296fcce64d1a72538a70b90","name":"apuntesdesanluis.com","image":{"@type":"ImageObject","inLanguage":"es-AR","@id":"https:\/\/apuntesdesanluis.com\/#\/schema\/person\/image\/","url":"https:\/\/apuntesdesanluis.com\/wp-content\/uploads\/2023\/07\/cropped-apuntesdesanluis.png","contentUrl":"https:\/\/apuntesdesanluis.com\/wp-content\/uploads\/2023\/07\/cropped-apuntesdesanluis.png","width":450,"height":112,"caption":"apuntesdesanluis.com"},"logo":{"@id":"https:\/\/apuntesdesanluis.com\/#\/schema\/person\/image\/"},"sameAs":["https:\/\/apuntesdesanluis.com"],"url":"https:\/\/apuntesdesanluis.com\/index.php\/author\/apuntesdesanluis-com\/"}]}},"featured_image_urls":{"full":["https:\/\/apuntesdesanluis.com\/wp-content\/uploads\/2023\/09\/terminal-de-omnibus-ediro.png",600,374,false],"thumbnail":["https:\/\/apuntesdesanluis.com\/wp-content\/uploads\/2023\/09\/terminal-de-omnibus-ediro-150x150.png",150,150,true],"medium":["https:\/\/apuntesdesanluis.com\/wp-content\/uploads\/2023\/09\/terminal-de-omnibus-ediro-300x187.png",300,187,true],"medium_large":["https:\/\/apuntesdesanluis.com\/wp-content\/uploads\/2023\/09\/terminal-de-omnibus-ediro.png",600,374,false],"large":["https:\/\/apuntesdesanluis.com\/wp-content\/uploads\/2023\/09\/terminal-de-omnibus-ediro.png",600,374,false],"1536x1536":["https:\/\/apuntesdesanluis.com\/wp-content\/uploads\/2023\/09\/terminal-de-omnibus-ediro.png",600,374,false],"2048x2048":["https:\/\/apuntesdesanluis.com\/wp-content\/uploads\/2023\/09\/terminal-de-omnibus-ediro.png",600,374,false],"newsever-slider-full":["https:\/\/apuntesdesanluis.com\/wp-content\/uploads\/2023\/09\/terminal-de-omnibus-ediro.png",600,374,false],"newsever-featured":["https:\/\/apuntesdesanluis.com\/wp-content\/uploads\/2023\/09\/terminal-de-omnibus-ediro.png",600,374,false],"newsever-medium":["https:\/\/apuntesdesanluis.com\/wp-content\/uploads\/2023\/09\/terminal-de-omnibus-ediro.png",600,374,false]},"author_info":{"display_name":"apuntesdesanluis.com","author_link":"https:\/\/apuntesdesanluis.com\/index.php\/author\/apuntesdesanluis-com\/"},"category_info":"<a href=\"https:\/\/apuntesdesanluis.com\/index.php\/category\/ciudad-provincia\/\" rel=\"category tag\">Ciudad\/Provincia<\/a>","tag_info":"Ciudad\/Provincia","comment_count":"0","_links":{"self":[{"href":"https:\/\/apuntesdesanluis.com\/index.php\/wp-json\/wp\/v2\/posts\/3731","targetHints":{"allow":["GET"]}}],"collection":[{"href":"https:\/\/apuntesdesanluis.com\/index.php\/wp-json\/wp\/v2\/posts"}],"about":[{"href":"https:\/\/apuntesdesanluis.com\/index.php\/wp-json\/wp\/v2\/types\/post"}],"author":[{"embeddable":true,"href":"https:\/\/apuntesdesanluis.com\/index.php\/wp-json\/wp\/v2\/users\/1"}],"replies":[{"embeddable":true,"href":"https:\/\/apuntesdesanluis.com\/index.php\/wp-json\/wp\/v2\/comments?post=3731"}],"version-history":[{"count":1,"href":"https:\/\/apuntesdesanluis.com\/index.php\/wp-json\/wp\/v2\/posts\/3731\/revisions"}],"predecessor-version":[{"id":3733,"href":"https:\/\/apuntesdesanluis.com\/index.php\/wp-json\/wp\/v2\/posts\/3731\/revisions\/3733"}],"wp:featuredmedia":[{"embeddable":true,"href":"https:\/\/apuntesdesanluis.com\/index.php\/wp-json\/wp\/v2\/media\/3732"}],"wp:attachment":[{"href":"https:\/\/apuntesdesanluis.com\/index.php\/wp-json\/wp\/v2\/media?parent=3731"}],"wp:term":[{"taxonomy":"category","embeddable":true,"href":"https:\/\/apuntesdesanluis.com\/index.php\/wp-json\/wp\/v2\/categories?post=3731"},{"taxonomy":"post_tag","embeddable":true,"href":"https:\/\/apuntesdesanluis.com\/index.php\/wp-json\/wp\/v2\/tags?post=3731"}],"curies":[{"name":"wp","href":"https:\/\/api.w.org\/{rel}","templated":true}]}}