{"id":3757,"date":"2023-09-21T23:38:40","date_gmt":"2023-09-22T02:38:40","guid":{"rendered":"https:\/\/apuntesdesanluis.com\/?p=3757"},"modified":"2023-09-21T23:38:40","modified_gmt":"2023-09-22T02:38:40","slug":"el-periodismo-esta-de-luto-murio-mario-wainfeld-reconocido-periodista-y-columnista-politico","status":"publish","type":"post","link":"https:\/\/apuntesdesanluis.com\/index.php\/2023\/09\/21\/el-periodismo-esta-de-luto-murio-mario-wainfeld-reconocido-periodista-y-columnista-politico\/","title":{"rendered":"EL PERIODISMO EST\u00c1 DE LUTO: MURI\u00d3 MARIO WAINFELD, RECONOCIDO PERIODISTA Y COLUMNISTA POL\u00cdTICO"},"content":{"rendered":"<h3>Ten\u00eda 74 a\u00f1os y estaba internado en grave estado a ra\u00edz de un infarto. Era un editorialista muy influyente en el \u201cc\u00edrculo rojo\u201d. Alberto Fern\u00e1ndez lo record\u00f3 en un acto: \u201cFue un magn\u00edfico periodista. Honesto, decente. Me critic\u00f3 much\u00edsimas veces y nunca me retir\u00f3 su amistad\u201d, dijo.<\/h3>\n<h3>El mundo del periodismo perdi\u00f3 este jueves a uno de sus m\u00e1s ilustres analistas pol\u00edticos, el columnista del diario P\u00e1gina\/12, <strong>Mario Wainfeld<\/strong>, quien falleci\u00f3 luego de transitar un grave estado de salud a ra\u00edz de un infarto.<\/h3>\n<h3>Nacido en 1948 en Buenos Aires, Wainfeld fue una figura respetada y reconocida tanto en los c\u00edrculos period\u00edsticos como en los acad\u00e9micos. Estuvo al aire hasta el viernes pasado con su programa \u201cGente de a Pie\u201d, que se emite por Radio Nacional. El domingo comenz\u00f3 a sentirse mal y fue a la cl\u00ednica Suizo Argentina de la sede de la avenida Pueyrred\u00f3n. Qued\u00f3 internado con un cuadro de infarto.<\/h3>\n<h3>Anoche, el estado de salud del periodista se complic\u00f3. El parte m\u00e9dico de esta ma\u00f1ana ya era desalentador, indicaron fuentes de la emisora estatal. Muri\u00f3 minutos despu\u00e9s de las 11.<\/h3>\n<h3>Wainfeld se destac\u00f3 no solo por su compromiso con el periodismo sino tambi\u00e9n por su larga trayectoria como abogado egresado de la Universidad de Buenos Aires (UBA). Ejerci\u00f3 la profesi\u00f3n letrada durante m\u00e1s de 25 a\u00f1os como especialista del derecho laboral. Adem\u00e1s, curs\u00f3 estudios de posgrado en ciencias pol\u00edticas y comparti\u00f3 su conocimiento como docente en la UBA, la Universidad Nacional de Lomas de Zamora (UNLZ), San Mart\u00edn (UNSAM) y la Universidad del Salvador (USAL).<\/h3>\n<h3>Pero fue en el \u00e1mbito period\u00edstico donde Wainfeld construy\u00f3 una carrera y se convirti\u00f3 en una voz influyente ante el \u201cc\u00edrculo rojo\u201d de la pol\u00edtica. Ingres\u00f3 al equipo de la revista \u201cUnidos\u201d, fundada por Carlos \u201cChacho\u201d \u00c1lvarez, en sus primeros d\u00edas, y m\u00e1s tarde asumi\u00f3 la direcci\u00f3n de la revista en 1989. Su habilidad para analizar los hechos pol\u00edticos y sociales lo llev\u00f3 a la redacci\u00f3n del diario P\u00e1gina\/12, donde comenz\u00f3 como colaborador y eventualmente se convirti\u00f3 en editor jefe de la secci\u00f3n Pol\u00edtica en el a\u00f1o 1997. Desde ese lugar, form\u00f3 a una importante camada de periodistas y actualmente era columnista en el mismo medio. En 2017, recibi\u00f3 un reconocimiento con el Premio Konex en la categor\u00eda de An\u00e1lisis Pol\u00edtico.<\/h3>\n<h3>Como pluma period\u00edstica, Wainfeld nunca escondi\u00f3 sus simpat\u00edas partidarias y de d\u00f3nde proven\u00eda. El columnista milit\u00f3 en diferentes corrientes del peronismo, incluyendo al Frente Grande. Su inter\u00e9s por la cultura y las artes lo llev\u00f3 un tiempo a la funci\u00f3n p\u00fablica, donde dirigi\u00f3 el \u201cPrograma Cultural de Barrios\u201d de la municipalidad porte\u00f1a y a asesorar a la Secretar\u00eda de Cultura entre 1989 y 1990.<\/h3>\n<h3>Adem\u00e1s de su larga trayectoria en la prensa escrita, Wainfeld supo dejar una huella en la radio y la televisi\u00f3n. Fue columnista pol\u00edtico en el programa radial \u201cEn la vereda\u201d, y posteriormente condujo su propio programa en Radio de la Ciudad, \u201cMario de Palermo\u201d. En Radio Nacional, tuvo a su cargo programas como \u201cEn algo nos parecemos\u201d y \u201cGente de a pie\u201d, su \u00faltimo ciclo en la emisora estatal. Adem\u00e1s, se convirti\u00f3 en un rostro familiar en la televisi\u00f3n donde particip\u00f3 en programas como \u201cEl Destape\u201d y \u201cDuro de Domar\u201d por la se\u00f1al C5N.<\/h3>\n<h3>Wainfeld tambi\u00e9n edit\u00f3 numerosos libros y colabor\u00f3 en vol\u00famenes colectivos. Su obra m\u00e1s destacada, \u201cKirchner, el tipo que supo\u201d (Siglo XXI), se convirti\u00f3 en un texto clave para comprender los doce a\u00f1os de gobiernos de N\u00e9stor y Cristina Kirchner. A\u00f1os despu\u00e9s public\u00f3 \u201cEstallidos argentinos\u201d, un ensayo que analiza diez episodios representativos de la historia reciente que confirman en las que el pueblo argentino \u201csabe rebelarse\u201d en las calles.<\/h3>\n<p><img fetchpriority=\"high\" decoding=\"async\" class=\"wp-image-3760 aligncenter\" src=\"https:\/\/apuntesdesanluis.com\/wp-content\/uploads\/2023\/09\/mario-300x188.png\" alt=\"\" width=\"689\" height=\"432\" srcset=\"https:\/\/apuntesdesanluis.com\/wp-content\/uploads\/2023\/09\/mario-300x188.png 300w, https:\/\/apuntesdesanluis.com\/wp-content\/uploads\/2023\/09\/mario.png 763w\" sizes=\"(max-width: 689px) 100vw, 689px\" \/><\/p>\n<h3>UN MAESTRO DEL OFICIO<\/h3>\n<h3>Desde las redes sociales, quienes trabajaron y reconoc\u00edan el oficio del columnista compartieron su cari\u00f1o y congoja por el fallecimiento del reconocido editorialista. \u201cRadio Nacional lamenta el fallecimiento de Mario Wainfeld, compa\u00f1ero y periodista comprometido con la verdad y la justicia. Su legado ser\u00e1 un faro para nuevas generaciones y para quienes creemos en el poder del periodismo para transformar el mundo. \u00a1Hasta siempre, querido Mario!\u201d, lo despidi\u00f3 la emisora estatal desde su cuenta oficial de redes sociales.<\/h3>\n<h3>\u201cLos trabajadores y trabajadoras de este diario lamentamos su fallecimiento y lo recordaremos con respeto por su oficio, y por su compromiso con los derechos humanos y los valores m\u00e1s altos de la democracia. Saludamos a su familia, compa\u00f1erxs y lectores\u201d, public\u00f3 esta ma\u00f1ana el diario P\u00e1gina\/12 al dar a conocer la noticia.<\/h3>\n<h3>A t\u00edtulo personal, decenas de personalidades de la comunicaci\u00f3n y colegas dejaron su mensaje. \u201cQu\u00e9 golpe tremendo la muerte del querido Mario Wainfeld. Un amigo hermoso. Una p\u00e9rdida dur\u00edsima para el progresismo argentino\u201d, escribi\u00f3 Ra\u00fal \u201cTuny\u201d Kollman, compa\u00f1ero del mismo medio. \u201cMuri\u00f3 don Mario Wainfeld. Un gran periodista y, por encima de todo, una GRAN persona. Descansa en paz\u201d, lament\u00f3 Hugo Alconada Mon, periodista de investigaci\u00f3n del diario La Naci\u00f3n. \u201cAdi\u00f3s mi querido Mario Wainfeld, mi maestro, mi amigo, mi compa\u00f1ero del primer \u201cEl Destape\u201d. La pasamos muy bien juntos. Hoy te lloro. Te voy a extra\u00f1ar siempre\u201d, coment\u00f3 el periodista, conductor y empresario period\u00edstico Roberto Navarro.<\/h3>\n<h3>Dirigentes de la pol\u00edtica le reconocieron su labor. \u201cPeriodista defensor de los Derechos Humanos, comprometido con sus ideas y con los destinos del pa\u00eds y de los hombres y mujeres que habitamos en \u00e9l. Mis condolencias a familiares y amigos de Mario Wainfeld\u201d, lament\u00f3 la vicepresidenta Cristina Kirchner desde su cuenta personal de la red social X (ex Twitter).<\/h3>\n<h3>\u201cCon dolor despedimos a Mario Wainfeld, uno de los grandes periodistas que retrat\u00f3 con honestidad intelectual y compromiso social las grandezas y las miserias de este tiempo. Tan querible como el pasante noruego que tambi\u00e9n nos deja\u201d, comparti\u00f3 el diputado nacional y secretario general de la CTA-T, Hugo Yasky, al recordar una de las ocurrencias y di\u00e1logos ficcionales que usaba el columnista en sus editoriales. \u201cLo extra\u00f1aremos mucho\u201d, lament\u00f3 el ministro de Defensa de la Naci\u00f3n, Jorge Taiana, entre otros funcionarios.<\/h3>\n<h3>La muerte de Wainfeld conmovi\u00f3 al presidente Alberto Fern\u00e1ndez. Visiblemente afectado por la noticia, el mandatario se tom\u00f3 una \u201clicencia\u201d en un acto oficial de reparaci\u00f3n de legajos a v\u00edctimas del terrorismo de Estado del Conicet. Le dedic\u00f3 sus \u00faltimas palabras al periodista, con quien ten\u00eda una relaci\u00f3n personal.<\/h3>\n<p><a href=\"https:\/\/cdn.jwplayer.com\/previews\/ymRHE6Ih\"><img decoding=\"async\" class=\"wp-image-3759 aligncenter\" src=\"https:\/\/apuntesdesanluis.com\/wp-content\/uploads\/2023\/09\/alberto-3-300x218.png\" alt=\"\" width=\"541\" height=\"393\" srcset=\"https:\/\/apuntesdesanluis.com\/wp-content\/uploads\/2023\/09\/alberto-3-300x218.png 300w, https:\/\/apuntesdesanluis.com\/wp-content\/uploads\/2023\/09\/alberto-3.png 652w\" sizes=\"(max-width: 541px) 100vw, 541px\" \/><\/a><\/p>\n<p>&nbsp;<\/p>\n<h3>\u201cEs un momento muy alegre para m\u00ed, pero alguien se acerc\u00f3 y me dio una espantosa noticia. Lo conoc\u00ed cuando estaba en el colegio secundario y yo militaba en la UES (Uni\u00f3n de Estudiantes Secundarios). \u00c9l era uno de los dirigentes de la Juventud Universitaria Peronista (JUP), desde entonces nos une una amistad. Colaboramos en la revista \u201cUnidos\u201d, fuimos muy amigos. En los a\u00f1os de la dictadura se refugi\u00f3 en su condici\u00f3n de abogado laboralista. En la democracia volvi\u00f3 y fue un magn\u00edfico periodista, honesto, decente. Me critic\u00f3 much\u00edsimas veces y nunca me retir\u00f3 su amistad. Se acaba de morir Mario Wainfeld y por \u00e9l, pido un enorme aplauso\u201d, lament\u00f3 el Presidente ante un auditorio que lo acompa\u00f1\u00f3.<\/h3>\n","protected":false},"excerpt":{"rendered":"<p>Ten\u00eda 74 a\u00f1os y estaba internado en grave estado a ra\u00edz de un infarto. Era&#8230;<\/p>\n","protected":false},"author":1,"featured_media":3761,"comment_status":"closed","ping_status":"closed","sticky":false,"template":"","format":"standard","meta":{"footnotes":""},"categories":[5],"tags":[],"class_list":["post-3757","post","type-post","status-publish","format-standard","has-post-thumbnail","hentry","category-nacionales-internacionales"],"yoast_head":"<!-- This site is optimized with the Yoast SEO plugin v26.1.1 - https:\/\/yoast.com\/wordpress\/plugins\/seo\/ -->\n<title>EL PERIODISMO EST\u00c1 DE LUTO: MURI\u00d3 MARIO WAINFELD, RECONOCIDO PERIODISTA Y COLUMNISTA POL\u00cdTICO - Apuntes de San Luis<\/title>\n<meta name=\"robots\" content=\"index, follow, max-snippet:-1, max-image-preview:large, max-video-preview:-1\" \/>\n<link rel=\"canonical\" href=\"https:\/\/apuntesdesanluis.com\/index.php\/2023\/09\/21\/el-periodismo-esta-de-luto-murio-mario-wainfeld-reconocido-periodista-y-columnista-politico\/\" \/>\n<meta property=\"og:locale\" content=\"es_ES\" \/>\n<meta property=\"og:type\" content=\"article\" \/>\n<meta property=\"og:title\" content=\"EL PERIODISMO EST\u00c1 DE LUTO: MURI\u00d3 MARIO WAINFELD, RECONOCIDO PERIODISTA Y COLUMNISTA POL\u00cdTICO - Apuntes de San Luis\" \/>\n<meta property=\"og:description\" content=\"Ten\u00eda 74 a\u00f1os y estaba internado en grave estado a ra\u00edz de un infarto. Era...\" \/>\n<meta property=\"og:url\" content=\"https:\/\/apuntesdesanluis.com\/index.php\/2023\/09\/21\/el-periodismo-esta-de-luto-murio-mario-wainfeld-reconocido-periodista-y-columnista-politico\/\" \/>\n<meta property=\"og:site_name\" content=\"Apuntes de San Luis\" \/>\n<meta property=\"article:published_time\" content=\"2023-09-22T02:38:40+00:00\" \/>\n<meta property=\"og:image\" content=\"https:\/\/apuntesdesanluis.com\/wp-content\/uploads\/2023\/09\/mario-wainfeld.png\" \/>\n\t<meta property=\"og:image:width\" content=\"679\" \/>\n\t<meta property=\"og:image:height\" content=\"413\" \/>\n\t<meta property=\"og:image:type\" content=\"image\/png\" \/>\n<meta name=\"author\" content=\"apuntesdesanluis.com\" \/>\n<meta name=\"twitter:card\" content=\"summary_large_image\" \/>\n<meta name=\"twitter:label1\" content=\"Escrito por\" \/>\n\t<meta name=\"twitter:data1\" content=\"apuntesdesanluis.com\" \/>\n\t<meta name=\"twitter:label2\" content=\"Tiempo de lectura\" \/>\n\t<meta name=\"twitter:data2\" content=\"6 minutos\" \/>\n<script type=\"application\/ld+json\" class=\"yoast-schema-graph\">{\"@context\":\"https:\/\/schema.org\",\"@graph\":[{\"@type\":\"Article\",\"@id\":\"https:\/\/apuntesdesanluis.com\/index.php\/2023\/09\/21\/el-periodismo-esta-de-luto-murio-mario-wainfeld-reconocido-periodista-y-columnista-politico\/#article\",\"isPartOf\":{\"@id\":\"https:\/\/apuntesdesanluis.com\/index.php\/2023\/09\/21\/el-periodismo-esta-de-luto-murio-mario-wainfeld-reconocido-periodista-y-columnista-politico\/\"},\"author\":{\"name\":\"apuntesdesanluis.com\",\"@id\":\"https:\/\/apuntesdesanluis.com\/#\/schema\/person\/b55151d52296fcce64d1a72538a70b90\"},\"headline\":\"EL PERIODISMO EST\u00c1 DE LUTO: MURI\u00d3 MARIO WAINFELD, RECONOCIDO PERIODISTA Y COLUMNISTA POL\u00cdTICO\",\"datePublished\":\"2023-09-22T02:38:40+00:00\",\"mainEntityOfPage\":{\"@id\":\"https:\/\/apuntesdesanluis.com\/index.php\/2023\/09\/21\/el-periodismo-esta-de-luto-murio-mario-wainfeld-reconocido-periodista-y-columnista-politico\/\"},\"wordCount\":1259,\"publisher\":{\"@id\":\"https:\/\/apuntesdesanluis.com\/#\/schema\/person\/b55151d52296fcce64d1a72538a70b90\"},\"image\":{\"@id\":\"https:\/\/apuntesdesanluis.com\/index.php\/2023\/09\/21\/el-periodismo-esta-de-luto-murio-mario-wainfeld-reconocido-periodista-y-columnista-politico\/#primaryimage\"},\"thumbnailUrl\":\"https:\/\/apuntesdesanluis.com\/wp-content\/uploads\/2023\/09\/mario-wainfeld.png\",\"articleSection\":[\"Nacionales\/Internacionales\"],\"inLanguage\":\"es-AR\"},{\"@type\":\"WebPage\",\"@id\":\"https:\/\/apuntesdesanluis.com\/index.php\/2023\/09\/21\/el-periodismo-esta-de-luto-murio-mario-wainfeld-reconocido-periodista-y-columnista-politico\/\",\"url\":\"https:\/\/apuntesdesanluis.com\/index.php\/2023\/09\/21\/el-periodismo-esta-de-luto-murio-mario-wainfeld-reconocido-periodista-y-columnista-politico\/\",\"name\":\"EL PERIODISMO EST\u00c1 DE LUTO: MURI\u00d3 MARIO WAINFELD, RECONOCIDO PERIODISTA Y COLUMNISTA POL\u00cdTICO - Apuntes de San Luis\",\"isPartOf\":{\"@id\":\"https:\/\/apuntesdesanluis.com\/#website\"},\"primaryImageOfPage\":{\"@id\":\"https:\/\/apuntesdesanluis.com\/index.php\/2023\/09\/21\/el-periodismo-esta-de-luto-murio-mario-wainfeld-reconocido-periodista-y-columnista-politico\/#primaryimage\"},\"image\":{\"@id\":\"https:\/\/apuntesdesanluis.com\/index.php\/2023\/09\/21\/el-periodismo-esta-de-luto-murio-mario-wainfeld-reconocido-periodista-y-columnista-politico\/#primaryimage\"},\"thumbnailUrl\":\"https:\/\/apuntesdesanluis.com\/wp-content\/uploads\/2023\/09\/mario-wainfeld.png\",\"datePublished\":\"2023-09-22T02:38:40+00:00\",\"breadcrumb\":{\"@id\":\"https:\/\/apuntesdesanluis.com\/index.php\/2023\/09\/21\/el-periodismo-esta-de-luto-murio-mario-wainfeld-reconocido-periodista-y-columnista-politico\/#breadcrumb\"},\"inLanguage\":\"es-AR\",\"potentialAction\":[{\"@type\":\"ReadAction\",\"target\":[\"https:\/\/apuntesdesanluis.com\/index.php\/2023\/09\/21\/el-periodismo-esta-de-luto-murio-mario-wainfeld-reconocido-periodista-y-columnista-politico\/\"]}]},{\"@type\":\"ImageObject\",\"inLanguage\":\"es-AR\",\"@id\":\"https:\/\/apuntesdesanluis.com\/index.php\/2023\/09\/21\/el-periodismo-esta-de-luto-murio-mario-wainfeld-reconocido-periodista-y-columnista-politico\/#primaryimage\",\"url\":\"https:\/\/apuntesdesanluis.com\/wp-content\/uploads\/2023\/09\/mario-wainfeld.png\",\"contentUrl\":\"https:\/\/apuntesdesanluis.com\/wp-content\/uploads\/2023\/09\/mario-wainfeld.png\",\"width\":679,\"height\":413},{\"@type\":\"BreadcrumbList\",\"@id\":\"https:\/\/apuntesdesanluis.com\/index.php\/2023\/09\/21\/el-periodismo-esta-de-luto-murio-mario-wainfeld-reconocido-periodista-y-columnista-politico\/#breadcrumb\",\"itemListElement\":[{\"@type\":\"ListItem\",\"position\":1,\"name\":\"Inicio\",\"item\":\"https:\/\/apuntesdesanluis.com\/\"},{\"@type\":\"ListItem\",\"position\":2,\"name\":\"EL PERIODISMO EST\u00c1 DE LUTO: MURI\u00d3 MARIO WAINFELD, RECONOCIDO PERIODISTA Y COLUMNISTA POL\u00cdTICO\"}]},{\"@type\":\"WebSite\",\"@id\":\"https:\/\/apuntesdesanluis.com\/#website\",\"url\":\"https:\/\/apuntesdesanluis.com\/\",\"name\":\"Apuntes de San Luis\",\"description\":\"\",\"publisher\":{\"@id\":\"https:\/\/apuntesdesanluis.com\/#\/schema\/person\/b55151d52296fcce64d1a72538a70b90\"},\"potentialAction\":[{\"@type\":\"SearchAction\",\"target\":{\"@type\":\"EntryPoint\",\"urlTemplate\":\"https:\/\/apuntesdesanluis.com\/?s={search_term_string}\"},\"query-input\":{\"@type\":\"PropertyValueSpecification\",\"valueRequired\":true,\"valueName\":\"search_term_string\"}}],\"inLanguage\":\"es-AR\"},{\"@type\":[\"Person\",\"Organization\"],\"@id\":\"https:\/\/apuntesdesanluis.com\/#\/schema\/person\/b55151d52296fcce64d1a72538a70b90\",\"name\":\"apuntesdesanluis.com\",\"image\":{\"@type\":\"ImageObject\",\"inLanguage\":\"es-AR\",\"@id\":\"https:\/\/apuntesdesanluis.com\/#\/schema\/person\/image\/\",\"url\":\"https:\/\/apuntesdesanluis.com\/wp-content\/uploads\/2023\/07\/cropped-apuntesdesanluis.png\",\"contentUrl\":\"https:\/\/apuntesdesanluis.com\/wp-content\/uploads\/2023\/07\/cropped-apuntesdesanluis.png\",\"width\":450,\"height\":112,\"caption\":\"apuntesdesanluis.com\"},\"logo\":{\"@id\":\"https:\/\/apuntesdesanluis.com\/#\/schema\/person\/image\/\"},\"sameAs\":[\"https:\/\/apuntesdesanluis.com\"],\"url\":\"https:\/\/apuntesdesanluis.com\/index.php\/author\/apuntesdesanluis-com\/\"}]}<\/script>\n<!-- \/ Yoast SEO plugin. -->","yoast_head_json":{"title":"EL PERIODISMO EST\u00c1 DE LUTO: MURI\u00d3 MARIO WAINFELD, RECONOCIDO PERIODISTA Y COLUMNISTA POL\u00cdTICO - Apuntes de San Luis","robots":{"index":"index","follow":"follow","max-snippet":"max-snippet:-1","max-image-preview":"max-image-preview:large","max-video-preview":"max-video-preview:-1"},"canonical":"https:\/\/apuntesdesanluis.com\/index.php\/2023\/09\/21\/el-periodismo-esta-de-luto-murio-mario-wainfeld-reconocido-periodista-y-columnista-politico\/","og_locale":"es_ES","og_type":"article","og_title":"EL PERIODISMO EST\u00c1 DE LUTO: MURI\u00d3 MARIO WAINFELD, RECONOCIDO PERIODISTA Y COLUMNISTA POL\u00cdTICO - Apuntes de San Luis","og_description":"Ten\u00eda 74 a\u00f1os y estaba internado en grave estado a ra\u00edz de un infarto. Era...","og_url":"https:\/\/apuntesdesanluis.com\/index.php\/2023\/09\/21\/el-periodismo-esta-de-luto-murio-mario-wainfeld-reconocido-periodista-y-columnista-politico\/","og_site_name":"Apuntes de San Luis","article_published_time":"2023-09-22T02:38:40+00:00","og_image":[{"width":679,"height":413,"url":"https:\/\/apuntesdesanluis.com\/wp-content\/uploads\/2023\/09\/mario-wainfeld.png","type":"image\/png"}],"author":"apuntesdesanluis.com","twitter_card":"summary_large_image","twitter_misc":{"Escrito por":"apuntesdesanluis.com","Tiempo de lectura":"6 minutos"},"schema":{"@context":"https:\/\/schema.org","@graph":[{"@type":"Article","@id":"https:\/\/apuntesdesanluis.com\/index.php\/2023\/09\/21\/el-periodismo-esta-de-luto-murio-mario-wainfeld-reconocido-periodista-y-columnista-politico\/#article","isPartOf":{"@id":"https:\/\/apuntesdesanluis.com\/index.php\/2023\/09\/21\/el-periodismo-esta-de-luto-murio-mario-wainfeld-reconocido-periodista-y-columnista-politico\/"},"author":{"name":"apuntesdesanluis.com","@id":"https:\/\/apuntesdesanluis.com\/#\/schema\/person\/b55151d52296fcce64d1a72538a70b90"},"headline":"EL PERIODISMO EST\u00c1 DE LUTO: MURI\u00d3 MARIO WAINFELD, RECONOCIDO PERIODISTA Y COLUMNISTA POL\u00cdTICO","datePublished":"2023-09-22T02:38:40+00:00","mainEntityOfPage":{"@id":"https:\/\/apuntesdesanluis.com\/index.php\/2023\/09\/21\/el-periodismo-esta-de-luto-murio-mario-wainfeld-reconocido-periodista-y-columnista-politico\/"},"wordCount":1259,"publisher":{"@id":"https:\/\/apuntesdesanluis.com\/#\/schema\/person\/b55151d52296fcce64d1a72538a70b90"},"image":{"@id":"https:\/\/apuntesdesanluis.com\/index.php\/2023\/09\/21\/el-periodismo-esta-de-luto-murio-mario-wainfeld-reconocido-periodista-y-columnista-politico\/#primaryimage"},"thumbnailUrl":"https:\/\/apuntesdesanluis.com\/wp-content\/uploads\/2023\/09\/mario-wainfeld.png","articleSection":["Nacionales\/Internacionales"],"inLanguage":"es-AR"},{"@type":"WebPage","@id":"https:\/\/apuntesdesanluis.com\/index.php\/2023\/09\/21\/el-periodismo-esta-de-luto-murio-mario-wainfeld-reconocido-periodista-y-columnista-politico\/","url":"https:\/\/apuntesdesanluis.com\/index.php\/2023\/09\/21\/el-periodismo-esta-de-luto-murio-mario-wainfeld-reconocido-periodista-y-columnista-politico\/","name":"EL PERIODISMO EST\u00c1 DE LUTO: MURI\u00d3 MARIO WAINFELD, RECONOCIDO PERIODISTA Y COLUMNISTA POL\u00cdTICO - Apuntes de San Luis","isPartOf":{"@id":"https:\/\/apuntesdesanluis.com\/#website"},"primaryImageOfPage":{"@id":"https:\/\/apuntesdesanluis.com\/index.php\/2023\/09\/21\/el-periodismo-esta-de-luto-murio-mario-wainfeld-reconocido-periodista-y-columnista-politico\/#primaryimage"},"image":{"@id":"https:\/\/apuntesdesanluis.com\/index.php\/2023\/09\/21\/el-periodismo-esta-de-luto-murio-mario-wainfeld-reconocido-periodista-y-columnista-politico\/#primaryimage"},"thumbnailUrl":"https:\/\/apuntesdesanluis.com\/wp-content\/uploads\/2023\/09\/mario-wainfeld.png","datePublished":"2023-09-22T02:38:40+00:00","breadcrumb":{"@id":"https:\/\/apuntesdesanluis.com\/index.php\/2023\/09\/21\/el-periodismo-esta-de-luto-murio-mario-wainfeld-reconocido-periodista-y-columnista-politico\/#breadcrumb"},"inLanguage":"es-AR","potentialAction":[{"@type":"ReadAction","target":["https:\/\/apuntesdesanluis.com\/index.php\/2023\/09\/21\/el-periodismo-esta-de-luto-murio-mario-wainfeld-reconocido-periodista-y-columnista-politico\/"]}]},{"@type":"ImageObject","inLanguage":"es-AR","@id":"https:\/\/apuntesdesanluis.com\/index.php\/2023\/09\/21\/el-periodismo-esta-de-luto-murio-mario-wainfeld-reconocido-periodista-y-columnista-politico\/#primaryimage","url":"https:\/\/apuntesdesanluis.com\/wp-content\/uploads\/2023\/09\/mario-wainfeld.png","contentUrl":"https:\/\/apuntesdesanluis.com\/wp-content\/uploads\/2023\/09\/mario-wainfeld.png","width":679,"height":413},{"@type":"BreadcrumbList","@id":"https:\/\/apuntesdesanluis.com\/index.php\/2023\/09\/21\/el-periodismo-esta-de-luto-murio-mario-wainfeld-reconocido-periodista-y-columnista-politico\/#breadcrumb","itemListElement":[{"@type":"ListItem","position":1,"name":"Inicio","item":"https:\/\/apuntesdesanluis.com\/"},{"@type":"ListItem","position":2,"name":"EL PERIODISMO EST\u00c1 DE LUTO: MURI\u00d3 MARIO WAINFELD, RECONOCIDO PERIODISTA Y COLUMNISTA POL\u00cdTICO"}]},{"@type":"WebSite","@id":"https:\/\/apuntesdesanluis.com\/#website","url":"https:\/\/apuntesdesanluis.com\/","name":"Apuntes de San Luis","description":"","publisher":{"@id":"https:\/\/apuntesdesanluis.com\/#\/schema\/person\/b55151d52296fcce64d1a72538a70b90"},"potentialAction":[{"@type":"SearchAction","target":{"@type":"EntryPoint","urlTemplate":"https:\/\/apuntesdesanluis.com\/?s={search_term_string}"},"query-input":{"@type":"PropertyValueSpecification","valueRequired":true,"valueName":"search_term_string"}}],"inLanguage":"es-AR"},{"@type":["Person","Organization"],"@id":"https:\/\/apuntesdesanluis.com\/#\/schema\/person\/b55151d52296fcce64d1a72538a70b90","name":"apuntesdesanluis.com","image":{"@type":"ImageObject","inLanguage":"es-AR","@id":"https:\/\/apuntesdesanluis.com\/#\/schema\/person\/image\/","url":"https:\/\/apuntesdesanluis.com\/wp-content\/uploads\/2023\/07\/cropped-apuntesdesanluis.png","contentUrl":"https:\/\/apuntesdesanluis.com\/wp-content\/uploads\/2023\/07\/cropped-apuntesdesanluis.png","width":450,"height":112,"caption":"apuntesdesanluis.com"},"logo":{"@id":"https:\/\/apuntesdesanluis.com\/#\/schema\/person\/image\/"},"sameAs":["https:\/\/apuntesdesanluis.com"],"url":"https:\/\/apuntesdesanluis.com\/index.php\/author\/apuntesdesanluis-com\/"}]}},"featured_image_urls":{"full":["https:\/\/apuntesdesanluis.com\/wp-content\/uploads\/2023\/09\/mario-wainfeld.png",679,413,false],"thumbnail":["https:\/\/apuntesdesanluis.com\/wp-content\/uploads\/2023\/09\/mario-wainfeld-150x150.png",150,150,true],"medium":["https:\/\/apuntesdesanluis.com\/wp-content\/uploads\/2023\/09\/mario-wainfeld-300x182.png",300,182,true],"medium_large":["https:\/\/apuntesdesanluis.com\/wp-content\/uploads\/2023\/09\/mario-wainfeld.png",640,389,false],"large":["https:\/\/apuntesdesanluis.com\/wp-content\/uploads\/2023\/09\/mario-wainfeld.png",640,389,false],"1536x1536":["https:\/\/apuntesdesanluis.com\/wp-content\/uploads\/2023\/09\/mario-wainfeld.png",679,413,false],"2048x2048":["https:\/\/apuntesdesanluis.com\/wp-content\/uploads\/2023\/09\/mario-wainfeld.png",679,413,false],"newsever-slider-full":["https:\/\/apuntesdesanluis.com\/wp-content\/uploads\/2023\/09\/mario-wainfeld.png",679,413,false],"newsever-featured":["https:\/\/apuntesdesanluis.com\/wp-content\/uploads\/2023\/09\/mario-wainfeld.png",679,413,false],"newsever-medium":["https:\/\/apuntesdesanluis.com\/wp-content\/uploads\/2023\/09\/mario-wainfeld.png",679,413,false]},"author_info":{"display_name":"apuntesdesanluis.com","author_link":"https:\/\/apuntesdesanluis.com\/index.php\/author\/apuntesdesanluis-com\/"},"category_info":"<a href=\"https:\/\/apuntesdesanluis.com\/index.php\/category\/nacionales-internacionales\/\" rel=\"category tag\">Nacionales\/Internacionales<\/a>","tag_info":"Nacionales\/Internacionales","comment_count":"0","_links":{"self":[{"href":"https:\/\/apuntesdesanluis.com\/index.php\/wp-json\/wp\/v2\/posts\/3757","targetHints":{"allow":["GET"]}}],"collection":[{"href":"https:\/\/apuntesdesanluis.com\/index.php\/wp-json\/wp\/v2\/posts"}],"about":[{"href":"https:\/\/apuntesdesanluis.com\/index.php\/wp-json\/wp\/v2\/types\/post"}],"author":[{"embeddable":true,"href":"https:\/\/apuntesdesanluis.com\/index.php\/wp-json\/wp\/v2\/users\/1"}],"replies":[{"embeddable":true,"href":"https:\/\/apuntesdesanluis.com\/index.php\/wp-json\/wp\/v2\/comments?post=3757"}],"version-history":[{"count":1,"href":"https:\/\/apuntesdesanluis.com\/index.php\/wp-json\/wp\/v2\/posts\/3757\/revisions"}],"predecessor-version":[{"id":3762,"href":"https:\/\/apuntesdesanluis.com\/index.php\/wp-json\/wp\/v2\/posts\/3757\/revisions\/3762"}],"wp:featuredmedia":[{"embeddable":true,"href":"https:\/\/apuntesdesanluis.com\/index.php\/wp-json\/wp\/v2\/media\/3761"}],"wp:attachment":[{"href":"https:\/\/apuntesdesanluis.com\/index.php\/wp-json\/wp\/v2\/media?parent=3757"}],"wp:term":[{"taxonomy":"category","embeddable":true,"href":"https:\/\/apuntesdesanluis.com\/index.php\/wp-json\/wp\/v2\/categories?post=3757"},{"taxonomy":"post_tag","embeddable":true,"href":"https:\/\/apuntesdesanluis.com\/index.php\/wp-json\/wp\/v2\/tags?post=3757"}],"curies":[{"name":"wp","href":"https:\/\/api.w.org\/{rel}","templated":true}]}}