{"id":3763,"date":"2023-09-22T00:32:31","date_gmt":"2023-09-22T03:32:31","guid":{"rendered":"https:\/\/apuntesdesanluis.com\/?p=3763"},"modified":"2023-09-22T00:32:31","modified_gmt":"2023-09-22T03:32:31","slug":"los-estudiantes-coparon-el-predio-de-el-lago-para-festejar-su-dia","status":"publish","type":"post","link":"https:\/\/apuntesdesanluis.com\/index.php\/2023\/09\/22\/los-estudiantes-coparon-el-predio-de-el-lago-para-festejar-su-dia\/","title":{"rendered":"LOS ESTUDIANTES COPARON  EL PREDIO DE \u201cEL LAGO\u201d PARA FESTEJAR SU DIA"},"content":{"rendered":"<h3 class=\"yiv7409174924ydp6329976emsonormal\" style=\"text-align: justify; background: white;\"><span style=\"font-family: 'Arial','sans-serif'; color: #1d2228;\">La Intendencia acompa\u00f1\u00f3 el mega encuentro juvenil, disponiendo una serie de actividades en conjunto con la Secretar\u00eda de Juventudes y otras reparticiones del Gobierno provincial, con el objetivo de que la tarde se viviera con un clima de fiesta y armon\u00eda.<\/span><\/h3>\n<h3 class=\"yiv7409174924ydp6329976emsonormal\" style=\"text-align: justify; background: white;\"><span style=\"font-family: 'Arial','sans-serif'; color: #1d2228;\">El cronograma previsto ten\u00eda hora de inicio las 15:00 hasta las 19:00, pero los chicos llegaron antes y tambi\u00e9n comenzaron a retirarse m\u00e1s tarde, pues la otra protagonista de la fecha, la primavera, no pudo tener mejor jornada haci\u00e9ndole honor al clima. De hecho, no pocos grupos de amigos arribaron a la ma\u00f1ana para asegurarse los asadores y all\u00ed disfrutar del almuerzo.<\/span><\/h3>\n<p><img fetchpriority=\"high\" decoding=\"async\" class=\"wp-image-3765 aligncenter\" src=\"https:\/\/apuntesdesanluis.com\/wp-content\/uploads\/2023\/09\/estudiantes-muchos-300x176.png\" alt=\"\" width=\"678\" height=\"398\" srcset=\"https:\/\/apuntesdesanluis.com\/wp-content\/uploads\/2023\/09\/estudiantes-muchos-300x176.png 300w, https:\/\/apuntesdesanluis.com\/wp-content\/uploads\/2023\/09\/estudiantes-muchos.png 600w\" sizes=\"(max-width: 678px) 100vw, 678px\" \/><\/p>\n<h3 class=\"yiv7409174924ydp6329976emsonormal\" style=\"text-align: justify; background: white;\"><span style=\"font-family: 'Arial','sans-serif'; color: #1d2228;\">Durante toda la tarde, los campos de juego estuvieron colmados, mientras que en otro sector los artesanos montaron su feria y tambi\u00e9n hubo puntos de hidrataci\u00f3n.<\/span><\/h3>\n<h3 class=\"yiv7409174924ydp6329976emsonormal\" style=\"text-align: justify; background: white;\"><span style=\"font-family: 'Arial','sans-serif'; color: #1d2228;\">En un enorme escenario dispuesto en el lateral norte, fueron brindando su show DJ Nico Garrido, las coreograf\u00edas de Star Dance, De VM para el Mundo, Sin Causa, UnoxUno y un cierre con La Sabrosona y su repertorio de cumbia.<\/span><\/h3>\n<h3 class=\"yiv7409174924ydp6329976emsonormal\" style=\"text-align: justify; background: white;\"><span style=\"font-family: 'Arial','sans-serif'; color: #1d2228;\">Otro 21 de septiembre en el que Villa Mercedes vio brillar el divino tesoro de su juventud.<\/span><\/h3>\n<p><img decoding=\"async\" class=\"wp-image-3766 aligncenter\" src=\"https:\/\/apuntesdesanluis.com\/wp-content\/uploads\/2023\/09\/estudiantes-1-300x189.png\" alt=\"\" width=\"675\" height=\"425\" srcset=\"https:\/\/apuntesdesanluis.com\/wp-content\/uploads\/2023\/09\/estudiantes-1-300x189.png 300w, https:\/\/apuntesdesanluis.com\/wp-content\/uploads\/2023\/09\/estudiantes-1.png 600w\" sizes=\"(max-width: 675px) 100vw, 675px\" \/><\/p>\n","protected":false},"excerpt":{"rendered":"<p>La Intendencia acompa\u00f1\u00f3 el mega encuentro juvenil, disponiendo una serie de actividades en conjunto con&#8230;<\/p>\n","protected":false},"author":1,"featured_media":3764,"comment_status":"closed","ping_status":"closed","sticky":false,"template":"","format":"standard","meta":{"footnotes":""},"categories":[6],"tags":[],"class_list":["post-3763","post","type-post","status-publish","format-standard","has-post-thumbnail","hentry","category-ciudad-provincia"],"yoast_head":"<!-- This site is optimized with the Yoast SEO plugin v26.1.1 - https:\/\/yoast.com\/wordpress\/plugins\/seo\/ -->\n<title>LOS ESTUDIANTES COPARON EL PREDIO DE \u201cEL LAGO\u201d PARA FESTEJAR SU DIA - Apuntes de San Luis<\/title>\n<meta name=\"robots\" content=\"index, follow, max-snippet:-1, max-image-preview:large, max-video-preview:-1\" \/>\n<link rel=\"canonical\" href=\"https:\/\/apuntesdesanluis.com\/index.php\/2023\/09\/22\/los-estudiantes-coparon-el-predio-de-el-lago-para-festejar-su-dia\/\" \/>\n<meta property=\"og:locale\" content=\"es_ES\" \/>\n<meta property=\"og:type\" content=\"article\" \/>\n<meta property=\"og:title\" content=\"LOS ESTUDIANTES COPARON EL PREDIO DE \u201cEL LAGO\u201d PARA FESTEJAR SU DIA - Apuntes de San Luis\" \/>\n<meta property=\"og:description\" content=\"La Intendencia acompa\u00f1\u00f3 el mega encuentro juvenil, disponiendo una serie de actividades en conjunto con...\" \/>\n<meta property=\"og:url\" content=\"https:\/\/apuntesdesanluis.com\/index.php\/2023\/09\/22\/los-estudiantes-coparon-el-predio-de-el-lago-para-festejar-su-dia\/\" \/>\n<meta property=\"og:site_name\" content=\"Apuntes de San Luis\" \/>\n<meta property=\"article:published_time\" content=\"2023-09-22T03:32:31+00:00\" \/>\n<meta property=\"og:image\" content=\"https:\/\/apuntesdesanluis.com\/wp-content\/uploads\/2023\/09\/estudiantes-tapa.png\" \/>\n\t<meta property=\"og:image:width\" content=\"600\" \/>\n\t<meta property=\"og:image:height\" content=\"361\" \/>\n\t<meta property=\"og:image:type\" content=\"image\/png\" \/>\n<meta name=\"author\" content=\"apuntesdesanluis.com\" \/>\n<meta name=\"twitter:card\" content=\"summary_large_image\" \/>\n<meta name=\"twitter:label1\" content=\"Escrito por\" \/>\n\t<meta name=\"twitter:data1\" content=\"apuntesdesanluis.com\" \/>\n\t<meta name=\"twitter:label2\" content=\"Tiempo de lectura\" \/>\n\t<meta name=\"twitter:data2\" content=\"2 minutos\" \/>\n<script type=\"application\/ld+json\" class=\"yoast-schema-graph\">{\"@context\":\"https:\/\/schema.org\",\"@graph\":[{\"@type\":\"Article\",\"@id\":\"https:\/\/apuntesdesanluis.com\/index.php\/2023\/09\/22\/los-estudiantes-coparon-el-predio-de-el-lago-para-festejar-su-dia\/#article\",\"isPartOf\":{\"@id\":\"https:\/\/apuntesdesanluis.com\/index.php\/2023\/09\/22\/los-estudiantes-coparon-el-predio-de-el-lago-para-festejar-su-dia\/\"},\"author\":{\"name\":\"apuntesdesanluis.com\",\"@id\":\"https:\/\/apuntesdesanluis.com\/#\/schema\/person\/b55151d52296fcce64d1a72538a70b90\"},\"headline\":\"LOS ESTUDIANTES COPARON EL PREDIO DE \u201cEL LAGO\u201d PARA FESTEJAR SU DIA\",\"datePublished\":\"2023-09-22T03:32:31+00:00\",\"mainEntityOfPage\":{\"@id\":\"https:\/\/apuntesdesanluis.com\/index.php\/2023\/09\/22\/los-estudiantes-coparon-el-predio-de-el-lago-para-festejar-su-dia\/\"},\"wordCount\":205,\"publisher\":{\"@id\":\"https:\/\/apuntesdesanluis.com\/#\/schema\/person\/b55151d52296fcce64d1a72538a70b90\"},\"image\":{\"@id\":\"https:\/\/apuntesdesanluis.com\/index.php\/2023\/09\/22\/los-estudiantes-coparon-el-predio-de-el-lago-para-festejar-su-dia\/#primaryimage\"},\"thumbnailUrl\":\"https:\/\/apuntesdesanluis.com\/wp-content\/uploads\/2023\/09\/estudiantes-tapa.png\",\"articleSection\":[\"Ciudad\/Provincia\"],\"inLanguage\":\"es-AR\"},{\"@type\":\"WebPage\",\"@id\":\"https:\/\/apuntesdesanluis.com\/index.php\/2023\/09\/22\/los-estudiantes-coparon-el-predio-de-el-lago-para-festejar-su-dia\/\",\"url\":\"https:\/\/apuntesdesanluis.com\/index.php\/2023\/09\/22\/los-estudiantes-coparon-el-predio-de-el-lago-para-festejar-su-dia\/\",\"name\":\"LOS ESTUDIANTES COPARON EL PREDIO DE \u201cEL LAGO\u201d PARA FESTEJAR SU DIA - Apuntes de San Luis\",\"isPartOf\":{\"@id\":\"https:\/\/apuntesdesanluis.com\/#website\"},\"primaryImageOfPage\":{\"@id\":\"https:\/\/apuntesdesanluis.com\/index.php\/2023\/09\/22\/los-estudiantes-coparon-el-predio-de-el-lago-para-festejar-su-dia\/#primaryimage\"},\"image\":{\"@id\":\"https:\/\/apuntesdesanluis.com\/index.php\/2023\/09\/22\/los-estudiantes-coparon-el-predio-de-el-lago-para-festejar-su-dia\/#primaryimage\"},\"thumbnailUrl\":\"https:\/\/apuntesdesanluis.com\/wp-content\/uploads\/2023\/09\/estudiantes-tapa.png\",\"datePublished\":\"2023-09-22T03:32:31+00:00\",\"breadcrumb\":{\"@id\":\"https:\/\/apuntesdesanluis.com\/index.php\/2023\/09\/22\/los-estudiantes-coparon-el-predio-de-el-lago-para-festejar-su-dia\/#breadcrumb\"},\"inLanguage\":\"es-AR\",\"potentialAction\":[{\"@type\":\"ReadAction\",\"target\":[\"https:\/\/apuntesdesanluis.com\/index.php\/2023\/09\/22\/los-estudiantes-coparon-el-predio-de-el-lago-para-festejar-su-dia\/\"]}]},{\"@type\":\"ImageObject\",\"inLanguage\":\"es-AR\",\"@id\":\"https:\/\/apuntesdesanluis.com\/index.php\/2023\/09\/22\/los-estudiantes-coparon-el-predio-de-el-lago-para-festejar-su-dia\/#primaryimage\",\"url\":\"https:\/\/apuntesdesanluis.com\/wp-content\/uploads\/2023\/09\/estudiantes-tapa.png\",\"contentUrl\":\"https:\/\/apuntesdesanluis.com\/wp-content\/uploads\/2023\/09\/estudiantes-tapa.png\",\"width\":600,\"height\":361},{\"@type\":\"BreadcrumbList\",\"@id\":\"https:\/\/apuntesdesanluis.com\/index.php\/2023\/09\/22\/los-estudiantes-coparon-el-predio-de-el-lago-para-festejar-su-dia\/#breadcrumb\",\"itemListElement\":[{\"@type\":\"ListItem\",\"position\":1,\"name\":\"Inicio\",\"item\":\"https:\/\/apuntesdesanluis.com\/\"},{\"@type\":\"ListItem\",\"position\":2,\"name\":\"LOS ESTUDIANTES COPARON EL PREDIO DE \u201cEL LAGO\u201d PARA FESTEJAR SU DIA\"}]},{\"@type\":\"WebSite\",\"@id\":\"https:\/\/apuntesdesanluis.com\/#website\",\"url\":\"https:\/\/apuntesdesanluis.com\/\",\"name\":\"Apuntes de San Luis\",\"description\":\"\",\"publisher\":{\"@id\":\"https:\/\/apuntesdesanluis.com\/#\/schema\/person\/b55151d52296fcce64d1a72538a70b90\"},\"potentialAction\":[{\"@type\":\"SearchAction\",\"target\":{\"@type\":\"EntryPoint\",\"urlTemplate\":\"https:\/\/apuntesdesanluis.com\/?s={search_term_string}\"},\"query-input\":{\"@type\":\"PropertyValueSpecification\",\"valueRequired\":true,\"valueName\":\"search_term_string\"}}],\"inLanguage\":\"es-AR\"},{\"@type\":[\"Person\",\"Organization\"],\"@id\":\"https:\/\/apuntesdesanluis.com\/#\/schema\/person\/b55151d52296fcce64d1a72538a70b90\",\"name\":\"apuntesdesanluis.com\",\"image\":{\"@type\":\"ImageObject\",\"inLanguage\":\"es-AR\",\"@id\":\"https:\/\/apuntesdesanluis.com\/#\/schema\/person\/image\/\",\"url\":\"https:\/\/apuntesdesanluis.com\/wp-content\/uploads\/2023\/07\/cropped-apuntesdesanluis.png\",\"contentUrl\":\"https:\/\/apuntesdesanluis.com\/wp-content\/uploads\/2023\/07\/cropped-apuntesdesanluis.png\",\"width\":450,\"height\":112,\"caption\":\"apuntesdesanluis.com\"},\"logo\":{\"@id\":\"https:\/\/apuntesdesanluis.com\/#\/schema\/person\/image\/\"},\"sameAs\":[\"https:\/\/apuntesdesanluis.com\"],\"url\":\"https:\/\/apuntesdesanluis.com\/index.php\/author\/apuntesdesanluis-com\/\"}]}<\/script>\n<!-- \/ Yoast SEO plugin. -->","yoast_head_json":{"title":"LOS ESTUDIANTES COPARON EL PREDIO DE \u201cEL LAGO\u201d PARA FESTEJAR SU DIA - Apuntes de San Luis","robots":{"index":"index","follow":"follow","max-snippet":"max-snippet:-1","max-image-preview":"max-image-preview:large","max-video-preview":"max-video-preview:-1"},"canonical":"https:\/\/apuntesdesanluis.com\/index.php\/2023\/09\/22\/los-estudiantes-coparon-el-predio-de-el-lago-para-festejar-su-dia\/","og_locale":"es_ES","og_type":"article","og_title":"LOS ESTUDIANTES COPARON EL PREDIO DE \u201cEL LAGO\u201d PARA FESTEJAR SU DIA - Apuntes de San Luis","og_description":"La Intendencia acompa\u00f1\u00f3 el mega encuentro juvenil, disponiendo una serie de actividades en conjunto con...","og_url":"https:\/\/apuntesdesanluis.com\/index.php\/2023\/09\/22\/los-estudiantes-coparon-el-predio-de-el-lago-para-festejar-su-dia\/","og_site_name":"Apuntes de San Luis","article_published_time":"2023-09-22T03:32:31+00:00","og_image":[{"width":600,"height":361,"url":"https:\/\/apuntesdesanluis.com\/wp-content\/uploads\/2023\/09\/estudiantes-tapa.png","type":"image\/png"}],"author":"apuntesdesanluis.com","twitter_card":"summary_large_image","twitter_misc":{"Escrito por":"apuntesdesanluis.com","Tiempo de lectura":"2 minutos"},"schema":{"@context":"https:\/\/schema.org","@graph":[{"@type":"Article","@id":"https:\/\/apuntesdesanluis.com\/index.php\/2023\/09\/22\/los-estudiantes-coparon-el-predio-de-el-lago-para-festejar-su-dia\/#article","isPartOf":{"@id":"https:\/\/apuntesdesanluis.com\/index.php\/2023\/09\/22\/los-estudiantes-coparon-el-predio-de-el-lago-para-festejar-su-dia\/"},"author":{"name":"apuntesdesanluis.com","@id":"https:\/\/apuntesdesanluis.com\/#\/schema\/person\/b55151d52296fcce64d1a72538a70b90"},"headline":"LOS ESTUDIANTES COPARON EL PREDIO DE \u201cEL LAGO\u201d PARA FESTEJAR SU DIA","datePublished":"2023-09-22T03:32:31+00:00","mainEntityOfPage":{"@id":"https:\/\/apuntesdesanluis.com\/index.php\/2023\/09\/22\/los-estudiantes-coparon-el-predio-de-el-lago-para-festejar-su-dia\/"},"wordCount":205,"publisher":{"@id":"https:\/\/apuntesdesanluis.com\/#\/schema\/person\/b55151d52296fcce64d1a72538a70b90"},"image":{"@id":"https:\/\/apuntesdesanluis.com\/index.php\/2023\/09\/22\/los-estudiantes-coparon-el-predio-de-el-lago-para-festejar-su-dia\/#primaryimage"},"thumbnailUrl":"https:\/\/apuntesdesanluis.com\/wp-content\/uploads\/2023\/09\/estudiantes-tapa.png","articleSection":["Ciudad\/Provincia"],"inLanguage":"es-AR"},{"@type":"WebPage","@id":"https:\/\/apuntesdesanluis.com\/index.php\/2023\/09\/22\/los-estudiantes-coparon-el-predio-de-el-lago-para-festejar-su-dia\/","url":"https:\/\/apuntesdesanluis.com\/index.php\/2023\/09\/22\/los-estudiantes-coparon-el-predio-de-el-lago-para-festejar-su-dia\/","name":"LOS ESTUDIANTES COPARON EL PREDIO DE \u201cEL LAGO\u201d PARA FESTEJAR SU DIA - Apuntes de San Luis","isPartOf":{"@id":"https:\/\/apuntesdesanluis.com\/#website"},"primaryImageOfPage":{"@id":"https:\/\/apuntesdesanluis.com\/index.php\/2023\/09\/22\/los-estudiantes-coparon-el-predio-de-el-lago-para-festejar-su-dia\/#primaryimage"},"image":{"@id":"https:\/\/apuntesdesanluis.com\/index.php\/2023\/09\/22\/los-estudiantes-coparon-el-predio-de-el-lago-para-festejar-su-dia\/#primaryimage"},"thumbnailUrl":"https:\/\/apuntesdesanluis.com\/wp-content\/uploads\/2023\/09\/estudiantes-tapa.png","datePublished":"2023-09-22T03:32:31+00:00","breadcrumb":{"@id":"https:\/\/apuntesdesanluis.com\/index.php\/2023\/09\/22\/los-estudiantes-coparon-el-predio-de-el-lago-para-festejar-su-dia\/#breadcrumb"},"inLanguage":"es-AR","potentialAction":[{"@type":"ReadAction","target":["https:\/\/apuntesdesanluis.com\/index.php\/2023\/09\/22\/los-estudiantes-coparon-el-predio-de-el-lago-para-festejar-su-dia\/"]}]},{"@type":"ImageObject","inLanguage":"es-AR","@id":"https:\/\/apuntesdesanluis.com\/index.php\/2023\/09\/22\/los-estudiantes-coparon-el-predio-de-el-lago-para-festejar-su-dia\/#primaryimage","url":"https:\/\/apuntesdesanluis.com\/wp-content\/uploads\/2023\/09\/estudiantes-tapa.png","contentUrl":"https:\/\/apuntesdesanluis.com\/wp-content\/uploads\/2023\/09\/estudiantes-tapa.png","width":600,"height":361},{"@type":"BreadcrumbList","@id":"https:\/\/apuntesdesanluis.com\/index.php\/2023\/09\/22\/los-estudiantes-coparon-el-predio-de-el-lago-para-festejar-su-dia\/#breadcrumb","itemListElement":[{"@type":"ListItem","position":1,"name":"Inicio","item":"https:\/\/apuntesdesanluis.com\/"},{"@type":"ListItem","position":2,"name":"LOS ESTUDIANTES COPARON EL PREDIO DE \u201cEL LAGO\u201d PARA FESTEJAR SU DIA"}]},{"@type":"WebSite","@id":"https:\/\/apuntesdesanluis.com\/#website","url":"https:\/\/apuntesdesanluis.com\/","name":"Apuntes de San Luis","description":"","publisher":{"@id":"https:\/\/apuntesdesanluis.com\/#\/schema\/person\/b55151d52296fcce64d1a72538a70b90"},"potentialAction":[{"@type":"SearchAction","target":{"@type":"EntryPoint","urlTemplate":"https:\/\/apuntesdesanluis.com\/?s={search_term_string}"},"query-input":{"@type":"PropertyValueSpecification","valueRequired":true,"valueName":"search_term_string"}}],"inLanguage":"es-AR"},{"@type":["Person","Organization"],"@id":"https:\/\/apuntesdesanluis.com\/#\/schema\/person\/b55151d52296fcce64d1a72538a70b90","name":"apuntesdesanluis.com","image":{"@type":"ImageObject","inLanguage":"es-AR","@id":"https:\/\/apuntesdesanluis.com\/#\/schema\/person\/image\/","url":"https:\/\/apuntesdesanluis.com\/wp-content\/uploads\/2023\/07\/cropped-apuntesdesanluis.png","contentUrl":"https:\/\/apuntesdesanluis.com\/wp-content\/uploads\/2023\/07\/cropped-apuntesdesanluis.png","width":450,"height":112,"caption":"apuntesdesanluis.com"},"logo":{"@id":"https:\/\/apuntesdesanluis.com\/#\/schema\/person\/image\/"},"sameAs":["https:\/\/apuntesdesanluis.com"],"url":"https:\/\/apuntesdesanluis.com\/index.php\/author\/apuntesdesanluis-com\/"}]}},"featured_image_urls":{"full":["https:\/\/apuntesdesanluis.com\/wp-content\/uploads\/2023\/09\/estudiantes-tapa.png",600,361,false],"thumbnail":["https:\/\/apuntesdesanluis.com\/wp-content\/uploads\/2023\/09\/estudiantes-tapa-150x150.png",150,150,true],"medium":["https:\/\/apuntesdesanluis.com\/wp-content\/uploads\/2023\/09\/estudiantes-tapa-300x181.png",300,181,true],"medium_large":["https:\/\/apuntesdesanluis.com\/wp-content\/uploads\/2023\/09\/estudiantes-tapa.png",600,361,false],"large":["https:\/\/apuntesdesanluis.com\/wp-content\/uploads\/2023\/09\/estudiantes-tapa.png",600,361,false],"1536x1536":["https:\/\/apuntesdesanluis.com\/wp-content\/uploads\/2023\/09\/estudiantes-tapa.png",600,361,false],"2048x2048":["https:\/\/apuntesdesanluis.com\/wp-content\/uploads\/2023\/09\/estudiantes-tapa.png",600,361,false],"newsever-slider-full":["https:\/\/apuntesdesanluis.com\/wp-content\/uploads\/2023\/09\/estudiantes-tapa.png",600,361,false],"newsever-featured":["https:\/\/apuntesdesanluis.com\/wp-content\/uploads\/2023\/09\/estudiantes-tapa.png",600,361,false],"newsever-medium":["https:\/\/apuntesdesanluis.com\/wp-content\/uploads\/2023\/09\/estudiantes-tapa.png",600,361,false]},"author_info":{"display_name":"apuntesdesanluis.com","author_link":"https:\/\/apuntesdesanluis.com\/index.php\/author\/apuntesdesanluis-com\/"},"category_info":"<a href=\"https:\/\/apuntesdesanluis.com\/index.php\/category\/ciudad-provincia\/\" rel=\"category tag\">Ciudad\/Provincia<\/a>","tag_info":"Ciudad\/Provincia","comment_count":"0","_links":{"self":[{"href":"https:\/\/apuntesdesanluis.com\/index.php\/wp-json\/wp\/v2\/posts\/3763","targetHints":{"allow":["GET"]}}],"collection":[{"href":"https:\/\/apuntesdesanluis.com\/index.php\/wp-json\/wp\/v2\/posts"}],"about":[{"href":"https:\/\/apuntesdesanluis.com\/index.php\/wp-json\/wp\/v2\/types\/post"}],"author":[{"embeddable":true,"href":"https:\/\/apuntesdesanluis.com\/index.php\/wp-json\/wp\/v2\/users\/1"}],"replies":[{"embeddable":true,"href":"https:\/\/apuntesdesanluis.com\/index.php\/wp-json\/wp\/v2\/comments?post=3763"}],"version-history":[{"count":1,"href":"https:\/\/apuntesdesanluis.com\/index.php\/wp-json\/wp\/v2\/posts\/3763\/revisions"}],"predecessor-version":[{"id":3767,"href":"https:\/\/apuntesdesanluis.com\/index.php\/wp-json\/wp\/v2\/posts\/3763\/revisions\/3767"}],"wp:featuredmedia":[{"embeddable":true,"href":"https:\/\/apuntesdesanluis.com\/index.php\/wp-json\/wp\/v2\/media\/3764"}],"wp:attachment":[{"href":"https:\/\/apuntesdesanluis.com\/index.php\/wp-json\/wp\/v2\/media?parent=3763"}],"wp:term":[{"taxonomy":"category","embeddable":true,"href":"https:\/\/apuntesdesanluis.com\/index.php\/wp-json\/wp\/v2\/categories?post=3763"},{"taxonomy":"post_tag","embeddable":true,"href":"https:\/\/apuntesdesanluis.com\/index.php\/wp-json\/wp\/v2\/tags?post=3763"}],"curies":[{"name":"wp","href":"https:\/\/api.w.org\/{rel}","templated":true}]}}