{"id":377,"date":"2023-07-25T18:39:07","date_gmt":"2023-07-25T21:39:07","guid":{"rendered":"https:\/\/apuntesdesanluis.com\/?p=377"},"modified":"2023-07-26T10:48:10","modified_gmt":"2023-07-26T13:48:10","slug":"villa-mercedes-prision-preventiva-para-el-imputado-por-el-robo-a-una-carniceria","status":"publish","type":"post","link":"https:\/\/apuntesdesanluis.com\/index.php\/2023\/07\/25\/villa-mercedes-prision-preventiva-para-el-imputado-por-el-robo-a-una-carniceria\/","title":{"rendered":"VILLA MERCEDES: PRISI\u00d3N PREVENTIVA PARA EL IMPUTADO POR EL ROBO A UNA CARNICER\u00cdA"},"content":{"rendered":"<h3><strong>El hecho ocurri\u00f3 el pasado 17 de julio en una carnicer\u00eda ubicada en la Avenida 25 de Mayo. Del lugar se llevaron una suma aproximada al mill\u00f3n de pesos y dos celulares.<\/strong><span id=\"more-449776\"><\/span><\/h3>\n<h3>La audiencia de formulaci\u00f3n de cargos se desarroll\u00f3 este martes pasado al mediod\u00eda,\u00a0 en el Juzgado de Garant\u00eda N\u00ba 1 de la Segunda Circunscripci\u00f3n Judicial, a cargo del <strong>Dr. Alfredo Cuello<\/strong>.<\/h3>\n<h3><strong>En representaci\u00f3n del Ministerio P\u00fablico Fiscal intervinieron el Dr. Leandro Estrada \u2013Fiscal de Instrucci\u00f3n-, y la Dra. Laura Parisi \u2013Fiscal Adjunta-. La defensa del acusado ejercida por la Dra. Cecilia Mithiaux \u2013Defensora Oficial en lo Penal- y la Dra. Noelia Paez \u2013Defensora Adjunta-. Como secretario del juzgado intervino el Dr. Fabi\u00e1n Aguilar.<\/strong><\/h3>\n<h3>El Fiscal de Instrucci\u00f3n relat\u00f3 que el hecho ocurri\u00f3 el pasado 17 de julio \u2013a las 19.45 hs aproximadamente- en una carnicer\u00eda ubicada en Av. 25 de Mayo de la ciudad de Villa Mercedes. En ese momento se encontraban los due\u00f1os del comercio cuando ingresaron dos personas de sexo masculino, una de ellas portando un arma de fuego.<\/h3>\n<h3>Los damnificados fueron reducidos y apuntados por el imputado mientras que el otro hombre se encarg\u00f3 de cerrar puertas y cortinas del local, tom\u00f3 un cuchillo y comenz\u00f3 a revisar una caja registradora.<\/h3>\n<h3>\u00a0Del lugar se llevaron una suma aproximada de un mill\u00f3n de pesos y dos celulares, estos dispositivos fueron encontrados posteriormente en una calle de la ciudad.<\/h3>\n<h3>El <strong>Dr. Leandro Estrada<\/strong> hizo referencia al registro de las c\u00e1maras de seguridad del local comercial como principal fuente de evidencia. Este registro vincula al imputado como el portador del arma, asegur\u00f3. Adem\u00e1s se observ\u00f3 en las filmaciones el retiro del dinero recaudado.<\/h3>\n<p><img fetchpriority=\"high\" decoding=\"async\" class=\"wp-image-379 aligncenter\" src=\"https:\/\/apuntesdesanluis.com\/wp-content\/uploads\/2023\/07\/leandro-estrada-300x185.png\" alt=\"\" width=\"603\" height=\"372\" srcset=\"https:\/\/apuntesdesanluis.com\/wp-content\/uploads\/2023\/07\/leandro-estrada-300x185.png 300w, https:\/\/apuntesdesanluis.com\/wp-content\/uploads\/2023\/07\/leandro-estrada-1024x632.png 1024w, https:\/\/apuntesdesanluis.com\/wp-content\/uploads\/2023\/07\/leandro-estrada-768x474.png 768w, https:\/\/apuntesdesanluis.com\/wp-content\/uploads\/2023\/07\/leandro-estrada.png 1040w\" sizes=\"(max-width: 603px) 100vw, 603px\" \/><\/p>\n<h3>Tambi\u00e9n hizo menci\u00f3n al allanamiento realizado en el domicilio del acusado en la ciudad de San Luis, a los elementos secuestrados que fueron remitidos a la fiscal\u00eda interviniente y \u00a0al reconocimiento de las v\u00edctimas de la vestimenta del imputado.<\/h3>\n<h3>La aprehensi\u00f3n y detenci\u00f3n del imputado fue en la ciudad de San Luis, donde tiene domicilio.<\/h3>\n<h3>Solicit\u00f3 que se le formulen cargos como\u00a0<strong>co-autor del delito de robo calificado por el empleo de un arma de fuego cuya aptitud para el disparo no ha sido acreditada.<\/strong><\/h3>\n<h3>La Dra. Cecilia Mithiaux no hizo objeci\u00f3n a la calificaci\u00f3n provisoria formulada por el fiscal. Solicit\u00f3 la nulidad del procedimiento del allanamiento en relaci\u00f3n al secuestro de los dispositivos digitales por no cumplir con el procedimiento obligatorio. El fiscal rechaz\u00f3 dicho planteo.<\/h3>\n<h3>En relaci\u00f3n a la medida de coerci\u00f3n, el fiscal solicit\u00f3 la prisi\u00f3n preventiva por 90 d\u00edas por los riesgos procesales, evasi\u00f3n al accionar de la justicia, carencia de arraigo en la ciudad, pron\u00f3stico punitivo, antecedentes, procesos vigentes, etc.<\/h3>\n<h3>La defensa pidi\u00f3 que no se tenga en cuenta cierta evidencia ni el pron\u00f3stico punitivo, asegur\u00f3 que si tiene arraigo en la ciudad ya que viven familiares y que no est\u00e1 acreditado el peligro de fuga.\u00a0<strong>Solicit\u00f3 una medida morigerada.<\/strong><\/h3>\n<h3>El hombre fue imputado por el\u00a0<strong>delito de robo calificado por el uso de arma de fuego cuya aptitud para el disparo no ha sido acreditada<\/strong>.<\/h3>\n<h3>Luego de lo solicitado, el Juez resolvi\u00f3 hacer lugar a la medida de coerci\u00f3n peticionada por el fiscal \u2013\u00a0<strong>prisi\u00f3n preventiva por 90 d\u00edas- , consider\u00f3 que existen evidencias suficientes y elementos de convicci\u00f3n para dicha medida, adem\u00e1s mencion\u00f3 la caracter\u00edstica del hecho y la solidez de la imputaci\u00f3n.<\/strong><\/h3>\n<h3>El Dr. Cuello dijo que se\u00a0<strong>deben asegurar los fines del procedimiento. Tuvo en cuenta la evidencia, el peligro de fuga, la falta de arraigo, la existencia de otro co-autor, etc. Con respecto a la solicitud de nulidad de la defensa, no hizo lugar.<\/strong><\/h3>\n","protected":false},"excerpt":{"rendered":"<p>El hecho ocurri\u00f3 el pasado 17 de julio en una carnicer\u00eda ubicada en la Avenida&#8230;<\/p>\n","protected":false},"author":1,"featured_media":378,"comment_status":"closed","ping_status":"closed","sticky":false,"template":"","format":"standard","meta":{"footnotes":""},"categories":[6],"tags":[],"class_list":["post-377","post","type-post","status-publish","format-standard","has-post-thumbnail","hentry","category-ciudad-provincia"],"yoast_head":"<!-- This site is optimized with the Yoast SEO plugin v26.1.1 - https:\/\/yoast.com\/wordpress\/plugins\/seo\/ -->\n<title>VILLA MERCEDES: PRISI\u00d3N PREVENTIVA PARA EL IMPUTADO POR EL ROBO A UNA CARNICER\u00cdA - Apuntes de San Luis<\/title>\n<meta name=\"robots\" content=\"index, follow, max-snippet:-1, max-image-preview:large, max-video-preview:-1\" \/>\n<link rel=\"canonical\" href=\"https:\/\/apuntesdesanluis.com\/index.php\/2023\/07\/25\/villa-mercedes-prision-preventiva-para-el-imputado-por-el-robo-a-una-carniceria\/\" \/>\n<meta property=\"og:locale\" content=\"es_ES\" \/>\n<meta property=\"og:type\" content=\"article\" \/>\n<meta property=\"og:title\" content=\"VILLA MERCEDES: PRISI\u00d3N PREVENTIVA PARA EL IMPUTADO POR EL ROBO A UNA CARNICER\u00cdA - Apuntes de San Luis\" \/>\n<meta property=\"og:description\" content=\"El hecho ocurri\u00f3 el pasado 17 de julio en una carnicer\u00eda ubicada en la Avenida...\" \/>\n<meta property=\"og:url\" content=\"https:\/\/apuntesdesanluis.com\/index.php\/2023\/07\/25\/villa-mercedes-prision-preventiva-para-el-imputado-por-el-robo-a-una-carniceria\/\" \/>\n<meta property=\"og:site_name\" content=\"Apuntes de San Luis\" \/>\n<meta property=\"article:published_time\" content=\"2023-07-25T21:39:07+00:00\" \/>\n<meta property=\"article:modified_time\" content=\"2023-07-26T13:48:10+00:00\" \/>\n<meta property=\"og:image\" content=\"https:\/\/apuntesdesanluis.com\/wp-content\/uploads\/2023\/07\/cuello.png\" \/>\n\t<meta property=\"og:image:width\" content=\"786\" \/>\n\t<meta property=\"og:image:height\" content=\"480\" \/>\n\t<meta property=\"og:image:type\" content=\"image\/png\" \/>\n<meta name=\"author\" content=\"apuntesdesanluis.com\" \/>\n<meta name=\"twitter:card\" content=\"summary_large_image\" \/>\n<meta name=\"twitter:label1\" content=\"Escrito por\" \/>\n\t<meta name=\"twitter:data1\" content=\"apuntesdesanluis.com\" \/>\n\t<meta name=\"twitter:label2\" content=\"Tiempo de lectura\" \/>\n\t<meta name=\"twitter:data2\" content=\"3 minutos\" \/>\n<script type=\"application\/ld+json\" class=\"yoast-schema-graph\">{\"@context\":\"https:\/\/schema.org\",\"@graph\":[{\"@type\":\"Article\",\"@id\":\"https:\/\/apuntesdesanluis.com\/index.php\/2023\/07\/25\/villa-mercedes-prision-preventiva-para-el-imputado-por-el-robo-a-una-carniceria\/#article\",\"isPartOf\":{\"@id\":\"https:\/\/apuntesdesanluis.com\/index.php\/2023\/07\/25\/villa-mercedes-prision-preventiva-para-el-imputado-por-el-robo-a-una-carniceria\/\"},\"author\":{\"name\":\"apuntesdesanluis.com\",\"@id\":\"https:\/\/apuntesdesanluis.com\/#\/schema\/person\/b55151d52296fcce64d1a72538a70b90\"},\"headline\":\"VILLA MERCEDES: PRISI\u00d3N PREVENTIVA PARA EL IMPUTADO POR EL ROBO A UNA CARNICER\u00cdA\",\"datePublished\":\"2023-07-25T21:39:07+00:00\",\"dateModified\":\"2023-07-26T13:48:10+00:00\",\"mainEntityOfPage\":{\"@id\":\"https:\/\/apuntesdesanluis.com\/index.php\/2023\/07\/25\/villa-mercedes-prision-preventiva-para-el-imputado-por-el-robo-a-una-carniceria\/\"},\"wordCount\":643,\"publisher\":{\"@id\":\"https:\/\/apuntesdesanluis.com\/#\/schema\/person\/b55151d52296fcce64d1a72538a70b90\"},\"image\":{\"@id\":\"https:\/\/apuntesdesanluis.com\/index.php\/2023\/07\/25\/villa-mercedes-prision-preventiva-para-el-imputado-por-el-robo-a-una-carniceria\/#primaryimage\"},\"thumbnailUrl\":\"https:\/\/apuntesdesanluis.com\/wp-content\/uploads\/2023\/07\/cuello.png\",\"articleSection\":[\"Ciudad\/Provincia\"],\"inLanguage\":\"es-AR\"},{\"@type\":\"WebPage\",\"@id\":\"https:\/\/apuntesdesanluis.com\/index.php\/2023\/07\/25\/villa-mercedes-prision-preventiva-para-el-imputado-por-el-robo-a-una-carniceria\/\",\"url\":\"https:\/\/apuntesdesanluis.com\/index.php\/2023\/07\/25\/villa-mercedes-prision-preventiva-para-el-imputado-por-el-robo-a-una-carniceria\/\",\"name\":\"VILLA MERCEDES: PRISI\u00d3N PREVENTIVA PARA EL IMPUTADO POR EL ROBO A UNA CARNICER\u00cdA - Apuntes de San Luis\",\"isPartOf\":{\"@id\":\"https:\/\/apuntesdesanluis.com\/#website\"},\"primaryImageOfPage\":{\"@id\":\"https:\/\/apuntesdesanluis.com\/index.php\/2023\/07\/25\/villa-mercedes-prision-preventiva-para-el-imputado-por-el-robo-a-una-carniceria\/#primaryimage\"},\"image\":{\"@id\":\"https:\/\/apuntesdesanluis.com\/index.php\/2023\/07\/25\/villa-mercedes-prision-preventiva-para-el-imputado-por-el-robo-a-una-carniceria\/#primaryimage\"},\"thumbnailUrl\":\"https:\/\/apuntesdesanluis.com\/wp-content\/uploads\/2023\/07\/cuello.png\",\"datePublished\":\"2023-07-25T21:39:07+00:00\",\"dateModified\":\"2023-07-26T13:48:10+00:00\",\"breadcrumb\":{\"@id\":\"https:\/\/apuntesdesanluis.com\/index.php\/2023\/07\/25\/villa-mercedes-prision-preventiva-para-el-imputado-por-el-robo-a-una-carniceria\/#breadcrumb\"},\"inLanguage\":\"es-AR\",\"potentialAction\":[{\"@type\":\"ReadAction\",\"target\":[\"https:\/\/apuntesdesanluis.com\/index.php\/2023\/07\/25\/villa-mercedes-prision-preventiva-para-el-imputado-por-el-robo-a-una-carniceria\/\"]}]},{\"@type\":\"ImageObject\",\"inLanguage\":\"es-AR\",\"@id\":\"https:\/\/apuntesdesanluis.com\/index.php\/2023\/07\/25\/villa-mercedes-prision-preventiva-para-el-imputado-por-el-robo-a-una-carniceria\/#primaryimage\",\"url\":\"https:\/\/apuntesdesanluis.com\/wp-content\/uploads\/2023\/07\/cuello.png\",\"contentUrl\":\"https:\/\/apuntesdesanluis.com\/wp-content\/uploads\/2023\/07\/cuello.png\",\"width\":786,\"height\":480},{\"@type\":\"BreadcrumbList\",\"@id\":\"https:\/\/apuntesdesanluis.com\/index.php\/2023\/07\/25\/villa-mercedes-prision-preventiva-para-el-imputado-por-el-robo-a-una-carniceria\/#breadcrumb\",\"itemListElement\":[{\"@type\":\"ListItem\",\"position\":1,\"name\":\"Inicio\",\"item\":\"https:\/\/apuntesdesanluis.com\/\"},{\"@type\":\"ListItem\",\"position\":2,\"name\":\"VILLA MERCEDES: PRISI\u00d3N PREVENTIVA PARA EL IMPUTADO POR EL ROBO A UNA CARNICER\u00cdA\"}]},{\"@type\":\"WebSite\",\"@id\":\"https:\/\/apuntesdesanluis.com\/#website\",\"url\":\"https:\/\/apuntesdesanluis.com\/\",\"name\":\"Apuntes de San Luis\",\"description\":\"\",\"publisher\":{\"@id\":\"https:\/\/apuntesdesanluis.com\/#\/schema\/person\/b55151d52296fcce64d1a72538a70b90\"},\"potentialAction\":[{\"@type\":\"SearchAction\",\"target\":{\"@type\":\"EntryPoint\",\"urlTemplate\":\"https:\/\/apuntesdesanluis.com\/?s={search_term_string}\"},\"query-input\":{\"@type\":\"PropertyValueSpecification\",\"valueRequired\":true,\"valueName\":\"search_term_string\"}}],\"inLanguage\":\"es-AR\"},{\"@type\":[\"Person\",\"Organization\"],\"@id\":\"https:\/\/apuntesdesanluis.com\/#\/schema\/person\/b55151d52296fcce64d1a72538a70b90\",\"name\":\"apuntesdesanluis.com\",\"image\":{\"@type\":\"ImageObject\",\"inLanguage\":\"es-AR\",\"@id\":\"https:\/\/apuntesdesanluis.com\/#\/schema\/person\/image\/\",\"url\":\"https:\/\/apuntesdesanluis.com\/wp-content\/uploads\/2023\/07\/cropped-apuntesdesanluis.png\",\"contentUrl\":\"https:\/\/apuntesdesanluis.com\/wp-content\/uploads\/2023\/07\/cropped-apuntesdesanluis.png\",\"width\":450,\"height\":112,\"caption\":\"apuntesdesanluis.com\"},\"logo\":{\"@id\":\"https:\/\/apuntesdesanluis.com\/#\/schema\/person\/image\/\"},\"sameAs\":[\"https:\/\/apuntesdesanluis.com\"],\"url\":\"https:\/\/apuntesdesanluis.com\/index.php\/author\/apuntesdesanluis-com\/\"}]}<\/script>\n<!-- \/ Yoast SEO plugin. -->","yoast_head_json":{"title":"VILLA MERCEDES: PRISI\u00d3N PREVENTIVA PARA EL IMPUTADO POR EL ROBO A UNA CARNICER\u00cdA - Apuntes de San Luis","robots":{"index":"index","follow":"follow","max-snippet":"max-snippet:-1","max-image-preview":"max-image-preview:large","max-video-preview":"max-video-preview:-1"},"canonical":"https:\/\/apuntesdesanluis.com\/index.php\/2023\/07\/25\/villa-mercedes-prision-preventiva-para-el-imputado-por-el-robo-a-una-carniceria\/","og_locale":"es_ES","og_type":"article","og_title":"VILLA MERCEDES: PRISI\u00d3N PREVENTIVA PARA EL IMPUTADO POR EL ROBO A UNA CARNICER\u00cdA - Apuntes de San Luis","og_description":"El hecho ocurri\u00f3 el pasado 17 de julio en una carnicer\u00eda ubicada en la Avenida...","og_url":"https:\/\/apuntesdesanluis.com\/index.php\/2023\/07\/25\/villa-mercedes-prision-preventiva-para-el-imputado-por-el-robo-a-una-carniceria\/","og_site_name":"Apuntes de San Luis","article_published_time":"2023-07-25T21:39:07+00:00","article_modified_time":"2023-07-26T13:48:10+00:00","og_image":[{"width":786,"height":480,"url":"https:\/\/apuntesdesanluis.com\/wp-content\/uploads\/2023\/07\/cuello.png","type":"image\/png"}],"author":"apuntesdesanluis.com","twitter_card":"summary_large_image","twitter_misc":{"Escrito por":"apuntesdesanluis.com","Tiempo de lectura":"3 minutos"},"schema":{"@context":"https:\/\/schema.org","@graph":[{"@type":"Article","@id":"https:\/\/apuntesdesanluis.com\/index.php\/2023\/07\/25\/villa-mercedes-prision-preventiva-para-el-imputado-por-el-robo-a-una-carniceria\/#article","isPartOf":{"@id":"https:\/\/apuntesdesanluis.com\/index.php\/2023\/07\/25\/villa-mercedes-prision-preventiva-para-el-imputado-por-el-robo-a-una-carniceria\/"},"author":{"name":"apuntesdesanluis.com","@id":"https:\/\/apuntesdesanluis.com\/#\/schema\/person\/b55151d52296fcce64d1a72538a70b90"},"headline":"VILLA MERCEDES: PRISI\u00d3N PREVENTIVA PARA EL IMPUTADO POR EL ROBO A UNA CARNICER\u00cdA","datePublished":"2023-07-25T21:39:07+00:00","dateModified":"2023-07-26T13:48:10+00:00","mainEntityOfPage":{"@id":"https:\/\/apuntesdesanluis.com\/index.php\/2023\/07\/25\/villa-mercedes-prision-preventiva-para-el-imputado-por-el-robo-a-una-carniceria\/"},"wordCount":643,"publisher":{"@id":"https:\/\/apuntesdesanluis.com\/#\/schema\/person\/b55151d52296fcce64d1a72538a70b90"},"image":{"@id":"https:\/\/apuntesdesanluis.com\/index.php\/2023\/07\/25\/villa-mercedes-prision-preventiva-para-el-imputado-por-el-robo-a-una-carniceria\/#primaryimage"},"thumbnailUrl":"https:\/\/apuntesdesanluis.com\/wp-content\/uploads\/2023\/07\/cuello.png","articleSection":["Ciudad\/Provincia"],"inLanguage":"es-AR"},{"@type":"WebPage","@id":"https:\/\/apuntesdesanluis.com\/index.php\/2023\/07\/25\/villa-mercedes-prision-preventiva-para-el-imputado-por-el-robo-a-una-carniceria\/","url":"https:\/\/apuntesdesanluis.com\/index.php\/2023\/07\/25\/villa-mercedes-prision-preventiva-para-el-imputado-por-el-robo-a-una-carniceria\/","name":"VILLA MERCEDES: PRISI\u00d3N PREVENTIVA PARA EL IMPUTADO POR EL ROBO A UNA CARNICER\u00cdA - Apuntes de San Luis","isPartOf":{"@id":"https:\/\/apuntesdesanluis.com\/#website"},"primaryImageOfPage":{"@id":"https:\/\/apuntesdesanluis.com\/index.php\/2023\/07\/25\/villa-mercedes-prision-preventiva-para-el-imputado-por-el-robo-a-una-carniceria\/#primaryimage"},"image":{"@id":"https:\/\/apuntesdesanluis.com\/index.php\/2023\/07\/25\/villa-mercedes-prision-preventiva-para-el-imputado-por-el-robo-a-una-carniceria\/#primaryimage"},"thumbnailUrl":"https:\/\/apuntesdesanluis.com\/wp-content\/uploads\/2023\/07\/cuello.png","datePublished":"2023-07-25T21:39:07+00:00","dateModified":"2023-07-26T13:48:10+00:00","breadcrumb":{"@id":"https:\/\/apuntesdesanluis.com\/index.php\/2023\/07\/25\/villa-mercedes-prision-preventiva-para-el-imputado-por-el-robo-a-una-carniceria\/#breadcrumb"},"inLanguage":"es-AR","potentialAction":[{"@type":"ReadAction","target":["https:\/\/apuntesdesanluis.com\/index.php\/2023\/07\/25\/villa-mercedes-prision-preventiva-para-el-imputado-por-el-robo-a-una-carniceria\/"]}]},{"@type":"ImageObject","inLanguage":"es-AR","@id":"https:\/\/apuntesdesanluis.com\/index.php\/2023\/07\/25\/villa-mercedes-prision-preventiva-para-el-imputado-por-el-robo-a-una-carniceria\/#primaryimage","url":"https:\/\/apuntesdesanluis.com\/wp-content\/uploads\/2023\/07\/cuello.png","contentUrl":"https:\/\/apuntesdesanluis.com\/wp-content\/uploads\/2023\/07\/cuello.png","width":786,"height":480},{"@type":"BreadcrumbList","@id":"https:\/\/apuntesdesanluis.com\/index.php\/2023\/07\/25\/villa-mercedes-prision-preventiva-para-el-imputado-por-el-robo-a-una-carniceria\/#breadcrumb","itemListElement":[{"@type":"ListItem","position":1,"name":"Inicio","item":"https:\/\/apuntesdesanluis.com\/"},{"@type":"ListItem","position":2,"name":"VILLA MERCEDES: PRISI\u00d3N PREVENTIVA PARA EL IMPUTADO POR EL ROBO A UNA CARNICER\u00cdA"}]},{"@type":"WebSite","@id":"https:\/\/apuntesdesanluis.com\/#website","url":"https:\/\/apuntesdesanluis.com\/","name":"Apuntes de San Luis","description":"","publisher":{"@id":"https:\/\/apuntesdesanluis.com\/#\/schema\/person\/b55151d52296fcce64d1a72538a70b90"},"potentialAction":[{"@type":"SearchAction","target":{"@type":"EntryPoint","urlTemplate":"https:\/\/apuntesdesanluis.com\/?s={search_term_string}"},"query-input":{"@type":"PropertyValueSpecification","valueRequired":true,"valueName":"search_term_string"}}],"inLanguage":"es-AR"},{"@type":["Person","Organization"],"@id":"https:\/\/apuntesdesanluis.com\/#\/schema\/person\/b55151d52296fcce64d1a72538a70b90","name":"apuntesdesanluis.com","image":{"@type":"ImageObject","inLanguage":"es-AR","@id":"https:\/\/apuntesdesanluis.com\/#\/schema\/person\/image\/","url":"https:\/\/apuntesdesanluis.com\/wp-content\/uploads\/2023\/07\/cropped-apuntesdesanluis.png","contentUrl":"https:\/\/apuntesdesanluis.com\/wp-content\/uploads\/2023\/07\/cropped-apuntesdesanluis.png","width":450,"height":112,"caption":"apuntesdesanluis.com"},"logo":{"@id":"https:\/\/apuntesdesanluis.com\/#\/schema\/person\/image\/"},"sameAs":["https:\/\/apuntesdesanluis.com"],"url":"https:\/\/apuntesdesanluis.com\/index.php\/author\/apuntesdesanluis-com\/"}]}},"featured_image_urls":{"full":["https:\/\/apuntesdesanluis.com\/wp-content\/uploads\/2023\/07\/cuello.png",786,480,false],"thumbnail":["https:\/\/apuntesdesanluis.com\/wp-content\/uploads\/2023\/07\/cuello-150x150.png",150,150,true],"medium":["https:\/\/apuntesdesanluis.com\/wp-content\/uploads\/2023\/07\/cuello-300x183.png",300,183,true],"medium_large":["https:\/\/apuntesdesanluis.com\/wp-content\/uploads\/2023\/07\/cuello-768x469.png",640,391,true],"large":["https:\/\/apuntesdesanluis.com\/wp-content\/uploads\/2023\/07\/cuello.png",640,391,false],"1536x1536":["https:\/\/apuntesdesanluis.com\/wp-content\/uploads\/2023\/07\/cuello.png",786,480,false],"2048x2048":["https:\/\/apuntesdesanluis.com\/wp-content\/uploads\/2023\/07\/cuello.png",786,480,false],"newsever-slider-full":["https:\/\/apuntesdesanluis.com\/wp-content\/uploads\/2023\/07\/cuello.png",786,480,false],"newsever-featured":["https:\/\/apuntesdesanluis.com\/wp-content\/uploads\/2023\/07\/cuello.png",786,480,false],"newsever-medium":["https:\/\/apuntesdesanluis.com\/wp-content\/uploads\/2023\/07\/cuello-720x475.png",720,475,true]},"author_info":{"display_name":"apuntesdesanluis.com","author_link":"https:\/\/apuntesdesanluis.com\/index.php\/author\/apuntesdesanluis-com\/"},"category_info":"<a href=\"https:\/\/apuntesdesanluis.com\/index.php\/category\/ciudad-provincia\/\" rel=\"category tag\">Ciudad\/Provincia<\/a>","tag_info":"Ciudad\/Provincia","comment_count":"0","_links":{"self":[{"href":"https:\/\/apuntesdesanluis.com\/index.php\/wp-json\/wp\/v2\/posts\/377","targetHints":{"allow":["GET"]}}],"collection":[{"href":"https:\/\/apuntesdesanluis.com\/index.php\/wp-json\/wp\/v2\/posts"}],"about":[{"href":"https:\/\/apuntesdesanluis.com\/index.php\/wp-json\/wp\/v2\/types\/post"}],"author":[{"embeddable":true,"href":"https:\/\/apuntesdesanluis.com\/index.php\/wp-json\/wp\/v2\/users\/1"}],"replies":[{"embeddable":true,"href":"https:\/\/apuntesdesanluis.com\/index.php\/wp-json\/wp\/v2\/comments?post=377"}],"version-history":[{"count":2,"href":"https:\/\/apuntesdesanluis.com\/index.php\/wp-json\/wp\/v2\/posts\/377\/revisions"}],"predecessor-version":[{"id":448,"href":"https:\/\/apuntesdesanluis.com\/index.php\/wp-json\/wp\/v2\/posts\/377\/revisions\/448"}],"wp:featuredmedia":[{"embeddable":true,"href":"https:\/\/apuntesdesanluis.com\/index.php\/wp-json\/wp\/v2\/media\/378"}],"wp:attachment":[{"href":"https:\/\/apuntesdesanluis.com\/index.php\/wp-json\/wp\/v2\/media?parent=377"}],"wp:term":[{"taxonomy":"category","embeddable":true,"href":"https:\/\/apuntesdesanluis.com\/index.php\/wp-json\/wp\/v2\/categories?post=377"},{"taxonomy":"post_tag","embeddable":true,"href":"https:\/\/apuntesdesanluis.com\/index.php\/wp-json\/wp\/v2\/tags?post=377"}],"curies":[{"name":"wp","href":"https:\/\/api.w.org\/{rel}","templated":true}]}}