{"id":3774,"date":"2023-09-22T01:03:48","date_gmt":"2023-09-22T04:03:48","guid":{"rendered":"https:\/\/apuntesdesanluis.com\/?p=3774"},"modified":"2023-09-22T01:04:21","modified_gmt":"2023-09-22T04:04:21","slug":"la-comunidad-del-colegio-nacional-de-villa-mercedes-regresara-a-su-casa-este-lunes","status":"publish","type":"post","link":"https:\/\/apuntesdesanluis.com\/index.php\/2023\/09\/22\/la-comunidad-del-colegio-nacional-de-villa-mercedes-regresara-a-su-casa-este-lunes\/","title":{"rendered":"LA COMUNIDAD DEL COLEGIO NACIONAL DE VILLA MERCEDES REGRESAR\u00c1 A SU CASA EL PR\u00d3XIMO LUNES"},"content":{"rendered":"<h3 class=\"yiv7409174924ydp6329976emsonormal\" style=\"text-align: justify; background: white;\"><span style=\"font-family: 'Arial','sans-serif'; color: #1d2228;\">Las puertas del hist\u00f3rico edificio volver\u00e1n a abrirse luego de una puesta en valor integral, que comenz\u00f3 en agosto del 2022, pero que tuvo un duro rev\u00e9s el 26 de enero del corriente a\u00f1o, cuando uno de los temporales m\u00e1s fuertes de la historia de Villa Mercedes caus\u00f3 da\u00f1os millonarios en la ciudad. El colegio no fue la excepci\u00f3n ya que las reparaciones casi terminadas de nada sirvieron, pues los techos fueron totalmente destruidos, causando una inutilizaci\u00f3n absoluta de las instalaciones, que oblig\u00f3 a comenzar la obra de cero y con una intervenci\u00f3n edilicia mucho m\u00e1s profunda.<\/span><\/h3>\n<p><img fetchpriority=\"high\" decoding=\"async\" class=\"wp-image-3777 aligncenter\" src=\"https:\/\/apuntesdesanluis.com\/wp-content\/uploads\/2023\/09\/colegio-nacional-300x188.png\" alt=\"\" width=\"693\" height=\"434\" srcset=\"https:\/\/apuntesdesanluis.com\/wp-content\/uploads\/2023\/09\/colegio-nacional-300x188.png 300w, https:\/\/apuntesdesanluis.com\/wp-content\/uploads\/2023\/09\/colegio-nacional.png 600w\" sizes=\"(max-width: 693px) 100vw, 693px\" \/><\/p>\n<h3 class=\"yiv7409174924ydp6329976emsonormal\" style=\"text-align: justify; background: white;\"><span style=\"font-family: 'Arial','sans-serif'; color: #1d2228;\">Con la llegada del ciclo lectivo 2023 y la imposibilidad de llevar adelante el dictado de clases, la comunidad del Colegio Provincial N\u00ba 2 \u201cJuan Esteban Pedernera\u201d debi\u00f3 migrar temporalmente a otro inmueble, pero finalmente este lunes se concretar\u00e1 el anhelado regreso. <\/span><\/h3>\n<h3 class=\"yiv7409174924ydp6329976emsonormal\" style=\"text-align: justify; background: white;\"><span style=\"font-family: 'Arial','sans-serif'; color: #1d2228;\">Para ello se aprovech\u00f3 el mi\u00e9rcoles y el feriado de este jueves, por el D\u00eda del Estudiante, para llevar a cabo la mudanza; \u201cmientras que este viernes tampoco habr\u00e1 clases presenciales, pues los obreros est\u00e1n terminando con detalles menores y con el proceso de limpieza, pero quienes vimos el estado del lugar luego de la tormenta de granizo, lluvia y viento, y ahora encontrarlo totalmente refaccionado, damos fe de que ha quedado hermoso y que tato alumnos como el personal estar\u00e1n felices\u201d, coment\u00f3 David Garro, jefe del Subprograma de Nivel Secundario, que junto a otros funcionarios del Ministerio de Educaci\u00f3n y con autoridades de la casa de estudios particip\u00f3 en la coordinaci\u00f3n de la mudanza.<\/span><\/h3>\n<h3 class=\"yiv7409174924ydp6329976emsonormal\" style=\"text-align: justify; background: white;\"><span style=\"font-family: 'Arial','sans-serif'; color: #1d2228;\">\u00a0<\/span><span style=\"font-family: 'Arial','sans-serif'; color: #1d2228;\">Entre las refacciones se destacan las 25 aulas a las que volver\u00e1n a concurrir los 1.200 adolescentes, como tambi\u00e9n los sectores de sanitarios. \u201cPero en realidad todo el colegio qued\u00f3 como nuevo y digno de ser visitado\u201d, coment\u00f3 Garro.<\/span><\/h3>\n<p><img decoding=\"async\" class=\"wp-image-3776 aligncenter\" src=\"https:\/\/apuntesdesanluis.com\/wp-content\/uploads\/2023\/09\/colegio-nacional-autoridades-300x196.png\" alt=\"\" width=\"695\" height=\"454\" srcset=\"https:\/\/apuntesdesanluis.com\/wp-content\/uploads\/2023\/09\/colegio-nacional-autoridades-300x196.png 300w, https:\/\/apuntesdesanluis.com\/wp-content\/uploads\/2023\/09\/colegio-nacional-autoridades.png 600w\" sizes=\"(max-width: 695px) 100vw, 695px\" \/><\/p>\n<h3 class=\"yiv7409174924ydp6329976emsonormal\" style=\"text-align: justify; background: white;\"><span style=\"font-family: 'Arial','sans-serif'; color: #1d2228;\">Andrea Barzola, presidenta de la cooperadora del \u201cColegio Nacional\u201d, como coloquialmente los mercedinos llaman a la hist\u00f3rica casa de estudios, dijo: \u201cHoy tenemos que dar gracias por tener el edificio totalmente renovado y poder volver a clases, luego de una situaci\u00f3n catastr\u00f3fica como la que vivimos con el temporal. Pero ya estamos regresando, con la colaboraci\u00f3n del Municipio para el traslado de muebles y dem\u00e1s, como tambi\u00e9n con la participaci\u00f3n de padres, docentes y no docentes. Es as\u00ed que el pr\u00f3ximo lunes retomaremos la cotidianeidad a las 7:30 con el izamiento de la Bandera Nacional, algo que en estos meses no se pudo hacer en los lugares donde se debieron impartir las clases\u201d.<\/span><\/h3>\n","protected":false},"excerpt":{"rendered":"<p>Las puertas del hist\u00f3rico edificio volver\u00e1n a abrirse luego de una puesta en valor integral,&#8230;<\/p>\n","protected":false},"author":1,"featured_media":3775,"comment_status":"closed","ping_status":"closed","sticky":false,"template":"","format":"standard","meta":{"footnotes":""},"categories":[6],"tags":[],"class_list":["post-3774","post","type-post","status-publish","format-standard","has-post-thumbnail","hentry","category-ciudad-provincia"],"yoast_head":"<!-- This site is optimized with the Yoast SEO plugin v26.1.1 - https:\/\/yoast.com\/wordpress\/plugins\/seo\/ -->\n<title>LA COMUNIDAD DEL COLEGIO NACIONAL DE VILLA MERCEDES REGRESAR\u00c1 A SU CASA EL PR\u00d3XIMO LUNES - Apuntes de San Luis<\/title>\n<meta name=\"robots\" content=\"index, follow, max-snippet:-1, max-image-preview:large, max-video-preview:-1\" \/>\n<link rel=\"canonical\" href=\"https:\/\/apuntesdesanluis.com\/index.php\/2023\/09\/22\/la-comunidad-del-colegio-nacional-de-villa-mercedes-regresara-a-su-casa-este-lunes\/\" \/>\n<meta property=\"og:locale\" content=\"es_ES\" \/>\n<meta property=\"og:type\" content=\"article\" \/>\n<meta property=\"og:title\" content=\"LA COMUNIDAD DEL COLEGIO NACIONAL DE VILLA MERCEDES REGRESAR\u00c1 A SU CASA EL PR\u00d3XIMO LUNES - Apuntes de San Luis\" \/>\n<meta property=\"og:description\" content=\"Las puertas del hist\u00f3rico edificio volver\u00e1n a abrirse luego de una puesta en valor integral,...\" \/>\n<meta property=\"og:url\" content=\"https:\/\/apuntesdesanluis.com\/index.php\/2023\/09\/22\/la-comunidad-del-colegio-nacional-de-villa-mercedes-regresara-a-su-casa-este-lunes\/\" \/>\n<meta property=\"og:site_name\" content=\"Apuntes de San Luis\" \/>\n<meta property=\"article:published_time\" content=\"2023-09-22T04:03:48+00:00\" \/>\n<meta property=\"article:modified_time\" content=\"2023-09-22T04:04:21+00:00\" \/>\n<meta property=\"og:image\" content=\"https:\/\/apuntesdesanluis.com\/wp-content\/uploads\/2023\/09\/cole-pasilo.png\" \/>\n\t<meta property=\"og:image:width\" content=\"600\" \/>\n\t<meta property=\"og:image:height\" content=\"372\" \/>\n\t<meta property=\"og:image:type\" content=\"image\/png\" \/>\n<meta name=\"author\" content=\"apuntesdesanluis.com\" \/>\n<meta name=\"twitter:card\" content=\"summary_large_image\" \/>\n<meta name=\"twitter:label1\" content=\"Escrito por\" \/>\n\t<meta name=\"twitter:data1\" content=\"apuntesdesanluis.com\" \/>\n\t<meta name=\"twitter:label2\" content=\"Tiempo de lectura\" \/>\n\t<meta name=\"twitter:data2\" content=\"3 minutos\" \/>\n<script type=\"application\/ld+json\" class=\"yoast-schema-graph\">{\"@context\":\"https:\/\/schema.org\",\"@graph\":[{\"@type\":\"Article\",\"@id\":\"https:\/\/apuntesdesanluis.com\/index.php\/2023\/09\/22\/la-comunidad-del-colegio-nacional-de-villa-mercedes-regresara-a-su-casa-este-lunes\/#article\",\"isPartOf\":{\"@id\":\"https:\/\/apuntesdesanluis.com\/index.php\/2023\/09\/22\/la-comunidad-del-colegio-nacional-de-villa-mercedes-regresara-a-su-casa-este-lunes\/\"},\"author\":{\"name\":\"apuntesdesanluis.com\",\"@id\":\"https:\/\/apuntesdesanluis.com\/#\/schema\/person\/b55151d52296fcce64d1a72538a70b90\"},\"headline\":\"LA COMUNIDAD DEL COLEGIO NACIONAL DE VILLA MERCEDES REGRESAR\u00c1 A SU CASA EL PR\u00d3XIMO LUNES\",\"datePublished\":\"2023-09-22T04:03:48+00:00\",\"dateModified\":\"2023-09-22T04:04:21+00:00\",\"mainEntityOfPage\":{\"@id\":\"https:\/\/apuntesdesanluis.com\/index.php\/2023\/09\/22\/la-comunidad-del-colegio-nacional-de-villa-mercedes-regresara-a-su-casa-este-lunes\/\"},\"wordCount\":441,\"publisher\":{\"@id\":\"https:\/\/apuntesdesanluis.com\/#\/schema\/person\/b55151d52296fcce64d1a72538a70b90\"},\"image\":{\"@id\":\"https:\/\/apuntesdesanluis.com\/index.php\/2023\/09\/22\/la-comunidad-del-colegio-nacional-de-villa-mercedes-regresara-a-su-casa-este-lunes\/#primaryimage\"},\"thumbnailUrl\":\"https:\/\/apuntesdesanluis.com\/wp-content\/uploads\/2023\/09\/cole-pasilo.png\",\"articleSection\":[\"Ciudad\/Provincia\"],\"inLanguage\":\"es-AR\"},{\"@type\":\"WebPage\",\"@id\":\"https:\/\/apuntesdesanluis.com\/index.php\/2023\/09\/22\/la-comunidad-del-colegio-nacional-de-villa-mercedes-regresara-a-su-casa-este-lunes\/\",\"url\":\"https:\/\/apuntesdesanluis.com\/index.php\/2023\/09\/22\/la-comunidad-del-colegio-nacional-de-villa-mercedes-regresara-a-su-casa-este-lunes\/\",\"name\":\"LA COMUNIDAD DEL COLEGIO NACIONAL DE VILLA MERCEDES REGRESAR\u00c1 A SU CASA EL PR\u00d3XIMO LUNES - Apuntes de San Luis\",\"isPartOf\":{\"@id\":\"https:\/\/apuntesdesanluis.com\/#website\"},\"primaryImageOfPage\":{\"@id\":\"https:\/\/apuntesdesanluis.com\/index.php\/2023\/09\/22\/la-comunidad-del-colegio-nacional-de-villa-mercedes-regresara-a-su-casa-este-lunes\/#primaryimage\"},\"image\":{\"@id\":\"https:\/\/apuntesdesanluis.com\/index.php\/2023\/09\/22\/la-comunidad-del-colegio-nacional-de-villa-mercedes-regresara-a-su-casa-este-lunes\/#primaryimage\"},\"thumbnailUrl\":\"https:\/\/apuntesdesanluis.com\/wp-content\/uploads\/2023\/09\/cole-pasilo.png\",\"datePublished\":\"2023-09-22T04:03:48+00:00\",\"dateModified\":\"2023-09-22T04:04:21+00:00\",\"breadcrumb\":{\"@id\":\"https:\/\/apuntesdesanluis.com\/index.php\/2023\/09\/22\/la-comunidad-del-colegio-nacional-de-villa-mercedes-regresara-a-su-casa-este-lunes\/#breadcrumb\"},\"inLanguage\":\"es-AR\",\"potentialAction\":[{\"@type\":\"ReadAction\",\"target\":[\"https:\/\/apuntesdesanluis.com\/index.php\/2023\/09\/22\/la-comunidad-del-colegio-nacional-de-villa-mercedes-regresara-a-su-casa-este-lunes\/\"]}]},{\"@type\":\"ImageObject\",\"inLanguage\":\"es-AR\",\"@id\":\"https:\/\/apuntesdesanluis.com\/index.php\/2023\/09\/22\/la-comunidad-del-colegio-nacional-de-villa-mercedes-regresara-a-su-casa-este-lunes\/#primaryimage\",\"url\":\"https:\/\/apuntesdesanluis.com\/wp-content\/uploads\/2023\/09\/cole-pasilo.png\",\"contentUrl\":\"https:\/\/apuntesdesanluis.com\/wp-content\/uploads\/2023\/09\/cole-pasilo.png\",\"width\":600,\"height\":372},{\"@type\":\"BreadcrumbList\",\"@id\":\"https:\/\/apuntesdesanluis.com\/index.php\/2023\/09\/22\/la-comunidad-del-colegio-nacional-de-villa-mercedes-regresara-a-su-casa-este-lunes\/#breadcrumb\",\"itemListElement\":[{\"@type\":\"ListItem\",\"position\":1,\"name\":\"Inicio\",\"item\":\"https:\/\/apuntesdesanluis.com\/\"},{\"@type\":\"ListItem\",\"position\":2,\"name\":\"LA COMUNIDAD DEL COLEGIO NACIONAL DE VILLA MERCEDES REGRESAR\u00c1 A SU CASA EL PR\u00d3XIMO LUNES\"}]},{\"@type\":\"WebSite\",\"@id\":\"https:\/\/apuntesdesanluis.com\/#website\",\"url\":\"https:\/\/apuntesdesanluis.com\/\",\"name\":\"Apuntes de San Luis\",\"description\":\"\",\"publisher\":{\"@id\":\"https:\/\/apuntesdesanluis.com\/#\/schema\/person\/b55151d52296fcce64d1a72538a70b90\"},\"potentialAction\":[{\"@type\":\"SearchAction\",\"target\":{\"@type\":\"EntryPoint\",\"urlTemplate\":\"https:\/\/apuntesdesanluis.com\/?s={search_term_string}\"},\"query-input\":{\"@type\":\"PropertyValueSpecification\",\"valueRequired\":true,\"valueName\":\"search_term_string\"}}],\"inLanguage\":\"es-AR\"},{\"@type\":[\"Person\",\"Organization\"],\"@id\":\"https:\/\/apuntesdesanluis.com\/#\/schema\/person\/b55151d52296fcce64d1a72538a70b90\",\"name\":\"apuntesdesanluis.com\",\"image\":{\"@type\":\"ImageObject\",\"inLanguage\":\"es-AR\",\"@id\":\"https:\/\/apuntesdesanluis.com\/#\/schema\/person\/image\/\",\"url\":\"https:\/\/apuntesdesanluis.com\/wp-content\/uploads\/2023\/07\/cropped-apuntesdesanluis.png\",\"contentUrl\":\"https:\/\/apuntesdesanluis.com\/wp-content\/uploads\/2023\/07\/cropped-apuntesdesanluis.png\",\"width\":450,\"height\":112,\"caption\":\"apuntesdesanluis.com\"},\"logo\":{\"@id\":\"https:\/\/apuntesdesanluis.com\/#\/schema\/person\/image\/\"},\"sameAs\":[\"https:\/\/apuntesdesanluis.com\"],\"url\":\"https:\/\/apuntesdesanluis.com\/index.php\/author\/apuntesdesanluis-com\/\"}]}<\/script>\n<!-- \/ Yoast SEO plugin. -->","yoast_head_json":{"title":"LA COMUNIDAD DEL COLEGIO NACIONAL DE VILLA MERCEDES REGRESAR\u00c1 A SU CASA EL PR\u00d3XIMO LUNES - Apuntes de San Luis","robots":{"index":"index","follow":"follow","max-snippet":"max-snippet:-1","max-image-preview":"max-image-preview:large","max-video-preview":"max-video-preview:-1"},"canonical":"https:\/\/apuntesdesanluis.com\/index.php\/2023\/09\/22\/la-comunidad-del-colegio-nacional-de-villa-mercedes-regresara-a-su-casa-este-lunes\/","og_locale":"es_ES","og_type":"article","og_title":"LA COMUNIDAD DEL COLEGIO NACIONAL DE VILLA MERCEDES REGRESAR\u00c1 A SU CASA EL PR\u00d3XIMO LUNES - Apuntes de San Luis","og_description":"Las puertas del hist\u00f3rico edificio volver\u00e1n a abrirse luego de una puesta en valor integral,...","og_url":"https:\/\/apuntesdesanluis.com\/index.php\/2023\/09\/22\/la-comunidad-del-colegio-nacional-de-villa-mercedes-regresara-a-su-casa-este-lunes\/","og_site_name":"Apuntes de San Luis","article_published_time":"2023-09-22T04:03:48+00:00","article_modified_time":"2023-09-22T04:04:21+00:00","og_image":[{"width":600,"height":372,"url":"https:\/\/apuntesdesanluis.com\/wp-content\/uploads\/2023\/09\/cole-pasilo.png","type":"image\/png"}],"author":"apuntesdesanluis.com","twitter_card":"summary_large_image","twitter_misc":{"Escrito por":"apuntesdesanluis.com","Tiempo de lectura":"3 minutos"},"schema":{"@context":"https:\/\/schema.org","@graph":[{"@type":"Article","@id":"https:\/\/apuntesdesanluis.com\/index.php\/2023\/09\/22\/la-comunidad-del-colegio-nacional-de-villa-mercedes-regresara-a-su-casa-este-lunes\/#article","isPartOf":{"@id":"https:\/\/apuntesdesanluis.com\/index.php\/2023\/09\/22\/la-comunidad-del-colegio-nacional-de-villa-mercedes-regresara-a-su-casa-este-lunes\/"},"author":{"name":"apuntesdesanluis.com","@id":"https:\/\/apuntesdesanluis.com\/#\/schema\/person\/b55151d52296fcce64d1a72538a70b90"},"headline":"LA COMUNIDAD DEL COLEGIO NACIONAL DE VILLA MERCEDES REGRESAR\u00c1 A SU CASA EL PR\u00d3XIMO LUNES","datePublished":"2023-09-22T04:03:48+00:00","dateModified":"2023-09-22T04:04:21+00:00","mainEntityOfPage":{"@id":"https:\/\/apuntesdesanluis.com\/index.php\/2023\/09\/22\/la-comunidad-del-colegio-nacional-de-villa-mercedes-regresara-a-su-casa-este-lunes\/"},"wordCount":441,"publisher":{"@id":"https:\/\/apuntesdesanluis.com\/#\/schema\/person\/b55151d52296fcce64d1a72538a70b90"},"image":{"@id":"https:\/\/apuntesdesanluis.com\/index.php\/2023\/09\/22\/la-comunidad-del-colegio-nacional-de-villa-mercedes-regresara-a-su-casa-este-lunes\/#primaryimage"},"thumbnailUrl":"https:\/\/apuntesdesanluis.com\/wp-content\/uploads\/2023\/09\/cole-pasilo.png","articleSection":["Ciudad\/Provincia"],"inLanguage":"es-AR"},{"@type":"WebPage","@id":"https:\/\/apuntesdesanluis.com\/index.php\/2023\/09\/22\/la-comunidad-del-colegio-nacional-de-villa-mercedes-regresara-a-su-casa-este-lunes\/","url":"https:\/\/apuntesdesanluis.com\/index.php\/2023\/09\/22\/la-comunidad-del-colegio-nacional-de-villa-mercedes-regresara-a-su-casa-este-lunes\/","name":"LA COMUNIDAD DEL COLEGIO NACIONAL DE VILLA MERCEDES REGRESAR\u00c1 A SU CASA EL PR\u00d3XIMO LUNES - Apuntes de San Luis","isPartOf":{"@id":"https:\/\/apuntesdesanluis.com\/#website"},"primaryImageOfPage":{"@id":"https:\/\/apuntesdesanluis.com\/index.php\/2023\/09\/22\/la-comunidad-del-colegio-nacional-de-villa-mercedes-regresara-a-su-casa-este-lunes\/#primaryimage"},"image":{"@id":"https:\/\/apuntesdesanluis.com\/index.php\/2023\/09\/22\/la-comunidad-del-colegio-nacional-de-villa-mercedes-regresara-a-su-casa-este-lunes\/#primaryimage"},"thumbnailUrl":"https:\/\/apuntesdesanluis.com\/wp-content\/uploads\/2023\/09\/cole-pasilo.png","datePublished":"2023-09-22T04:03:48+00:00","dateModified":"2023-09-22T04:04:21+00:00","breadcrumb":{"@id":"https:\/\/apuntesdesanluis.com\/index.php\/2023\/09\/22\/la-comunidad-del-colegio-nacional-de-villa-mercedes-regresara-a-su-casa-este-lunes\/#breadcrumb"},"inLanguage":"es-AR","potentialAction":[{"@type":"ReadAction","target":["https:\/\/apuntesdesanluis.com\/index.php\/2023\/09\/22\/la-comunidad-del-colegio-nacional-de-villa-mercedes-regresara-a-su-casa-este-lunes\/"]}]},{"@type":"ImageObject","inLanguage":"es-AR","@id":"https:\/\/apuntesdesanluis.com\/index.php\/2023\/09\/22\/la-comunidad-del-colegio-nacional-de-villa-mercedes-regresara-a-su-casa-este-lunes\/#primaryimage","url":"https:\/\/apuntesdesanluis.com\/wp-content\/uploads\/2023\/09\/cole-pasilo.png","contentUrl":"https:\/\/apuntesdesanluis.com\/wp-content\/uploads\/2023\/09\/cole-pasilo.png","width":600,"height":372},{"@type":"BreadcrumbList","@id":"https:\/\/apuntesdesanluis.com\/index.php\/2023\/09\/22\/la-comunidad-del-colegio-nacional-de-villa-mercedes-regresara-a-su-casa-este-lunes\/#breadcrumb","itemListElement":[{"@type":"ListItem","position":1,"name":"Inicio","item":"https:\/\/apuntesdesanluis.com\/"},{"@type":"ListItem","position":2,"name":"LA COMUNIDAD DEL COLEGIO NACIONAL DE VILLA MERCEDES REGRESAR\u00c1 A SU CASA EL PR\u00d3XIMO LUNES"}]},{"@type":"WebSite","@id":"https:\/\/apuntesdesanluis.com\/#website","url":"https:\/\/apuntesdesanluis.com\/","name":"Apuntes de San Luis","description":"","publisher":{"@id":"https:\/\/apuntesdesanluis.com\/#\/schema\/person\/b55151d52296fcce64d1a72538a70b90"},"potentialAction":[{"@type":"SearchAction","target":{"@type":"EntryPoint","urlTemplate":"https:\/\/apuntesdesanluis.com\/?s={search_term_string}"},"query-input":{"@type":"PropertyValueSpecification","valueRequired":true,"valueName":"search_term_string"}}],"inLanguage":"es-AR"},{"@type":["Person","Organization"],"@id":"https:\/\/apuntesdesanluis.com\/#\/schema\/person\/b55151d52296fcce64d1a72538a70b90","name":"apuntesdesanluis.com","image":{"@type":"ImageObject","inLanguage":"es-AR","@id":"https:\/\/apuntesdesanluis.com\/#\/schema\/person\/image\/","url":"https:\/\/apuntesdesanluis.com\/wp-content\/uploads\/2023\/07\/cropped-apuntesdesanluis.png","contentUrl":"https:\/\/apuntesdesanluis.com\/wp-content\/uploads\/2023\/07\/cropped-apuntesdesanluis.png","width":450,"height":112,"caption":"apuntesdesanluis.com"},"logo":{"@id":"https:\/\/apuntesdesanluis.com\/#\/schema\/person\/image\/"},"sameAs":["https:\/\/apuntesdesanluis.com"],"url":"https:\/\/apuntesdesanluis.com\/index.php\/author\/apuntesdesanluis-com\/"}]}},"featured_image_urls":{"full":["https:\/\/apuntesdesanluis.com\/wp-content\/uploads\/2023\/09\/cole-pasilo.png",600,372,false],"thumbnail":["https:\/\/apuntesdesanluis.com\/wp-content\/uploads\/2023\/09\/cole-pasilo-150x150.png",150,150,true],"medium":["https:\/\/apuntesdesanluis.com\/wp-content\/uploads\/2023\/09\/cole-pasilo-300x186.png",300,186,true],"medium_large":["https:\/\/apuntesdesanluis.com\/wp-content\/uploads\/2023\/09\/cole-pasilo.png",600,372,false],"large":["https:\/\/apuntesdesanluis.com\/wp-content\/uploads\/2023\/09\/cole-pasilo.png",600,372,false],"1536x1536":["https:\/\/apuntesdesanluis.com\/wp-content\/uploads\/2023\/09\/cole-pasilo.png",600,372,false],"2048x2048":["https:\/\/apuntesdesanluis.com\/wp-content\/uploads\/2023\/09\/cole-pasilo.png",600,372,false],"newsever-slider-full":["https:\/\/apuntesdesanluis.com\/wp-content\/uploads\/2023\/09\/cole-pasilo.png",600,372,false],"newsever-featured":["https:\/\/apuntesdesanluis.com\/wp-content\/uploads\/2023\/09\/cole-pasilo.png",600,372,false],"newsever-medium":["https:\/\/apuntesdesanluis.com\/wp-content\/uploads\/2023\/09\/cole-pasilo.png",600,372,false]},"author_info":{"display_name":"apuntesdesanluis.com","author_link":"https:\/\/apuntesdesanluis.com\/index.php\/author\/apuntesdesanluis-com\/"},"category_info":"<a href=\"https:\/\/apuntesdesanluis.com\/index.php\/category\/ciudad-provincia\/\" rel=\"category tag\">Ciudad\/Provincia<\/a>","tag_info":"Ciudad\/Provincia","comment_count":"0","_links":{"self":[{"href":"https:\/\/apuntesdesanluis.com\/index.php\/wp-json\/wp\/v2\/posts\/3774","targetHints":{"allow":["GET"]}}],"collection":[{"href":"https:\/\/apuntesdesanluis.com\/index.php\/wp-json\/wp\/v2\/posts"}],"about":[{"href":"https:\/\/apuntesdesanluis.com\/index.php\/wp-json\/wp\/v2\/types\/post"}],"author":[{"embeddable":true,"href":"https:\/\/apuntesdesanluis.com\/index.php\/wp-json\/wp\/v2\/users\/1"}],"replies":[{"embeddable":true,"href":"https:\/\/apuntesdesanluis.com\/index.php\/wp-json\/wp\/v2\/comments?post=3774"}],"version-history":[{"count":2,"href":"https:\/\/apuntesdesanluis.com\/index.php\/wp-json\/wp\/v2\/posts\/3774\/revisions"}],"predecessor-version":[{"id":3779,"href":"https:\/\/apuntesdesanluis.com\/index.php\/wp-json\/wp\/v2\/posts\/3774\/revisions\/3779"}],"wp:featuredmedia":[{"embeddable":true,"href":"https:\/\/apuntesdesanluis.com\/index.php\/wp-json\/wp\/v2\/media\/3775"}],"wp:attachment":[{"href":"https:\/\/apuntesdesanluis.com\/index.php\/wp-json\/wp\/v2\/media?parent=3774"}],"wp:term":[{"taxonomy":"category","embeddable":true,"href":"https:\/\/apuntesdesanluis.com\/index.php\/wp-json\/wp\/v2\/categories?post=3774"},{"taxonomy":"post_tag","embeddable":true,"href":"https:\/\/apuntesdesanluis.com\/index.php\/wp-json\/wp\/v2\/tags?post=3774"}],"curies":[{"name":"wp","href":"https:\/\/api.w.org\/{rel}","templated":true}]}}