{"id":3780,"date":"2023-09-22T01:30:51","date_gmt":"2023-09-22T04:30:51","guid":{"rendered":"https:\/\/apuntesdesanluis.com\/?p=3780"},"modified":"2023-09-22T01:33:43","modified_gmt":"2023-09-22T04:33:43","slug":"aca-estamos-adonde-vamos","status":"publish","type":"post","link":"https:\/\/apuntesdesanluis.com\/index.php\/2023\/09\/22\/aca-estamos-adonde-vamos\/","title":{"rendered":"AC\u00c1 ESTAMOS: \u00bfAD\u00d3NDE VAMOS?"},"content":{"rendered":"<h3><strong>Por <em>Eduardo Gast\u00f3n Mones Ruiz *<\/em><\/strong><\/h3>\n<h3>Cuando iniciaba este a\u00f1o (2 de enero), escrib\u00ed un an\u00e1lisis de situaci\u00f3n bajo el t\u00edtulo: <em>\u201cAC\u00c1 ESTAMOS Y ALL\u00c1 VAMOS\u201d<\/em>, que estimo sigue teniendo actualidad, casi dir\u00eda que permanece vigente. Y hoy se me hace necesario revivirlo.<\/h3>\n<h3>En \u00e9l expresaba: \u201cEstamos en Villa Mercedes, provincia de San Lu\u00eds, Rep\u00fablica Argentina\u2026 en el a\u00f1o 2023, donde se decide el futuro de nuestro pa\u00eds, provincia y ciudad\u201d.<\/h3>\n<p><img fetchpriority=\"high\" decoding=\"async\" class=\"wp-image-3781 aligncenter\" src=\"https:\/\/apuntesdesanluis.com\/wp-content\/uploads\/2023\/09\/mones-ruiz-1-300x286.png\" alt=\"\" width=\"564\" height=\"538\" srcset=\"https:\/\/apuntesdesanluis.com\/wp-content\/uploads\/2023\/09\/mones-ruiz-1-300x286.png 300w, https:\/\/apuntesdesanluis.com\/wp-content\/uploads\/2023\/09\/mones-ruiz-1.png 421w\" sizes=\"(max-width: 564px) 100vw, 564px\" \/><\/p>\n<h3>Es, sin duda, un tiempo muy especial. Nos encontramos en un cruce de caminos (una encrucijada, tal vez la final) y tenemos que elegir cu\u00e1l recorrer. No es una decisi\u00f3n simple porque en ella nos va el Futuro.<\/h3>\n<h3>En el presente tenemos que resolver qu\u00e9 camino tomaremos. En el futuro, de acuerdo a la disposici\u00f3n que adoptemos, debemos entrar en una nueva etapa que es indispensable construyamos entre todos. Sabiendo, de antemano, que \u00e9sta es la \u00fanica manera de hacerlo.<\/h3>\n<h3><strong>\u00bfQu\u00e9 se pone en juego y, tambi\u00e9n, en riesgo?<\/strong>: <strong>\u00a1EL FUTURO!<\/strong><\/h3>\n<h3><strong>\u00bfEstamos en condiciones de lograrlo?: \u00a1S\u00cd!, SIN DUDA<\/strong>. Pero, es ineludible tener en cuenta -al menos- los \u00faltimos cuarenta a\u00f1os vividos. En ese lapso, muchos de nuestros afectos partieron. Numerosos no pudieron realizarse. Varios traicionaron sus propias y profundas convicciones. Otros accedieron y aceptaron participar en algo que pensaron bueno, pero en rigor tan viejo y repetido como la historia de los males.<\/h3>\n<h3><strong>\u00bfQu\u00e9 ser\u00eda forzoso entender y llevar a cabo?<\/strong><\/h3>\n<h3><strong>1\u00ba) <\/strong>En primer lugar, comprender que todos somos necesarios, pero ninguno imprescindible o irremplazable. De ellos est\u00e1n llenos los cementerios.<\/h3>\n<h3><strong>2\u00ba)<\/strong> En segundo, asumir que estamos en una situaci\u00f3n l\u00edmite, en la que no podemos permanecer porque sucumbir\u00edamos. Todo, absolutamente todo, corre peligro: la comunidad, la familia y hasta nuestra propia vida.<\/h3>\n<h3><strong>3\u00ba)<\/strong> Y, por \u00faltimo, tener la convicci\u00f3n, corajudamente fuerte, <em>QUE SE PUEDE<\/em> y ponerla al servicio de las acciones adecuadas para poder superarlo r\u00e1pidamente.<\/h3>\n<h3><strong>\u00bfEstamos preparados para hacerlo?: \u00a1SEGURAMENTE S\u00cd! <\/strong>Hay muchas circunstancias, claras y precisas, que as\u00ed lo determinan.<\/h3>\n<h3>Pero, como paso previo, en mi humilde opini\u00f3n, hay que obtener un esfuerzo de interpretaci\u00f3n para asir inteligentemente el estado actual en que se encuentran las cosas.<\/h3>\n<h3>Suele ocurrir que, en la vida personal de cada uno de nosotros, la primera actitud es dejar pasar el tiempo, en la creencia que su solo transcurso va ir arreglando y corrigiendo los desatinos producidos. Se tiende, como medida defensiva, a no enfrentar los problemas y adversidades, imaginando que pueden ser solucionados sin mayores dificultades por situaciones venideras. Y eso, exactamente, es lo que hicimos los pasados 40 a\u00f1os, sin ning\u00fan resultado positivo.<\/h3>\n<h3>Por ende, no nos queda otro camino que confrontar lo sucedido y enfrentar sus consecuencias. <strong><em>\u201cHay que agarrar el toro por las astas\u201d<\/em><\/strong>, comprometernos con alma y vida para salir airosos de los escenarios que nos atrapan, desconciertan y, cada vez m\u00e1s, nos hunden en la incertidumbre, la desesperanza y el pesimismo. Cuando, en rigor, lo que se requiere es <strong><em>desafiarlos sin miedo<\/em><\/strong>.<\/h3>\n<h3>Debemos preguntarnos, con sinceridad, qu\u00e9 modelo de pa\u00eds queremos: \u00bfCon educaci\u00f3n p\u00fablica?, \u00bfo sin ella?. \u00bfCon salud p\u00fablica o privada? \u00bfCon sistema de jubilaci\u00f3n solidario o privatizado? \u00bfCon un Estado que se ocupe de las funciones esenciales (m\u00e1s eficiente y sin corrupci\u00f3n) o dejar todo en manos del Dios mercado? \u00bfCon libre portaci\u00f3n de armas y libre comercio de \u00f3rganos, o un Estado que garantice la seguridad y el acceso igualitario a los servicios esenciales?<\/h3>\n<h3>\u201cVILLAMERCEDINOS, SANLUISE\u00d1OS, ARGENTINOS: <strong>\u00a1A LAS COSAS! \u00a1AHORA!<\/strong><\/h3>\n<h3><strong>No dejemos que nos venzan el des\u00e1nimo y la incomprensi\u00f3n. \u00a0NO DENOSTEMOS. \u00a1REALICEMOS!<\/strong><\/h3>\n<h3><strong>\u00a1VAMOS JUNTOS A LUCHAR POR EL FUTURO!<\/strong> <strong>Es el futuro de todos. Y, particularmente, de las nuevas generaciones, que nos obligan a dejarles algo mejor.<\/strong><\/h3>\n<h3><strong>\u00a1BUSQUEMOS EN CONJUNTO, CON FE, ESPERANZA Y MUCHO AMOR POR ARGENTINA, EL BIEN DE TODOS!<\/strong><\/h3>\n<p>&nbsp;<\/p>\n<h4><em>* Ex intendente de Villa Mercedes.<\/em><\/h4>\n<p>&nbsp;<\/p>\n<p><strong>\u00a0\u00a0<\/strong><\/p>\n<p>&nbsp;<\/p>\n<p>&nbsp;<\/p>\n","protected":false},"excerpt":{"rendered":"<p>Por Eduardo Gast\u00f3n Mones Ruiz * Cuando iniciaba este a\u00f1o (2 de enero), escrib\u00ed un&#8230;<\/p>\n","protected":false},"author":1,"featured_media":3782,"comment_status":"closed","ping_status":"closed","sticky":false,"template":"","format":"standard","meta":{"footnotes":""},"categories":[9],"tags":[],"class_list":["post-3780","post","type-post","status-publish","format-standard","has-post-thumbnail","hentry","category-opinion"],"yoast_head":"<!-- This site is optimized with the Yoast SEO plugin v26.1.1 - https:\/\/yoast.com\/wordpress\/plugins\/seo\/ -->\n<title>AC\u00c1 ESTAMOS: \u00bfAD\u00d3NDE VAMOS? - Apuntes de San Luis<\/title>\n<meta name=\"robots\" content=\"index, follow, max-snippet:-1, max-image-preview:large, max-video-preview:-1\" \/>\n<link rel=\"canonical\" href=\"https:\/\/apuntesdesanluis.com\/index.php\/2023\/09\/22\/aca-estamos-adonde-vamos\/\" \/>\n<meta property=\"og:locale\" content=\"es_ES\" \/>\n<meta property=\"og:type\" content=\"article\" \/>\n<meta property=\"og:title\" content=\"AC\u00c1 ESTAMOS: \u00bfAD\u00d3NDE VAMOS? - Apuntes de San Luis\" \/>\n<meta property=\"og:description\" content=\"Por Eduardo Gast\u00f3n Mones Ruiz * Cuando iniciaba este a\u00f1o (2 de enero), escrib\u00ed un...\" \/>\n<meta property=\"og:url\" content=\"https:\/\/apuntesdesanluis.com\/index.php\/2023\/09\/22\/aca-estamos-adonde-vamos\/\" \/>\n<meta property=\"og:site_name\" content=\"Apuntes de San Luis\" \/>\n<meta property=\"article:published_time\" content=\"2023-09-22T04:30:51+00:00\" \/>\n<meta property=\"article:modified_time\" content=\"2023-09-22T04:33:43+00:00\" \/>\n<meta property=\"og:image\" content=\"https:\/\/apuntesdesanluis.com\/wp-content\/uploads\/2023\/09\/argentina-1.png\" \/>\n\t<meta property=\"og:image:width\" content=\"538\" \/>\n\t<meta property=\"og:image:height\" content=\"317\" \/>\n\t<meta property=\"og:image:type\" content=\"image\/png\" \/>\n<meta name=\"author\" content=\"apuntesdesanluis.com\" \/>\n<meta name=\"twitter:card\" content=\"summary_large_image\" \/>\n<meta name=\"twitter:label1\" content=\"Escrito por\" \/>\n\t<meta name=\"twitter:data1\" content=\"apuntesdesanluis.com\" \/>\n\t<meta name=\"twitter:label2\" content=\"Tiempo de lectura\" \/>\n\t<meta name=\"twitter:data2\" content=\"4 minutos\" \/>\n<script type=\"application\/ld+json\" class=\"yoast-schema-graph\">{\"@context\":\"https:\/\/schema.org\",\"@graph\":[{\"@type\":\"Article\",\"@id\":\"https:\/\/apuntesdesanluis.com\/index.php\/2023\/09\/22\/aca-estamos-adonde-vamos\/#article\",\"isPartOf\":{\"@id\":\"https:\/\/apuntesdesanluis.com\/index.php\/2023\/09\/22\/aca-estamos-adonde-vamos\/\"},\"author\":{\"name\":\"apuntesdesanluis.com\",\"@id\":\"https:\/\/apuntesdesanluis.com\/#\/schema\/person\/b55151d52296fcce64d1a72538a70b90\"},\"headline\":\"AC\u00c1 ESTAMOS: \u00bfAD\u00d3NDE VAMOS?\",\"datePublished\":\"2023-09-22T04:30:51+00:00\",\"dateModified\":\"2023-09-22T04:33:43+00:00\",\"mainEntityOfPage\":{\"@id\":\"https:\/\/apuntesdesanluis.com\/index.php\/2023\/09\/22\/aca-estamos-adonde-vamos\/\"},\"wordCount\":668,\"publisher\":{\"@id\":\"https:\/\/apuntesdesanluis.com\/#\/schema\/person\/b55151d52296fcce64d1a72538a70b90\"},\"image\":{\"@id\":\"https:\/\/apuntesdesanluis.com\/index.php\/2023\/09\/22\/aca-estamos-adonde-vamos\/#primaryimage\"},\"thumbnailUrl\":\"https:\/\/apuntesdesanluis.com\/wp-content\/uploads\/2023\/09\/argentina-1.png\",\"articleSection\":[\"Opini\u00f3n\"],\"inLanguage\":\"es-AR\"},{\"@type\":\"WebPage\",\"@id\":\"https:\/\/apuntesdesanluis.com\/index.php\/2023\/09\/22\/aca-estamos-adonde-vamos\/\",\"url\":\"https:\/\/apuntesdesanluis.com\/index.php\/2023\/09\/22\/aca-estamos-adonde-vamos\/\",\"name\":\"AC\u00c1 ESTAMOS: \u00bfAD\u00d3NDE VAMOS? - Apuntes de San Luis\",\"isPartOf\":{\"@id\":\"https:\/\/apuntesdesanluis.com\/#website\"},\"primaryImageOfPage\":{\"@id\":\"https:\/\/apuntesdesanluis.com\/index.php\/2023\/09\/22\/aca-estamos-adonde-vamos\/#primaryimage\"},\"image\":{\"@id\":\"https:\/\/apuntesdesanluis.com\/index.php\/2023\/09\/22\/aca-estamos-adonde-vamos\/#primaryimage\"},\"thumbnailUrl\":\"https:\/\/apuntesdesanluis.com\/wp-content\/uploads\/2023\/09\/argentina-1.png\",\"datePublished\":\"2023-09-22T04:30:51+00:00\",\"dateModified\":\"2023-09-22T04:33:43+00:00\",\"breadcrumb\":{\"@id\":\"https:\/\/apuntesdesanluis.com\/index.php\/2023\/09\/22\/aca-estamos-adonde-vamos\/#breadcrumb\"},\"inLanguage\":\"es-AR\",\"potentialAction\":[{\"@type\":\"ReadAction\",\"target\":[\"https:\/\/apuntesdesanluis.com\/index.php\/2023\/09\/22\/aca-estamos-adonde-vamos\/\"]}]},{\"@type\":\"ImageObject\",\"inLanguage\":\"es-AR\",\"@id\":\"https:\/\/apuntesdesanluis.com\/index.php\/2023\/09\/22\/aca-estamos-adonde-vamos\/#primaryimage\",\"url\":\"https:\/\/apuntesdesanluis.com\/wp-content\/uploads\/2023\/09\/argentina-1.png\",\"contentUrl\":\"https:\/\/apuntesdesanluis.com\/wp-content\/uploads\/2023\/09\/argentina-1.png\",\"width\":538,\"height\":317},{\"@type\":\"BreadcrumbList\",\"@id\":\"https:\/\/apuntesdesanluis.com\/index.php\/2023\/09\/22\/aca-estamos-adonde-vamos\/#breadcrumb\",\"itemListElement\":[{\"@type\":\"ListItem\",\"position\":1,\"name\":\"Inicio\",\"item\":\"https:\/\/apuntesdesanluis.com\/\"},{\"@type\":\"ListItem\",\"position\":2,\"name\":\"AC\u00c1 ESTAMOS: \u00bfAD\u00d3NDE VAMOS?\"}]},{\"@type\":\"WebSite\",\"@id\":\"https:\/\/apuntesdesanluis.com\/#website\",\"url\":\"https:\/\/apuntesdesanluis.com\/\",\"name\":\"Apuntes de San Luis\",\"description\":\"\",\"publisher\":{\"@id\":\"https:\/\/apuntesdesanluis.com\/#\/schema\/person\/b55151d52296fcce64d1a72538a70b90\"},\"potentialAction\":[{\"@type\":\"SearchAction\",\"target\":{\"@type\":\"EntryPoint\",\"urlTemplate\":\"https:\/\/apuntesdesanluis.com\/?s={search_term_string}\"},\"query-input\":{\"@type\":\"PropertyValueSpecification\",\"valueRequired\":true,\"valueName\":\"search_term_string\"}}],\"inLanguage\":\"es-AR\"},{\"@type\":[\"Person\",\"Organization\"],\"@id\":\"https:\/\/apuntesdesanluis.com\/#\/schema\/person\/b55151d52296fcce64d1a72538a70b90\",\"name\":\"apuntesdesanluis.com\",\"image\":{\"@type\":\"ImageObject\",\"inLanguage\":\"es-AR\",\"@id\":\"https:\/\/apuntesdesanluis.com\/#\/schema\/person\/image\/\",\"url\":\"https:\/\/apuntesdesanluis.com\/wp-content\/uploads\/2023\/07\/cropped-apuntesdesanluis.png\",\"contentUrl\":\"https:\/\/apuntesdesanluis.com\/wp-content\/uploads\/2023\/07\/cropped-apuntesdesanluis.png\",\"width\":450,\"height\":112,\"caption\":\"apuntesdesanluis.com\"},\"logo\":{\"@id\":\"https:\/\/apuntesdesanluis.com\/#\/schema\/person\/image\/\"},\"sameAs\":[\"https:\/\/apuntesdesanluis.com\"],\"url\":\"https:\/\/apuntesdesanluis.com\/index.php\/author\/apuntesdesanluis-com\/\"}]}<\/script>\n<!-- \/ Yoast SEO plugin. -->","yoast_head_json":{"title":"AC\u00c1 ESTAMOS: \u00bfAD\u00d3NDE VAMOS? - Apuntes de San Luis","robots":{"index":"index","follow":"follow","max-snippet":"max-snippet:-1","max-image-preview":"max-image-preview:large","max-video-preview":"max-video-preview:-1"},"canonical":"https:\/\/apuntesdesanluis.com\/index.php\/2023\/09\/22\/aca-estamos-adonde-vamos\/","og_locale":"es_ES","og_type":"article","og_title":"AC\u00c1 ESTAMOS: \u00bfAD\u00d3NDE VAMOS? - Apuntes de San Luis","og_description":"Por Eduardo Gast\u00f3n Mones Ruiz * Cuando iniciaba este a\u00f1o (2 de enero), escrib\u00ed un...","og_url":"https:\/\/apuntesdesanluis.com\/index.php\/2023\/09\/22\/aca-estamos-adonde-vamos\/","og_site_name":"Apuntes de San Luis","article_published_time":"2023-09-22T04:30:51+00:00","article_modified_time":"2023-09-22T04:33:43+00:00","og_image":[{"width":538,"height":317,"url":"https:\/\/apuntesdesanluis.com\/wp-content\/uploads\/2023\/09\/argentina-1.png","type":"image\/png"}],"author":"apuntesdesanluis.com","twitter_card":"summary_large_image","twitter_misc":{"Escrito por":"apuntesdesanluis.com","Tiempo de lectura":"4 minutos"},"schema":{"@context":"https:\/\/schema.org","@graph":[{"@type":"Article","@id":"https:\/\/apuntesdesanluis.com\/index.php\/2023\/09\/22\/aca-estamos-adonde-vamos\/#article","isPartOf":{"@id":"https:\/\/apuntesdesanluis.com\/index.php\/2023\/09\/22\/aca-estamos-adonde-vamos\/"},"author":{"name":"apuntesdesanluis.com","@id":"https:\/\/apuntesdesanluis.com\/#\/schema\/person\/b55151d52296fcce64d1a72538a70b90"},"headline":"AC\u00c1 ESTAMOS: \u00bfAD\u00d3NDE VAMOS?","datePublished":"2023-09-22T04:30:51+00:00","dateModified":"2023-09-22T04:33:43+00:00","mainEntityOfPage":{"@id":"https:\/\/apuntesdesanluis.com\/index.php\/2023\/09\/22\/aca-estamos-adonde-vamos\/"},"wordCount":668,"publisher":{"@id":"https:\/\/apuntesdesanluis.com\/#\/schema\/person\/b55151d52296fcce64d1a72538a70b90"},"image":{"@id":"https:\/\/apuntesdesanluis.com\/index.php\/2023\/09\/22\/aca-estamos-adonde-vamos\/#primaryimage"},"thumbnailUrl":"https:\/\/apuntesdesanluis.com\/wp-content\/uploads\/2023\/09\/argentina-1.png","articleSection":["Opini\u00f3n"],"inLanguage":"es-AR"},{"@type":"WebPage","@id":"https:\/\/apuntesdesanluis.com\/index.php\/2023\/09\/22\/aca-estamos-adonde-vamos\/","url":"https:\/\/apuntesdesanluis.com\/index.php\/2023\/09\/22\/aca-estamos-adonde-vamos\/","name":"AC\u00c1 ESTAMOS: \u00bfAD\u00d3NDE VAMOS? - Apuntes de San Luis","isPartOf":{"@id":"https:\/\/apuntesdesanluis.com\/#website"},"primaryImageOfPage":{"@id":"https:\/\/apuntesdesanluis.com\/index.php\/2023\/09\/22\/aca-estamos-adonde-vamos\/#primaryimage"},"image":{"@id":"https:\/\/apuntesdesanluis.com\/index.php\/2023\/09\/22\/aca-estamos-adonde-vamos\/#primaryimage"},"thumbnailUrl":"https:\/\/apuntesdesanluis.com\/wp-content\/uploads\/2023\/09\/argentina-1.png","datePublished":"2023-09-22T04:30:51+00:00","dateModified":"2023-09-22T04:33:43+00:00","breadcrumb":{"@id":"https:\/\/apuntesdesanluis.com\/index.php\/2023\/09\/22\/aca-estamos-adonde-vamos\/#breadcrumb"},"inLanguage":"es-AR","potentialAction":[{"@type":"ReadAction","target":["https:\/\/apuntesdesanluis.com\/index.php\/2023\/09\/22\/aca-estamos-adonde-vamos\/"]}]},{"@type":"ImageObject","inLanguage":"es-AR","@id":"https:\/\/apuntesdesanluis.com\/index.php\/2023\/09\/22\/aca-estamos-adonde-vamos\/#primaryimage","url":"https:\/\/apuntesdesanluis.com\/wp-content\/uploads\/2023\/09\/argentina-1.png","contentUrl":"https:\/\/apuntesdesanluis.com\/wp-content\/uploads\/2023\/09\/argentina-1.png","width":538,"height":317},{"@type":"BreadcrumbList","@id":"https:\/\/apuntesdesanluis.com\/index.php\/2023\/09\/22\/aca-estamos-adonde-vamos\/#breadcrumb","itemListElement":[{"@type":"ListItem","position":1,"name":"Inicio","item":"https:\/\/apuntesdesanluis.com\/"},{"@type":"ListItem","position":2,"name":"AC\u00c1 ESTAMOS: \u00bfAD\u00d3NDE VAMOS?"}]},{"@type":"WebSite","@id":"https:\/\/apuntesdesanluis.com\/#website","url":"https:\/\/apuntesdesanluis.com\/","name":"Apuntes de San Luis","description":"","publisher":{"@id":"https:\/\/apuntesdesanluis.com\/#\/schema\/person\/b55151d52296fcce64d1a72538a70b90"},"potentialAction":[{"@type":"SearchAction","target":{"@type":"EntryPoint","urlTemplate":"https:\/\/apuntesdesanluis.com\/?s={search_term_string}"},"query-input":{"@type":"PropertyValueSpecification","valueRequired":true,"valueName":"search_term_string"}}],"inLanguage":"es-AR"},{"@type":["Person","Organization"],"@id":"https:\/\/apuntesdesanluis.com\/#\/schema\/person\/b55151d52296fcce64d1a72538a70b90","name":"apuntesdesanluis.com","image":{"@type":"ImageObject","inLanguage":"es-AR","@id":"https:\/\/apuntesdesanluis.com\/#\/schema\/person\/image\/","url":"https:\/\/apuntesdesanluis.com\/wp-content\/uploads\/2023\/07\/cropped-apuntesdesanluis.png","contentUrl":"https:\/\/apuntesdesanluis.com\/wp-content\/uploads\/2023\/07\/cropped-apuntesdesanluis.png","width":450,"height":112,"caption":"apuntesdesanluis.com"},"logo":{"@id":"https:\/\/apuntesdesanluis.com\/#\/schema\/person\/image\/"},"sameAs":["https:\/\/apuntesdesanluis.com"],"url":"https:\/\/apuntesdesanluis.com\/index.php\/author\/apuntesdesanluis-com\/"}]}},"featured_image_urls":{"full":["https:\/\/apuntesdesanluis.com\/wp-content\/uploads\/2023\/09\/argentina-1.png",538,317,false],"thumbnail":["https:\/\/apuntesdesanluis.com\/wp-content\/uploads\/2023\/09\/argentina-1-150x150.png",150,150,true],"medium":["https:\/\/apuntesdesanluis.com\/wp-content\/uploads\/2023\/09\/argentina-1-300x177.png",300,177,true],"medium_large":["https:\/\/apuntesdesanluis.com\/wp-content\/uploads\/2023\/09\/argentina-1.png",538,317,false],"large":["https:\/\/apuntesdesanluis.com\/wp-content\/uploads\/2023\/09\/argentina-1.png",538,317,false],"1536x1536":["https:\/\/apuntesdesanluis.com\/wp-content\/uploads\/2023\/09\/argentina-1.png",538,317,false],"2048x2048":["https:\/\/apuntesdesanluis.com\/wp-content\/uploads\/2023\/09\/argentina-1.png",538,317,false],"newsever-slider-full":["https:\/\/apuntesdesanluis.com\/wp-content\/uploads\/2023\/09\/argentina-1.png",538,317,false],"newsever-featured":["https:\/\/apuntesdesanluis.com\/wp-content\/uploads\/2023\/09\/argentina-1.png",538,317,false],"newsever-medium":["https:\/\/apuntesdesanluis.com\/wp-content\/uploads\/2023\/09\/argentina-1.png",538,317,false]},"author_info":{"display_name":"apuntesdesanluis.com","author_link":"https:\/\/apuntesdesanluis.com\/index.php\/author\/apuntesdesanluis-com\/"},"category_info":"<a href=\"https:\/\/apuntesdesanluis.com\/index.php\/category\/opinion\/\" rel=\"category tag\">Opini\u00f3n<\/a>","tag_info":"Opini\u00f3n","comment_count":"0","_links":{"self":[{"href":"https:\/\/apuntesdesanluis.com\/index.php\/wp-json\/wp\/v2\/posts\/3780","targetHints":{"allow":["GET"]}}],"collection":[{"href":"https:\/\/apuntesdesanluis.com\/index.php\/wp-json\/wp\/v2\/posts"}],"about":[{"href":"https:\/\/apuntesdesanluis.com\/index.php\/wp-json\/wp\/v2\/types\/post"}],"author":[{"embeddable":true,"href":"https:\/\/apuntesdesanluis.com\/index.php\/wp-json\/wp\/v2\/users\/1"}],"replies":[{"embeddable":true,"href":"https:\/\/apuntesdesanluis.com\/index.php\/wp-json\/wp\/v2\/comments?post=3780"}],"version-history":[{"count":3,"href":"https:\/\/apuntesdesanluis.com\/index.php\/wp-json\/wp\/v2\/posts\/3780\/revisions"}],"predecessor-version":[{"id":3785,"href":"https:\/\/apuntesdesanluis.com\/index.php\/wp-json\/wp\/v2\/posts\/3780\/revisions\/3785"}],"wp:featuredmedia":[{"embeddable":true,"href":"https:\/\/apuntesdesanluis.com\/index.php\/wp-json\/wp\/v2\/media\/3782"}],"wp:attachment":[{"href":"https:\/\/apuntesdesanluis.com\/index.php\/wp-json\/wp\/v2\/media?parent=3780"}],"wp:term":[{"taxonomy":"category","embeddable":true,"href":"https:\/\/apuntesdesanluis.com\/index.php\/wp-json\/wp\/v2\/categories?post=3780"},{"taxonomy":"post_tag","embeddable":true,"href":"https:\/\/apuntesdesanluis.com\/index.php\/wp-json\/wp\/v2\/tags?post=3780"}],"curies":[{"name":"wp","href":"https:\/\/api.w.org\/{rel}","templated":true}]}}