{"id":3786,"date":"2023-09-21T10:53:22","date_gmt":"2023-09-21T13:53:22","guid":{"rendered":"https:\/\/apuntesdesanluis.com\/?p=3786"},"modified":"2023-09-22T01:57:42","modified_gmt":"2023-09-22T04:57:42","slug":"ademas-de-los-festejos-por-nuestro-dia-este-es-un-momento-de-prudencia-y-reflexion","status":"publish","type":"post","link":"https:\/\/apuntesdesanluis.com\/index.php\/2023\/09\/21\/ademas-de-los-festejos-por-nuestro-dia-este-es-un-momento-de-prudencia-y-reflexion\/","title":{"rendered":"\u201cM\u00c1S ALL\u00c1 DE LOS FESTEJOS POR NUESTRO D\u00cdA, \u00c9STE ES UN MOMENTO DE PRUDENCIA Y REFLEXI\u00d3N\u201d"},"content":{"rendered":"<h3 class=\"yiv7409174924ydp6329976emsonormal\" style=\"text-align: justify; background: white;\"><span style=\"font-family: 'Arial','sans-serif'; color: #1d2228;\">As\u00ed lo consider\u00f3 el Secretario General de la Asociaci\u00f3n de trabajadores de la Sanidad, <strong>An\u00edbal G\u00f3mez<\/strong>, en el <strong>D\u00eda de la Sanidad<\/strong>, al analizar el contexto nacional y provincial que atravesamos.<\/span><\/h3>\n<h3 class=\"yiv7409174924ydp6329976emsonormal\" style=\"text-align: justify; background: white;\"><span style=\"font-family: 'Arial','sans-serif'; color: #1d2228;\">\u201cLa verdad es que estamos en un momento dif\u00edcil, con una econom\u00eda convulsionada, que nos genera mucha preocupaci\u00f3n. Un gobierno nacional que trata de combatir la crisis y algo similar en la provincia, donde se ha dado un aumento destinado a compensar la p\u00e9rdida de poder adquisitivo. Todo esto en medio de un proceso electoral, lo cual exacerba los \u00e1nimos. Ya sabemos que cuando esto pasa cada uno intenta llevar agua para su molino y aparecen las peores y m\u00e1s mezquinas actitudes\u201d, apunt\u00f3.<\/span><\/h3>\n<h3 class=\"yiv7409174924ydp6329976emsonormal\" style=\"text-align: justify; background: white;\"><span style=\"font-family: 'Arial','sans-serif'; color: #1d2228;\">Agreg\u00f3 que \u201cen estos momentos es cuando m\u00e1s unidos debemos estar los trabajadores y actuar con racionalidad y prudencia, no echar m\u00e1s nafta al fuego. Tratar de dialogar y buscar consensos, porque de nada sirve la pelea por la pelea misma. Agredir al otro o descalificarlo, sea un compa\u00f1ero o un funcionario, nunca es un buen camino. Y desde nuestro gremio hemos sido siempre cuidadosos en este sentido, para proteger a nuestra organizaci\u00f3n. Porque es nuestra segunda casa, donde encontramos contenci\u00f3n y respuesta a nuestros problemas\u201d, explic\u00f3 el titular de ATSA.<\/span><\/h3>\n<p><img fetchpriority=\"high\" decoding=\"async\" class=\"wp-image-3788 aligncenter\" src=\"https:\/\/apuntesdesanluis.com\/wp-content\/uploads\/2023\/09\/380714207_620236450283732_3384830439968188827_n-300x169.jpg\" alt=\"\" width=\"657\" height=\"370\" srcset=\"https:\/\/apuntesdesanluis.com\/wp-content\/uploads\/2023\/09\/380714207_620236450283732_3384830439968188827_n-300x169.jpg 300w, https:\/\/apuntesdesanluis.com\/wp-content\/uploads\/2023\/09\/380714207_620236450283732_3384830439968188827_n.jpg 600w\" sizes=\"(max-width: 657px) 100vw, 657px\" \/><\/p>\n<h3 class=\"yiv7409174924ydp6329976emsonormal\" style=\"text-align: justify; background: white;\"><span style=\"font-family: 'Arial','sans-serif'; color: #1d2228;\">Finalmente, le envi\u00f3 un \u201csincero y afectuoso saludo a todos los trabajadores de la familia de la sanidad\u201d y comparti\u00f3 el comunicado que eman\u00f3 de la Federaci\u00f3n de Trabajadores de la Sanidad de la Rep\u00fablica Argentina.<\/span><\/h3>\n<p><img decoding=\"async\" class=\"wp-image-3789 aligncenter\" src=\"https:\/\/apuntesdesanluis.com\/wp-content\/uploads\/2023\/09\/382055853_620442446929799_2116289801566304786_n-187x300.jpg\" alt=\"\" width=\"726\" height=\"1165\" srcset=\"https:\/\/apuntesdesanluis.com\/wp-content\/uploads\/2023\/09\/382055853_620442446929799_2116289801566304786_n-187x300.jpg 187w, https:\/\/apuntesdesanluis.com\/wp-content\/uploads\/2023\/09\/382055853_620442446929799_2116289801566304786_n.jpg 461w\" sizes=\"(max-width: 726px) 100vw, 726px\" \/><\/p>\n","protected":false},"excerpt":{"rendered":"<p>As\u00ed lo consider\u00f3 el Secretario General de la Asociaci\u00f3n de trabajadores de la Sanidad, An\u00edbal&#8230;<\/p>\n","protected":false},"author":1,"featured_media":3787,"comment_status":"closed","ping_status":"closed","sticky":false,"template":"","format":"standard","meta":{"footnotes":""},"categories":[6],"tags":[],"class_list":["post-3786","post","type-post","status-publish","format-standard","has-post-thumbnail","hentry","category-ciudad-provincia"],"yoast_head":"<!-- This site is optimized with the Yoast SEO plugin v26.1.1 - https:\/\/yoast.com\/wordpress\/plugins\/seo\/ -->\n<title>\u201cM\u00c1S ALL\u00c1 DE LOS FESTEJOS POR NUESTRO D\u00cdA, \u00c9STE ES UN MOMENTO DE PRUDENCIA Y REFLEXI\u00d3N\u201d - Apuntes de San Luis<\/title>\n<meta name=\"robots\" content=\"index, follow, max-snippet:-1, max-image-preview:large, max-video-preview:-1\" \/>\n<link rel=\"canonical\" href=\"https:\/\/apuntesdesanluis.com\/index.php\/2023\/09\/21\/ademas-de-los-festejos-por-nuestro-dia-este-es-un-momento-de-prudencia-y-reflexion\/\" \/>\n<meta property=\"og:locale\" content=\"es_ES\" \/>\n<meta property=\"og:type\" content=\"article\" \/>\n<meta property=\"og:title\" content=\"\u201cM\u00c1S ALL\u00c1 DE LOS FESTEJOS POR NUESTRO D\u00cdA, \u00c9STE ES UN MOMENTO DE PRUDENCIA Y REFLEXI\u00d3N\u201d - Apuntes de San Luis\" \/>\n<meta property=\"og:description\" content=\"As\u00ed lo consider\u00f3 el Secretario General de la Asociaci\u00f3n de trabajadores de la Sanidad, An\u00edbal...\" \/>\n<meta property=\"og:url\" content=\"https:\/\/apuntesdesanluis.com\/index.php\/2023\/09\/21\/ademas-de-los-festejos-por-nuestro-dia-este-es-un-momento-de-prudencia-y-reflexion\/\" \/>\n<meta property=\"og:site_name\" content=\"Apuntes de San Luis\" \/>\n<meta property=\"article:published_time\" content=\"2023-09-21T13:53:22+00:00\" \/>\n<meta property=\"article:modified_time\" content=\"2023-09-22T04:57:42+00:00\" \/>\n<meta property=\"og:image\" content=\"https:\/\/apuntesdesanluis.com\/wp-content\/uploads\/2023\/09\/Anibal-gomez.png\" \/>\n\t<meta property=\"og:image:width\" content=\"711\" \/>\n\t<meta property=\"og:image:height\" content=\"423\" \/>\n\t<meta property=\"og:image:type\" content=\"image\/png\" \/>\n<meta name=\"author\" content=\"apuntesdesanluis.com\" \/>\n<meta name=\"twitter:card\" content=\"summary_large_image\" \/>\n<meta name=\"twitter:label1\" content=\"Escrito por\" \/>\n\t<meta name=\"twitter:data1\" content=\"apuntesdesanluis.com\" \/>\n\t<meta name=\"twitter:label2\" content=\"Tiempo de lectura\" \/>\n\t<meta name=\"twitter:data2\" content=\"2 minutos\" \/>\n<script type=\"application\/ld+json\" class=\"yoast-schema-graph\">{\"@context\":\"https:\/\/schema.org\",\"@graph\":[{\"@type\":\"Article\",\"@id\":\"https:\/\/apuntesdesanluis.com\/index.php\/2023\/09\/21\/ademas-de-los-festejos-por-nuestro-dia-este-es-un-momento-de-prudencia-y-reflexion\/#article\",\"isPartOf\":{\"@id\":\"https:\/\/apuntesdesanluis.com\/index.php\/2023\/09\/21\/ademas-de-los-festejos-por-nuestro-dia-este-es-un-momento-de-prudencia-y-reflexion\/\"},\"author\":{\"name\":\"apuntesdesanluis.com\",\"@id\":\"https:\/\/apuntesdesanluis.com\/#\/schema\/person\/b55151d52296fcce64d1a72538a70b90\"},\"headline\":\"\u201cM\u00c1S ALL\u00c1 DE LOS FESTEJOS POR NUESTRO D\u00cdA, \u00c9STE ES UN MOMENTO DE PRUDENCIA Y REFLEXI\u00d3N\u201d\",\"datePublished\":\"2023-09-21T13:53:22+00:00\",\"dateModified\":\"2023-09-22T04:57:42+00:00\",\"mainEntityOfPage\":{\"@id\":\"https:\/\/apuntesdesanluis.com\/index.php\/2023\/09\/21\/ademas-de-los-festejos-por-nuestro-dia-este-es-un-momento-de-prudencia-y-reflexion\/\"},\"wordCount\":276,\"publisher\":{\"@id\":\"https:\/\/apuntesdesanluis.com\/#\/schema\/person\/b55151d52296fcce64d1a72538a70b90\"},\"image\":{\"@id\":\"https:\/\/apuntesdesanluis.com\/index.php\/2023\/09\/21\/ademas-de-los-festejos-por-nuestro-dia-este-es-un-momento-de-prudencia-y-reflexion\/#primaryimage\"},\"thumbnailUrl\":\"https:\/\/apuntesdesanluis.com\/wp-content\/uploads\/2023\/09\/Anibal-gomez.png\",\"articleSection\":[\"Ciudad\/Provincia\"],\"inLanguage\":\"es-AR\"},{\"@type\":\"WebPage\",\"@id\":\"https:\/\/apuntesdesanluis.com\/index.php\/2023\/09\/21\/ademas-de-los-festejos-por-nuestro-dia-este-es-un-momento-de-prudencia-y-reflexion\/\",\"url\":\"https:\/\/apuntesdesanluis.com\/index.php\/2023\/09\/21\/ademas-de-los-festejos-por-nuestro-dia-este-es-un-momento-de-prudencia-y-reflexion\/\",\"name\":\"\u201cM\u00c1S ALL\u00c1 DE LOS FESTEJOS POR NUESTRO D\u00cdA, \u00c9STE ES UN MOMENTO DE PRUDENCIA Y REFLEXI\u00d3N\u201d - Apuntes de San Luis\",\"isPartOf\":{\"@id\":\"https:\/\/apuntesdesanluis.com\/#website\"},\"primaryImageOfPage\":{\"@id\":\"https:\/\/apuntesdesanluis.com\/index.php\/2023\/09\/21\/ademas-de-los-festejos-por-nuestro-dia-este-es-un-momento-de-prudencia-y-reflexion\/#primaryimage\"},\"image\":{\"@id\":\"https:\/\/apuntesdesanluis.com\/index.php\/2023\/09\/21\/ademas-de-los-festejos-por-nuestro-dia-este-es-un-momento-de-prudencia-y-reflexion\/#primaryimage\"},\"thumbnailUrl\":\"https:\/\/apuntesdesanluis.com\/wp-content\/uploads\/2023\/09\/Anibal-gomez.png\",\"datePublished\":\"2023-09-21T13:53:22+00:00\",\"dateModified\":\"2023-09-22T04:57:42+00:00\",\"breadcrumb\":{\"@id\":\"https:\/\/apuntesdesanluis.com\/index.php\/2023\/09\/21\/ademas-de-los-festejos-por-nuestro-dia-este-es-un-momento-de-prudencia-y-reflexion\/#breadcrumb\"},\"inLanguage\":\"es-AR\",\"potentialAction\":[{\"@type\":\"ReadAction\",\"target\":[\"https:\/\/apuntesdesanluis.com\/index.php\/2023\/09\/21\/ademas-de-los-festejos-por-nuestro-dia-este-es-un-momento-de-prudencia-y-reflexion\/\"]}]},{\"@type\":\"ImageObject\",\"inLanguage\":\"es-AR\",\"@id\":\"https:\/\/apuntesdesanluis.com\/index.php\/2023\/09\/21\/ademas-de-los-festejos-por-nuestro-dia-este-es-un-momento-de-prudencia-y-reflexion\/#primaryimage\",\"url\":\"https:\/\/apuntesdesanluis.com\/wp-content\/uploads\/2023\/09\/Anibal-gomez.png\",\"contentUrl\":\"https:\/\/apuntesdesanluis.com\/wp-content\/uploads\/2023\/09\/Anibal-gomez.png\",\"width\":711,\"height\":423},{\"@type\":\"BreadcrumbList\",\"@id\":\"https:\/\/apuntesdesanluis.com\/index.php\/2023\/09\/21\/ademas-de-los-festejos-por-nuestro-dia-este-es-un-momento-de-prudencia-y-reflexion\/#breadcrumb\",\"itemListElement\":[{\"@type\":\"ListItem\",\"position\":1,\"name\":\"Inicio\",\"item\":\"https:\/\/apuntesdesanluis.com\/\"},{\"@type\":\"ListItem\",\"position\":2,\"name\":\"\u201cM\u00c1S ALL\u00c1 DE LOS FESTEJOS POR NUESTRO D\u00cdA, \u00c9STE ES UN MOMENTO DE PRUDENCIA Y REFLEXI\u00d3N\u201d\"}]},{\"@type\":\"WebSite\",\"@id\":\"https:\/\/apuntesdesanluis.com\/#website\",\"url\":\"https:\/\/apuntesdesanluis.com\/\",\"name\":\"Apuntes de San Luis\",\"description\":\"\",\"publisher\":{\"@id\":\"https:\/\/apuntesdesanluis.com\/#\/schema\/person\/b55151d52296fcce64d1a72538a70b90\"},\"potentialAction\":[{\"@type\":\"SearchAction\",\"target\":{\"@type\":\"EntryPoint\",\"urlTemplate\":\"https:\/\/apuntesdesanluis.com\/?s={search_term_string}\"},\"query-input\":{\"@type\":\"PropertyValueSpecification\",\"valueRequired\":true,\"valueName\":\"search_term_string\"}}],\"inLanguage\":\"es-AR\"},{\"@type\":[\"Person\",\"Organization\"],\"@id\":\"https:\/\/apuntesdesanluis.com\/#\/schema\/person\/b55151d52296fcce64d1a72538a70b90\",\"name\":\"apuntesdesanluis.com\",\"image\":{\"@type\":\"ImageObject\",\"inLanguage\":\"es-AR\",\"@id\":\"https:\/\/apuntesdesanluis.com\/#\/schema\/person\/image\/\",\"url\":\"https:\/\/apuntesdesanluis.com\/wp-content\/uploads\/2023\/07\/cropped-apuntesdesanluis.png\",\"contentUrl\":\"https:\/\/apuntesdesanluis.com\/wp-content\/uploads\/2023\/07\/cropped-apuntesdesanluis.png\",\"width\":450,\"height\":112,\"caption\":\"apuntesdesanluis.com\"},\"logo\":{\"@id\":\"https:\/\/apuntesdesanluis.com\/#\/schema\/person\/image\/\"},\"sameAs\":[\"https:\/\/apuntesdesanluis.com\"],\"url\":\"https:\/\/apuntesdesanluis.com\/index.php\/author\/apuntesdesanluis-com\/\"}]}<\/script>\n<!-- \/ Yoast SEO plugin. -->","yoast_head_json":{"title":"\u201cM\u00c1S ALL\u00c1 DE LOS FESTEJOS POR NUESTRO D\u00cdA, \u00c9STE ES UN MOMENTO DE PRUDENCIA Y REFLEXI\u00d3N\u201d - Apuntes de San Luis","robots":{"index":"index","follow":"follow","max-snippet":"max-snippet:-1","max-image-preview":"max-image-preview:large","max-video-preview":"max-video-preview:-1"},"canonical":"https:\/\/apuntesdesanluis.com\/index.php\/2023\/09\/21\/ademas-de-los-festejos-por-nuestro-dia-este-es-un-momento-de-prudencia-y-reflexion\/","og_locale":"es_ES","og_type":"article","og_title":"\u201cM\u00c1S ALL\u00c1 DE LOS FESTEJOS POR NUESTRO D\u00cdA, \u00c9STE ES UN MOMENTO DE PRUDENCIA Y REFLEXI\u00d3N\u201d - Apuntes de San Luis","og_description":"As\u00ed lo consider\u00f3 el Secretario General de la Asociaci\u00f3n de trabajadores de la Sanidad, An\u00edbal...","og_url":"https:\/\/apuntesdesanluis.com\/index.php\/2023\/09\/21\/ademas-de-los-festejos-por-nuestro-dia-este-es-un-momento-de-prudencia-y-reflexion\/","og_site_name":"Apuntes de San Luis","article_published_time":"2023-09-21T13:53:22+00:00","article_modified_time":"2023-09-22T04:57:42+00:00","og_image":[{"width":711,"height":423,"url":"https:\/\/apuntesdesanluis.com\/wp-content\/uploads\/2023\/09\/Anibal-gomez.png","type":"image\/png"}],"author":"apuntesdesanluis.com","twitter_card":"summary_large_image","twitter_misc":{"Escrito por":"apuntesdesanluis.com","Tiempo de lectura":"2 minutos"},"schema":{"@context":"https:\/\/schema.org","@graph":[{"@type":"Article","@id":"https:\/\/apuntesdesanluis.com\/index.php\/2023\/09\/21\/ademas-de-los-festejos-por-nuestro-dia-este-es-un-momento-de-prudencia-y-reflexion\/#article","isPartOf":{"@id":"https:\/\/apuntesdesanluis.com\/index.php\/2023\/09\/21\/ademas-de-los-festejos-por-nuestro-dia-este-es-un-momento-de-prudencia-y-reflexion\/"},"author":{"name":"apuntesdesanluis.com","@id":"https:\/\/apuntesdesanluis.com\/#\/schema\/person\/b55151d52296fcce64d1a72538a70b90"},"headline":"\u201cM\u00c1S ALL\u00c1 DE LOS FESTEJOS POR NUESTRO D\u00cdA, \u00c9STE ES UN MOMENTO DE PRUDENCIA Y REFLEXI\u00d3N\u201d","datePublished":"2023-09-21T13:53:22+00:00","dateModified":"2023-09-22T04:57:42+00:00","mainEntityOfPage":{"@id":"https:\/\/apuntesdesanluis.com\/index.php\/2023\/09\/21\/ademas-de-los-festejos-por-nuestro-dia-este-es-un-momento-de-prudencia-y-reflexion\/"},"wordCount":276,"publisher":{"@id":"https:\/\/apuntesdesanluis.com\/#\/schema\/person\/b55151d52296fcce64d1a72538a70b90"},"image":{"@id":"https:\/\/apuntesdesanluis.com\/index.php\/2023\/09\/21\/ademas-de-los-festejos-por-nuestro-dia-este-es-un-momento-de-prudencia-y-reflexion\/#primaryimage"},"thumbnailUrl":"https:\/\/apuntesdesanluis.com\/wp-content\/uploads\/2023\/09\/Anibal-gomez.png","articleSection":["Ciudad\/Provincia"],"inLanguage":"es-AR"},{"@type":"WebPage","@id":"https:\/\/apuntesdesanluis.com\/index.php\/2023\/09\/21\/ademas-de-los-festejos-por-nuestro-dia-este-es-un-momento-de-prudencia-y-reflexion\/","url":"https:\/\/apuntesdesanluis.com\/index.php\/2023\/09\/21\/ademas-de-los-festejos-por-nuestro-dia-este-es-un-momento-de-prudencia-y-reflexion\/","name":"\u201cM\u00c1S ALL\u00c1 DE LOS FESTEJOS POR NUESTRO D\u00cdA, \u00c9STE ES UN MOMENTO DE PRUDENCIA Y REFLEXI\u00d3N\u201d - Apuntes de San Luis","isPartOf":{"@id":"https:\/\/apuntesdesanluis.com\/#website"},"primaryImageOfPage":{"@id":"https:\/\/apuntesdesanluis.com\/index.php\/2023\/09\/21\/ademas-de-los-festejos-por-nuestro-dia-este-es-un-momento-de-prudencia-y-reflexion\/#primaryimage"},"image":{"@id":"https:\/\/apuntesdesanluis.com\/index.php\/2023\/09\/21\/ademas-de-los-festejos-por-nuestro-dia-este-es-un-momento-de-prudencia-y-reflexion\/#primaryimage"},"thumbnailUrl":"https:\/\/apuntesdesanluis.com\/wp-content\/uploads\/2023\/09\/Anibal-gomez.png","datePublished":"2023-09-21T13:53:22+00:00","dateModified":"2023-09-22T04:57:42+00:00","breadcrumb":{"@id":"https:\/\/apuntesdesanluis.com\/index.php\/2023\/09\/21\/ademas-de-los-festejos-por-nuestro-dia-este-es-un-momento-de-prudencia-y-reflexion\/#breadcrumb"},"inLanguage":"es-AR","potentialAction":[{"@type":"ReadAction","target":["https:\/\/apuntesdesanluis.com\/index.php\/2023\/09\/21\/ademas-de-los-festejos-por-nuestro-dia-este-es-un-momento-de-prudencia-y-reflexion\/"]}]},{"@type":"ImageObject","inLanguage":"es-AR","@id":"https:\/\/apuntesdesanluis.com\/index.php\/2023\/09\/21\/ademas-de-los-festejos-por-nuestro-dia-este-es-un-momento-de-prudencia-y-reflexion\/#primaryimage","url":"https:\/\/apuntesdesanluis.com\/wp-content\/uploads\/2023\/09\/Anibal-gomez.png","contentUrl":"https:\/\/apuntesdesanluis.com\/wp-content\/uploads\/2023\/09\/Anibal-gomez.png","width":711,"height":423},{"@type":"BreadcrumbList","@id":"https:\/\/apuntesdesanluis.com\/index.php\/2023\/09\/21\/ademas-de-los-festejos-por-nuestro-dia-este-es-un-momento-de-prudencia-y-reflexion\/#breadcrumb","itemListElement":[{"@type":"ListItem","position":1,"name":"Inicio","item":"https:\/\/apuntesdesanluis.com\/"},{"@type":"ListItem","position":2,"name":"\u201cM\u00c1S ALL\u00c1 DE LOS FESTEJOS POR NUESTRO D\u00cdA, \u00c9STE ES UN MOMENTO DE PRUDENCIA Y REFLEXI\u00d3N\u201d"}]},{"@type":"WebSite","@id":"https:\/\/apuntesdesanluis.com\/#website","url":"https:\/\/apuntesdesanluis.com\/","name":"Apuntes de San Luis","description":"","publisher":{"@id":"https:\/\/apuntesdesanluis.com\/#\/schema\/person\/b55151d52296fcce64d1a72538a70b90"},"potentialAction":[{"@type":"SearchAction","target":{"@type":"EntryPoint","urlTemplate":"https:\/\/apuntesdesanluis.com\/?s={search_term_string}"},"query-input":{"@type":"PropertyValueSpecification","valueRequired":true,"valueName":"search_term_string"}}],"inLanguage":"es-AR"},{"@type":["Person","Organization"],"@id":"https:\/\/apuntesdesanluis.com\/#\/schema\/person\/b55151d52296fcce64d1a72538a70b90","name":"apuntesdesanluis.com","image":{"@type":"ImageObject","inLanguage":"es-AR","@id":"https:\/\/apuntesdesanluis.com\/#\/schema\/person\/image\/","url":"https:\/\/apuntesdesanluis.com\/wp-content\/uploads\/2023\/07\/cropped-apuntesdesanluis.png","contentUrl":"https:\/\/apuntesdesanluis.com\/wp-content\/uploads\/2023\/07\/cropped-apuntesdesanluis.png","width":450,"height":112,"caption":"apuntesdesanluis.com"},"logo":{"@id":"https:\/\/apuntesdesanluis.com\/#\/schema\/person\/image\/"},"sameAs":["https:\/\/apuntesdesanluis.com"],"url":"https:\/\/apuntesdesanluis.com\/index.php\/author\/apuntesdesanluis-com\/"}]}},"featured_image_urls":{"full":["https:\/\/apuntesdesanluis.com\/wp-content\/uploads\/2023\/09\/Anibal-gomez.png",711,423,false],"thumbnail":["https:\/\/apuntesdesanluis.com\/wp-content\/uploads\/2023\/09\/Anibal-gomez-150x150.png",150,150,true],"medium":["https:\/\/apuntesdesanluis.com\/wp-content\/uploads\/2023\/09\/Anibal-gomez-300x178.png",300,178,true],"medium_large":["https:\/\/apuntesdesanluis.com\/wp-content\/uploads\/2023\/09\/Anibal-gomez.png",640,381,false],"large":["https:\/\/apuntesdesanluis.com\/wp-content\/uploads\/2023\/09\/Anibal-gomez.png",640,381,false],"1536x1536":["https:\/\/apuntesdesanluis.com\/wp-content\/uploads\/2023\/09\/Anibal-gomez.png",711,423,false],"2048x2048":["https:\/\/apuntesdesanluis.com\/wp-content\/uploads\/2023\/09\/Anibal-gomez.png",711,423,false],"newsever-slider-full":["https:\/\/apuntesdesanluis.com\/wp-content\/uploads\/2023\/09\/Anibal-gomez.png",711,423,false],"newsever-featured":["https:\/\/apuntesdesanluis.com\/wp-content\/uploads\/2023\/09\/Anibal-gomez.png",711,423,false],"newsever-medium":["https:\/\/apuntesdesanluis.com\/wp-content\/uploads\/2023\/09\/Anibal-gomez.png",711,423,false]},"author_info":{"display_name":"apuntesdesanluis.com","author_link":"https:\/\/apuntesdesanluis.com\/index.php\/author\/apuntesdesanluis-com\/"},"category_info":"<a href=\"https:\/\/apuntesdesanluis.com\/index.php\/category\/ciudad-provincia\/\" rel=\"category tag\">Ciudad\/Provincia<\/a>","tag_info":"Ciudad\/Provincia","comment_count":"0","_links":{"self":[{"href":"https:\/\/apuntesdesanluis.com\/index.php\/wp-json\/wp\/v2\/posts\/3786","targetHints":{"allow":["GET"]}}],"collection":[{"href":"https:\/\/apuntesdesanluis.com\/index.php\/wp-json\/wp\/v2\/posts"}],"about":[{"href":"https:\/\/apuntesdesanluis.com\/index.php\/wp-json\/wp\/v2\/types\/post"}],"author":[{"embeddable":true,"href":"https:\/\/apuntesdesanluis.com\/index.php\/wp-json\/wp\/v2\/users\/1"}],"replies":[{"embeddable":true,"href":"https:\/\/apuntesdesanluis.com\/index.php\/wp-json\/wp\/v2\/comments?post=3786"}],"version-history":[{"count":2,"href":"https:\/\/apuntesdesanluis.com\/index.php\/wp-json\/wp\/v2\/posts\/3786\/revisions"}],"predecessor-version":[{"id":3791,"href":"https:\/\/apuntesdesanluis.com\/index.php\/wp-json\/wp\/v2\/posts\/3786\/revisions\/3791"}],"wp:featuredmedia":[{"embeddable":true,"href":"https:\/\/apuntesdesanluis.com\/index.php\/wp-json\/wp\/v2\/media\/3787"}],"wp:attachment":[{"href":"https:\/\/apuntesdesanluis.com\/index.php\/wp-json\/wp\/v2\/media?parent=3786"}],"wp:term":[{"taxonomy":"category","embeddable":true,"href":"https:\/\/apuntesdesanluis.com\/index.php\/wp-json\/wp\/v2\/categories?post=3786"},{"taxonomy":"post_tag","embeddable":true,"href":"https:\/\/apuntesdesanluis.com\/index.php\/wp-json\/wp\/v2\/tags?post=3786"}],"curies":[{"name":"wp","href":"https:\/\/api.w.org\/{rel}","templated":true}]}}