{"id":3796,"date":"2023-09-22T09:30:05","date_gmt":"2023-09-22T12:30:05","guid":{"rendered":"https:\/\/apuntesdesanluis.com\/?p=3796"},"modified":"2023-09-22T11:22:16","modified_gmt":"2023-09-22T14:22:16","slug":"nuevamente-los-trabajadores-de-danica-en-conflicto-con-la-patronal","status":"publish","type":"post","link":"https:\/\/apuntesdesanluis.com\/index.php\/2023\/09\/22\/nuevamente-los-trabajadores-de-danica-en-conflicto-con-la-patronal\/","title":{"rendered":"NUEVAMENTE LOS TRABAJADORES DE D\u00c1NICA EN CONFLICTO CON LA PATRONAL"},"content":{"rendered":"<h3>Este jueves por la noche comenz\u00f3 un paro de actividades de los trabajadores de la empresa D\u00e1nica de Villa Mercedes, en reclamo del cumplimiento de condiciones pactadas en paritaria nacional entre la patronal y el Sindicato de Trabajadores Aceiteros.<\/h3>\n<h3>En asamblea, el personal de esta empresa ubicada en el parque industrial sur resolvi\u00f3 tambi\u00e9n iniciar una manifestaci\u00f3n de protesta, que se materializ\u00f3 en un bloqueo parcial que comenz\u00f3 este viernes a primera hora, a la altura de la rotonda que rodea el llamado &#8220;Monumento al Indio&#8221;, en el ingreso a la ciudad por ruta 148.<\/h3>\n<p><img fetchpriority=\"high\" decoding=\"async\" class=\"wp-image-3800 aligncenter\" src=\"https:\/\/apuntesdesanluis.com\/wp-content\/uploads\/2023\/09\/danica-rotonda-300x158.jpg\" alt=\"\" width=\"509\" height=\"268\" srcset=\"https:\/\/apuntesdesanluis.com\/wp-content\/uploads\/2023\/09\/danica-rotonda-300x158.jpg 300w, https:\/\/apuntesdesanluis.com\/wp-content\/uploads\/2023\/09\/danica-rotonda.jpg 641w\" sizes=\"(max-width: 509px) 100vw, 509px\" \/><\/p>\n<h3>Los trabajadores quemaron cubiertas y efect\u00faan un corte embudo, con bloqueo intermitente, para visibilizar su reclamo.<\/h3>\n<h3><strong>Apuntes de San Luis<\/strong>, \u00fanico medio presente, dialog\u00f3 este viernes a las 07:30 con <strong>Franco Pela<\/strong>, delegado sindical en D\u00e1nica, quien explic\u00f3 que est\u00e1n reclamando una \u201cactualizaci\u00f3n salarial de parte de la empresa\u201d.<\/h3>\n<h3>Agreg\u00f3 que en paritarias se acord\u00f3 un sueldo b\u00e1sico para los trabajadores aceiteros de $508.000, pero D\u00e1nica est\u00e1 abonando $184.000, monto que corresponde al acuerdo alcanzado el a\u00f1o pasado.<\/h3>\n<p><img decoding=\"async\" class=\"wp-image-3798 aligncenter\" src=\"https:\/\/apuntesdesanluis.com\/wp-content\/uploads\/2023\/09\/Franco-Pela-deleg-danico-300x226.jpg\" alt=\"\" width=\"506\" height=\"381\" srcset=\"https:\/\/apuntesdesanluis.com\/wp-content\/uploads\/2023\/09\/Franco-Pela-deleg-danico-300x226.jpg 300w, https:\/\/apuntesdesanluis.com\/wp-content\/uploads\/2023\/09\/Franco-Pela-deleg-danico.jpg 464w\" sizes=\"(max-width: 506px) 100vw, 506px\" \/><\/p>\n<p>&nbsp;<\/p>\n<!--[if lt IE 9]><script>document.createElement('audio');<\/script><![endif]-->\n<audio class=\"wp-audio-shortcode\" id=\"audio-3796-1\" preload=\"none\" style=\"width: 100%;\" controls=\"controls\"><source type=\"audio\/ogg\" src=\"https:\/\/apuntesdesanluis.com\/wp-content\/uploads\/2023\/09\/Franco-Pela.ogg?_=1\" \/><a href=\"https:\/\/apuntesdesanluis.com\/wp-content\/uploads\/2023\/09\/Franco-Pela.ogg\">https:\/\/apuntesdesanluis.com\/wp-content\/uploads\/2023\/09\/Franco-Pela.ogg<\/a><\/audio>\n<p>&nbsp;<\/p>\n<p>&nbsp;<\/p>\n<p>&nbsp;<\/p>\n","protected":false},"excerpt":{"rendered":"<p>Este jueves por la noche comenz\u00f3 un paro de actividades de los trabajadores de la&#8230;<\/p>\n","protected":false},"author":1,"featured_media":3799,"comment_status":"closed","ping_status":"closed","sticky":false,"template":"","format":"standard","meta":{"footnotes":""},"categories":[6],"tags":[],"class_list":["post-3796","post","type-post","status-publish","format-standard","has-post-thumbnail","hentry","category-ciudad-provincia"],"yoast_head":"<!-- This site is optimized with the Yoast SEO plugin v26.1.1 - https:\/\/yoast.com\/wordpress\/plugins\/seo\/ -->\n<title>NUEVAMENTE LOS TRABAJADORES DE D\u00c1NICA EN CONFLICTO CON LA PATRONAL - Apuntes de San Luis<\/title>\n<meta name=\"robots\" content=\"index, follow, max-snippet:-1, max-image-preview:large, max-video-preview:-1\" \/>\n<link rel=\"canonical\" href=\"https:\/\/apuntesdesanluis.com\/index.php\/2023\/09\/22\/nuevamente-los-trabajadores-de-danica-en-conflicto-con-la-patronal\/\" \/>\n<meta property=\"og:locale\" content=\"es_ES\" \/>\n<meta property=\"og:type\" content=\"article\" \/>\n<meta property=\"og:title\" content=\"NUEVAMENTE LOS TRABAJADORES DE D\u00c1NICA EN CONFLICTO CON LA PATRONAL - Apuntes de San Luis\" \/>\n<meta property=\"og:description\" content=\"Este jueves por la noche comenz\u00f3 un paro de actividades de los trabajadores de la...\" \/>\n<meta property=\"og:url\" content=\"https:\/\/apuntesdesanluis.com\/index.php\/2023\/09\/22\/nuevamente-los-trabajadores-de-danica-en-conflicto-con-la-patronal\/\" \/>\n<meta property=\"og:site_name\" content=\"Apuntes de San Luis\" \/>\n<meta property=\"article:published_time\" content=\"2023-09-22T12:30:05+00:00\" \/>\n<meta property=\"article:modified_time\" content=\"2023-09-22T14:22:16+00:00\" \/>\n<meta property=\"og:image\" content=\"https:\/\/apuntesdesanluis.com\/wp-content\/uploads\/2023\/09\/Danica-tapa.jpg\" \/>\n\t<meta property=\"og:image:width\" content=\"629\" \/>\n\t<meta property=\"og:image:height\" content=\"377\" \/>\n\t<meta property=\"og:image:type\" content=\"image\/jpeg\" \/>\n<meta name=\"author\" content=\"apuntesdesanluis.com\" \/>\n<meta name=\"twitter:card\" content=\"summary_large_image\" \/>\n<meta name=\"twitter:label1\" content=\"Escrito por\" \/>\n\t<meta name=\"twitter:data1\" content=\"apuntesdesanluis.com\" \/>\n\t<meta name=\"twitter:label2\" content=\"Tiempo de lectura\" \/>\n\t<meta name=\"twitter:data2\" content=\"2 minutos\" \/>\n<script type=\"application\/ld+json\" class=\"yoast-schema-graph\">{\"@context\":\"https:\/\/schema.org\",\"@graph\":[{\"@type\":\"Article\",\"@id\":\"https:\/\/apuntesdesanluis.com\/index.php\/2023\/09\/22\/nuevamente-los-trabajadores-de-danica-en-conflicto-con-la-patronal\/#article\",\"isPartOf\":{\"@id\":\"https:\/\/apuntesdesanluis.com\/index.php\/2023\/09\/22\/nuevamente-los-trabajadores-de-danica-en-conflicto-con-la-patronal\/\"},\"author\":{\"name\":\"apuntesdesanluis.com\",\"@id\":\"https:\/\/apuntesdesanluis.com\/#\/schema\/person\/b55151d52296fcce64d1a72538a70b90\"},\"headline\":\"NUEVAMENTE LOS TRABAJADORES DE D\u00c1NICA EN CONFLICTO CON LA PATRONAL\",\"datePublished\":\"2023-09-22T12:30:05+00:00\",\"dateModified\":\"2023-09-22T14:22:16+00:00\",\"mainEntityOfPage\":{\"@id\":\"https:\/\/apuntesdesanluis.com\/index.php\/2023\/09\/22\/nuevamente-los-trabajadores-de-danica-en-conflicto-con-la-patronal\/\"},\"wordCount\":204,\"publisher\":{\"@id\":\"https:\/\/apuntesdesanluis.com\/#\/schema\/person\/b55151d52296fcce64d1a72538a70b90\"},\"image\":{\"@id\":\"https:\/\/apuntesdesanluis.com\/index.php\/2023\/09\/22\/nuevamente-los-trabajadores-de-danica-en-conflicto-con-la-patronal\/#primaryimage\"},\"thumbnailUrl\":\"https:\/\/apuntesdesanluis.com\/wp-content\/uploads\/2023\/09\/Danica-tapa.jpg\",\"articleSection\":[\"Ciudad\/Provincia\"],\"inLanguage\":\"es-AR\"},{\"@type\":\"WebPage\",\"@id\":\"https:\/\/apuntesdesanluis.com\/index.php\/2023\/09\/22\/nuevamente-los-trabajadores-de-danica-en-conflicto-con-la-patronal\/\",\"url\":\"https:\/\/apuntesdesanluis.com\/index.php\/2023\/09\/22\/nuevamente-los-trabajadores-de-danica-en-conflicto-con-la-patronal\/\",\"name\":\"NUEVAMENTE LOS TRABAJADORES DE D\u00c1NICA EN CONFLICTO CON LA PATRONAL - Apuntes de San Luis\",\"isPartOf\":{\"@id\":\"https:\/\/apuntesdesanluis.com\/#website\"},\"primaryImageOfPage\":{\"@id\":\"https:\/\/apuntesdesanluis.com\/index.php\/2023\/09\/22\/nuevamente-los-trabajadores-de-danica-en-conflicto-con-la-patronal\/#primaryimage\"},\"image\":{\"@id\":\"https:\/\/apuntesdesanluis.com\/index.php\/2023\/09\/22\/nuevamente-los-trabajadores-de-danica-en-conflicto-con-la-patronal\/#primaryimage\"},\"thumbnailUrl\":\"https:\/\/apuntesdesanluis.com\/wp-content\/uploads\/2023\/09\/Danica-tapa.jpg\",\"datePublished\":\"2023-09-22T12:30:05+00:00\",\"dateModified\":\"2023-09-22T14:22:16+00:00\",\"breadcrumb\":{\"@id\":\"https:\/\/apuntesdesanluis.com\/index.php\/2023\/09\/22\/nuevamente-los-trabajadores-de-danica-en-conflicto-con-la-patronal\/#breadcrumb\"},\"inLanguage\":\"es-AR\",\"potentialAction\":[{\"@type\":\"ReadAction\",\"target\":[\"https:\/\/apuntesdesanluis.com\/index.php\/2023\/09\/22\/nuevamente-los-trabajadores-de-danica-en-conflicto-con-la-patronal\/\"]}]},{\"@type\":\"ImageObject\",\"inLanguage\":\"es-AR\",\"@id\":\"https:\/\/apuntesdesanluis.com\/index.php\/2023\/09\/22\/nuevamente-los-trabajadores-de-danica-en-conflicto-con-la-patronal\/#primaryimage\",\"url\":\"https:\/\/apuntesdesanluis.com\/wp-content\/uploads\/2023\/09\/Danica-tapa.jpg\",\"contentUrl\":\"https:\/\/apuntesdesanluis.com\/wp-content\/uploads\/2023\/09\/Danica-tapa.jpg\",\"width\":629,\"height\":377},{\"@type\":\"BreadcrumbList\",\"@id\":\"https:\/\/apuntesdesanluis.com\/index.php\/2023\/09\/22\/nuevamente-los-trabajadores-de-danica-en-conflicto-con-la-patronal\/#breadcrumb\",\"itemListElement\":[{\"@type\":\"ListItem\",\"position\":1,\"name\":\"Inicio\",\"item\":\"https:\/\/apuntesdesanluis.com\/\"},{\"@type\":\"ListItem\",\"position\":2,\"name\":\"NUEVAMENTE LOS TRABAJADORES DE D\u00c1NICA EN CONFLICTO CON LA PATRONAL\"}]},{\"@type\":\"WebSite\",\"@id\":\"https:\/\/apuntesdesanluis.com\/#website\",\"url\":\"https:\/\/apuntesdesanluis.com\/\",\"name\":\"Apuntes de San Luis\",\"description\":\"\",\"publisher\":{\"@id\":\"https:\/\/apuntesdesanluis.com\/#\/schema\/person\/b55151d52296fcce64d1a72538a70b90\"},\"potentialAction\":[{\"@type\":\"SearchAction\",\"target\":{\"@type\":\"EntryPoint\",\"urlTemplate\":\"https:\/\/apuntesdesanluis.com\/?s={search_term_string}\"},\"query-input\":{\"@type\":\"PropertyValueSpecification\",\"valueRequired\":true,\"valueName\":\"search_term_string\"}}],\"inLanguage\":\"es-AR\"},{\"@type\":[\"Person\",\"Organization\"],\"@id\":\"https:\/\/apuntesdesanluis.com\/#\/schema\/person\/b55151d52296fcce64d1a72538a70b90\",\"name\":\"apuntesdesanluis.com\",\"image\":{\"@type\":\"ImageObject\",\"inLanguage\":\"es-AR\",\"@id\":\"https:\/\/apuntesdesanluis.com\/#\/schema\/person\/image\/\",\"url\":\"https:\/\/apuntesdesanluis.com\/wp-content\/uploads\/2023\/07\/cropped-apuntesdesanluis.png\",\"contentUrl\":\"https:\/\/apuntesdesanluis.com\/wp-content\/uploads\/2023\/07\/cropped-apuntesdesanluis.png\",\"width\":450,\"height\":112,\"caption\":\"apuntesdesanluis.com\"},\"logo\":{\"@id\":\"https:\/\/apuntesdesanluis.com\/#\/schema\/person\/image\/\"},\"sameAs\":[\"https:\/\/apuntesdesanluis.com\"],\"url\":\"https:\/\/apuntesdesanluis.com\/index.php\/author\/apuntesdesanluis-com\/\"}]}<\/script>\n<!-- \/ Yoast SEO plugin. -->","yoast_head_json":{"title":"NUEVAMENTE LOS TRABAJADORES DE D\u00c1NICA EN CONFLICTO CON LA PATRONAL - Apuntes de San Luis","robots":{"index":"index","follow":"follow","max-snippet":"max-snippet:-1","max-image-preview":"max-image-preview:large","max-video-preview":"max-video-preview:-1"},"canonical":"https:\/\/apuntesdesanluis.com\/index.php\/2023\/09\/22\/nuevamente-los-trabajadores-de-danica-en-conflicto-con-la-patronal\/","og_locale":"es_ES","og_type":"article","og_title":"NUEVAMENTE LOS TRABAJADORES DE D\u00c1NICA EN CONFLICTO CON LA PATRONAL - Apuntes de San Luis","og_description":"Este jueves por la noche comenz\u00f3 un paro de actividades de los trabajadores de la...","og_url":"https:\/\/apuntesdesanluis.com\/index.php\/2023\/09\/22\/nuevamente-los-trabajadores-de-danica-en-conflicto-con-la-patronal\/","og_site_name":"Apuntes de San Luis","article_published_time":"2023-09-22T12:30:05+00:00","article_modified_time":"2023-09-22T14:22:16+00:00","og_image":[{"width":629,"height":377,"url":"https:\/\/apuntesdesanluis.com\/wp-content\/uploads\/2023\/09\/Danica-tapa.jpg","type":"image\/jpeg"}],"author":"apuntesdesanluis.com","twitter_card":"summary_large_image","twitter_misc":{"Escrito por":"apuntesdesanluis.com","Tiempo de lectura":"2 minutos"},"schema":{"@context":"https:\/\/schema.org","@graph":[{"@type":"Article","@id":"https:\/\/apuntesdesanluis.com\/index.php\/2023\/09\/22\/nuevamente-los-trabajadores-de-danica-en-conflicto-con-la-patronal\/#article","isPartOf":{"@id":"https:\/\/apuntesdesanluis.com\/index.php\/2023\/09\/22\/nuevamente-los-trabajadores-de-danica-en-conflicto-con-la-patronal\/"},"author":{"name":"apuntesdesanluis.com","@id":"https:\/\/apuntesdesanluis.com\/#\/schema\/person\/b55151d52296fcce64d1a72538a70b90"},"headline":"NUEVAMENTE LOS TRABAJADORES DE D\u00c1NICA EN CONFLICTO CON LA PATRONAL","datePublished":"2023-09-22T12:30:05+00:00","dateModified":"2023-09-22T14:22:16+00:00","mainEntityOfPage":{"@id":"https:\/\/apuntesdesanluis.com\/index.php\/2023\/09\/22\/nuevamente-los-trabajadores-de-danica-en-conflicto-con-la-patronal\/"},"wordCount":204,"publisher":{"@id":"https:\/\/apuntesdesanluis.com\/#\/schema\/person\/b55151d52296fcce64d1a72538a70b90"},"image":{"@id":"https:\/\/apuntesdesanluis.com\/index.php\/2023\/09\/22\/nuevamente-los-trabajadores-de-danica-en-conflicto-con-la-patronal\/#primaryimage"},"thumbnailUrl":"https:\/\/apuntesdesanluis.com\/wp-content\/uploads\/2023\/09\/Danica-tapa.jpg","articleSection":["Ciudad\/Provincia"],"inLanguage":"es-AR"},{"@type":"WebPage","@id":"https:\/\/apuntesdesanluis.com\/index.php\/2023\/09\/22\/nuevamente-los-trabajadores-de-danica-en-conflicto-con-la-patronal\/","url":"https:\/\/apuntesdesanluis.com\/index.php\/2023\/09\/22\/nuevamente-los-trabajadores-de-danica-en-conflicto-con-la-patronal\/","name":"NUEVAMENTE LOS TRABAJADORES DE D\u00c1NICA EN CONFLICTO CON LA PATRONAL - Apuntes de San Luis","isPartOf":{"@id":"https:\/\/apuntesdesanluis.com\/#website"},"primaryImageOfPage":{"@id":"https:\/\/apuntesdesanluis.com\/index.php\/2023\/09\/22\/nuevamente-los-trabajadores-de-danica-en-conflicto-con-la-patronal\/#primaryimage"},"image":{"@id":"https:\/\/apuntesdesanluis.com\/index.php\/2023\/09\/22\/nuevamente-los-trabajadores-de-danica-en-conflicto-con-la-patronal\/#primaryimage"},"thumbnailUrl":"https:\/\/apuntesdesanluis.com\/wp-content\/uploads\/2023\/09\/Danica-tapa.jpg","datePublished":"2023-09-22T12:30:05+00:00","dateModified":"2023-09-22T14:22:16+00:00","breadcrumb":{"@id":"https:\/\/apuntesdesanluis.com\/index.php\/2023\/09\/22\/nuevamente-los-trabajadores-de-danica-en-conflicto-con-la-patronal\/#breadcrumb"},"inLanguage":"es-AR","potentialAction":[{"@type":"ReadAction","target":["https:\/\/apuntesdesanluis.com\/index.php\/2023\/09\/22\/nuevamente-los-trabajadores-de-danica-en-conflicto-con-la-patronal\/"]}]},{"@type":"ImageObject","inLanguage":"es-AR","@id":"https:\/\/apuntesdesanluis.com\/index.php\/2023\/09\/22\/nuevamente-los-trabajadores-de-danica-en-conflicto-con-la-patronal\/#primaryimage","url":"https:\/\/apuntesdesanluis.com\/wp-content\/uploads\/2023\/09\/Danica-tapa.jpg","contentUrl":"https:\/\/apuntesdesanluis.com\/wp-content\/uploads\/2023\/09\/Danica-tapa.jpg","width":629,"height":377},{"@type":"BreadcrumbList","@id":"https:\/\/apuntesdesanluis.com\/index.php\/2023\/09\/22\/nuevamente-los-trabajadores-de-danica-en-conflicto-con-la-patronal\/#breadcrumb","itemListElement":[{"@type":"ListItem","position":1,"name":"Inicio","item":"https:\/\/apuntesdesanluis.com\/"},{"@type":"ListItem","position":2,"name":"NUEVAMENTE LOS TRABAJADORES DE D\u00c1NICA EN CONFLICTO CON LA PATRONAL"}]},{"@type":"WebSite","@id":"https:\/\/apuntesdesanluis.com\/#website","url":"https:\/\/apuntesdesanluis.com\/","name":"Apuntes de San Luis","description":"","publisher":{"@id":"https:\/\/apuntesdesanluis.com\/#\/schema\/person\/b55151d52296fcce64d1a72538a70b90"},"potentialAction":[{"@type":"SearchAction","target":{"@type":"EntryPoint","urlTemplate":"https:\/\/apuntesdesanluis.com\/?s={search_term_string}"},"query-input":{"@type":"PropertyValueSpecification","valueRequired":true,"valueName":"search_term_string"}}],"inLanguage":"es-AR"},{"@type":["Person","Organization"],"@id":"https:\/\/apuntesdesanluis.com\/#\/schema\/person\/b55151d52296fcce64d1a72538a70b90","name":"apuntesdesanluis.com","image":{"@type":"ImageObject","inLanguage":"es-AR","@id":"https:\/\/apuntesdesanluis.com\/#\/schema\/person\/image\/","url":"https:\/\/apuntesdesanluis.com\/wp-content\/uploads\/2023\/07\/cropped-apuntesdesanluis.png","contentUrl":"https:\/\/apuntesdesanluis.com\/wp-content\/uploads\/2023\/07\/cropped-apuntesdesanluis.png","width":450,"height":112,"caption":"apuntesdesanluis.com"},"logo":{"@id":"https:\/\/apuntesdesanluis.com\/#\/schema\/person\/image\/"},"sameAs":["https:\/\/apuntesdesanluis.com"],"url":"https:\/\/apuntesdesanluis.com\/index.php\/author\/apuntesdesanluis-com\/"}]}},"featured_image_urls":{"full":["https:\/\/apuntesdesanluis.com\/wp-content\/uploads\/2023\/09\/Danica-tapa.jpg",629,377,false],"thumbnail":["https:\/\/apuntesdesanluis.com\/wp-content\/uploads\/2023\/09\/Danica-tapa-150x150.jpg",150,150,true],"medium":["https:\/\/apuntesdesanluis.com\/wp-content\/uploads\/2023\/09\/Danica-tapa-300x180.jpg",300,180,true],"medium_large":["https:\/\/apuntesdesanluis.com\/wp-content\/uploads\/2023\/09\/Danica-tapa.jpg",629,377,false],"large":["https:\/\/apuntesdesanluis.com\/wp-content\/uploads\/2023\/09\/Danica-tapa.jpg",629,377,false],"1536x1536":["https:\/\/apuntesdesanluis.com\/wp-content\/uploads\/2023\/09\/Danica-tapa.jpg",629,377,false],"2048x2048":["https:\/\/apuntesdesanluis.com\/wp-content\/uploads\/2023\/09\/Danica-tapa.jpg",629,377,false],"newsever-slider-full":["https:\/\/apuntesdesanluis.com\/wp-content\/uploads\/2023\/09\/Danica-tapa.jpg",629,377,false],"newsever-featured":["https:\/\/apuntesdesanluis.com\/wp-content\/uploads\/2023\/09\/Danica-tapa.jpg",629,377,false],"newsever-medium":["https:\/\/apuntesdesanluis.com\/wp-content\/uploads\/2023\/09\/Danica-tapa.jpg",629,377,false]},"author_info":{"display_name":"apuntesdesanluis.com","author_link":"https:\/\/apuntesdesanluis.com\/index.php\/author\/apuntesdesanluis-com\/"},"category_info":"<a href=\"https:\/\/apuntesdesanluis.com\/index.php\/category\/ciudad-provincia\/\" rel=\"category tag\">Ciudad\/Provincia<\/a>","tag_info":"Ciudad\/Provincia","comment_count":"0","_links":{"self":[{"href":"https:\/\/apuntesdesanluis.com\/index.php\/wp-json\/wp\/v2\/posts\/3796","targetHints":{"allow":["GET"]}}],"collection":[{"href":"https:\/\/apuntesdesanluis.com\/index.php\/wp-json\/wp\/v2\/posts"}],"about":[{"href":"https:\/\/apuntesdesanluis.com\/index.php\/wp-json\/wp\/v2\/types\/post"}],"author":[{"embeddable":true,"href":"https:\/\/apuntesdesanluis.com\/index.php\/wp-json\/wp\/v2\/users\/1"}],"replies":[{"embeddable":true,"href":"https:\/\/apuntesdesanluis.com\/index.php\/wp-json\/wp\/v2\/comments?post=3796"}],"version-history":[{"count":5,"href":"https:\/\/apuntesdesanluis.com\/index.php\/wp-json\/wp\/v2\/posts\/3796\/revisions"}],"predecessor-version":[{"id":3805,"href":"https:\/\/apuntesdesanluis.com\/index.php\/wp-json\/wp\/v2\/posts\/3796\/revisions\/3805"}],"wp:featuredmedia":[{"embeddable":true,"href":"https:\/\/apuntesdesanluis.com\/index.php\/wp-json\/wp\/v2\/media\/3799"}],"wp:attachment":[{"href":"https:\/\/apuntesdesanluis.com\/index.php\/wp-json\/wp\/v2\/media?parent=3796"}],"wp:term":[{"taxonomy":"category","embeddable":true,"href":"https:\/\/apuntesdesanluis.com\/index.php\/wp-json\/wp\/v2\/categories?post=3796"},{"taxonomy":"post_tag","embeddable":true,"href":"https:\/\/apuntesdesanluis.com\/index.php\/wp-json\/wp\/v2\/tags?post=3796"}],"curies":[{"name":"wp","href":"https:\/\/api.w.org\/{rel}","templated":true}]}}