{"id":381,"date":"2023-07-25T18:44:05","date_gmt":"2023-07-25T21:44:05","guid":{"rendered":"https:\/\/apuntesdesanluis.com\/?p=381"},"modified":"2023-07-25T18:44:05","modified_gmt":"2023-07-25T21:44:05","slug":"el-ministro-amitrano-se-reunira-con-embajadores-de-distintos-paises","status":"publish","type":"post","link":"https:\/\/apuntesdesanluis.com\/index.php\/2023\/07\/25\/el-ministro-amitrano-se-reunira-con-embajadores-de-distintos-paises\/","title":{"rendered":"EL MINISTRO AMITRANO SE REUNIR\u00c1 CON EMBAJADORES DE DISTINTOS PA\u00cdSES"},"content":{"rendered":"<h3>En el marco de la ronda de encuentros con socios comerciales de la provincia, el ministro de Producci\u00f3n, <strong>Marcelo Amitrano<\/strong>, se reunir\u00e1 con los embajadores de <strong>Qatar, Alemania, Paragua<\/strong>y y <strong>Jap\u00f3n<\/strong>.<\/h3>\n<h3>El funcionario continuar\u00e1 en los pr\u00f3ximos d\u00edas manteniendo reuniones y encuentros con diplom\u00e1ticos de pa\u00edses vinculados comercialmente a la provincia de San Luis.<\/h3>\n<h3>El mi\u00e9rcoles 26 de julio est\u00e1 previsto que se re\u00fana en Buenos Aires con la embajadora de Paraguay, Celia Esther Ca\u00f1ete Ledesma. Lo propio har\u00e1 el jueves 27 de julio con el embajador de Qatar en la Argentina, Battal Meajeb Al Dosari. Y ese mismo d\u00eda, en la Casa de San Luis en Buenos Aires, mantendr\u00e1 un encuentro con el encargado de negocios de la embajada de Alemania en Argentina, Peter Neven. Amitrano cerrar\u00e1 su agenda el viernes con una reuni\u00f3n con el embajador de Jap\u00f3n, Hiroshi Yamauchi.<\/h3>\n<p><img fetchpriority=\"high\" decoding=\"async\" class=\"wp-image-383 aligncenter\" src=\"https:\/\/apuntesdesanluis.com\/wp-content\/uploads\/2023\/07\/amitrano-con-varios-300x236.png\" alt=\"\" width=\"553\" height=\"435\" srcset=\"https:\/\/apuntesdesanluis.com\/wp-content\/uploads\/2023\/07\/amitrano-con-varios-300x236.png 300w, https:\/\/apuntesdesanluis.com\/wp-content\/uploads\/2023\/07\/amitrano-con-varios.png 625w\" sizes=\"(max-width: 553px) 100vw, 553px\" \/><\/p>\n<h3>Las reuniones con representantes de Paraguay, Qatar, Alemania y Jap\u00f3n se suman a los contactos ya mantenidos con embajadores de China y Uruguay, y tiene como objetivo ampliar v\u00ednculos comerciales y estrechar lazos culturales con pa\u00edses con los que la provincia de San Luis mantiene v\u00ednculos relevantes.<\/h3>\n","protected":false},"excerpt":{"rendered":"<p>En el marco de la ronda de encuentros con socios comerciales de la provincia, el&#8230;<\/p>\n","protected":false},"author":1,"featured_media":382,"comment_status":"closed","ping_status":"closed","sticky":false,"template":"","format":"standard","meta":{"footnotes":""},"categories":[6],"tags":[],"class_list":["post-381","post","type-post","status-publish","format-standard","has-post-thumbnail","hentry","category-ciudad-provincia"],"yoast_head":"<!-- This site is optimized with the Yoast SEO plugin v26.1.1 - https:\/\/yoast.com\/wordpress\/plugins\/seo\/ -->\n<title>EL MINISTRO AMITRANO SE REUNIR\u00c1 CON EMBAJADORES DE DISTINTOS PA\u00cdSES - Apuntes de San Luis<\/title>\n<meta name=\"robots\" content=\"index, follow, max-snippet:-1, max-image-preview:large, max-video-preview:-1\" \/>\n<link rel=\"canonical\" href=\"https:\/\/apuntesdesanluis.com\/index.php\/2023\/07\/25\/el-ministro-amitrano-se-reunira-con-embajadores-de-distintos-paises\/\" \/>\n<meta property=\"og:locale\" content=\"es_ES\" \/>\n<meta property=\"og:type\" content=\"article\" \/>\n<meta property=\"og:title\" content=\"EL MINISTRO AMITRANO SE REUNIR\u00c1 CON EMBAJADORES DE DISTINTOS PA\u00cdSES - Apuntes de San Luis\" \/>\n<meta property=\"og:description\" content=\"En el marco de la ronda de encuentros con socios comerciales de la provincia, el...\" \/>\n<meta property=\"og:url\" content=\"https:\/\/apuntesdesanluis.com\/index.php\/2023\/07\/25\/el-ministro-amitrano-se-reunira-con-embajadores-de-distintos-paises\/\" \/>\n<meta property=\"og:site_name\" content=\"Apuntes de San Luis\" \/>\n<meta property=\"article:published_time\" content=\"2023-07-25T21:44:05+00:00\" \/>\n<meta property=\"og:image\" content=\"https:\/\/apuntesdesanluis.com\/wp-content\/uploads\/2023\/07\/amitrano-con-chino.png\" \/>\n\t<meta property=\"og:image:width\" content=\"672\" \/>\n\t<meta property=\"og:image:height\" content=\"485\" \/>\n\t<meta property=\"og:image:type\" content=\"image\/png\" \/>\n<meta name=\"author\" content=\"apuntesdesanluis.com\" \/>\n<meta name=\"twitter:card\" content=\"summary_large_image\" \/>\n<meta name=\"twitter:label1\" content=\"Escrito por\" \/>\n\t<meta name=\"twitter:data1\" content=\"apuntesdesanluis.com\" \/>\n\t<meta name=\"twitter:label2\" content=\"Tiempo de lectura\" \/>\n\t<meta name=\"twitter:data2\" content=\"2 minutos\" \/>\n<script type=\"application\/ld+json\" class=\"yoast-schema-graph\">{\"@context\":\"https:\/\/schema.org\",\"@graph\":[{\"@type\":\"Article\",\"@id\":\"https:\/\/apuntesdesanluis.com\/index.php\/2023\/07\/25\/el-ministro-amitrano-se-reunira-con-embajadores-de-distintos-paises\/#article\",\"isPartOf\":{\"@id\":\"https:\/\/apuntesdesanluis.com\/index.php\/2023\/07\/25\/el-ministro-amitrano-se-reunira-con-embajadores-de-distintos-paises\/\"},\"author\":{\"name\":\"apuntesdesanluis.com\",\"@id\":\"https:\/\/apuntesdesanluis.com\/#\/schema\/person\/b55151d52296fcce64d1a72538a70b90\"},\"headline\":\"EL MINISTRO AMITRANO SE REUNIR\u00c1 CON EMBAJADORES DE DISTINTOS PA\u00cdSES\",\"datePublished\":\"2023-07-25T21:44:05+00:00\",\"mainEntityOfPage\":{\"@id\":\"https:\/\/apuntesdesanluis.com\/index.php\/2023\/07\/25\/el-ministro-amitrano-se-reunira-con-embajadores-de-distintos-paises\/\"},\"wordCount\":214,\"publisher\":{\"@id\":\"https:\/\/apuntesdesanluis.com\/#\/schema\/person\/b55151d52296fcce64d1a72538a70b90\"},\"image\":{\"@id\":\"https:\/\/apuntesdesanluis.com\/index.php\/2023\/07\/25\/el-ministro-amitrano-se-reunira-con-embajadores-de-distintos-paises\/#primaryimage\"},\"thumbnailUrl\":\"https:\/\/apuntesdesanluis.com\/wp-content\/uploads\/2023\/07\/amitrano-con-chino.png\",\"articleSection\":[\"Ciudad\/Provincia\"],\"inLanguage\":\"es-AR\"},{\"@type\":\"WebPage\",\"@id\":\"https:\/\/apuntesdesanluis.com\/index.php\/2023\/07\/25\/el-ministro-amitrano-se-reunira-con-embajadores-de-distintos-paises\/\",\"url\":\"https:\/\/apuntesdesanluis.com\/index.php\/2023\/07\/25\/el-ministro-amitrano-se-reunira-con-embajadores-de-distintos-paises\/\",\"name\":\"EL MINISTRO AMITRANO SE REUNIR\u00c1 CON EMBAJADORES DE DISTINTOS PA\u00cdSES - Apuntes de San Luis\",\"isPartOf\":{\"@id\":\"https:\/\/apuntesdesanluis.com\/#website\"},\"primaryImageOfPage\":{\"@id\":\"https:\/\/apuntesdesanluis.com\/index.php\/2023\/07\/25\/el-ministro-amitrano-se-reunira-con-embajadores-de-distintos-paises\/#primaryimage\"},\"image\":{\"@id\":\"https:\/\/apuntesdesanluis.com\/index.php\/2023\/07\/25\/el-ministro-amitrano-se-reunira-con-embajadores-de-distintos-paises\/#primaryimage\"},\"thumbnailUrl\":\"https:\/\/apuntesdesanluis.com\/wp-content\/uploads\/2023\/07\/amitrano-con-chino.png\",\"datePublished\":\"2023-07-25T21:44:05+00:00\",\"breadcrumb\":{\"@id\":\"https:\/\/apuntesdesanluis.com\/index.php\/2023\/07\/25\/el-ministro-amitrano-se-reunira-con-embajadores-de-distintos-paises\/#breadcrumb\"},\"inLanguage\":\"es-AR\",\"potentialAction\":[{\"@type\":\"ReadAction\",\"target\":[\"https:\/\/apuntesdesanluis.com\/index.php\/2023\/07\/25\/el-ministro-amitrano-se-reunira-con-embajadores-de-distintos-paises\/\"]}]},{\"@type\":\"ImageObject\",\"inLanguage\":\"es-AR\",\"@id\":\"https:\/\/apuntesdesanluis.com\/index.php\/2023\/07\/25\/el-ministro-amitrano-se-reunira-con-embajadores-de-distintos-paises\/#primaryimage\",\"url\":\"https:\/\/apuntesdesanluis.com\/wp-content\/uploads\/2023\/07\/amitrano-con-chino.png\",\"contentUrl\":\"https:\/\/apuntesdesanluis.com\/wp-content\/uploads\/2023\/07\/amitrano-con-chino.png\",\"width\":672,\"height\":485},{\"@type\":\"BreadcrumbList\",\"@id\":\"https:\/\/apuntesdesanluis.com\/index.php\/2023\/07\/25\/el-ministro-amitrano-se-reunira-con-embajadores-de-distintos-paises\/#breadcrumb\",\"itemListElement\":[{\"@type\":\"ListItem\",\"position\":1,\"name\":\"Inicio\",\"item\":\"https:\/\/apuntesdesanluis.com\/\"},{\"@type\":\"ListItem\",\"position\":2,\"name\":\"EL MINISTRO AMITRANO SE REUNIR\u00c1 CON EMBAJADORES DE DISTINTOS PA\u00cdSES\"}]},{\"@type\":\"WebSite\",\"@id\":\"https:\/\/apuntesdesanluis.com\/#website\",\"url\":\"https:\/\/apuntesdesanluis.com\/\",\"name\":\"Apuntes de San Luis\",\"description\":\"\",\"publisher\":{\"@id\":\"https:\/\/apuntesdesanluis.com\/#\/schema\/person\/b55151d52296fcce64d1a72538a70b90\"},\"potentialAction\":[{\"@type\":\"SearchAction\",\"target\":{\"@type\":\"EntryPoint\",\"urlTemplate\":\"https:\/\/apuntesdesanluis.com\/?s={search_term_string}\"},\"query-input\":{\"@type\":\"PropertyValueSpecification\",\"valueRequired\":true,\"valueName\":\"search_term_string\"}}],\"inLanguage\":\"es-AR\"},{\"@type\":[\"Person\",\"Organization\"],\"@id\":\"https:\/\/apuntesdesanluis.com\/#\/schema\/person\/b55151d52296fcce64d1a72538a70b90\",\"name\":\"apuntesdesanluis.com\",\"image\":{\"@type\":\"ImageObject\",\"inLanguage\":\"es-AR\",\"@id\":\"https:\/\/apuntesdesanluis.com\/#\/schema\/person\/image\/\",\"url\":\"https:\/\/apuntesdesanluis.com\/wp-content\/uploads\/2023\/07\/cropped-apuntesdesanluis.png\",\"contentUrl\":\"https:\/\/apuntesdesanluis.com\/wp-content\/uploads\/2023\/07\/cropped-apuntesdesanluis.png\",\"width\":450,\"height\":112,\"caption\":\"apuntesdesanluis.com\"},\"logo\":{\"@id\":\"https:\/\/apuntesdesanluis.com\/#\/schema\/person\/image\/\"},\"sameAs\":[\"https:\/\/apuntesdesanluis.com\"],\"url\":\"https:\/\/apuntesdesanluis.com\/index.php\/author\/apuntesdesanluis-com\/\"}]}<\/script>\n<!-- \/ Yoast SEO plugin. -->","yoast_head_json":{"title":"EL MINISTRO AMITRANO SE REUNIR\u00c1 CON EMBAJADORES DE DISTINTOS PA\u00cdSES - Apuntes de San Luis","robots":{"index":"index","follow":"follow","max-snippet":"max-snippet:-1","max-image-preview":"max-image-preview:large","max-video-preview":"max-video-preview:-1"},"canonical":"https:\/\/apuntesdesanluis.com\/index.php\/2023\/07\/25\/el-ministro-amitrano-se-reunira-con-embajadores-de-distintos-paises\/","og_locale":"es_ES","og_type":"article","og_title":"EL MINISTRO AMITRANO SE REUNIR\u00c1 CON EMBAJADORES DE DISTINTOS PA\u00cdSES - Apuntes de San Luis","og_description":"En el marco de la ronda de encuentros con socios comerciales de la provincia, el...","og_url":"https:\/\/apuntesdesanluis.com\/index.php\/2023\/07\/25\/el-ministro-amitrano-se-reunira-con-embajadores-de-distintos-paises\/","og_site_name":"Apuntes de San Luis","article_published_time":"2023-07-25T21:44:05+00:00","og_image":[{"width":672,"height":485,"url":"https:\/\/apuntesdesanluis.com\/wp-content\/uploads\/2023\/07\/amitrano-con-chino.png","type":"image\/png"}],"author":"apuntesdesanluis.com","twitter_card":"summary_large_image","twitter_misc":{"Escrito por":"apuntesdesanluis.com","Tiempo de lectura":"2 minutos"},"schema":{"@context":"https:\/\/schema.org","@graph":[{"@type":"Article","@id":"https:\/\/apuntesdesanluis.com\/index.php\/2023\/07\/25\/el-ministro-amitrano-se-reunira-con-embajadores-de-distintos-paises\/#article","isPartOf":{"@id":"https:\/\/apuntesdesanluis.com\/index.php\/2023\/07\/25\/el-ministro-amitrano-se-reunira-con-embajadores-de-distintos-paises\/"},"author":{"name":"apuntesdesanluis.com","@id":"https:\/\/apuntesdesanluis.com\/#\/schema\/person\/b55151d52296fcce64d1a72538a70b90"},"headline":"EL MINISTRO AMITRANO SE REUNIR\u00c1 CON EMBAJADORES DE DISTINTOS PA\u00cdSES","datePublished":"2023-07-25T21:44:05+00:00","mainEntityOfPage":{"@id":"https:\/\/apuntesdesanluis.com\/index.php\/2023\/07\/25\/el-ministro-amitrano-se-reunira-con-embajadores-de-distintos-paises\/"},"wordCount":214,"publisher":{"@id":"https:\/\/apuntesdesanluis.com\/#\/schema\/person\/b55151d52296fcce64d1a72538a70b90"},"image":{"@id":"https:\/\/apuntesdesanluis.com\/index.php\/2023\/07\/25\/el-ministro-amitrano-se-reunira-con-embajadores-de-distintos-paises\/#primaryimage"},"thumbnailUrl":"https:\/\/apuntesdesanluis.com\/wp-content\/uploads\/2023\/07\/amitrano-con-chino.png","articleSection":["Ciudad\/Provincia"],"inLanguage":"es-AR"},{"@type":"WebPage","@id":"https:\/\/apuntesdesanluis.com\/index.php\/2023\/07\/25\/el-ministro-amitrano-se-reunira-con-embajadores-de-distintos-paises\/","url":"https:\/\/apuntesdesanluis.com\/index.php\/2023\/07\/25\/el-ministro-amitrano-se-reunira-con-embajadores-de-distintos-paises\/","name":"EL MINISTRO AMITRANO SE REUNIR\u00c1 CON EMBAJADORES DE DISTINTOS PA\u00cdSES - Apuntes de San Luis","isPartOf":{"@id":"https:\/\/apuntesdesanluis.com\/#website"},"primaryImageOfPage":{"@id":"https:\/\/apuntesdesanluis.com\/index.php\/2023\/07\/25\/el-ministro-amitrano-se-reunira-con-embajadores-de-distintos-paises\/#primaryimage"},"image":{"@id":"https:\/\/apuntesdesanluis.com\/index.php\/2023\/07\/25\/el-ministro-amitrano-se-reunira-con-embajadores-de-distintos-paises\/#primaryimage"},"thumbnailUrl":"https:\/\/apuntesdesanluis.com\/wp-content\/uploads\/2023\/07\/amitrano-con-chino.png","datePublished":"2023-07-25T21:44:05+00:00","breadcrumb":{"@id":"https:\/\/apuntesdesanluis.com\/index.php\/2023\/07\/25\/el-ministro-amitrano-se-reunira-con-embajadores-de-distintos-paises\/#breadcrumb"},"inLanguage":"es-AR","potentialAction":[{"@type":"ReadAction","target":["https:\/\/apuntesdesanluis.com\/index.php\/2023\/07\/25\/el-ministro-amitrano-se-reunira-con-embajadores-de-distintos-paises\/"]}]},{"@type":"ImageObject","inLanguage":"es-AR","@id":"https:\/\/apuntesdesanluis.com\/index.php\/2023\/07\/25\/el-ministro-amitrano-se-reunira-con-embajadores-de-distintos-paises\/#primaryimage","url":"https:\/\/apuntesdesanluis.com\/wp-content\/uploads\/2023\/07\/amitrano-con-chino.png","contentUrl":"https:\/\/apuntesdesanluis.com\/wp-content\/uploads\/2023\/07\/amitrano-con-chino.png","width":672,"height":485},{"@type":"BreadcrumbList","@id":"https:\/\/apuntesdesanluis.com\/index.php\/2023\/07\/25\/el-ministro-amitrano-se-reunira-con-embajadores-de-distintos-paises\/#breadcrumb","itemListElement":[{"@type":"ListItem","position":1,"name":"Inicio","item":"https:\/\/apuntesdesanluis.com\/"},{"@type":"ListItem","position":2,"name":"EL MINISTRO AMITRANO SE REUNIR\u00c1 CON EMBAJADORES DE DISTINTOS PA\u00cdSES"}]},{"@type":"WebSite","@id":"https:\/\/apuntesdesanluis.com\/#website","url":"https:\/\/apuntesdesanluis.com\/","name":"Apuntes de San Luis","description":"","publisher":{"@id":"https:\/\/apuntesdesanluis.com\/#\/schema\/person\/b55151d52296fcce64d1a72538a70b90"},"potentialAction":[{"@type":"SearchAction","target":{"@type":"EntryPoint","urlTemplate":"https:\/\/apuntesdesanluis.com\/?s={search_term_string}"},"query-input":{"@type":"PropertyValueSpecification","valueRequired":true,"valueName":"search_term_string"}}],"inLanguage":"es-AR"},{"@type":["Person","Organization"],"@id":"https:\/\/apuntesdesanluis.com\/#\/schema\/person\/b55151d52296fcce64d1a72538a70b90","name":"apuntesdesanluis.com","image":{"@type":"ImageObject","inLanguage":"es-AR","@id":"https:\/\/apuntesdesanluis.com\/#\/schema\/person\/image\/","url":"https:\/\/apuntesdesanluis.com\/wp-content\/uploads\/2023\/07\/cropped-apuntesdesanluis.png","contentUrl":"https:\/\/apuntesdesanluis.com\/wp-content\/uploads\/2023\/07\/cropped-apuntesdesanluis.png","width":450,"height":112,"caption":"apuntesdesanluis.com"},"logo":{"@id":"https:\/\/apuntesdesanluis.com\/#\/schema\/person\/image\/"},"sameAs":["https:\/\/apuntesdesanluis.com"],"url":"https:\/\/apuntesdesanluis.com\/index.php\/author\/apuntesdesanluis-com\/"}]}},"featured_image_urls":{"full":["https:\/\/apuntesdesanluis.com\/wp-content\/uploads\/2023\/07\/amitrano-con-chino.png",672,485,false],"thumbnail":["https:\/\/apuntesdesanluis.com\/wp-content\/uploads\/2023\/07\/amitrano-con-chino-150x150.png",150,150,true],"medium":["https:\/\/apuntesdesanluis.com\/wp-content\/uploads\/2023\/07\/amitrano-con-chino-300x217.png",300,217,true],"medium_large":["https:\/\/apuntesdesanluis.com\/wp-content\/uploads\/2023\/07\/amitrano-con-chino.png",640,462,false],"large":["https:\/\/apuntesdesanluis.com\/wp-content\/uploads\/2023\/07\/amitrano-con-chino.png",640,462,false],"1536x1536":["https:\/\/apuntesdesanluis.com\/wp-content\/uploads\/2023\/07\/amitrano-con-chino.png",672,485,false],"2048x2048":["https:\/\/apuntesdesanluis.com\/wp-content\/uploads\/2023\/07\/amitrano-con-chino.png",672,485,false],"newsever-slider-full":["https:\/\/apuntesdesanluis.com\/wp-content\/uploads\/2023\/07\/amitrano-con-chino.png",672,485,false],"newsever-featured":["https:\/\/apuntesdesanluis.com\/wp-content\/uploads\/2023\/07\/amitrano-con-chino.png",672,485,false],"newsever-medium":["https:\/\/apuntesdesanluis.com\/wp-content\/uploads\/2023\/07\/amitrano-con-chino-672x475.png",672,475,true]},"author_info":{"display_name":"apuntesdesanluis.com","author_link":"https:\/\/apuntesdesanluis.com\/index.php\/author\/apuntesdesanluis-com\/"},"category_info":"<a href=\"https:\/\/apuntesdesanluis.com\/index.php\/category\/ciudad-provincia\/\" rel=\"category tag\">Ciudad\/Provincia<\/a>","tag_info":"Ciudad\/Provincia","comment_count":"0","_links":{"self":[{"href":"https:\/\/apuntesdesanluis.com\/index.php\/wp-json\/wp\/v2\/posts\/381","targetHints":{"allow":["GET"]}}],"collection":[{"href":"https:\/\/apuntesdesanluis.com\/index.php\/wp-json\/wp\/v2\/posts"}],"about":[{"href":"https:\/\/apuntesdesanluis.com\/index.php\/wp-json\/wp\/v2\/types\/post"}],"author":[{"embeddable":true,"href":"https:\/\/apuntesdesanluis.com\/index.php\/wp-json\/wp\/v2\/users\/1"}],"replies":[{"embeddable":true,"href":"https:\/\/apuntesdesanluis.com\/index.php\/wp-json\/wp\/v2\/comments?post=381"}],"version-history":[{"count":1,"href":"https:\/\/apuntesdesanluis.com\/index.php\/wp-json\/wp\/v2\/posts\/381\/revisions"}],"predecessor-version":[{"id":384,"href":"https:\/\/apuntesdesanluis.com\/index.php\/wp-json\/wp\/v2\/posts\/381\/revisions\/384"}],"wp:featuredmedia":[{"embeddable":true,"href":"https:\/\/apuntesdesanluis.com\/index.php\/wp-json\/wp\/v2\/media\/382"}],"wp:attachment":[{"href":"https:\/\/apuntesdesanluis.com\/index.php\/wp-json\/wp\/v2\/media?parent=381"}],"wp:term":[{"taxonomy":"category","embeddable":true,"href":"https:\/\/apuntesdesanluis.com\/index.php\/wp-json\/wp\/v2\/categories?post=381"},{"taxonomy":"post_tag","embeddable":true,"href":"https:\/\/apuntesdesanluis.com\/index.php\/wp-json\/wp\/v2\/tags?post=381"}],"curies":[{"name":"wp","href":"https:\/\/api.w.org\/{rel}","templated":true}]}}