{"id":3820,"date":"2023-09-22T14:21:49","date_gmt":"2023-09-22T17:21:49","guid":{"rendered":"https:\/\/apuntesdesanluis.com\/?p=3820"},"modified":"2023-09-22T14:21:49","modified_gmt":"2023-09-22T17:21:49","slug":"massa-anuncio-medidas-de-alivio-fiscal-para-pequenos-contribuyentes-y-pymes","status":"publish","type":"post","link":"https:\/\/apuntesdesanluis.com\/index.php\/2023\/09\/22\/massa-anuncio-medidas-de-alivio-fiscal-para-pequenos-contribuyentes-y-pymes\/","title":{"rendered":"MASSA ANUNCI\u00d3 MEDIDAS DE ALIVIO FISCAL PARA PEQUE\u00d1OS CONTRIBUYENTES Y PYMES"},"content":{"rendered":"<h3>Abarcan a profesionales, monotributistas, aut\u00f3nomos. Adem\u00e1s, adelant\u00f3 que el lunes enviar\u00e1 al Congreso un proyecto de ley sobre la devoluci\u00f3n del IVA para los productos de la canasta b\u00e1sica para sectores con menores ingresos.<\/h3>\n<h3>El ministro de Econom\u00eda, Sergio Massa, anunci\u00f3 este viernes medidas de alivio fiscal para profesionales, monotributistas, aut\u00f3nomos y pymes, con el objetivo de &#8220;corregir situaciones&#8221; y &#8220;encontrar mecanismos que los alienten a seguir trabajando, seguir produciendo y hacer esfuerzos desde el Estado para facilitarles un poco la vida&#8221;.<\/h3>\n<h3>Por otra parte, adelant\u00f3 que este lunes ser\u00e1 enviado al Congreso el proyecto de ley que busca darle ese status a la devoluci\u00f3n del IVA para los productos de la canasta b\u00e1sica para sectores con menores ingresos, y se transforme as\u00ed en &#8220;un instrumento de pol\u00edtica tributaria&#8221; de manera &#8220;permanente&#8221;.<\/h3>\n<h3>&#8220;Estamos tomando algunas decisiones que tienen que ver con corregir situaciones que, sequ\u00eda de por medio, FMI con imposici\u00f3n de devaluaci\u00f3n de por medio, afectaron capital de trabajo, poder de compra de la gente, el bolsillo y la capacidad de desarrollo econ\u00f3mico de millones de argentinos&#8221;, dijo Massa al anunciar las medidas en el Consejo Profesional de Ciencias Econ\u00f3micas.<\/h3>\n<h3>UNA POR UNA, LAS MEDIDAS DE ALIVIO FISCAL:<\/h3>\n<h3>PROFESIONALES AUT\u00d3NOMOS<\/h3>\n<h3>\u27a4 Para profesionales aut\u00f3nomos, se prorrogar\u00e1 el aporte personal de septiembre, octubre, noviembre y diciembre, y el impuesto al valor agregado (IVA) de septiembre, octubre, noviembre y diciembre.<\/h3>\n<h3>\u27a4 Adem\u00e1s, habr\u00e1 una actualizaci\u00f3n de importes de la escala de retenci\u00f3n del impuesto a las Ganancias (Resoluci\u00f3n General AFIP 830) y un nuevo monto no sujeto a retenci\u00f3n de $ 160.000. De esta manera, se beneficiar\u00e1n 701.000 profesionales y peque\u00f1os comerciantes aut\u00f3nomos (337.000 profesionales y prestaciones de servicios, y 364.000 comerciantes).<\/h3>\n<h3>\u27a4 Profesionales se ver\u00e1n beneficiados con una simplificaci\u00f3n, que consiste en un r\u00e9gimen opcional de pago de declaraciones juradas impositivas en enero de cada a\u00f1o para que el profesional pueda administrar su tiempo de descanso con la familia.<\/h3>\n<h3>\u27a4 Para los aut\u00f3nomos comerciantes, profesionales y que prestan servicios, el esquema simple implicar\u00e1 que quienes tengan ingresos de hasta 15 salarios m\u00ednimos, vitales y m\u00f3viles (SMVM) mensuales (similar l\u00edmite que el de los empleados que no pagan mayores ingresos) puedan optar por este r\u00e9gimen simplificado con las siguientes caracter\u00edsticas: ser\u00e1 un r\u00e9gimen distinto al de monotributo; un \u00fanico pago mensual que abarque seguridad social, IVA y Ganancias; y el pago se determinar\u00e1 como un porcentaje de la facturaci\u00f3n.<\/h3>\n<h3>PROFESIONALES MONOTRIBUTISTAS<\/h3>\n<h3>\u27a4 Para un mill\u00f3n de profesionales monotributistas, se suspender\u00e1n tanto las exclusiones por superar el l\u00edmite de facturaci\u00f3n hasta la actualizaci\u00f3n de la escala el a\u00f1o que viene como la baja autom\u00e1tica por falta de pago.<\/h3>\n<h3>PYMES<\/h3>\n<h3>\u27a4 En cuanto al sector pyme, se dispondr\u00e1 un plan de pago que permitir\u00e1 a las empresas regularizar deuda con las siguientes condiciones: 120 cuotas mensuales; vigente hasta el 31\/12\/2023; permite incluir obligaciones vencidas hasta el 31\/08\/2023 y planes caducos; tasa de inter\u00e9s 4,14 mensual (70% de la tasa de Inter\u00e9s Resarcitorio).<\/h3>\n<h3>\u27a4 El director general de Aduanas, Guillermo Michel, anunci\u00f3 durante el acto encabezado por Massa el env\u00edo al Congreso la pr\u00f3xima semana de un proyecto de ley tendiente a la simplificaci\u00f3n tributaria para micro y medianas empresas.<\/h3>\n<h3>Las medidas anunciadas (ver aparte) incluyen alivio fiscal para profesionales aut\u00f3nomos con pr\u00f3rroga del pago del aporte personal y del pago de IVA, y actualizaci\u00f3n de importes de la escala de retenci\u00f3n del Impuesto a las Ganancias.<\/h3>\n<h3>Tambi\u00e9n alivio fiscal para monotributistas con suspensi\u00f3n de las exclusiones por superar el l\u00edmite de facturaci\u00f3n hasta la actualizaci\u00f3n de la escala el a\u00f1o que viene, y suspensi\u00f3n de la baja autom\u00e1tica por falta de pago; un plan de pagos para deudas de pymes de 120 cuotas con tasa de inter\u00e9s 4,14 mensual; y simplificaci\u00f3n tributaria para micro y peque\u00f1as empresas.<\/h3>\n<h3>En este contexto, el ministro dijo que &#8220;casi el 68% del empleo en la Argentina hoy es pyme&#8221;, y agreg\u00f3: &#8220;buscamos consolidar, en un momento de dificultad, la capacidad de generaci\u00f3n de empleo, la reconstituci\u00f3n de capital de trabajo y la posibilidad de proyectar el 2024 por parte de nuestro tejido profesional, comercial y peque\u00f1as y medianas empresas&#8221;.<\/h3>\n<h3>&#8220;Ning\u00fan pa\u00eds puede pretender crecer si no tiene orden fiscal, super\u00e1vit comercial, competitividad cambiaria, r\u00e9gimen de acumulaci\u00f3n de reservas permanentes y un programa de desarrollo con inclusi\u00f3n&#8221;, remarc\u00f3.<\/h3>\n<h3>LA DEVOLUCI\u00d3N DEL IVA, CAMINO A SER LEY<\/h3>\n<h3>Por otra parte, se\u00f1al\u00f3 que &#8220;en el d\u00eda de hoy firmamos la elevaci\u00f3n para que ingrese el lunes al Congreso una ley que establece un sistema de devoluci\u00f3n del IVA en la canasta b\u00e1sica de manera permanente y por ley para los pr\u00f3ximos a\u00f1os&#8221;.<\/h3>\n<h3>Indic\u00f3 que esta decisi\u00f3n apunta a &#8220;que no quede en una medida simplemente de este contexto, sino que quede como un instrumento de pol\u00edtica tributaria&#8221;.<\/h3>\n<h3>Destac\u00f3 que ya se realizaron devoluciones del IVA a m\u00e1s de 3,3 millones de personas por compras realizadas con tarjeta de d\u00e9bito por el programa Compre sin IVA, en el marco de &#8220;una de las medidas tal vez m\u00e1s progresivas tomadas desde el punto de vista tributario&#8221;.<\/h3>\n<h3>&#8220;Ya hay m\u00e1s de 3,3 millones de argentinos que recibieron en su tarjeta de d\u00e9bito la devoluci\u00f3n de IVA&#8221;, concluy\u00f3.<\/h3>\n<p>&nbsp;<\/p>\n<p>&nbsp;<\/p>\n<p>&nbsp;<\/p>\n","protected":false},"excerpt":{"rendered":"<p>Abarcan a profesionales, monotributistas, aut\u00f3nomos. Adem\u00e1s, adelant\u00f3 que el lunes enviar\u00e1 al Congreso un proyecto&#8230;<\/p>\n","protected":false},"author":1,"featured_media":3271,"comment_status":"closed","ping_status":"closed","sticky":false,"template":"","format":"standard","meta":{"footnotes":""},"categories":[5],"tags":[],"class_list":["post-3820","post","type-post","status-publish","format-standard","has-post-thumbnail","hentry","category-nacionales-internacionales"],"yoast_head":"<!-- This site is optimized with the Yoast SEO plugin v26.1.1 - https:\/\/yoast.com\/wordpress\/plugins\/seo\/ -->\n<title>MASSA ANUNCI\u00d3 MEDIDAS DE ALIVIO FISCAL PARA PEQUE\u00d1OS CONTRIBUYENTES Y PYMES - Apuntes de San Luis<\/title>\n<meta name=\"robots\" content=\"index, follow, max-snippet:-1, max-image-preview:large, max-video-preview:-1\" \/>\n<link rel=\"canonical\" href=\"https:\/\/apuntesdesanluis.com\/index.php\/2023\/09\/22\/massa-anuncio-medidas-de-alivio-fiscal-para-pequenos-contribuyentes-y-pymes\/\" \/>\n<meta property=\"og:locale\" content=\"es_ES\" \/>\n<meta property=\"og:type\" content=\"article\" \/>\n<meta property=\"og:title\" content=\"MASSA ANUNCI\u00d3 MEDIDAS DE ALIVIO FISCAL PARA PEQUE\u00d1OS CONTRIBUYENTES Y PYMES - Apuntes de San Luis\" \/>\n<meta property=\"og:description\" content=\"Abarcan a profesionales, monotributistas, aut\u00f3nomos. Adem\u00e1s, adelant\u00f3 que el lunes enviar\u00e1 al Congreso un proyecto...\" \/>\n<meta property=\"og:url\" content=\"https:\/\/apuntesdesanluis.com\/index.php\/2023\/09\/22\/massa-anuncio-medidas-de-alivio-fiscal-para-pequenos-contribuyentes-y-pymes\/\" \/>\n<meta property=\"og:site_name\" content=\"Apuntes de San Luis\" \/>\n<meta property=\"article:published_time\" content=\"2023-09-22T17:21:49+00:00\" \/>\n<meta property=\"og:image\" content=\"https:\/\/apuntesdesanluis.com\/wp-content\/uploads\/2023\/09\/massa-2.png\" \/>\n\t<meta property=\"og:image:width\" content=\"798\" \/>\n\t<meta property=\"og:image:height\" content=\"519\" \/>\n\t<meta property=\"og:image:type\" content=\"image\/png\" \/>\n<meta name=\"author\" content=\"apuntesdesanluis.com\" \/>\n<meta name=\"twitter:card\" content=\"summary_large_image\" \/>\n<meta name=\"twitter:label1\" content=\"Escrito por\" \/>\n\t<meta name=\"twitter:data1\" content=\"apuntesdesanluis.com\" \/>\n\t<meta name=\"twitter:label2\" content=\"Tiempo de lectura\" \/>\n\t<meta name=\"twitter:data2\" content=\"4 minutos\" \/>\n<script type=\"application\/ld+json\" class=\"yoast-schema-graph\">{\"@context\":\"https:\/\/schema.org\",\"@graph\":[{\"@type\":\"Article\",\"@id\":\"https:\/\/apuntesdesanluis.com\/index.php\/2023\/09\/22\/massa-anuncio-medidas-de-alivio-fiscal-para-pequenos-contribuyentes-y-pymes\/#article\",\"isPartOf\":{\"@id\":\"https:\/\/apuntesdesanluis.com\/index.php\/2023\/09\/22\/massa-anuncio-medidas-de-alivio-fiscal-para-pequenos-contribuyentes-y-pymes\/\"},\"author\":{\"name\":\"apuntesdesanluis.com\",\"@id\":\"https:\/\/apuntesdesanluis.com\/#\/schema\/person\/b55151d52296fcce64d1a72538a70b90\"},\"headline\":\"MASSA ANUNCI\u00d3 MEDIDAS DE ALIVIO FISCAL PARA PEQUE\u00d1OS CONTRIBUYENTES Y PYMES\",\"datePublished\":\"2023-09-22T17:21:49+00:00\",\"mainEntityOfPage\":{\"@id\":\"https:\/\/apuntesdesanluis.com\/index.php\/2023\/09\/22\/massa-anuncio-medidas-de-alivio-fiscal-para-pequenos-contribuyentes-y-pymes\/\"},\"wordCount\":932,\"publisher\":{\"@id\":\"https:\/\/apuntesdesanluis.com\/#\/schema\/person\/b55151d52296fcce64d1a72538a70b90\"},\"image\":{\"@id\":\"https:\/\/apuntesdesanluis.com\/index.php\/2023\/09\/22\/massa-anuncio-medidas-de-alivio-fiscal-para-pequenos-contribuyentes-y-pymes\/#primaryimage\"},\"thumbnailUrl\":\"https:\/\/apuntesdesanluis.com\/wp-content\/uploads\/2023\/09\/massa-2.png\",\"articleSection\":[\"Nacionales\/Internacionales\"],\"inLanguage\":\"es-AR\"},{\"@type\":\"WebPage\",\"@id\":\"https:\/\/apuntesdesanluis.com\/index.php\/2023\/09\/22\/massa-anuncio-medidas-de-alivio-fiscal-para-pequenos-contribuyentes-y-pymes\/\",\"url\":\"https:\/\/apuntesdesanluis.com\/index.php\/2023\/09\/22\/massa-anuncio-medidas-de-alivio-fiscal-para-pequenos-contribuyentes-y-pymes\/\",\"name\":\"MASSA ANUNCI\u00d3 MEDIDAS DE ALIVIO FISCAL PARA PEQUE\u00d1OS CONTRIBUYENTES Y PYMES - Apuntes de San Luis\",\"isPartOf\":{\"@id\":\"https:\/\/apuntesdesanluis.com\/#website\"},\"primaryImageOfPage\":{\"@id\":\"https:\/\/apuntesdesanluis.com\/index.php\/2023\/09\/22\/massa-anuncio-medidas-de-alivio-fiscal-para-pequenos-contribuyentes-y-pymes\/#primaryimage\"},\"image\":{\"@id\":\"https:\/\/apuntesdesanluis.com\/index.php\/2023\/09\/22\/massa-anuncio-medidas-de-alivio-fiscal-para-pequenos-contribuyentes-y-pymes\/#primaryimage\"},\"thumbnailUrl\":\"https:\/\/apuntesdesanluis.com\/wp-content\/uploads\/2023\/09\/massa-2.png\",\"datePublished\":\"2023-09-22T17:21:49+00:00\",\"breadcrumb\":{\"@id\":\"https:\/\/apuntesdesanluis.com\/index.php\/2023\/09\/22\/massa-anuncio-medidas-de-alivio-fiscal-para-pequenos-contribuyentes-y-pymes\/#breadcrumb\"},\"inLanguage\":\"es-AR\",\"potentialAction\":[{\"@type\":\"ReadAction\",\"target\":[\"https:\/\/apuntesdesanluis.com\/index.php\/2023\/09\/22\/massa-anuncio-medidas-de-alivio-fiscal-para-pequenos-contribuyentes-y-pymes\/\"]}]},{\"@type\":\"ImageObject\",\"inLanguage\":\"es-AR\",\"@id\":\"https:\/\/apuntesdesanluis.com\/index.php\/2023\/09\/22\/massa-anuncio-medidas-de-alivio-fiscal-para-pequenos-contribuyentes-y-pymes\/#primaryimage\",\"url\":\"https:\/\/apuntesdesanluis.com\/wp-content\/uploads\/2023\/09\/massa-2.png\",\"contentUrl\":\"https:\/\/apuntesdesanluis.com\/wp-content\/uploads\/2023\/09\/massa-2.png\",\"width\":798,\"height\":519},{\"@type\":\"BreadcrumbList\",\"@id\":\"https:\/\/apuntesdesanluis.com\/index.php\/2023\/09\/22\/massa-anuncio-medidas-de-alivio-fiscal-para-pequenos-contribuyentes-y-pymes\/#breadcrumb\",\"itemListElement\":[{\"@type\":\"ListItem\",\"position\":1,\"name\":\"Inicio\",\"item\":\"https:\/\/apuntesdesanluis.com\/\"},{\"@type\":\"ListItem\",\"position\":2,\"name\":\"MASSA ANUNCI\u00d3 MEDIDAS DE ALIVIO FISCAL PARA PEQUE\u00d1OS CONTRIBUYENTES Y PYMES\"}]},{\"@type\":\"WebSite\",\"@id\":\"https:\/\/apuntesdesanluis.com\/#website\",\"url\":\"https:\/\/apuntesdesanluis.com\/\",\"name\":\"Apuntes de San Luis\",\"description\":\"\",\"publisher\":{\"@id\":\"https:\/\/apuntesdesanluis.com\/#\/schema\/person\/b55151d52296fcce64d1a72538a70b90\"},\"potentialAction\":[{\"@type\":\"SearchAction\",\"target\":{\"@type\":\"EntryPoint\",\"urlTemplate\":\"https:\/\/apuntesdesanluis.com\/?s={search_term_string}\"},\"query-input\":{\"@type\":\"PropertyValueSpecification\",\"valueRequired\":true,\"valueName\":\"search_term_string\"}}],\"inLanguage\":\"es-AR\"},{\"@type\":[\"Person\",\"Organization\"],\"@id\":\"https:\/\/apuntesdesanluis.com\/#\/schema\/person\/b55151d52296fcce64d1a72538a70b90\",\"name\":\"apuntesdesanluis.com\",\"image\":{\"@type\":\"ImageObject\",\"inLanguage\":\"es-AR\",\"@id\":\"https:\/\/apuntesdesanluis.com\/#\/schema\/person\/image\/\",\"url\":\"https:\/\/apuntesdesanluis.com\/wp-content\/uploads\/2023\/07\/cropped-apuntesdesanluis.png\",\"contentUrl\":\"https:\/\/apuntesdesanluis.com\/wp-content\/uploads\/2023\/07\/cropped-apuntesdesanluis.png\",\"width\":450,\"height\":112,\"caption\":\"apuntesdesanluis.com\"},\"logo\":{\"@id\":\"https:\/\/apuntesdesanluis.com\/#\/schema\/person\/image\/\"},\"sameAs\":[\"https:\/\/apuntesdesanluis.com\"],\"url\":\"https:\/\/apuntesdesanluis.com\/index.php\/author\/apuntesdesanluis-com\/\"}]}<\/script>\n<!-- \/ Yoast SEO plugin. -->","yoast_head_json":{"title":"MASSA ANUNCI\u00d3 MEDIDAS DE ALIVIO FISCAL PARA PEQUE\u00d1OS CONTRIBUYENTES Y PYMES - Apuntes de San Luis","robots":{"index":"index","follow":"follow","max-snippet":"max-snippet:-1","max-image-preview":"max-image-preview:large","max-video-preview":"max-video-preview:-1"},"canonical":"https:\/\/apuntesdesanluis.com\/index.php\/2023\/09\/22\/massa-anuncio-medidas-de-alivio-fiscal-para-pequenos-contribuyentes-y-pymes\/","og_locale":"es_ES","og_type":"article","og_title":"MASSA ANUNCI\u00d3 MEDIDAS DE ALIVIO FISCAL PARA PEQUE\u00d1OS CONTRIBUYENTES Y PYMES - Apuntes de San Luis","og_description":"Abarcan a profesionales, monotributistas, aut\u00f3nomos. Adem\u00e1s, adelant\u00f3 que el lunes enviar\u00e1 al Congreso un proyecto...","og_url":"https:\/\/apuntesdesanluis.com\/index.php\/2023\/09\/22\/massa-anuncio-medidas-de-alivio-fiscal-para-pequenos-contribuyentes-y-pymes\/","og_site_name":"Apuntes de San Luis","article_published_time":"2023-09-22T17:21:49+00:00","og_image":[{"width":798,"height":519,"url":"https:\/\/apuntesdesanluis.com\/wp-content\/uploads\/2023\/09\/massa-2.png","type":"image\/png"}],"author":"apuntesdesanluis.com","twitter_card":"summary_large_image","twitter_misc":{"Escrito por":"apuntesdesanluis.com","Tiempo de lectura":"4 minutos"},"schema":{"@context":"https:\/\/schema.org","@graph":[{"@type":"Article","@id":"https:\/\/apuntesdesanluis.com\/index.php\/2023\/09\/22\/massa-anuncio-medidas-de-alivio-fiscal-para-pequenos-contribuyentes-y-pymes\/#article","isPartOf":{"@id":"https:\/\/apuntesdesanluis.com\/index.php\/2023\/09\/22\/massa-anuncio-medidas-de-alivio-fiscal-para-pequenos-contribuyentes-y-pymes\/"},"author":{"name":"apuntesdesanluis.com","@id":"https:\/\/apuntesdesanluis.com\/#\/schema\/person\/b55151d52296fcce64d1a72538a70b90"},"headline":"MASSA ANUNCI\u00d3 MEDIDAS DE ALIVIO FISCAL PARA PEQUE\u00d1OS CONTRIBUYENTES Y PYMES","datePublished":"2023-09-22T17:21:49+00:00","mainEntityOfPage":{"@id":"https:\/\/apuntesdesanluis.com\/index.php\/2023\/09\/22\/massa-anuncio-medidas-de-alivio-fiscal-para-pequenos-contribuyentes-y-pymes\/"},"wordCount":932,"publisher":{"@id":"https:\/\/apuntesdesanluis.com\/#\/schema\/person\/b55151d52296fcce64d1a72538a70b90"},"image":{"@id":"https:\/\/apuntesdesanluis.com\/index.php\/2023\/09\/22\/massa-anuncio-medidas-de-alivio-fiscal-para-pequenos-contribuyentes-y-pymes\/#primaryimage"},"thumbnailUrl":"https:\/\/apuntesdesanluis.com\/wp-content\/uploads\/2023\/09\/massa-2.png","articleSection":["Nacionales\/Internacionales"],"inLanguage":"es-AR"},{"@type":"WebPage","@id":"https:\/\/apuntesdesanluis.com\/index.php\/2023\/09\/22\/massa-anuncio-medidas-de-alivio-fiscal-para-pequenos-contribuyentes-y-pymes\/","url":"https:\/\/apuntesdesanluis.com\/index.php\/2023\/09\/22\/massa-anuncio-medidas-de-alivio-fiscal-para-pequenos-contribuyentes-y-pymes\/","name":"MASSA ANUNCI\u00d3 MEDIDAS DE ALIVIO FISCAL PARA PEQUE\u00d1OS CONTRIBUYENTES Y PYMES - Apuntes de San Luis","isPartOf":{"@id":"https:\/\/apuntesdesanluis.com\/#website"},"primaryImageOfPage":{"@id":"https:\/\/apuntesdesanluis.com\/index.php\/2023\/09\/22\/massa-anuncio-medidas-de-alivio-fiscal-para-pequenos-contribuyentes-y-pymes\/#primaryimage"},"image":{"@id":"https:\/\/apuntesdesanluis.com\/index.php\/2023\/09\/22\/massa-anuncio-medidas-de-alivio-fiscal-para-pequenos-contribuyentes-y-pymes\/#primaryimage"},"thumbnailUrl":"https:\/\/apuntesdesanluis.com\/wp-content\/uploads\/2023\/09\/massa-2.png","datePublished":"2023-09-22T17:21:49+00:00","breadcrumb":{"@id":"https:\/\/apuntesdesanluis.com\/index.php\/2023\/09\/22\/massa-anuncio-medidas-de-alivio-fiscal-para-pequenos-contribuyentes-y-pymes\/#breadcrumb"},"inLanguage":"es-AR","potentialAction":[{"@type":"ReadAction","target":["https:\/\/apuntesdesanluis.com\/index.php\/2023\/09\/22\/massa-anuncio-medidas-de-alivio-fiscal-para-pequenos-contribuyentes-y-pymes\/"]}]},{"@type":"ImageObject","inLanguage":"es-AR","@id":"https:\/\/apuntesdesanluis.com\/index.php\/2023\/09\/22\/massa-anuncio-medidas-de-alivio-fiscal-para-pequenos-contribuyentes-y-pymes\/#primaryimage","url":"https:\/\/apuntesdesanluis.com\/wp-content\/uploads\/2023\/09\/massa-2.png","contentUrl":"https:\/\/apuntesdesanluis.com\/wp-content\/uploads\/2023\/09\/massa-2.png","width":798,"height":519},{"@type":"BreadcrumbList","@id":"https:\/\/apuntesdesanluis.com\/index.php\/2023\/09\/22\/massa-anuncio-medidas-de-alivio-fiscal-para-pequenos-contribuyentes-y-pymes\/#breadcrumb","itemListElement":[{"@type":"ListItem","position":1,"name":"Inicio","item":"https:\/\/apuntesdesanluis.com\/"},{"@type":"ListItem","position":2,"name":"MASSA ANUNCI\u00d3 MEDIDAS DE ALIVIO FISCAL PARA PEQUE\u00d1OS CONTRIBUYENTES Y PYMES"}]},{"@type":"WebSite","@id":"https:\/\/apuntesdesanluis.com\/#website","url":"https:\/\/apuntesdesanluis.com\/","name":"Apuntes de San Luis","description":"","publisher":{"@id":"https:\/\/apuntesdesanluis.com\/#\/schema\/person\/b55151d52296fcce64d1a72538a70b90"},"potentialAction":[{"@type":"SearchAction","target":{"@type":"EntryPoint","urlTemplate":"https:\/\/apuntesdesanluis.com\/?s={search_term_string}"},"query-input":{"@type":"PropertyValueSpecification","valueRequired":true,"valueName":"search_term_string"}}],"inLanguage":"es-AR"},{"@type":["Person","Organization"],"@id":"https:\/\/apuntesdesanluis.com\/#\/schema\/person\/b55151d52296fcce64d1a72538a70b90","name":"apuntesdesanluis.com","image":{"@type":"ImageObject","inLanguage":"es-AR","@id":"https:\/\/apuntesdesanluis.com\/#\/schema\/person\/image\/","url":"https:\/\/apuntesdesanluis.com\/wp-content\/uploads\/2023\/07\/cropped-apuntesdesanluis.png","contentUrl":"https:\/\/apuntesdesanluis.com\/wp-content\/uploads\/2023\/07\/cropped-apuntesdesanluis.png","width":450,"height":112,"caption":"apuntesdesanluis.com"},"logo":{"@id":"https:\/\/apuntesdesanluis.com\/#\/schema\/person\/image\/"},"sameAs":["https:\/\/apuntesdesanluis.com"],"url":"https:\/\/apuntesdesanluis.com\/index.php\/author\/apuntesdesanluis-com\/"}]}},"featured_image_urls":{"full":["https:\/\/apuntesdesanluis.com\/wp-content\/uploads\/2023\/09\/massa-2.png",798,519,false],"thumbnail":["https:\/\/apuntesdesanluis.com\/wp-content\/uploads\/2023\/09\/massa-2-150x150.png",150,150,true],"medium":["https:\/\/apuntesdesanluis.com\/wp-content\/uploads\/2023\/09\/massa-2-300x195.png",300,195,true],"medium_large":["https:\/\/apuntesdesanluis.com\/wp-content\/uploads\/2023\/09\/massa-2-768x499.png",640,416,true],"large":["https:\/\/apuntesdesanluis.com\/wp-content\/uploads\/2023\/09\/massa-2.png",640,416,false],"1536x1536":["https:\/\/apuntesdesanluis.com\/wp-content\/uploads\/2023\/09\/massa-2.png",798,519,false],"2048x2048":["https:\/\/apuntesdesanluis.com\/wp-content\/uploads\/2023\/09\/massa-2.png",798,519,false],"newsever-slider-full":["https:\/\/apuntesdesanluis.com\/wp-content\/uploads\/2023\/09\/massa-2.png",798,519,false],"newsever-featured":["https:\/\/apuntesdesanluis.com\/wp-content\/uploads\/2023\/09\/massa-2.png",798,519,false],"newsever-medium":["https:\/\/apuntesdesanluis.com\/wp-content\/uploads\/2023\/09\/massa-2-720x475.png",720,475,true]},"author_info":{"display_name":"apuntesdesanluis.com","author_link":"https:\/\/apuntesdesanluis.com\/index.php\/author\/apuntesdesanluis-com\/"},"category_info":"<a href=\"https:\/\/apuntesdesanluis.com\/index.php\/category\/nacionales-internacionales\/\" rel=\"category tag\">Nacionales\/Internacionales<\/a>","tag_info":"Nacionales\/Internacionales","comment_count":"0","_links":{"self":[{"href":"https:\/\/apuntesdesanluis.com\/index.php\/wp-json\/wp\/v2\/posts\/3820","targetHints":{"allow":["GET"]}}],"collection":[{"href":"https:\/\/apuntesdesanluis.com\/index.php\/wp-json\/wp\/v2\/posts"}],"about":[{"href":"https:\/\/apuntesdesanluis.com\/index.php\/wp-json\/wp\/v2\/types\/post"}],"author":[{"embeddable":true,"href":"https:\/\/apuntesdesanluis.com\/index.php\/wp-json\/wp\/v2\/users\/1"}],"replies":[{"embeddable":true,"href":"https:\/\/apuntesdesanluis.com\/index.php\/wp-json\/wp\/v2\/comments?post=3820"}],"version-history":[{"count":1,"href":"https:\/\/apuntesdesanluis.com\/index.php\/wp-json\/wp\/v2\/posts\/3820\/revisions"}],"predecessor-version":[{"id":3821,"href":"https:\/\/apuntesdesanluis.com\/index.php\/wp-json\/wp\/v2\/posts\/3820\/revisions\/3821"}],"wp:featuredmedia":[{"embeddable":true,"href":"https:\/\/apuntesdesanluis.com\/index.php\/wp-json\/wp\/v2\/media\/3271"}],"wp:attachment":[{"href":"https:\/\/apuntesdesanluis.com\/index.php\/wp-json\/wp\/v2\/media?parent=3820"}],"wp:term":[{"taxonomy":"category","embeddable":true,"href":"https:\/\/apuntesdesanluis.com\/index.php\/wp-json\/wp\/v2\/categories?post=3820"},{"taxonomy":"post_tag","embeddable":true,"href":"https:\/\/apuntesdesanluis.com\/index.php\/wp-json\/wp\/v2\/tags?post=3820"}],"curies":[{"name":"wp","href":"https:\/\/api.w.org\/{rel}","templated":true}]}}