{"id":3822,"date":"2023-09-22T14:34:09","date_gmt":"2023-09-22T17:34:09","guid":{"rendered":"https:\/\/apuntesdesanluis.com\/?p=3822"},"modified":"2023-09-22T14:35:56","modified_gmt":"2023-09-22T17:35:56","slug":"ridiculez-marra-llevo-un-elefante-inflable-a-la-plaza-de-mayo-para-representar-al-peso-del-estado","status":"publish","type":"post","link":"https:\/\/apuntesdesanluis.com\/index.php\/2023\/09\/22\/ridiculez-marra-llevo-un-elefante-inflable-a-la-plaza-de-mayo-para-representar-al-peso-del-estado\/","title":{"rendered":"RIDICULEZ: MARRA LLEV\u00d3 UN ELEFANTE INFLABLE A PLAZA DE MAYO PARA REPRESENTAR AL PESO DEL ESTADO"},"content":{"rendered":"<h3>Algunos no tienen verg\u00fcenza y hacen cualquier cosa para dar visibilidad a su campa\u00f1a, sin temor al rid\u00edculo.<\/h3>\n<h3>El candidato a jefe de Gobierno porte\u00f1o de La Libertad Avanza (LLA), <strong>Ramiro Marra<\/strong>, present\u00f3 frente a la Casa Rosada un elefante inflable para simbolizar \u201cel enorme tama\u00f1o del Estado, que pisa a los que pagan sus impuestos y se alimenta de sus bolsillos\u201d.<\/h3>\n<h3>\u201cEstamos con este elefante que trajimos de manera simb\u00f3lica. Es una representaci\u00f3n de lo que es el Estado en Argentina, poco din\u00e1mico, de gran tama\u00f1o, que nos pisa constantemente, que nos lo tiran encima. Tenemos que buscar una Ciudad de Buenos Aires distinta, una Argentina distinta\u201d, asegur\u00f3 el candidato de Javier Milei en la Ciudad.<\/h3>\n<h3>Seg\u00fan explic\u00f3, &#8220;el objetivo es generar un acto simb\u00f3lico que concientice lo que ya muchos saben, que un Estado de este tama\u00f1o no sirve sino para enriquecer a los pocos que se benefician de \u00e9l a la vez que le roban a la gente\u201d.<\/h3>\n<h3>&#8220;Los \u00fanicos que se benefician con este modelo son los pol\u00edticos que se enriquecen mientras aplastan a la sociedad\u201d, asegur\u00f3 Marra.<\/h3>\n<h3><\/h3>\n","protected":false},"excerpt":{"rendered":"<p>Algunos no tienen verg\u00fcenza y hacen cualquier cosa para dar visibilidad a su campa\u00f1a, sin&#8230;<\/p>\n","protected":false},"author":1,"featured_media":3823,"comment_status":"closed","ping_status":"closed","sticky":false,"template":"","format":"standard","meta":{"footnotes":""},"categories":[5],"tags":[],"class_list":["post-3822","post","type-post","status-publish","format-standard","has-post-thumbnail","hentry","category-nacionales-internacionales"],"yoast_head":"<!-- This site is optimized with the Yoast SEO plugin v26.1.1 - https:\/\/yoast.com\/wordpress\/plugins\/seo\/ -->\n<title>RIDICULEZ: MARRA LLEV\u00d3 UN ELEFANTE INFLABLE A PLAZA DE MAYO PARA REPRESENTAR AL PESO DEL ESTADO - Apuntes de San Luis<\/title>\n<meta name=\"robots\" content=\"index, follow, max-snippet:-1, max-image-preview:large, max-video-preview:-1\" \/>\n<link rel=\"canonical\" href=\"https:\/\/apuntesdesanluis.com\/index.php\/2023\/09\/22\/ridiculez-marra-llevo-un-elefante-inflable-a-la-plaza-de-mayo-para-representar-al-peso-del-estado\/\" \/>\n<meta property=\"og:locale\" content=\"es_ES\" \/>\n<meta property=\"og:type\" content=\"article\" \/>\n<meta property=\"og:title\" content=\"RIDICULEZ: MARRA LLEV\u00d3 UN ELEFANTE INFLABLE A PLAZA DE MAYO PARA REPRESENTAR AL PESO DEL ESTADO - Apuntes de San Luis\" \/>\n<meta property=\"og:description\" content=\"Algunos no tienen verg\u00fcenza y hacen cualquier cosa para dar visibilidad a su campa\u00f1a, sin...\" \/>\n<meta property=\"og:url\" content=\"https:\/\/apuntesdesanluis.com\/index.php\/2023\/09\/22\/ridiculez-marra-llevo-un-elefante-inflable-a-la-plaza-de-mayo-para-representar-al-peso-del-estado\/\" \/>\n<meta property=\"og:site_name\" content=\"Apuntes de San Luis\" \/>\n<meta property=\"article:published_time\" content=\"2023-09-22T17:34:09+00:00\" \/>\n<meta property=\"article:modified_time\" content=\"2023-09-22T17:35:56+00:00\" \/>\n<meta property=\"og:image\" content=\"https:\/\/apuntesdesanluis.com\/wp-content\/uploads\/2023\/09\/MARRA.png\" \/>\n\t<meta property=\"og:image:width\" content=\"600\" \/>\n\t<meta property=\"og:image:height\" content=\"370\" \/>\n\t<meta property=\"og:image:type\" content=\"image\/png\" \/>\n<meta name=\"author\" content=\"apuntesdesanluis.com\" \/>\n<meta name=\"twitter:card\" content=\"summary_large_image\" \/>\n<meta name=\"twitter:label1\" content=\"Escrito por\" \/>\n\t<meta name=\"twitter:data1\" content=\"apuntesdesanluis.com\" \/>\n\t<meta name=\"twitter:label2\" content=\"Tiempo de lectura\" \/>\n\t<meta name=\"twitter:data2\" content=\"1 minuto\" \/>\n<script type=\"application\/ld+json\" class=\"yoast-schema-graph\">{\"@context\":\"https:\/\/schema.org\",\"@graph\":[{\"@type\":\"Article\",\"@id\":\"https:\/\/apuntesdesanluis.com\/index.php\/2023\/09\/22\/ridiculez-marra-llevo-un-elefante-inflable-a-la-plaza-de-mayo-para-representar-al-peso-del-estado\/#article\",\"isPartOf\":{\"@id\":\"https:\/\/apuntesdesanluis.com\/index.php\/2023\/09\/22\/ridiculez-marra-llevo-un-elefante-inflable-a-la-plaza-de-mayo-para-representar-al-peso-del-estado\/\"},\"author\":{\"name\":\"apuntesdesanluis.com\",\"@id\":\"https:\/\/apuntesdesanluis.com\/#\/schema\/person\/b55151d52296fcce64d1a72538a70b90\"},\"headline\":\"RIDICULEZ: MARRA LLEV\u00d3 UN ELEFANTE INFLABLE A PLAZA DE MAYO PARA REPRESENTAR AL PESO DEL ESTADO\",\"datePublished\":\"2023-09-22T17:34:09+00:00\",\"dateModified\":\"2023-09-22T17:35:56+00:00\",\"mainEntityOfPage\":{\"@id\":\"https:\/\/apuntesdesanluis.com\/index.php\/2023\/09\/22\/ridiculez-marra-llevo-un-elefante-inflable-a-la-plaza-de-mayo-para-representar-al-peso-del-estado\/\"},\"wordCount\":211,\"publisher\":{\"@id\":\"https:\/\/apuntesdesanluis.com\/#\/schema\/person\/b55151d52296fcce64d1a72538a70b90\"},\"image\":{\"@id\":\"https:\/\/apuntesdesanluis.com\/index.php\/2023\/09\/22\/ridiculez-marra-llevo-un-elefante-inflable-a-la-plaza-de-mayo-para-representar-al-peso-del-estado\/#primaryimage\"},\"thumbnailUrl\":\"https:\/\/apuntesdesanluis.com\/wp-content\/uploads\/2023\/09\/MARRA.png\",\"articleSection\":[\"Nacionales\/Internacionales\"],\"inLanguage\":\"es-AR\"},{\"@type\":\"WebPage\",\"@id\":\"https:\/\/apuntesdesanluis.com\/index.php\/2023\/09\/22\/ridiculez-marra-llevo-un-elefante-inflable-a-la-plaza-de-mayo-para-representar-al-peso-del-estado\/\",\"url\":\"https:\/\/apuntesdesanluis.com\/index.php\/2023\/09\/22\/ridiculez-marra-llevo-un-elefante-inflable-a-la-plaza-de-mayo-para-representar-al-peso-del-estado\/\",\"name\":\"RIDICULEZ: MARRA LLEV\u00d3 UN ELEFANTE INFLABLE A PLAZA DE MAYO PARA REPRESENTAR AL PESO DEL ESTADO - Apuntes de San Luis\",\"isPartOf\":{\"@id\":\"https:\/\/apuntesdesanluis.com\/#website\"},\"primaryImageOfPage\":{\"@id\":\"https:\/\/apuntesdesanluis.com\/index.php\/2023\/09\/22\/ridiculez-marra-llevo-un-elefante-inflable-a-la-plaza-de-mayo-para-representar-al-peso-del-estado\/#primaryimage\"},\"image\":{\"@id\":\"https:\/\/apuntesdesanluis.com\/index.php\/2023\/09\/22\/ridiculez-marra-llevo-un-elefante-inflable-a-la-plaza-de-mayo-para-representar-al-peso-del-estado\/#primaryimage\"},\"thumbnailUrl\":\"https:\/\/apuntesdesanluis.com\/wp-content\/uploads\/2023\/09\/MARRA.png\",\"datePublished\":\"2023-09-22T17:34:09+00:00\",\"dateModified\":\"2023-09-22T17:35:56+00:00\",\"breadcrumb\":{\"@id\":\"https:\/\/apuntesdesanluis.com\/index.php\/2023\/09\/22\/ridiculez-marra-llevo-un-elefante-inflable-a-la-plaza-de-mayo-para-representar-al-peso-del-estado\/#breadcrumb\"},\"inLanguage\":\"es-AR\",\"potentialAction\":[{\"@type\":\"ReadAction\",\"target\":[\"https:\/\/apuntesdesanluis.com\/index.php\/2023\/09\/22\/ridiculez-marra-llevo-un-elefante-inflable-a-la-plaza-de-mayo-para-representar-al-peso-del-estado\/\"]}]},{\"@type\":\"ImageObject\",\"inLanguage\":\"es-AR\",\"@id\":\"https:\/\/apuntesdesanluis.com\/index.php\/2023\/09\/22\/ridiculez-marra-llevo-un-elefante-inflable-a-la-plaza-de-mayo-para-representar-al-peso-del-estado\/#primaryimage\",\"url\":\"https:\/\/apuntesdesanluis.com\/wp-content\/uploads\/2023\/09\/MARRA.png\",\"contentUrl\":\"https:\/\/apuntesdesanluis.com\/wp-content\/uploads\/2023\/09\/MARRA.png\",\"width\":600,\"height\":370},{\"@type\":\"BreadcrumbList\",\"@id\":\"https:\/\/apuntesdesanluis.com\/index.php\/2023\/09\/22\/ridiculez-marra-llevo-un-elefante-inflable-a-la-plaza-de-mayo-para-representar-al-peso-del-estado\/#breadcrumb\",\"itemListElement\":[{\"@type\":\"ListItem\",\"position\":1,\"name\":\"Inicio\",\"item\":\"https:\/\/apuntesdesanluis.com\/\"},{\"@type\":\"ListItem\",\"position\":2,\"name\":\"RIDICULEZ: MARRA LLEV\u00d3 UN ELEFANTE INFLABLE A PLAZA DE MAYO PARA REPRESENTAR AL PESO DEL ESTADO\"}]},{\"@type\":\"WebSite\",\"@id\":\"https:\/\/apuntesdesanluis.com\/#website\",\"url\":\"https:\/\/apuntesdesanluis.com\/\",\"name\":\"Apuntes de San Luis\",\"description\":\"\",\"publisher\":{\"@id\":\"https:\/\/apuntesdesanluis.com\/#\/schema\/person\/b55151d52296fcce64d1a72538a70b90\"},\"potentialAction\":[{\"@type\":\"SearchAction\",\"target\":{\"@type\":\"EntryPoint\",\"urlTemplate\":\"https:\/\/apuntesdesanluis.com\/?s={search_term_string}\"},\"query-input\":{\"@type\":\"PropertyValueSpecification\",\"valueRequired\":true,\"valueName\":\"search_term_string\"}}],\"inLanguage\":\"es-AR\"},{\"@type\":[\"Person\",\"Organization\"],\"@id\":\"https:\/\/apuntesdesanluis.com\/#\/schema\/person\/b55151d52296fcce64d1a72538a70b90\",\"name\":\"apuntesdesanluis.com\",\"image\":{\"@type\":\"ImageObject\",\"inLanguage\":\"es-AR\",\"@id\":\"https:\/\/apuntesdesanluis.com\/#\/schema\/person\/image\/\",\"url\":\"https:\/\/apuntesdesanluis.com\/wp-content\/uploads\/2023\/07\/cropped-apuntesdesanluis.png\",\"contentUrl\":\"https:\/\/apuntesdesanluis.com\/wp-content\/uploads\/2023\/07\/cropped-apuntesdesanluis.png\",\"width\":450,\"height\":112,\"caption\":\"apuntesdesanluis.com\"},\"logo\":{\"@id\":\"https:\/\/apuntesdesanluis.com\/#\/schema\/person\/image\/\"},\"sameAs\":[\"https:\/\/apuntesdesanluis.com\"],\"url\":\"https:\/\/apuntesdesanluis.com\/index.php\/author\/apuntesdesanluis-com\/\"}]}<\/script>\n<!-- \/ Yoast SEO plugin. -->","yoast_head_json":{"title":"RIDICULEZ: MARRA LLEV\u00d3 UN ELEFANTE INFLABLE A PLAZA DE MAYO PARA REPRESENTAR AL PESO DEL ESTADO - Apuntes de San Luis","robots":{"index":"index","follow":"follow","max-snippet":"max-snippet:-1","max-image-preview":"max-image-preview:large","max-video-preview":"max-video-preview:-1"},"canonical":"https:\/\/apuntesdesanluis.com\/index.php\/2023\/09\/22\/ridiculez-marra-llevo-un-elefante-inflable-a-la-plaza-de-mayo-para-representar-al-peso-del-estado\/","og_locale":"es_ES","og_type":"article","og_title":"RIDICULEZ: MARRA LLEV\u00d3 UN ELEFANTE INFLABLE A PLAZA DE MAYO PARA REPRESENTAR AL PESO DEL ESTADO - Apuntes de San Luis","og_description":"Algunos no tienen verg\u00fcenza y hacen cualquier cosa para dar visibilidad a su campa\u00f1a, sin...","og_url":"https:\/\/apuntesdesanluis.com\/index.php\/2023\/09\/22\/ridiculez-marra-llevo-un-elefante-inflable-a-la-plaza-de-mayo-para-representar-al-peso-del-estado\/","og_site_name":"Apuntes de San Luis","article_published_time":"2023-09-22T17:34:09+00:00","article_modified_time":"2023-09-22T17:35:56+00:00","og_image":[{"width":600,"height":370,"url":"https:\/\/apuntesdesanluis.com\/wp-content\/uploads\/2023\/09\/MARRA.png","type":"image\/png"}],"author":"apuntesdesanluis.com","twitter_card":"summary_large_image","twitter_misc":{"Escrito por":"apuntesdesanluis.com","Tiempo de lectura":"1 minuto"},"schema":{"@context":"https:\/\/schema.org","@graph":[{"@type":"Article","@id":"https:\/\/apuntesdesanluis.com\/index.php\/2023\/09\/22\/ridiculez-marra-llevo-un-elefante-inflable-a-la-plaza-de-mayo-para-representar-al-peso-del-estado\/#article","isPartOf":{"@id":"https:\/\/apuntesdesanluis.com\/index.php\/2023\/09\/22\/ridiculez-marra-llevo-un-elefante-inflable-a-la-plaza-de-mayo-para-representar-al-peso-del-estado\/"},"author":{"name":"apuntesdesanluis.com","@id":"https:\/\/apuntesdesanluis.com\/#\/schema\/person\/b55151d52296fcce64d1a72538a70b90"},"headline":"RIDICULEZ: MARRA LLEV\u00d3 UN ELEFANTE INFLABLE A PLAZA DE MAYO PARA REPRESENTAR AL PESO DEL ESTADO","datePublished":"2023-09-22T17:34:09+00:00","dateModified":"2023-09-22T17:35:56+00:00","mainEntityOfPage":{"@id":"https:\/\/apuntesdesanluis.com\/index.php\/2023\/09\/22\/ridiculez-marra-llevo-un-elefante-inflable-a-la-plaza-de-mayo-para-representar-al-peso-del-estado\/"},"wordCount":211,"publisher":{"@id":"https:\/\/apuntesdesanluis.com\/#\/schema\/person\/b55151d52296fcce64d1a72538a70b90"},"image":{"@id":"https:\/\/apuntesdesanluis.com\/index.php\/2023\/09\/22\/ridiculez-marra-llevo-un-elefante-inflable-a-la-plaza-de-mayo-para-representar-al-peso-del-estado\/#primaryimage"},"thumbnailUrl":"https:\/\/apuntesdesanluis.com\/wp-content\/uploads\/2023\/09\/MARRA.png","articleSection":["Nacionales\/Internacionales"],"inLanguage":"es-AR"},{"@type":"WebPage","@id":"https:\/\/apuntesdesanluis.com\/index.php\/2023\/09\/22\/ridiculez-marra-llevo-un-elefante-inflable-a-la-plaza-de-mayo-para-representar-al-peso-del-estado\/","url":"https:\/\/apuntesdesanluis.com\/index.php\/2023\/09\/22\/ridiculez-marra-llevo-un-elefante-inflable-a-la-plaza-de-mayo-para-representar-al-peso-del-estado\/","name":"RIDICULEZ: MARRA LLEV\u00d3 UN ELEFANTE INFLABLE A PLAZA DE MAYO PARA REPRESENTAR AL PESO DEL ESTADO - Apuntes de San Luis","isPartOf":{"@id":"https:\/\/apuntesdesanluis.com\/#website"},"primaryImageOfPage":{"@id":"https:\/\/apuntesdesanluis.com\/index.php\/2023\/09\/22\/ridiculez-marra-llevo-un-elefante-inflable-a-la-plaza-de-mayo-para-representar-al-peso-del-estado\/#primaryimage"},"image":{"@id":"https:\/\/apuntesdesanluis.com\/index.php\/2023\/09\/22\/ridiculez-marra-llevo-un-elefante-inflable-a-la-plaza-de-mayo-para-representar-al-peso-del-estado\/#primaryimage"},"thumbnailUrl":"https:\/\/apuntesdesanluis.com\/wp-content\/uploads\/2023\/09\/MARRA.png","datePublished":"2023-09-22T17:34:09+00:00","dateModified":"2023-09-22T17:35:56+00:00","breadcrumb":{"@id":"https:\/\/apuntesdesanluis.com\/index.php\/2023\/09\/22\/ridiculez-marra-llevo-un-elefante-inflable-a-la-plaza-de-mayo-para-representar-al-peso-del-estado\/#breadcrumb"},"inLanguage":"es-AR","potentialAction":[{"@type":"ReadAction","target":["https:\/\/apuntesdesanluis.com\/index.php\/2023\/09\/22\/ridiculez-marra-llevo-un-elefante-inflable-a-la-plaza-de-mayo-para-representar-al-peso-del-estado\/"]}]},{"@type":"ImageObject","inLanguage":"es-AR","@id":"https:\/\/apuntesdesanluis.com\/index.php\/2023\/09\/22\/ridiculez-marra-llevo-un-elefante-inflable-a-la-plaza-de-mayo-para-representar-al-peso-del-estado\/#primaryimage","url":"https:\/\/apuntesdesanluis.com\/wp-content\/uploads\/2023\/09\/MARRA.png","contentUrl":"https:\/\/apuntesdesanluis.com\/wp-content\/uploads\/2023\/09\/MARRA.png","width":600,"height":370},{"@type":"BreadcrumbList","@id":"https:\/\/apuntesdesanluis.com\/index.php\/2023\/09\/22\/ridiculez-marra-llevo-un-elefante-inflable-a-la-plaza-de-mayo-para-representar-al-peso-del-estado\/#breadcrumb","itemListElement":[{"@type":"ListItem","position":1,"name":"Inicio","item":"https:\/\/apuntesdesanluis.com\/"},{"@type":"ListItem","position":2,"name":"RIDICULEZ: MARRA LLEV\u00d3 UN ELEFANTE INFLABLE A PLAZA DE MAYO PARA REPRESENTAR AL PESO DEL ESTADO"}]},{"@type":"WebSite","@id":"https:\/\/apuntesdesanluis.com\/#website","url":"https:\/\/apuntesdesanluis.com\/","name":"Apuntes de San Luis","description":"","publisher":{"@id":"https:\/\/apuntesdesanluis.com\/#\/schema\/person\/b55151d52296fcce64d1a72538a70b90"},"potentialAction":[{"@type":"SearchAction","target":{"@type":"EntryPoint","urlTemplate":"https:\/\/apuntesdesanluis.com\/?s={search_term_string}"},"query-input":{"@type":"PropertyValueSpecification","valueRequired":true,"valueName":"search_term_string"}}],"inLanguage":"es-AR"},{"@type":["Person","Organization"],"@id":"https:\/\/apuntesdesanluis.com\/#\/schema\/person\/b55151d52296fcce64d1a72538a70b90","name":"apuntesdesanluis.com","image":{"@type":"ImageObject","inLanguage":"es-AR","@id":"https:\/\/apuntesdesanluis.com\/#\/schema\/person\/image\/","url":"https:\/\/apuntesdesanluis.com\/wp-content\/uploads\/2023\/07\/cropped-apuntesdesanluis.png","contentUrl":"https:\/\/apuntesdesanluis.com\/wp-content\/uploads\/2023\/07\/cropped-apuntesdesanluis.png","width":450,"height":112,"caption":"apuntesdesanluis.com"},"logo":{"@id":"https:\/\/apuntesdesanluis.com\/#\/schema\/person\/image\/"},"sameAs":["https:\/\/apuntesdesanluis.com"],"url":"https:\/\/apuntesdesanluis.com\/index.php\/author\/apuntesdesanluis-com\/"}]}},"featured_image_urls":{"full":["https:\/\/apuntesdesanluis.com\/wp-content\/uploads\/2023\/09\/MARRA.png",600,370,false],"thumbnail":["https:\/\/apuntesdesanluis.com\/wp-content\/uploads\/2023\/09\/MARRA-150x150.png",150,150,true],"medium":["https:\/\/apuntesdesanluis.com\/wp-content\/uploads\/2023\/09\/MARRA-300x185.png",300,185,true],"medium_large":["https:\/\/apuntesdesanluis.com\/wp-content\/uploads\/2023\/09\/MARRA.png",600,370,false],"large":["https:\/\/apuntesdesanluis.com\/wp-content\/uploads\/2023\/09\/MARRA.png",600,370,false],"1536x1536":["https:\/\/apuntesdesanluis.com\/wp-content\/uploads\/2023\/09\/MARRA.png",600,370,false],"2048x2048":["https:\/\/apuntesdesanluis.com\/wp-content\/uploads\/2023\/09\/MARRA.png",600,370,false],"newsever-slider-full":["https:\/\/apuntesdesanluis.com\/wp-content\/uploads\/2023\/09\/MARRA.png",600,370,false],"newsever-featured":["https:\/\/apuntesdesanluis.com\/wp-content\/uploads\/2023\/09\/MARRA.png",600,370,false],"newsever-medium":["https:\/\/apuntesdesanluis.com\/wp-content\/uploads\/2023\/09\/MARRA.png",600,370,false]},"author_info":{"display_name":"apuntesdesanluis.com","author_link":"https:\/\/apuntesdesanluis.com\/index.php\/author\/apuntesdesanluis-com\/"},"category_info":"<a href=\"https:\/\/apuntesdesanluis.com\/index.php\/category\/nacionales-internacionales\/\" rel=\"category tag\">Nacionales\/Internacionales<\/a>","tag_info":"Nacionales\/Internacionales","comment_count":"0","_links":{"self":[{"href":"https:\/\/apuntesdesanluis.com\/index.php\/wp-json\/wp\/v2\/posts\/3822","targetHints":{"allow":["GET"]}}],"collection":[{"href":"https:\/\/apuntesdesanluis.com\/index.php\/wp-json\/wp\/v2\/posts"}],"about":[{"href":"https:\/\/apuntesdesanluis.com\/index.php\/wp-json\/wp\/v2\/types\/post"}],"author":[{"embeddable":true,"href":"https:\/\/apuntesdesanluis.com\/index.php\/wp-json\/wp\/v2\/users\/1"}],"replies":[{"embeddable":true,"href":"https:\/\/apuntesdesanluis.com\/index.php\/wp-json\/wp\/v2\/comments?post=3822"}],"version-history":[{"count":2,"href":"https:\/\/apuntesdesanluis.com\/index.php\/wp-json\/wp\/v2\/posts\/3822\/revisions"}],"predecessor-version":[{"id":3825,"href":"https:\/\/apuntesdesanluis.com\/index.php\/wp-json\/wp\/v2\/posts\/3822\/revisions\/3825"}],"wp:featuredmedia":[{"embeddable":true,"href":"https:\/\/apuntesdesanluis.com\/index.php\/wp-json\/wp\/v2\/media\/3823"}],"wp:attachment":[{"href":"https:\/\/apuntesdesanluis.com\/index.php\/wp-json\/wp\/v2\/media?parent=3822"}],"wp:term":[{"taxonomy":"category","embeddable":true,"href":"https:\/\/apuntesdesanluis.com\/index.php\/wp-json\/wp\/v2\/categories?post=3822"},{"taxonomy":"post_tag","embeddable":true,"href":"https:\/\/apuntesdesanluis.com\/index.php\/wp-json\/wp\/v2\/tags?post=3822"}],"curies":[{"name":"wp","href":"https:\/\/api.w.org\/{rel}","templated":true}]}}