{"id":3829,"date":"2023-09-22T18:17:21","date_gmt":"2023-09-22T21:17:21","guid":{"rendered":"https:\/\/apuntesdesanluis.com\/?p=3829"},"modified":"2023-09-22T18:17:21","modified_gmt":"2023-09-22T21:17:21","slug":"el-hospital-central-dr-ramon-carrillo-ya-realizo-mas-de-100-cirugias-de-cataratas","status":"publish","type":"post","link":"https:\/\/apuntesdesanluis.com\/index.php\/2023\/09\/22\/el-hospital-central-dr-ramon-carrillo-ya-realizo-mas-de-100-cirugias-de-cataratas\/","title":{"rendered":"EL HOSPITAL CENTRAL \u201cDR. RAM\u00d3N CARRILLO\u201d YA REALIZ\u00d3 M\u00c1S DE 100 CIRUG\u00cdAS DE CATARATAS"},"content":{"rendered":"<h3 class=\"yiv7409174924ydp6329976emsonormal\" style=\"text-align: justify; background: white;\"><span style=\"font-family: 'Arial','sans-serif'; color: #1d2228;\">Desde el servicio de oftalmolog\u00eda, realizan cirug\u00edas programadas cada 15 d\u00edas desde el mes de junio. Adem\u00e1s, se ejecutan estudios de alta complejidad para poder detectar esta patolog\u00eda ocular.<\/span><\/h3>\n<h3 class=\"yiv7409174924ydp6329976emsonormal\" style=\"text-align: justify; background: white;\"><span style=\"font-family: 'Arial','sans-serif'; color: #1d2228;\">La oftalm\u00f3loga a cargo, Carolina Sirabo, celebr\u00f3 el trabajo realizado hasta el momento: \u201cYa llevamos realizadas m\u00e1s de 100 cirug\u00edas de catarata y no hemos tenido ninguna complicaci\u00f3n\u201d.<\/span><\/h3>\n<h3 class=\"yiv7409174924ydp6329976emsonormal\" style=\"text-align: justify; background: white;\"><span style=\"font-family: 'Arial','sans-serif'; color: #1d2228;\">Coment\u00f3 que la cirug\u00eda es la m\u00e1s frecuente a nivel mundial. Debido a lo din\u00e1mica que resulta la operaci\u00f3n, desde el servicio de oftalmolog\u00eda planifican realizar 100 intervenciones por mes. \u201cEs ambulatoria, y tiene muy buenos resultados. El paciente llega caminando, se va caminando, y tiene una recuperaci\u00f3n muy r\u00e1pida; en ning\u00fan momento tiene que hacer reposo absoluto ni nada\u201d, detall\u00f3 Sirabo.<\/span><\/h3>\n<h3 class=\"yiv7409174924ydp6329976emsonormal\" style=\"text-align: justify; background: white;\"><span style=\"font-family: 'Arial','sans-serif'; color: #1d2228;\">La oftalm\u00f3loga tambi\u00e9n destac\u00f3 la capacidad de infraestructura del Hospital Central para poder llevar adelante este tipo de procedimientos: \u201cEl hospital tiene la mejor tecnolog\u00eda de San Luis, tanto a nivel consultorio como en quir\u00f3fano\u201d.<\/span><\/h3>\n<h3 class=\"yiv7409174924ydp6329976emsonormal\" style=\"text-align: justify; background: white;\"><span style=\"font-family: 'Arial','sans-serif'; color: #1d2228;\">PACIENTES Y SU EXPERIENCIA<\/span><\/h3>\n<h3 class=\"yiv7409174924ydp6329976emsonormal\" style=\"text-align: justify; background: white;\"><span style=\"font-family: 'Arial','sans-serif'; color: #1d2228;\">Marta Ledesma coment\u00f3 que lleg\u00f3 a una visita de consulta com\u00fan y termin\u00f3 siendo diagnosticada con cataratas senil. \u201cTen\u00eda que usar anteojos. Lo que no me daba cuenta era que la catarata me estaba cubriendo la vista y no era que necesitaba anteojos. De hecho, ahora puedo ver sin ellos\u201d, celebr\u00f3.<\/span><\/h3>\n<h3 class=\"yiv7409174924ydp6329976emsonormal\" style=\"text-align: justify; background: white;\"><span style=\"font-family: 'Arial','sans-serif'; color: #1d2228;\">La paciente cont\u00f3 su experiencia desde su diagn\u00f3stico: \u201cLuego de la consulta, dos meses despu\u00e9s me ofrecieron operarme y acept\u00e9. Desde ah\u00ed, en 15 d\u00edas fui operada del primer ojo y 15 d\u00edas despu\u00e9s del segundo. Fue todo muy r\u00e1pido y la atenci\u00f3n excelente\u201d.<\/span><\/h3>\n<p><img fetchpriority=\"high\" decoding=\"async\" class=\"wp-image-3831 aligncenter\" src=\"https:\/\/apuntesdesanluis.com\/wp-content\/uploads\/2023\/09\/dos-4-300x123.png\" alt=\"\" width=\"712\" height=\"292\" srcset=\"https:\/\/apuntesdesanluis.com\/wp-content\/uploads\/2023\/09\/dos-4-300x123.png 300w, https:\/\/apuntesdesanluis.com\/wp-content\/uploads\/2023\/09\/dos-4.png 687w\" sizes=\"(max-width: 712px) 100vw, 712px\" \/><\/p>\n<h3 class=\"yiv7409174924ydp6329976emsonormal\" style=\"text-align: justify; background: white;\"><span style=\"font-family: 'Arial','sans-serif'; color: #1d2228;\">Adem\u00e1s manifest\u00f3 su agradecimiento y destac\u00f3 la atenci\u00f3n en general. \u201cEstoy muy agradecida al hospital, a la atenci\u00f3n en general. Desde la persona en la entrada, hasta el que da los turnos, y adem\u00e1s al equipo que me oper\u00f3\u201d, dijo muy contenta.<\/span><\/h3>\n<h3 class=\"yiv7409174924ydp6329976emsonormal\" style=\"text-align: justify; background: white;\"><span style=\"font-family: 'Arial','sans-serif'; color: #1d2228;\">Asimismo, Luis De Sloover, otro paciente operado, coment\u00f3 c\u00f3mo le cambi\u00f3 la vida esta cirug\u00eda. \u201cRealmente fue una diferencia extraordinaria el cambio que me hizo. Hoy puedo manejar, veo realmente como ve\u00eda cuando ten\u00eda 20 a\u00f1os, el cambio es extraordinario\u201d, coment\u00f3 emocionado.<\/span><\/h3>\n<h3 class=\"yiv7409174924ydp6329976emsonormal\" style=\"text-align: justify; background: white;\"><span style=\"font-family: 'Arial','sans-serif'; color: #1d2228;\">Luis tambi\u00e9n cont\u00f3 que fue el segundo paciente operado. \u201cMe dieron el turno para operar, me hicieron el prequir\u00fargico, hasta que llegu\u00e9 a la operaci\u00f3n. Me oper\u00e9 el 16 de julio del primer ojo y despu\u00e9s a los 20 d\u00edas del segundo. En la cirug\u00eda no sent\u00ed nada, fueron cinco minutos y realmente desde ah\u00ed, ya desde el primer ojo empezar a ver mejor\u201d asever\u00f3.<\/span><\/h3>\n<h3 class=\"yiv7409174924ydp6329976emsonormal\" style=\"text-align: justify; background: white;\"><span style=\"font-family: 'Arial','sans-serif'; color: #1d2228;\">Por \u00faltimo, el paciente recomend\u00f3 a quienes sufren esta patolog\u00eda a realizar la consulta en el Hospital Central. \u201cEs un cambio de vida. Dej\u00e9 de usar lente, que ten\u00eda un aumento tremendo y ahora no uso nada y veo perfecto, es realmente extraordinario\u201d, cerr\u00f3 Luis De Sloover.<\/span><\/h3>\n<p>&nbsp;<\/p>\n<p>&nbsp;<\/p>\n","protected":false},"excerpt":{"rendered":"<p>Desde el servicio de oftalmolog\u00eda, realizan cirug\u00edas programadas cada 15 d\u00edas desde el mes de&#8230;<\/p>\n","protected":false},"author":1,"featured_media":3830,"comment_status":"closed","ping_status":"closed","sticky":false,"template":"","format":"standard","meta":{"footnotes":""},"categories":[6],"tags":[],"class_list":["post-3829","post","type-post","status-publish","format-standard","has-post-thumbnail","hentry","category-ciudad-provincia"],"yoast_head":"<!-- This site is optimized with the Yoast SEO plugin v26.1.1 - https:\/\/yoast.com\/wordpress\/plugins\/seo\/ -->\n<title>EL HOSPITAL CENTRAL \u201cDR. RAM\u00d3N CARRILLO\u201d YA REALIZ\u00d3 M\u00c1S DE 100 CIRUG\u00cdAS DE CATARATAS - Apuntes de San Luis<\/title>\n<meta name=\"robots\" content=\"index, follow, max-snippet:-1, max-image-preview:large, max-video-preview:-1\" \/>\n<link rel=\"canonical\" href=\"https:\/\/apuntesdesanluis.com\/index.php\/2023\/09\/22\/el-hospital-central-dr-ramon-carrillo-ya-realizo-mas-de-100-cirugias-de-cataratas\/\" \/>\n<meta property=\"og:locale\" content=\"es_ES\" \/>\n<meta property=\"og:type\" content=\"article\" \/>\n<meta property=\"og:title\" content=\"EL HOSPITAL CENTRAL \u201cDR. RAM\u00d3N CARRILLO\u201d YA REALIZ\u00d3 M\u00c1S DE 100 CIRUG\u00cdAS DE CATARATAS - Apuntes de San Luis\" \/>\n<meta property=\"og:description\" content=\"Desde el servicio de oftalmolog\u00eda, realizan cirug\u00edas programadas cada 15 d\u00edas desde el mes de...\" \/>\n<meta property=\"og:url\" content=\"https:\/\/apuntesdesanluis.com\/index.php\/2023\/09\/22\/el-hospital-central-dr-ramon-carrillo-ya-realizo-mas-de-100-cirugias-de-cataratas\/\" \/>\n<meta property=\"og:site_name\" content=\"Apuntes de San Luis\" \/>\n<meta property=\"article:published_time\" content=\"2023-09-22T21:17:21+00:00\" \/>\n<meta property=\"og:image\" content=\"https:\/\/apuntesdesanluis.com\/wp-content\/uploads\/2023\/09\/cirugia.png\" \/>\n\t<meta property=\"og:image:width\" content=\"844\" \/>\n\t<meta property=\"og:image:height\" content=\"491\" \/>\n\t<meta property=\"og:image:type\" content=\"image\/png\" \/>\n<meta name=\"author\" content=\"apuntesdesanluis.com\" \/>\n<meta name=\"twitter:card\" content=\"summary_large_image\" \/>\n<meta name=\"twitter:label1\" content=\"Escrito por\" \/>\n\t<meta name=\"twitter:data1\" content=\"apuntesdesanluis.com\" \/>\n\t<meta name=\"twitter:label2\" content=\"Tiempo de lectura\" \/>\n\t<meta name=\"twitter:data2\" content=\"3 minutos\" \/>\n<script type=\"application\/ld+json\" class=\"yoast-schema-graph\">{\"@context\":\"https:\/\/schema.org\",\"@graph\":[{\"@type\":\"Article\",\"@id\":\"https:\/\/apuntesdesanluis.com\/index.php\/2023\/09\/22\/el-hospital-central-dr-ramon-carrillo-ya-realizo-mas-de-100-cirugias-de-cataratas\/#article\",\"isPartOf\":{\"@id\":\"https:\/\/apuntesdesanluis.com\/index.php\/2023\/09\/22\/el-hospital-central-dr-ramon-carrillo-ya-realizo-mas-de-100-cirugias-de-cataratas\/\"},\"author\":{\"name\":\"apuntesdesanluis.com\",\"@id\":\"https:\/\/apuntesdesanluis.com\/#\/schema\/person\/b55151d52296fcce64d1a72538a70b90\"},\"headline\":\"EL HOSPITAL CENTRAL \u201cDR. RAM\u00d3N CARRILLO\u201d YA REALIZ\u00d3 M\u00c1S DE 100 CIRUG\u00cdAS DE CATARATAS\",\"datePublished\":\"2023-09-22T21:17:21+00:00\",\"mainEntityOfPage\":{\"@id\":\"https:\/\/apuntesdesanluis.com\/index.php\/2023\/09\/22\/el-hospital-central-dr-ramon-carrillo-ya-realizo-mas-de-100-cirugias-de-cataratas\/\"},\"wordCount\":506,\"publisher\":{\"@id\":\"https:\/\/apuntesdesanluis.com\/#\/schema\/person\/b55151d52296fcce64d1a72538a70b90\"},\"image\":{\"@id\":\"https:\/\/apuntesdesanluis.com\/index.php\/2023\/09\/22\/el-hospital-central-dr-ramon-carrillo-ya-realizo-mas-de-100-cirugias-de-cataratas\/#primaryimage\"},\"thumbnailUrl\":\"https:\/\/apuntesdesanluis.com\/wp-content\/uploads\/2023\/09\/cirugia.png\",\"articleSection\":[\"Ciudad\/Provincia\"],\"inLanguage\":\"es-AR\"},{\"@type\":\"WebPage\",\"@id\":\"https:\/\/apuntesdesanluis.com\/index.php\/2023\/09\/22\/el-hospital-central-dr-ramon-carrillo-ya-realizo-mas-de-100-cirugias-de-cataratas\/\",\"url\":\"https:\/\/apuntesdesanluis.com\/index.php\/2023\/09\/22\/el-hospital-central-dr-ramon-carrillo-ya-realizo-mas-de-100-cirugias-de-cataratas\/\",\"name\":\"EL HOSPITAL CENTRAL \u201cDR. RAM\u00d3N CARRILLO\u201d YA REALIZ\u00d3 M\u00c1S DE 100 CIRUG\u00cdAS DE CATARATAS - Apuntes de San Luis\",\"isPartOf\":{\"@id\":\"https:\/\/apuntesdesanluis.com\/#website\"},\"primaryImageOfPage\":{\"@id\":\"https:\/\/apuntesdesanluis.com\/index.php\/2023\/09\/22\/el-hospital-central-dr-ramon-carrillo-ya-realizo-mas-de-100-cirugias-de-cataratas\/#primaryimage\"},\"image\":{\"@id\":\"https:\/\/apuntesdesanluis.com\/index.php\/2023\/09\/22\/el-hospital-central-dr-ramon-carrillo-ya-realizo-mas-de-100-cirugias-de-cataratas\/#primaryimage\"},\"thumbnailUrl\":\"https:\/\/apuntesdesanluis.com\/wp-content\/uploads\/2023\/09\/cirugia.png\",\"datePublished\":\"2023-09-22T21:17:21+00:00\",\"breadcrumb\":{\"@id\":\"https:\/\/apuntesdesanluis.com\/index.php\/2023\/09\/22\/el-hospital-central-dr-ramon-carrillo-ya-realizo-mas-de-100-cirugias-de-cataratas\/#breadcrumb\"},\"inLanguage\":\"es-AR\",\"potentialAction\":[{\"@type\":\"ReadAction\",\"target\":[\"https:\/\/apuntesdesanluis.com\/index.php\/2023\/09\/22\/el-hospital-central-dr-ramon-carrillo-ya-realizo-mas-de-100-cirugias-de-cataratas\/\"]}]},{\"@type\":\"ImageObject\",\"inLanguage\":\"es-AR\",\"@id\":\"https:\/\/apuntesdesanluis.com\/index.php\/2023\/09\/22\/el-hospital-central-dr-ramon-carrillo-ya-realizo-mas-de-100-cirugias-de-cataratas\/#primaryimage\",\"url\":\"https:\/\/apuntesdesanluis.com\/wp-content\/uploads\/2023\/09\/cirugia.png\",\"contentUrl\":\"https:\/\/apuntesdesanluis.com\/wp-content\/uploads\/2023\/09\/cirugia.png\",\"width\":844,\"height\":491},{\"@type\":\"BreadcrumbList\",\"@id\":\"https:\/\/apuntesdesanluis.com\/index.php\/2023\/09\/22\/el-hospital-central-dr-ramon-carrillo-ya-realizo-mas-de-100-cirugias-de-cataratas\/#breadcrumb\",\"itemListElement\":[{\"@type\":\"ListItem\",\"position\":1,\"name\":\"Inicio\",\"item\":\"https:\/\/apuntesdesanluis.com\/\"},{\"@type\":\"ListItem\",\"position\":2,\"name\":\"EL HOSPITAL CENTRAL \u201cDR. RAM\u00d3N CARRILLO\u201d YA REALIZ\u00d3 M\u00c1S DE 100 CIRUG\u00cdAS DE CATARATAS\"}]},{\"@type\":\"WebSite\",\"@id\":\"https:\/\/apuntesdesanluis.com\/#website\",\"url\":\"https:\/\/apuntesdesanluis.com\/\",\"name\":\"Apuntes de San Luis\",\"description\":\"\",\"publisher\":{\"@id\":\"https:\/\/apuntesdesanluis.com\/#\/schema\/person\/b55151d52296fcce64d1a72538a70b90\"},\"potentialAction\":[{\"@type\":\"SearchAction\",\"target\":{\"@type\":\"EntryPoint\",\"urlTemplate\":\"https:\/\/apuntesdesanluis.com\/?s={search_term_string}\"},\"query-input\":{\"@type\":\"PropertyValueSpecification\",\"valueRequired\":true,\"valueName\":\"search_term_string\"}}],\"inLanguage\":\"es-AR\"},{\"@type\":[\"Person\",\"Organization\"],\"@id\":\"https:\/\/apuntesdesanluis.com\/#\/schema\/person\/b55151d52296fcce64d1a72538a70b90\",\"name\":\"apuntesdesanluis.com\",\"image\":{\"@type\":\"ImageObject\",\"inLanguage\":\"es-AR\",\"@id\":\"https:\/\/apuntesdesanluis.com\/#\/schema\/person\/image\/\",\"url\":\"https:\/\/apuntesdesanluis.com\/wp-content\/uploads\/2023\/07\/cropped-apuntesdesanluis.png\",\"contentUrl\":\"https:\/\/apuntesdesanluis.com\/wp-content\/uploads\/2023\/07\/cropped-apuntesdesanluis.png\",\"width\":450,\"height\":112,\"caption\":\"apuntesdesanluis.com\"},\"logo\":{\"@id\":\"https:\/\/apuntesdesanluis.com\/#\/schema\/person\/image\/\"},\"sameAs\":[\"https:\/\/apuntesdesanluis.com\"],\"url\":\"https:\/\/apuntesdesanluis.com\/index.php\/author\/apuntesdesanluis-com\/\"}]}<\/script>\n<!-- \/ Yoast SEO plugin. -->","yoast_head_json":{"title":"EL HOSPITAL CENTRAL \u201cDR. RAM\u00d3N CARRILLO\u201d YA REALIZ\u00d3 M\u00c1S DE 100 CIRUG\u00cdAS DE CATARATAS - Apuntes de San Luis","robots":{"index":"index","follow":"follow","max-snippet":"max-snippet:-1","max-image-preview":"max-image-preview:large","max-video-preview":"max-video-preview:-1"},"canonical":"https:\/\/apuntesdesanluis.com\/index.php\/2023\/09\/22\/el-hospital-central-dr-ramon-carrillo-ya-realizo-mas-de-100-cirugias-de-cataratas\/","og_locale":"es_ES","og_type":"article","og_title":"EL HOSPITAL CENTRAL \u201cDR. RAM\u00d3N CARRILLO\u201d YA REALIZ\u00d3 M\u00c1S DE 100 CIRUG\u00cdAS DE CATARATAS - Apuntes de San Luis","og_description":"Desde el servicio de oftalmolog\u00eda, realizan cirug\u00edas programadas cada 15 d\u00edas desde el mes de...","og_url":"https:\/\/apuntesdesanluis.com\/index.php\/2023\/09\/22\/el-hospital-central-dr-ramon-carrillo-ya-realizo-mas-de-100-cirugias-de-cataratas\/","og_site_name":"Apuntes de San Luis","article_published_time":"2023-09-22T21:17:21+00:00","og_image":[{"width":844,"height":491,"url":"https:\/\/apuntesdesanluis.com\/wp-content\/uploads\/2023\/09\/cirugia.png","type":"image\/png"}],"author":"apuntesdesanluis.com","twitter_card":"summary_large_image","twitter_misc":{"Escrito por":"apuntesdesanluis.com","Tiempo de lectura":"3 minutos"},"schema":{"@context":"https:\/\/schema.org","@graph":[{"@type":"Article","@id":"https:\/\/apuntesdesanluis.com\/index.php\/2023\/09\/22\/el-hospital-central-dr-ramon-carrillo-ya-realizo-mas-de-100-cirugias-de-cataratas\/#article","isPartOf":{"@id":"https:\/\/apuntesdesanluis.com\/index.php\/2023\/09\/22\/el-hospital-central-dr-ramon-carrillo-ya-realizo-mas-de-100-cirugias-de-cataratas\/"},"author":{"name":"apuntesdesanluis.com","@id":"https:\/\/apuntesdesanluis.com\/#\/schema\/person\/b55151d52296fcce64d1a72538a70b90"},"headline":"EL HOSPITAL CENTRAL \u201cDR. RAM\u00d3N CARRILLO\u201d YA REALIZ\u00d3 M\u00c1S DE 100 CIRUG\u00cdAS DE CATARATAS","datePublished":"2023-09-22T21:17:21+00:00","mainEntityOfPage":{"@id":"https:\/\/apuntesdesanluis.com\/index.php\/2023\/09\/22\/el-hospital-central-dr-ramon-carrillo-ya-realizo-mas-de-100-cirugias-de-cataratas\/"},"wordCount":506,"publisher":{"@id":"https:\/\/apuntesdesanluis.com\/#\/schema\/person\/b55151d52296fcce64d1a72538a70b90"},"image":{"@id":"https:\/\/apuntesdesanluis.com\/index.php\/2023\/09\/22\/el-hospital-central-dr-ramon-carrillo-ya-realizo-mas-de-100-cirugias-de-cataratas\/#primaryimage"},"thumbnailUrl":"https:\/\/apuntesdesanluis.com\/wp-content\/uploads\/2023\/09\/cirugia.png","articleSection":["Ciudad\/Provincia"],"inLanguage":"es-AR"},{"@type":"WebPage","@id":"https:\/\/apuntesdesanluis.com\/index.php\/2023\/09\/22\/el-hospital-central-dr-ramon-carrillo-ya-realizo-mas-de-100-cirugias-de-cataratas\/","url":"https:\/\/apuntesdesanluis.com\/index.php\/2023\/09\/22\/el-hospital-central-dr-ramon-carrillo-ya-realizo-mas-de-100-cirugias-de-cataratas\/","name":"EL HOSPITAL CENTRAL \u201cDR. RAM\u00d3N CARRILLO\u201d YA REALIZ\u00d3 M\u00c1S DE 100 CIRUG\u00cdAS DE CATARATAS - Apuntes de San Luis","isPartOf":{"@id":"https:\/\/apuntesdesanluis.com\/#website"},"primaryImageOfPage":{"@id":"https:\/\/apuntesdesanluis.com\/index.php\/2023\/09\/22\/el-hospital-central-dr-ramon-carrillo-ya-realizo-mas-de-100-cirugias-de-cataratas\/#primaryimage"},"image":{"@id":"https:\/\/apuntesdesanluis.com\/index.php\/2023\/09\/22\/el-hospital-central-dr-ramon-carrillo-ya-realizo-mas-de-100-cirugias-de-cataratas\/#primaryimage"},"thumbnailUrl":"https:\/\/apuntesdesanluis.com\/wp-content\/uploads\/2023\/09\/cirugia.png","datePublished":"2023-09-22T21:17:21+00:00","breadcrumb":{"@id":"https:\/\/apuntesdesanluis.com\/index.php\/2023\/09\/22\/el-hospital-central-dr-ramon-carrillo-ya-realizo-mas-de-100-cirugias-de-cataratas\/#breadcrumb"},"inLanguage":"es-AR","potentialAction":[{"@type":"ReadAction","target":["https:\/\/apuntesdesanluis.com\/index.php\/2023\/09\/22\/el-hospital-central-dr-ramon-carrillo-ya-realizo-mas-de-100-cirugias-de-cataratas\/"]}]},{"@type":"ImageObject","inLanguage":"es-AR","@id":"https:\/\/apuntesdesanluis.com\/index.php\/2023\/09\/22\/el-hospital-central-dr-ramon-carrillo-ya-realizo-mas-de-100-cirugias-de-cataratas\/#primaryimage","url":"https:\/\/apuntesdesanluis.com\/wp-content\/uploads\/2023\/09\/cirugia.png","contentUrl":"https:\/\/apuntesdesanluis.com\/wp-content\/uploads\/2023\/09\/cirugia.png","width":844,"height":491},{"@type":"BreadcrumbList","@id":"https:\/\/apuntesdesanluis.com\/index.php\/2023\/09\/22\/el-hospital-central-dr-ramon-carrillo-ya-realizo-mas-de-100-cirugias-de-cataratas\/#breadcrumb","itemListElement":[{"@type":"ListItem","position":1,"name":"Inicio","item":"https:\/\/apuntesdesanluis.com\/"},{"@type":"ListItem","position":2,"name":"EL HOSPITAL CENTRAL \u201cDR. RAM\u00d3N CARRILLO\u201d YA REALIZ\u00d3 M\u00c1S DE 100 CIRUG\u00cdAS DE CATARATAS"}]},{"@type":"WebSite","@id":"https:\/\/apuntesdesanluis.com\/#website","url":"https:\/\/apuntesdesanluis.com\/","name":"Apuntes de San Luis","description":"","publisher":{"@id":"https:\/\/apuntesdesanluis.com\/#\/schema\/person\/b55151d52296fcce64d1a72538a70b90"},"potentialAction":[{"@type":"SearchAction","target":{"@type":"EntryPoint","urlTemplate":"https:\/\/apuntesdesanluis.com\/?s={search_term_string}"},"query-input":{"@type":"PropertyValueSpecification","valueRequired":true,"valueName":"search_term_string"}}],"inLanguage":"es-AR"},{"@type":["Person","Organization"],"@id":"https:\/\/apuntesdesanluis.com\/#\/schema\/person\/b55151d52296fcce64d1a72538a70b90","name":"apuntesdesanluis.com","image":{"@type":"ImageObject","inLanguage":"es-AR","@id":"https:\/\/apuntesdesanluis.com\/#\/schema\/person\/image\/","url":"https:\/\/apuntesdesanluis.com\/wp-content\/uploads\/2023\/07\/cropped-apuntesdesanluis.png","contentUrl":"https:\/\/apuntesdesanluis.com\/wp-content\/uploads\/2023\/07\/cropped-apuntesdesanluis.png","width":450,"height":112,"caption":"apuntesdesanluis.com"},"logo":{"@id":"https:\/\/apuntesdesanluis.com\/#\/schema\/person\/image\/"},"sameAs":["https:\/\/apuntesdesanluis.com"],"url":"https:\/\/apuntesdesanluis.com\/index.php\/author\/apuntesdesanluis-com\/"}]}},"featured_image_urls":{"full":["https:\/\/apuntesdesanluis.com\/wp-content\/uploads\/2023\/09\/cirugia.png",844,491,false],"thumbnail":["https:\/\/apuntesdesanluis.com\/wp-content\/uploads\/2023\/09\/cirugia-150x150.png",150,150,true],"medium":["https:\/\/apuntesdesanluis.com\/wp-content\/uploads\/2023\/09\/cirugia-300x175.png",300,175,true],"medium_large":["https:\/\/apuntesdesanluis.com\/wp-content\/uploads\/2023\/09\/cirugia-768x447.png",640,373,true],"large":["https:\/\/apuntesdesanluis.com\/wp-content\/uploads\/2023\/09\/cirugia.png",640,372,false],"1536x1536":["https:\/\/apuntesdesanluis.com\/wp-content\/uploads\/2023\/09\/cirugia.png",844,491,false],"2048x2048":["https:\/\/apuntesdesanluis.com\/wp-content\/uploads\/2023\/09\/cirugia.png",844,491,false],"newsever-slider-full":["https:\/\/apuntesdesanluis.com\/wp-content\/uploads\/2023\/09\/cirugia.png",844,491,false],"newsever-featured":["https:\/\/apuntesdesanluis.com\/wp-content\/uploads\/2023\/09\/cirugia.png",844,491,false],"newsever-medium":["https:\/\/apuntesdesanluis.com\/wp-content\/uploads\/2023\/09\/cirugia-720x475.png",720,475,true]},"author_info":{"display_name":"apuntesdesanluis.com","author_link":"https:\/\/apuntesdesanluis.com\/index.php\/author\/apuntesdesanluis-com\/"},"category_info":"<a href=\"https:\/\/apuntesdesanluis.com\/index.php\/category\/ciudad-provincia\/\" rel=\"category tag\">Ciudad\/Provincia<\/a>","tag_info":"Ciudad\/Provincia","comment_count":"0","_links":{"self":[{"href":"https:\/\/apuntesdesanluis.com\/index.php\/wp-json\/wp\/v2\/posts\/3829","targetHints":{"allow":["GET"]}}],"collection":[{"href":"https:\/\/apuntesdesanluis.com\/index.php\/wp-json\/wp\/v2\/posts"}],"about":[{"href":"https:\/\/apuntesdesanluis.com\/index.php\/wp-json\/wp\/v2\/types\/post"}],"author":[{"embeddable":true,"href":"https:\/\/apuntesdesanluis.com\/index.php\/wp-json\/wp\/v2\/users\/1"}],"replies":[{"embeddable":true,"href":"https:\/\/apuntesdesanluis.com\/index.php\/wp-json\/wp\/v2\/comments?post=3829"}],"version-history":[{"count":1,"href":"https:\/\/apuntesdesanluis.com\/index.php\/wp-json\/wp\/v2\/posts\/3829\/revisions"}],"predecessor-version":[{"id":3832,"href":"https:\/\/apuntesdesanluis.com\/index.php\/wp-json\/wp\/v2\/posts\/3829\/revisions\/3832"}],"wp:featuredmedia":[{"embeddable":true,"href":"https:\/\/apuntesdesanluis.com\/index.php\/wp-json\/wp\/v2\/media\/3830"}],"wp:attachment":[{"href":"https:\/\/apuntesdesanluis.com\/index.php\/wp-json\/wp\/v2\/media?parent=3829"}],"wp:term":[{"taxonomy":"category","embeddable":true,"href":"https:\/\/apuntesdesanluis.com\/index.php\/wp-json\/wp\/v2\/categories?post=3829"},{"taxonomy":"post_tag","embeddable":true,"href":"https:\/\/apuntesdesanluis.com\/index.php\/wp-json\/wp\/v2\/tags?post=3829"}],"curies":[{"name":"wp","href":"https:\/\/api.w.org\/{rel}","templated":true}]}}