{"id":385,"date":"2023-07-25T18:50:41","date_gmt":"2023-07-25T21:50:41","guid":{"rendered":"https:\/\/apuntesdesanluis.com\/?p=385"},"modified":"2023-07-25T18:50:41","modified_gmt":"2023-07-25T21:50:41","slug":"merlo-convocan-a-comision-asesora-para-el-plan-de-manejo-de-una-reserva-natural","status":"publish","type":"post","link":"https:\/\/apuntesdesanluis.com\/index.php\/2023\/07\/25\/merlo-convocan-a-comision-asesora-para-el-plan-de-manejo-de-una-reserva-natural\/","title":{"rendered":"MERLO: CONVOCAN A COMISI\u00d3N ASESORA PARA EL PLAN DE MANEJO DE UNA RESERVA NATURAL"},"content":{"rendered":"<h3>El Municipio de la Villa de Merlo, a trav\u00e9s de la Secretar\u00eda de Ambiente, Producci\u00f3n y Desarrollo Sustentable, convoca a las instituciones, universidades, profesionales y vecinos interesados en formar parte de la Comisi\u00f3n Asesora para la implementaci\u00f3n del Plan de Manejo de la <strong>&#8220;Reserva Natural Municipal Viejo Molino&#8221;<\/strong>.<\/h3>\n<h3>El encuentro ser\u00e1 el pr\u00f3ximo <strong>s\u00e1bado 29 de julio a las 18:00 h en la Casa del Bicentenario<\/strong>.<\/h3>\n<h3>Consecuente con la expropiaci\u00f3n efectiva por parte del municipio de esta Reserva Natural, la Secretar\u00eda coordin\u00f3 la ejecuci\u00f3n de su Plan de Manejo, con una amplia difusi\u00f3n y participaci\u00f3n ciudadana.<\/h3>\n<h3>Se trata de un documento gu\u00eda que establece las pautas para el funcionamiento operativo de la misma y establece los usos que pueden realizar sus visitantes.<\/h3>\n<h3>Con la creaci\u00f3n de esta Comisi\u00f3n Asesora, el municipio contin\u00faa promoviendo la participaci\u00f3n de la comunidad en proyectos estrat\u00e9gicos.<\/h3>\n<p><img fetchpriority=\"high\" decoding=\"async\" class=\"wp-image-387 aligncenter\" src=\"https:\/\/apuntesdesanluis.com\/wp-content\/uploads\/2023\/07\/comision-asesora-240x300.jpg\" alt=\"\" width=\"539\" height=\"674\" srcset=\"https:\/\/apuntesdesanluis.com\/wp-content\/uploads\/2023\/07\/comision-asesora-240x300.jpg 240w, https:\/\/apuntesdesanluis.com\/wp-content\/uploads\/2023\/07\/comision-asesora.jpg 600w\" sizes=\"(max-width: 539px) 100vw, 539px\" \/><\/p>\n","protected":false},"excerpt":{"rendered":"<p>El Municipio de la Villa de Merlo, a trav\u00e9s de la Secretar\u00eda de Ambiente, Producci\u00f3n&#8230;<\/p>\n","protected":false},"author":1,"featured_media":386,"comment_status":"closed","ping_status":"closed","sticky":false,"template":"","format":"standard","meta":{"footnotes":""},"categories":[6],"tags":[],"class_list":["post-385","post","type-post","status-publish","format-standard","has-post-thumbnail","hentry","category-ciudad-provincia"],"yoast_head":"<!-- This site is optimized with the Yoast SEO plugin v26.1.1 - https:\/\/yoast.com\/wordpress\/plugins\/seo\/ -->\n<title>MERLO: CONVOCAN A COMISI\u00d3N ASESORA PARA EL PLAN DE MANEJO DE UNA RESERVA NATURAL - Apuntes de San Luis<\/title>\n<meta name=\"robots\" content=\"index, follow, max-snippet:-1, max-image-preview:large, max-video-preview:-1\" \/>\n<link rel=\"canonical\" href=\"https:\/\/apuntesdesanluis.com\/index.php\/2023\/07\/25\/merlo-convocan-a-comision-asesora-para-el-plan-de-manejo-de-una-reserva-natural\/\" \/>\n<meta property=\"og:locale\" content=\"es_ES\" \/>\n<meta property=\"og:type\" content=\"article\" \/>\n<meta property=\"og:title\" content=\"MERLO: CONVOCAN A COMISI\u00d3N ASESORA PARA EL PLAN DE MANEJO DE UNA RESERVA NATURAL - Apuntes de San Luis\" \/>\n<meta property=\"og:description\" content=\"El Municipio de la Villa de Merlo, a trav\u00e9s de la Secretar\u00eda de Ambiente, Producci\u00f3n...\" \/>\n<meta property=\"og:url\" content=\"https:\/\/apuntesdesanluis.com\/index.php\/2023\/07\/25\/merlo-convocan-a-comision-asesora-para-el-plan-de-manejo-de-una-reserva-natural\/\" \/>\n<meta property=\"og:site_name\" content=\"Apuntes de San Luis\" \/>\n<meta property=\"article:published_time\" content=\"2023-07-25T21:50:41+00:00\" \/>\n<meta property=\"og:image\" content=\"https:\/\/apuntesdesanluis.com\/wp-content\/uploads\/2023\/07\/comision-reserva.jpg\" \/>\n\t<meta property=\"og:image:width\" content=\"500\" \/>\n\t<meta property=\"og:image:height\" content=\"342\" \/>\n\t<meta property=\"og:image:type\" content=\"image\/jpeg\" \/>\n<meta name=\"author\" content=\"apuntesdesanluis.com\" \/>\n<meta name=\"twitter:card\" content=\"summary_large_image\" \/>\n<meta name=\"twitter:label1\" content=\"Escrito por\" \/>\n\t<meta name=\"twitter:data1\" content=\"apuntesdesanluis.com\" \/>\n\t<meta name=\"twitter:label2\" content=\"Tiempo de lectura\" \/>\n\t<meta name=\"twitter:data2\" content=\"1 minuto\" \/>\n<script type=\"application\/ld+json\" class=\"yoast-schema-graph\">{\"@context\":\"https:\/\/schema.org\",\"@graph\":[{\"@type\":\"Article\",\"@id\":\"https:\/\/apuntesdesanluis.com\/index.php\/2023\/07\/25\/merlo-convocan-a-comision-asesora-para-el-plan-de-manejo-de-una-reserva-natural\/#article\",\"isPartOf\":{\"@id\":\"https:\/\/apuntesdesanluis.com\/index.php\/2023\/07\/25\/merlo-convocan-a-comision-asesora-para-el-plan-de-manejo-de-una-reserva-natural\/\"},\"author\":{\"name\":\"apuntesdesanluis.com\",\"@id\":\"https:\/\/apuntesdesanluis.com\/#\/schema\/person\/b55151d52296fcce64d1a72538a70b90\"},\"headline\":\"MERLO: CONVOCAN A COMISI\u00d3N ASESORA PARA EL PLAN DE MANEJO DE UNA RESERVA NATURAL\",\"datePublished\":\"2023-07-25T21:50:41+00:00\",\"mainEntityOfPage\":{\"@id\":\"https:\/\/apuntesdesanluis.com\/index.php\/2023\/07\/25\/merlo-convocan-a-comision-asesora-para-el-plan-de-manejo-de-una-reserva-natural\/\"},\"wordCount\":172,\"publisher\":{\"@id\":\"https:\/\/apuntesdesanluis.com\/#\/schema\/person\/b55151d52296fcce64d1a72538a70b90\"},\"image\":{\"@id\":\"https:\/\/apuntesdesanluis.com\/index.php\/2023\/07\/25\/merlo-convocan-a-comision-asesora-para-el-plan-de-manejo-de-una-reserva-natural\/#primaryimage\"},\"thumbnailUrl\":\"https:\/\/apuntesdesanluis.com\/wp-content\/uploads\/2023\/07\/comision-reserva.jpg\",\"articleSection\":[\"Ciudad\/Provincia\"],\"inLanguage\":\"es-AR\"},{\"@type\":\"WebPage\",\"@id\":\"https:\/\/apuntesdesanluis.com\/index.php\/2023\/07\/25\/merlo-convocan-a-comision-asesora-para-el-plan-de-manejo-de-una-reserva-natural\/\",\"url\":\"https:\/\/apuntesdesanluis.com\/index.php\/2023\/07\/25\/merlo-convocan-a-comision-asesora-para-el-plan-de-manejo-de-una-reserva-natural\/\",\"name\":\"MERLO: CONVOCAN A COMISI\u00d3N ASESORA PARA EL PLAN DE MANEJO DE UNA RESERVA NATURAL - Apuntes de San Luis\",\"isPartOf\":{\"@id\":\"https:\/\/apuntesdesanluis.com\/#website\"},\"primaryImageOfPage\":{\"@id\":\"https:\/\/apuntesdesanluis.com\/index.php\/2023\/07\/25\/merlo-convocan-a-comision-asesora-para-el-plan-de-manejo-de-una-reserva-natural\/#primaryimage\"},\"image\":{\"@id\":\"https:\/\/apuntesdesanluis.com\/index.php\/2023\/07\/25\/merlo-convocan-a-comision-asesora-para-el-plan-de-manejo-de-una-reserva-natural\/#primaryimage\"},\"thumbnailUrl\":\"https:\/\/apuntesdesanluis.com\/wp-content\/uploads\/2023\/07\/comision-reserva.jpg\",\"datePublished\":\"2023-07-25T21:50:41+00:00\",\"breadcrumb\":{\"@id\":\"https:\/\/apuntesdesanluis.com\/index.php\/2023\/07\/25\/merlo-convocan-a-comision-asesora-para-el-plan-de-manejo-de-una-reserva-natural\/#breadcrumb\"},\"inLanguage\":\"es-AR\",\"potentialAction\":[{\"@type\":\"ReadAction\",\"target\":[\"https:\/\/apuntesdesanluis.com\/index.php\/2023\/07\/25\/merlo-convocan-a-comision-asesora-para-el-plan-de-manejo-de-una-reserva-natural\/\"]}]},{\"@type\":\"ImageObject\",\"inLanguage\":\"es-AR\",\"@id\":\"https:\/\/apuntesdesanluis.com\/index.php\/2023\/07\/25\/merlo-convocan-a-comision-asesora-para-el-plan-de-manejo-de-una-reserva-natural\/#primaryimage\",\"url\":\"https:\/\/apuntesdesanluis.com\/wp-content\/uploads\/2023\/07\/comision-reserva.jpg\",\"contentUrl\":\"https:\/\/apuntesdesanluis.com\/wp-content\/uploads\/2023\/07\/comision-reserva.jpg\",\"width\":500,\"height\":342},{\"@type\":\"BreadcrumbList\",\"@id\":\"https:\/\/apuntesdesanluis.com\/index.php\/2023\/07\/25\/merlo-convocan-a-comision-asesora-para-el-plan-de-manejo-de-una-reserva-natural\/#breadcrumb\",\"itemListElement\":[{\"@type\":\"ListItem\",\"position\":1,\"name\":\"Inicio\",\"item\":\"https:\/\/apuntesdesanluis.com\/\"},{\"@type\":\"ListItem\",\"position\":2,\"name\":\"MERLO: CONVOCAN A COMISI\u00d3N ASESORA PARA EL PLAN DE MANEJO DE UNA RESERVA NATURAL\"}]},{\"@type\":\"WebSite\",\"@id\":\"https:\/\/apuntesdesanluis.com\/#website\",\"url\":\"https:\/\/apuntesdesanluis.com\/\",\"name\":\"Apuntes de San Luis\",\"description\":\"\",\"publisher\":{\"@id\":\"https:\/\/apuntesdesanluis.com\/#\/schema\/person\/b55151d52296fcce64d1a72538a70b90\"},\"potentialAction\":[{\"@type\":\"SearchAction\",\"target\":{\"@type\":\"EntryPoint\",\"urlTemplate\":\"https:\/\/apuntesdesanluis.com\/?s={search_term_string}\"},\"query-input\":{\"@type\":\"PropertyValueSpecification\",\"valueRequired\":true,\"valueName\":\"search_term_string\"}}],\"inLanguage\":\"es-AR\"},{\"@type\":[\"Person\",\"Organization\"],\"@id\":\"https:\/\/apuntesdesanluis.com\/#\/schema\/person\/b55151d52296fcce64d1a72538a70b90\",\"name\":\"apuntesdesanluis.com\",\"image\":{\"@type\":\"ImageObject\",\"inLanguage\":\"es-AR\",\"@id\":\"https:\/\/apuntesdesanluis.com\/#\/schema\/person\/image\/\",\"url\":\"https:\/\/apuntesdesanluis.com\/wp-content\/uploads\/2023\/07\/cropped-apuntesdesanluis.png\",\"contentUrl\":\"https:\/\/apuntesdesanluis.com\/wp-content\/uploads\/2023\/07\/cropped-apuntesdesanluis.png\",\"width\":450,\"height\":112,\"caption\":\"apuntesdesanluis.com\"},\"logo\":{\"@id\":\"https:\/\/apuntesdesanluis.com\/#\/schema\/person\/image\/\"},\"sameAs\":[\"https:\/\/apuntesdesanluis.com\"],\"url\":\"https:\/\/apuntesdesanluis.com\/index.php\/author\/apuntesdesanluis-com\/\"}]}<\/script>\n<!-- \/ Yoast SEO plugin. -->","yoast_head_json":{"title":"MERLO: CONVOCAN A COMISI\u00d3N ASESORA PARA EL PLAN DE MANEJO DE UNA RESERVA NATURAL - Apuntes de San Luis","robots":{"index":"index","follow":"follow","max-snippet":"max-snippet:-1","max-image-preview":"max-image-preview:large","max-video-preview":"max-video-preview:-1"},"canonical":"https:\/\/apuntesdesanluis.com\/index.php\/2023\/07\/25\/merlo-convocan-a-comision-asesora-para-el-plan-de-manejo-de-una-reserva-natural\/","og_locale":"es_ES","og_type":"article","og_title":"MERLO: CONVOCAN A COMISI\u00d3N ASESORA PARA EL PLAN DE MANEJO DE UNA RESERVA NATURAL - Apuntes de San Luis","og_description":"El Municipio de la Villa de Merlo, a trav\u00e9s de la Secretar\u00eda de Ambiente, Producci\u00f3n...","og_url":"https:\/\/apuntesdesanluis.com\/index.php\/2023\/07\/25\/merlo-convocan-a-comision-asesora-para-el-plan-de-manejo-de-una-reserva-natural\/","og_site_name":"Apuntes de San Luis","article_published_time":"2023-07-25T21:50:41+00:00","og_image":[{"width":500,"height":342,"url":"https:\/\/apuntesdesanluis.com\/wp-content\/uploads\/2023\/07\/comision-reserva.jpg","type":"image\/jpeg"}],"author":"apuntesdesanluis.com","twitter_card":"summary_large_image","twitter_misc":{"Escrito por":"apuntesdesanluis.com","Tiempo de lectura":"1 minuto"},"schema":{"@context":"https:\/\/schema.org","@graph":[{"@type":"Article","@id":"https:\/\/apuntesdesanluis.com\/index.php\/2023\/07\/25\/merlo-convocan-a-comision-asesora-para-el-plan-de-manejo-de-una-reserva-natural\/#article","isPartOf":{"@id":"https:\/\/apuntesdesanluis.com\/index.php\/2023\/07\/25\/merlo-convocan-a-comision-asesora-para-el-plan-de-manejo-de-una-reserva-natural\/"},"author":{"name":"apuntesdesanluis.com","@id":"https:\/\/apuntesdesanluis.com\/#\/schema\/person\/b55151d52296fcce64d1a72538a70b90"},"headline":"MERLO: CONVOCAN A COMISI\u00d3N ASESORA PARA EL PLAN DE MANEJO DE UNA RESERVA NATURAL","datePublished":"2023-07-25T21:50:41+00:00","mainEntityOfPage":{"@id":"https:\/\/apuntesdesanluis.com\/index.php\/2023\/07\/25\/merlo-convocan-a-comision-asesora-para-el-plan-de-manejo-de-una-reserva-natural\/"},"wordCount":172,"publisher":{"@id":"https:\/\/apuntesdesanluis.com\/#\/schema\/person\/b55151d52296fcce64d1a72538a70b90"},"image":{"@id":"https:\/\/apuntesdesanluis.com\/index.php\/2023\/07\/25\/merlo-convocan-a-comision-asesora-para-el-plan-de-manejo-de-una-reserva-natural\/#primaryimage"},"thumbnailUrl":"https:\/\/apuntesdesanluis.com\/wp-content\/uploads\/2023\/07\/comision-reserva.jpg","articleSection":["Ciudad\/Provincia"],"inLanguage":"es-AR"},{"@type":"WebPage","@id":"https:\/\/apuntesdesanluis.com\/index.php\/2023\/07\/25\/merlo-convocan-a-comision-asesora-para-el-plan-de-manejo-de-una-reserva-natural\/","url":"https:\/\/apuntesdesanluis.com\/index.php\/2023\/07\/25\/merlo-convocan-a-comision-asesora-para-el-plan-de-manejo-de-una-reserva-natural\/","name":"MERLO: CONVOCAN A COMISI\u00d3N ASESORA PARA EL PLAN DE MANEJO DE UNA RESERVA NATURAL - Apuntes de San Luis","isPartOf":{"@id":"https:\/\/apuntesdesanluis.com\/#website"},"primaryImageOfPage":{"@id":"https:\/\/apuntesdesanluis.com\/index.php\/2023\/07\/25\/merlo-convocan-a-comision-asesora-para-el-plan-de-manejo-de-una-reserva-natural\/#primaryimage"},"image":{"@id":"https:\/\/apuntesdesanluis.com\/index.php\/2023\/07\/25\/merlo-convocan-a-comision-asesora-para-el-plan-de-manejo-de-una-reserva-natural\/#primaryimage"},"thumbnailUrl":"https:\/\/apuntesdesanluis.com\/wp-content\/uploads\/2023\/07\/comision-reserva.jpg","datePublished":"2023-07-25T21:50:41+00:00","breadcrumb":{"@id":"https:\/\/apuntesdesanluis.com\/index.php\/2023\/07\/25\/merlo-convocan-a-comision-asesora-para-el-plan-de-manejo-de-una-reserva-natural\/#breadcrumb"},"inLanguage":"es-AR","potentialAction":[{"@type":"ReadAction","target":["https:\/\/apuntesdesanluis.com\/index.php\/2023\/07\/25\/merlo-convocan-a-comision-asesora-para-el-plan-de-manejo-de-una-reserva-natural\/"]}]},{"@type":"ImageObject","inLanguage":"es-AR","@id":"https:\/\/apuntesdesanluis.com\/index.php\/2023\/07\/25\/merlo-convocan-a-comision-asesora-para-el-plan-de-manejo-de-una-reserva-natural\/#primaryimage","url":"https:\/\/apuntesdesanluis.com\/wp-content\/uploads\/2023\/07\/comision-reserva.jpg","contentUrl":"https:\/\/apuntesdesanluis.com\/wp-content\/uploads\/2023\/07\/comision-reserva.jpg","width":500,"height":342},{"@type":"BreadcrumbList","@id":"https:\/\/apuntesdesanluis.com\/index.php\/2023\/07\/25\/merlo-convocan-a-comision-asesora-para-el-plan-de-manejo-de-una-reserva-natural\/#breadcrumb","itemListElement":[{"@type":"ListItem","position":1,"name":"Inicio","item":"https:\/\/apuntesdesanluis.com\/"},{"@type":"ListItem","position":2,"name":"MERLO: CONVOCAN A COMISI\u00d3N ASESORA PARA EL PLAN DE MANEJO DE UNA RESERVA NATURAL"}]},{"@type":"WebSite","@id":"https:\/\/apuntesdesanluis.com\/#website","url":"https:\/\/apuntesdesanluis.com\/","name":"Apuntes de San Luis","description":"","publisher":{"@id":"https:\/\/apuntesdesanluis.com\/#\/schema\/person\/b55151d52296fcce64d1a72538a70b90"},"potentialAction":[{"@type":"SearchAction","target":{"@type":"EntryPoint","urlTemplate":"https:\/\/apuntesdesanluis.com\/?s={search_term_string}"},"query-input":{"@type":"PropertyValueSpecification","valueRequired":true,"valueName":"search_term_string"}}],"inLanguage":"es-AR"},{"@type":["Person","Organization"],"@id":"https:\/\/apuntesdesanluis.com\/#\/schema\/person\/b55151d52296fcce64d1a72538a70b90","name":"apuntesdesanluis.com","image":{"@type":"ImageObject","inLanguage":"es-AR","@id":"https:\/\/apuntesdesanluis.com\/#\/schema\/person\/image\/","url":"https:\/\/apuntesdesanluis.com\/wp-content\/uploads\/2023\/07\/cropped-apuntesdesanluis.png","contentUrl":"https:\/\/apuntesdesanluis.com\/wp-content\/uploads\/2023\/07\/cropped-apuntesdesanluis.png","width":450,"height":112,"caption":"apuntesdesanluis.com"},"logo":{"@id":"https:\/\/apuntesdesanluis.com\/#\/schema\/person\/image\/"},"sameAs":["https:\/\/apuntesdesanluis.com"],"url":"https:\/\/apuntesdesanluis.com\/index.php\/author\/apuntesdesanluis-com\/"}]}},"featured_image_urls":{"full":["https:\/\/apuntesdesanluis.com\/wp-content\/uploads\/2023\/07\/comision-reserva.jpg",500,342,false],"thumbnail":["https:\/\/apuntesdesanluis.com\/wp-content\/uploads\/2023\/07\/comision-reserva-150x150.jpg",150,150,true],"medium":["https:\/\/apuntesdesanluis.com\/wp-content\/uploads\/2023\/07\/comision-reserva-300x205.jpg",300,205,true],"medium_large":["https:\/\/apuntesdesanluis.com\/wp-content\/uploads\/2023\/07\/comision-reserva.jpg",500,342,false],"large":["https:\/\/apuntesdesanluis.com\/wp-content\/uploads\/2023\/07\/comision-reserva.jpg",500,342,false],"1536x1536":["https:\/\/apuntesdesanluis.com\/wp-content\/uploads\/2023\/07\/comision-reserva.jpg",500,342,false],"2048x2048":["https:\/\/apuntesdesanluis.com\/wp-content\/uploads\/2023\/07\/comision-reserva.jpg",500,342,false],"newsever-slider-full":["https:\/\/apuntesdesanluis.com\/wp-content\/uploads\/2023\/07\/comision-reserva.jpg",500,342,false],"newsever-featured":["https:\/\/apuntesdesanluis.com\/wp-content\/uploads\/2023\/07\/comision-reserva.jpg",500,342,false],"newsever-medium":["https:\/\/apuntesdesanluis.com\/wp-content\/uploads\/2023\/07\/comision-reserva.jpg",500,342,false]},"author_info":{"display_name":"apuntesdesanluis.com","author_link":"https:\/\/apuntesdesanluis.com\/index.php\/author\/apuntesdesanluis-com\/"},"category_info":"<a href=\"https:\/\/apuntesdesanluis.com\/index.php\/category\/ciudad-provincia\/\" rel=\"category tag\">Ciudad\/Provincia<\/a>","tag_info":"Ciudad\/Provincia","comment_count":"0","_links":{"self":[{"href":"https:\/\/apuntesdesanluis.com\/index.php\/wp-json\/wp\/v2\/posts\/385","targetHints":{"allow":["GET"]}}],"collection":[{"href":"https:\/\/apuntesdesanluis.com\/index.php\/wp-json\/wp\/v2\/posts"}],"about":[{"href":"https:\/\/apuntesdesanluis.com\/index.php\/wp-json\/wp\/v2\/types\/post"}],"author":[{"embeddable":true,"href":"https:\/\/apuntesdesanluis.com\/index.php\/wp-json\/wp\/v2\/users\/1"}],"replies":[{"embeddable":true,"href":"https:\/\/apuntesdesanluis.com\/index.php\/wp-json\/wp\/v2\/comments?post=385"}],"version-history":[{"count":1,"href":"https:\/\/apuntesdesanluis.com\/index.php\/wp-json\/wp\/v2\/posts\/385\/revisions"}],"predecessor-version":[{"id":388,"href":"https:\/\/apuntesdesanluis.com\/index.php\/wp-json\/wp\/v2\/posts\/385\/revisions\/388"}],"wp:featuredmedia":[{"embeddable":true,"href":"https:\/\/apuntesdesanluis.com\/index.php\/wp-json\/wp\/v2\/media\/386"}],"wp:attachment":[{"href":"https:\/\/apuntesdesanluis.com\/index.php\/wp-json\/wp\/v2\/media?parent=385"}],"wp:term":[{"taxonomy":"category","embeddable":true,"href":"https:\/\/apuntesdesanluis.com\/index.php\/wp-json\/wp\/v2\/categories?post=385"},{"taxonomy":"post_tag","embeddable":true,"href":"https:\/\/apuntesdesanluis.com\/index.php\/wp-json\/wp\/v2\/tags?post=385"}],"curies":[{"name":"wp","href":"https:\/\/api.w.org\/{rel}","templated":true}]}}