{"id":3873,"date":"2023-09-23T18:49:58","date_gmt":"2023-09-23T21:49:58","guid":{"rendered":"https:\/\/apuntesdesanluis.com\/?p=3873"},"modified":"2023-09-23T18:49:58","modified_gmt":"2023-09-23T21:49:58","slug":"murio-el-baritono-argentino-alejandro-meerapfel-en-medio-de-un-concierto-en-francia","status":"publish","type":"post","link":"https:\/\/apuntesdesanluis.com\/index.php\/2023\/09\/23\/murio-el-baritono-argentino-alejandro-meerapfel-en-medio-de-un-concierto-en-francia\/","title":{"rendered":"MURI\u00d3 EL BAR\u00cdTONO ARGENTINO ALEJANDRO MEERAPFEL EN MEDIO DE UN CONCIERTO EN FRANCIA"},"content":{"rendered":"<h3 class=\"yiv7409174924ydp6329976emsonormal\" style=\"text-align: justify; background: white;\"><span style=\"font-family: 'Arial','sans-serif'; color: #1d2228;\">El espect\u00e1culo fue inmediatamente interrumpido y el p\u00fablico se retir\u00f3 mientras los servicios de emergencia lo atend\u00edan.<\/span><\/h3>\n<h3 class=\"yiv7409174924ydp6329976emsonormal\" style=\"text-align: justify; background: white;\"><span style=\"font-family: 'Arial','sans-serif'; color: #1d2228;\">El bar\u00edtono argentino Alejandro Meerapfel, de 54 a\u00f1os, falleci\u00f3 el viernes por la noche por un infarto mientras se encontraba actuando en un concierto durante un festival de m\u00fasica en la localidad de Ambronay, ubicada en el este de Francia.<\/span><\/h3>\n<h3 class=\"yiv7409174924ydp6329976emsonormal\" style=\"text-align: justify; background: white;\"><span style=\"font-family: 'Arial','sans-serif'; color: #1d2228;\">&#8220;Les anunciamos con tristeza que el bar\u00edtono Alejandro Meerapfel falleci\u00f3 de un infarto en el escenario ayer por la noche durante un concierto&#8221;, explicaron esta ma\u00f1ana los organizadores del 44to. Festival de M\u00fasica Barroca de Ambronay a trav\u00e9s de un comunicado replicado por la agencia de noticias francesa AFP.<\/span><\/h3>\n<p><iframe title=\"Alejandro Meerapfel - Madama Butterfly\" width=\"640\" height=\"360\" src=\"https:\/\/www.youtube.com\/embed\/H4nz4-XlAJs?feature=oembed\" frameborder=\"0\" allow=\"accelerometer; autoplay; clipboard-write; encrypted-media; gyroscope; picture-in-picture; web-share\" referrerpolicy=\"strict-origin-when-cross-origin\" allowfullscreen><\/iframe><\/p>\n<h4 style=\"text-align: center;\"><em>El bar\u00edtono, durante una actuaci\u00f3n en 2017.<\/em><\/h4>\n<h3 class=\"yiv7409174924ydp6329976emsonormal\" style=\"text-align: justify; background: white;\"><span style=\"font-family: 'Arial','sans-serif'; color: #1d2228;\">Meerapfel formaba parte del elenco art\u00edstico en el concierto que involucraba al conjunto Capella Mediterranea y el coro de c\u00e1mara de Namur, bajo la direcci\u00f3n del director argentino Leonardo Garc\u00eda Alarc\u00f3n.<\/span><\/h3>\n<h3 class=\"yiv7409174924ydp6329976emsonormal\" style=\"text-align: justify; background: white;\"><span style=\"font-family: 'Arial','sans-serif'; color: #1d2228;\">Alejandro, quien desempe\u00f1aba el papel de Dios Padre en el oratorio &#8220;Dono della Vita Eterna&#8221; de Antonio Draghi, sufri\u00f3 un colapso durante su segunda intervenci\u00f3n en la obra, aproximadamente una hora despu\u00e9s de que comenzara el espect\u00e1culo, seg\u00fan inform\u00f3 la publicaci\u00f3n especializada francesa ResMusica.<\/span><\/h3>\n<h3 class=\"yiv7409174924ydp6329976emsonormal\" style=\"text-align: justify; background: white;\"><span style=\"font-family: 'Arial','sans-serif'; color: #1d2228;\">La actuaci\u00f3n fue interrumpida r\u00e1pidamente y el p\u00fablico presente fue evacuado de manera ordenada mientras los servicios de emergencia atend\u00edan a Meerapfel, aunque no pudieron reanimarlo.<\/span><\/h3>\n<h3 class=\"yiv7409174924ydp6329976emsonormal\" style=\"text-align: justify; background: white;\"><span style=\"font-family: 'Arial','sans-serif'; color: #1d2228;\">&#8220;Su desaparici\u00f3n brutal nos ha dejado conmocionados. Era un hombre de inestimable bondad. Su modestia y talento permanecer\u00e1n en nuestros corazones&#8221;, se\u00f1alaron desde la organizaci\u00f3n del festival, en el que Meerapfel hab\u00eda colaborado muchas veces.<\/span><\/h3>\n<h3 class=\"yiv7409174924ydp6329976emsonormal\" style=\"text-align: justify; background: white;\"><span style=\"font-family: 'Arial','sans-serif'; color: #1d2228;\">Por su parte, Garc\u00eda Alarc\u00f3n expres\u00f3 que &#8220;Alejandro era un \u00e1ngel en la Tierra&#8221;: &#8220;Antes del concierto, su sonrisa y su buen humor llenaron las almas de todo el equipo art\u00edstico y del festival. Lo echaremos de menos pero siempre estar\u00e1 con nosotros&#8221;.<\/span><\/h3>\n<h3 class=\"yiv7409174924ydp6329976emsonormal\" style=\"text-align: justify; background: white;\"><span style=\"font-family: 'Arial','sans-serif'; color: #1d2228;\">Colaborador habitual de Garc\u00eda Alarc\u00f3n y su Capella Mediterranea, Meerapfel se hab\u00eda formado en el Instituto Superior de Arte del Teatro Col\u00f3n y hab\u00eda actuado en numerosos coliseos de Europa y Am\u00e9rica. Entre sus interpretaciones como protagonista destacan &#8220;Don Giovanni&#8221;, &#8220;La Boh\u00e8me&#8221; o &#8220;Don Carlo&#8221;.<\/span><\/h3>\n","protected":false},"excerpt":{"rendered":"<p>El espect\u00e1culo fue inmediatamente interrumpido y el p\u00fablico se retir\u00f3 mientras los servicios de emergencia&#8230;<\/p>\n","protected":false},"author":1,"featured_media":3874,"comment_status":"closed","ping_status":"closed","sticky":false,"template":"","format":"standard","meta":{"footnotes":""},"categories":[5],"tags":[],"class_list":["post-3873","post","type-post","status-publish","format-standard","has-post-thumbnail","hentry","category-nacionales-internacionales"],"yoast_head":"<!-- This site is optimized with the Yoast SEO plugin v26.1.1 - https:\/\/yoast.com\/wordpress\/plugins\/seo\/ -->\n<title>MURI\u00d3 EL BAR\u00cdTONO ARGENTINO ALEJANDRO MEERAPFEL EN MEDIO DE UN CONCIERTO EN FRANCIA - Apuntes de San Luis<\/title>\n<meta name=\"robots\" content=\"index, follow, max-snippet:-1, max-image-preview:large, max-video-preview:-1\" \/>\n<link rel=\"canonical\" href=\"https:\/\/apuntesdesanluis.com\/index.php\/2023\/09\/23\/murio-el-baritono-argentino-alejandro-meerapfel-en-medio-de-un-concierto-en-francia\/\" \/>\n<meta property=\"og:locale\" content=\"es_ES\" \/>\n<meta property=\"og:type\" content=\"article\" \/>\n<meta property=\"og:title\" content=\"MURI\u00d3 EL BAR\u00cdTONO ARGENTINO ALEJANDRO MEERAPFEL EN MEDIO DE UN CONCIERTO EN FRANCIA - Apuntes de San Luis\" \/>\n<meta property=\"og:description\" content=\"El espect\u00e1culo fue inmediatamente interrumpido y el p\u00fablico se retir\u00f3 mientras los servicios de emergencia...\" \/>\n<meta property=\"og:url\" content=\"https:\/\/apuntesdesanluis.com\/index.php\/2023\/09\/23\/murio-el-baritono-argentino-alejandro-meerapfel-en-medio-de-un-concierto-en-francia\/\" \/>\n<meta property=\"og:site_name\" content=\"Apuntes de San Luis\" \/>\n<meta property=\"article:published_time\" content=\"2023-09-23T21:49:58+00:00\" \/>\n<meta property=\"og:image\" content=\"https:\/\/apuntesdesanluis.com\/wp-content\/uploads\/2023\/09\/baritono.png\" \/>\n\t<meta property=\"og:image:width\" content=\"1072\" \/>\n\t<meta property=\"og:image:height\" content=\"664\" \/>\n\t<meta property=\"og:image:type\" content=\"image\/png\" \/>\n<meta name=\"author\" content=\"apuntesdesanluis.com\" \/>\n<meta name=\"twitter:card\" content=\"summary_large_image\" \/>\n<meta name=\"twitter:label1\" content=\"Escrito por\" \/>\n\t<meta name=\"twitter:data1\" content=\"apuntesdesanluis.com\" \/>\n\t<meta name=\"twitter:label2\" content=\"Tiempo de lectura\" \/>\n\t<meta name=\"twitter:data2\" content=\"2 minutos\" \/>\n<script type=\"application\/ld+json\" class=\"yoast-schema-graph\">{\"@context\":\"https:\/\/schema.org\",\"@graph\":[{\"@type\":\"Article\",\"@id\":\"https:\/\/apuntesdesanluis.com\/index.php\/2023\/09\/23\/murio-el-baritono-argentino-alejandro-meerapfel-en-medio-de-un-concierto-en-francia\/#article\",\"isPartOf\":{\"@id\":\"https:\/\/apuntesdesanluis.com\/index.php\/2023\/09\/23\/murio-el-baritono-argentino-alejandro-meerapfel-en-medio-de-un-concierto-en-francia\/\"},\"author\":{\"name\":\"apuntesdesanluis.com\",\"@id\":\"https:\/\/apuntesdesanluis.com\/#\/schema\/person\/b55151d52296fcce64d1a72538a70b90\"},\"headline\":\"MURI\u00d3 EL BAR\u00cdTONO ARGENTINO ALEJANDRO MEERAPFEL EN MEDIO DE UN CONCIERTO EN FRANCIA\",\"datePublished\":\"2023-09-23T21:49:58+00:00\",\"mainEntityOfPage\":{\"@id\":\"https:\/\/apuntesdesanluis.com\/index.php\/2023\/09\/23\/murio-el-baritono-argentino-alejandro-meerapfel-en-medio-de-un-concierto-en-francia\/\"},\"wordCount\":402,\"publisher\":{\"@id\":\"https:\/\/apuntesdesanluis.com\/#\/schema\/person\/b55151d52296fcce64d1a72538a70b90\"},\"image\":{\"@id\":\"https:\/\/apuntesdesanluis.com\/index.php\/2023\/09\/23\/murio-el-baritono-argentino-alejandro-meerapfel-en-medio-de-un-concierto-en-francia\/#primaryimage\"},\"thumbnailUrl\":\"https:\/\/apuntesdesanluis.com\/wp-content\/uploads\/2023\/09\/baritono.png\",\"articleSection\":[\"Nacionales\/Internacionales\"],\"inLanguage\":\"es-AR\"},{\"@type\":\"WebPage\",\"@id\":\"https:\/\/apuntesdesanluis.com\/index.php\/2023\/09\/23\/murio-el-baritono-argentino-alejandro-meerapfel-en-medio-de-un-concierto-en-francia\/\",\"url\":\"https:\/\/apuntesdesanluis.com\/index.php\/2023\/09\/23\/murio-el-baritono-argentino-alejandro-meerapfel-en-medio-de-un-concierto-en-francia\/\",\"name\":\"MURI\u00d3 EL BAR\u00cdTONO ARGENTINO ALEJANDRO MEERAPFEL EN MEDIO DE UN CONCIERTO EN FRANCIA - Apuntes de San Luis\",\"isPartOf\":{\"@id\":\"https:\/\/apuntesdesanluis.com\/#website\"},\"primaryImageOfPage\":{\"@id\":\"https:\/\/apuntesdesanluis.com\/index.php\/2023\/09\/23\/murio-el-baritono-argentino-alejandro-meerapfel-en-medio-de-un-concierto-en-francia\/#primaryimage\"},\"image\":{\"@id\":\"https:\/\/apuntesdesanluis.com\/index.php\/2023\/09\/23\/murio-el-baritono-argentino-alejandro-meerapfel-en-medio-de-un-concierto-en-francia\/#primaryimage\"},\"thumbnailUrl\":\"https:\/\/apuntesdesanluis.com\/wp-content\/uploads\/2023\/09\/baritono.png\",\"datePublished\":\"2023-09-23T21:49:58+00:00\",\"breadcrumb\":{\"@id\":\"https:\/\/apuntesdesanluis.com\/index.php\/2023\/09\/23\/murio-el-baritono-argentino-alejandro-meerapfel-en-medio-de-un-concierto-en-francia\/#breadcrumb\"},\"inLanguage\":\"es-AR\",\"potentialAction\":[{\"@type\":\"ReadAction\",\"target\":[\"https:\/\/apuntesdesanluis.com\/index.php\/2023\/09\/23\/murio-el-baritono-argentino-alejandro-meerapfel-en-medio-de-un-concierto-en-francia\/\"]}]},{\"@type\":\"ImageObject\",\"inLanguage\":\"es-AR\",\"@id\":\"https:\/\/apuntesdesanluis.com\/index.php\/2023\/09\/23\/murio-el-baritono-argentino-alejandro-meerapfel-en-medio-de-un-concierto-en-francia\/#primaryimage\",\"url\":\"https:\/\/apuntesdesanluis.com\/wp-content\/uploads\/2023\/09\/baritono.png\",\"contentUrl\":\"https:\/\/apuntesdesanluis.com\/wp-content\/uploads\/2023\/09\/baritono.png\",\"width\":1072,\"height\":664},{\"@type\":\"BreadcrumbList\",\"@id\":\"https:\/\/apuntesdesanluis.com\/index.php\/2023\/09\/23\/murio-el-baritono-argentino-alejandro-meerapfel-en-medio-de-un-concierto-en-francia\/#breadcrumb\",\"itemListElement\":[{\"@type\":\"ListItem\",\"position\":1,\"name\":\"Inicio\",\"item\":\"https:\/\/apuntesdesanluis.com\/\"},{\"@type\":\"ListItem\",\"position\":2,\"name\":\"MURI\u00d3 EL BAR\u00cdTONO ARGENTINO ALEJANDRO MEERAPFEL EN MEDIO DE UN CONCIERTO EN FRANCIA\"}]},{\"@type\":\"WebSite\",\"@id\":\"https:\/\/apuntesdesanluis.com\/#website\",\"url\":\"https:\/\/apuntesdesanluis.com\/\",\"name\":\"Apuntes de San Luis\",\"description\":\"\",\"publisher\":{\"@id\":\"https:\/\/apuntesdesanluis.com\/#\/schema\/person\/b55151d52296fcce64d1a72538a70b90\"},\"potentialAction\":[{\"@type\":\"SearchAction\",\"target\":{\"@type\":\"EntryPoint\",\"urlTemplate\":\"https:\/\/apuntesdesanluis.com\/?s={search_term_string}\"},\"query-input\":{\"@type\":\"PropertyValueSpecification\",\"valueRequired\":true,\"valueName\":\"search_term_string\"}}],\"inLanguage\":\"es-AR\"},{\"@type\":[\"Person\",\"Organization\"],\"@id\":\"https:\/\/apuntesdesanluis.com\/#\/schema\/person\/b55151d52296fcce64d1a72538a70b90\",\"name\":\"apuntesdesanluis.com\",\"image\":{\"@type\":\"ImageObject\",\"inLanguage\":\"es-AR\",\"@id\":\"https:\/\/apuntesdesanluis.com\/#\/schema\/person\/image\/\",\"url\":\"https:\/\/apuntesdesanluis.com\/wp-content\/uploads\/2023\/07\/cropped-apuntesdesanluis.png\",\"contentUrl\":\"https:\/\/apuntesdesanluis.com\/wp-content\/uploads\/2023\/07\/cropped-apuntesdesanluis.png\",\"width\":450,\"height\":112,\"caption\":\"apuntesdesanluis.com\"},\"logo\":{\"@id\":\"https:\/\/apuntesdesanluis.com\/#\/schema\/person\/image\/\"},\"sameAs\":[\"https:\/\/apuntesdesanluis.com\"],\"url\":\"https:\/\/apuntesdesanluis.com\/index.php\/author\/apuntesdesanluis-com\/\"}]}<\/script>\n<!-- \/ Yoast SEO plugin. -->","yoast_head_json":{"title":"MURI\u00d3 EL BAR\u00cdTONO ARGENTINO ALEJANDRO MEERAPFEL EN MEDIO DE UN CONCIERTO EN FRANCIA - Apuntes de San Luis","robots":{"index":"index","follow":"follow","max-snippet":"max-snippet:-1","max-image-preview":"max-image-preview:large","max-video-preview":"max-video-preview:-1"},"canonical":"https:\/\/apuntesdesanluis.com\/index.php\/2023\/09\/23\/murio-el-baritono-argentino-alejandro-meerapfel-en-medio-de-un-concierto-en-francia\/","og_locale":"es_ES","og_type":"article","og_title":"MURI\u00d3 EL BAR\u00cdTONO ARGENTINO ALEJANDRO MEERAPFEL EN MEDIO DE UN CONCIERTO EN FRANCIA - Apuntes de San Luis","og_description":"El espect\u00e1culo fue inmediatamente interrumpido y el p\u00fablico se retir\u00f3 mientras los servicios de emergencia...","og_url":"https:\/\/apuntesdesanluis.com\/index.php\/2023\/09\/23\/murio-el-baritono-argentino-alejandro-meerapfel-en-medio-de-un-concierto-en-francia\/","og_site_name":"Apuntes de San Luis","article_published_time":"2023-09-23T21:49:58+00:00","og_image":[{"width":1072,"height":664,"url":"https:\/\/apuntesdesanluis.com\/wp-content\/uploads\/2023\/09\/baritono.png","type":"image\/png"}],"author":"apuntesdesanluis.com","twitter_card":"summary_large_image","twitter_misc":{"Escrito por":"apuntesdesanluis.com","Tiempo de lectura":"2 minutos"},"schema":{"@context":"https:\/\/schema.org","@graph":[{"@type":"Article","@id":"https:\/\/apuntesdesanluis.com\/index.php\/2023\/09\/23\/murio-el-baritono-argentino-alejandro-meerapfel-en-medio-de-un-concierto-en-francia\/#article","isPartOf":{"@id":"https:\/\/apuntesdesanluis.com\/index.php\/2023\/09\/23\/murio-el-baritono-argentino-alejandro-meerapfel-en-medio-de-un-concierto-en-francia\/"},"author":{"name":"apuntesdesanluis.com","@id":"https:\/\/apuntesdesanluis.com\/#\/schema\/person\/b55151d52296fcce64d1a72538a70b90"},"headline":"MURI\u00d3 EL BAR\u00cdTONO ARGENTINO ALEJANDRO MEERAPFEL EN MEDIO DE UN CONCIERTO EN FRANCIA","datePublished":"2023-09-23T21:49:58+00:00","mainEntityOfPage":{"@id":"https:\/\/apuntesdesanluis.com\/index.php\/2023\/09\/23\/murio-el-baritono-argentino-alejandro-meerapfel-en-medio-de-un-concierto-en-francia\/"},"wordCount":402,"publisher":{"@id":"https:\/\/apuntesdesanluis.com\/#\/schema\/person\/b55151d52296fcce64d1a72538a70b90"},"image":{"@id":"https:\/\/apuntesdesanluis.com\/index.php\/2023\/09\/23\/murio-el-baritono-argentino-alejandro-meerapfel-en-medio-de-un-concierto-en-francia\/#primaryimage"},"thumbnailUrl":"https:\/\/apuntesdesanluis.com\/wp-content\/uploads\/2023\/09\/baritono.png","articleSection":["Nacionales\/Internacionales"],"inLanguage":"es-AR"},{"@type":"WebPage","@id":"https:\/\/apuntesdesanluis.com\/index.php\/2023\/09\/23\/murio-el-baritono-argentino-alejandro-meerapfel-en-medio-de-un-concierto-en-francia\/","url":"https:\/\/apuntesdesanluis.com\/index.php\/2023\/09\/23\/murio-el-baritono-argentino-alejandro-meerapfel-en-medio-de-un-concierto-en-francia\/","name":"MURI\u00d3 EL BAR\u00cdTONO ARGENTINO ALEJANDRO MEERAPFEL EN MEDIO DE UN CONCIERTO EN FRANCIA - Apuntes de San Luis","isPartOf":{"@id":"https:\/\/apuntesdesanluis.com\/#website"},"primaryImageOfPage":{"@id":"https:\/\/apuntesdesanluis.com\/index.php\/2023\/09\/23\/murio-el-baritono-argentino-alejandro-meerapfel-en-medio-de-un-concierto-en-francia\/#primaryimage"},"image":{"@id":"https:\/\/apuntesdesanluis.com\/index.php\/2023\/09\/23\/murio-el-baritono-argentino-alejandro-meerapfel-en-medio-de-un-concierto-en-francia\/#primaryimage"},"thumbnailUrl":"https:\/\/apuntesdesanluis.com\/wp-content\/uploads\/2023\/09\/baritono.png","datePublished":"2023-09-23T21:49:58+00:00","breadcrumb":{"@id":"https:\/\/apuntesdesanluis.com\/index.php\/2023\/09\/23\/murio-el-baritono-argentino-alejandro-meerapfel-en-medio-de-un-concierto-en-francia\/#breadcrumb"},"inLanguage":"es-AR","potentialAction":[{"@type":"ReadAction","target":["https:\/\/apuntesdesanluis.com\/index.php\/2023\/09\/23\/murio-el-baritono-argentino-alejandro-meerapfel-en-medio-de-un-concierto-en-francia\/"]}]},{"@type":"ImageObject","inLanguage":"es-AR","@id":"https:\/\/apuntesdesanluis.com\/index.php\/2023\/09\/23\/murio-el-baritono-argentino-alejandro-meerapfel-en-medio-de-un-concierto-en-francia\/#primaryimage","url":"https:\/\/apuntesdesanluis.com\/wp-content\/uploads\/2023\/09\/baritono.png","contentUrl":"https:\/\/apuntesdesanluis.com\/wp-content\/uploads\/2023\/09\/baritono.png","width":1072,"height":664},{"@type":"BreadcrumbList","@id":"https:\/\/apuntesdesanluis.com\/index.php\/2023\/09\/23\/murio-el-baritono-argentino-alejandro-meerapfel-en-medio-de-un-concierto-en-francia\/#breadcrumb","itemListElement":[{"@type":"ListItem","position":1,"name":"Inicio","item":"https:\/\/apuntesdesanluis.com\/"},{"@type":"ListItem","position":2,"name":"MURI\u00d3 EL BAR\u00cdTONO ARGENTINO ALEJANDRO MEERAPFEL EN MEDIO DE UN CONCIERTO EN FRANCIA"}]},{"@type":"WebSite","@id":"https:\/\/apuntesdesanluis.com\/#website","url":"https:\/\/apuntesdesanluis.com\/","name":"Apuntes de San Luis","description":"","publisher":{"@id":"https:\/\/apuntesdesanluis.com\/#\/schema\/person\/b55151d52296fcce64d1a72538a70b90"},"potentialAction":[{"@type":"SearchAction","target":{"@type":"EntryPoint","urlTemplate":"https:\/\/apuntesdesanluis.com\/?s={search_term_string}"},"query-input":{"@type":"PropertyValueSpecification","valueRequired":true,"valueName":"search_term_string"}}],"inLanguage":"es-AR"},{"@type":["Person","Organization"],"@id":"https:\/\/apuntesdesanluis.com\/#\/schema\/person\/b55151d52296fcce64d1a72538a70b90","name":"apuntesdesanluis.com","image":{"@type":"ImageObject","inLanguage":"es-AR","@id":"https:\/\/apuntesdesanluis.com\/#\/schema\/person\/image\/","url":"https:\/\/apuntesdesanluis.com\/wp-content\/uploads\/2023\/07\/cropped-apuntesdesanluis.png","contentUrl":"https:\/\/apuntesdesanluis.com\/wp-content\/uploads\/2023\/07\/cropped-apuntesdesanluis.png","width":450,"height":112,"caption":"apuntesdesanluis.com"},"logo":{"@id":"https:\/\/apuntesdesanluis.com\/#\/schema\/person\/image\/"},"sameAs":["https:\/\/apuntesdesanluis.com"],"url":"https:\/\/apuntesdesanluis.com\/index.php\/author\/apuntesdesanluis-com\/"}]}},"featured_image_urls":{"full":["https:\/\/apuntesdesanluis.com\/wp-content\/uploads\/2023\/09\/baritono.png",1072,664,false],"thumbnail":["https:\/\/apuntesdesanluis.com\/wp-content\/uploads\/2023\/09\/baritono-150x150.png",150,150,true],"medium":["https:\/\/apuntesdesanluis.com\/wp-content\/uploads\/2023\/09\/baritono-300x186.png",300,186,true],"medium_large":["https:\/\/apuntesdesanluis.com\/wp-content\/uploads\/2023\/09\/baritono-768x476.png",640,397,true],"large":["https:\/\/apuntesdesanluis.com\/wp-content\/uploads\/2023\/09\/baritono-1024x634.png",640,396,true],"1536x1536":["https:\/\/apuntesdesanluis.com\/wp-content\/uploads\/2023\/09\/baritono.png",1072,664,false],"2048x2048":["https:\/\/apuntesdesanluis.com\/wp-content\/uploads\/2023\/09\/baritono.png",1072,664,false],"newsever-slider-full":["https:\/\/apuntesdesanluis.com\/wp-content\/uploads\/2023\/09\/baritono.png",1072,664,false],"newsever-featured":["https:\/\/apuntesdesanluis.com\/wp-content\/uploads\/2023\/09\/baritono-1024x634.png",1024,634,true],"newsever-medium":["https:\/\/apuntesdesanluis.com\/wp-content\/uploads\/2023\/09\/baritono-720x475.png",720,475,true]},"author_info":{"display_name":"apuntesdesanluis.com","author_link":"https:\/\/apuntesdesanluis.com\/index.php\/author\/apuntesdesanluis-com\/"},"category_info":"<a href=\"https:\/\/apuntesdesanluis.com\/index.php\/category\/nacionales-internacionales\/\" rel=\"category tag\">Nacionales\/Internacionales<\/a>","tag_info":"Nacionales\/Internacionales","comment_count":"0","_links":{"self":[{"href":"https:\/\/apuntesdesanluis.com\/index.php\/wp-json\/wp\/v2\/posts\/3873","targetHints":{"allow":["GET"]}}],"collection":[{"href":"https:\/\/apuntesdesanluis.com\/index.php\/wp-json\/wp\/v2\/posts"}],"about":[{"href":"https:\/\/apuntesdesanluis.com\/index.php\/wp-json\/wp\/v2\/types\/post"}],"author":[{"embeddable":true,"href":"https:\/\/apuntesdesanluis.com\/index.php\/wp-json\/wp\/v2\/users\/1"}],"replies":[{"embeddable":true,"href":"https:\/\/apuntesdesanluis.com\/index.php\/wp-json\/wp\/v2\/comments?post=3873"}],"version-history":[{"count":1,"href":"https:\/\/apuntesdesanluis.com\/index.php\/wp-json\/wp\/v2\/posts\/3873\/revisions"}],"predecessor-version":[{"id":3875,"href":"https:\/\/apuntesdesanluis.com\/index.php\/wp-json\/wp\/v2\/posts\/3873\/revisions\/3875"}],"wp:featuredmedia":[{"embeddable":true,"href":"https:\/\/apuntesdesanluis.com\/index.php\/wp-json\/wp\/v2\/media\/3874"}],"wp:attachment":[{"href":"https:\/\/apuntesdesanluis.com\/index.php\/wp-json\/wp\/v2\/media?parent=3873"}],"wp:term":[{"taxonomy":"category","embeddable":true,"href":"https:\/\/apuntesdesanluis.com\/index.php\/wp-json\/wp\/v2\/categories?post=3873"},{"taxonomy":"post_tag","embeddable":true,"href":"https:\/\/apuntesdesanluis.com\/index.php\/wp-json\/wp\/v2\/tags?post=3873"}],"curies":[{"name":"wp","href":"https:\/\/api.w.org\/{rel}","templated":true}]}}