{"id":3888,"date":"2023-09-23T20:36:26","date_gmt":"2023-09-23T23:36:26","guid":{"rendered":"https:\/\/apuntesdesanluis.com\/?p=3888"},"modified":"2023-09-23T20:37:23","modified_gmt":"2023-09-23T23:37:23","slug":"la-obra-la-leccion-de-anatomia-se-presentara-en-el-cine-teatro-san-luis","status":"publish","type":"post","link":"https:\/\/apuntesdesanluis.com\/index.php\/2023\/09\/23\/la-obra-la-leccion-de-anatomia-se-presentara-en-el-cine-teatro-san-luis\/","title":{"rendered":"LA OBRA \u201cLA LECCI\u00d3N DE ANATOM\u00cdA\u201d SE PRESENTAR\u00c1 EN EL CINE TEATRO SAN LUIS"},"content":{"rendered":"<h3>Bajo la direcci\u00f3n de Antonio Leiva, la reconocida pieza teatral con m\u00e1s de 50 a\u00f1os de trayectoria, que ha deleitado a varias generaciones, se prepara para desembarcar en nuestra provincia. La invitaci\u00f3n es para el viernes 3 de noviembre, a las 21:00. Las entradas son por orden de llegada y ya est\u00e1n a la venta.<\/h3>\n<h3><strong>\u201cLa Lecci\u00f3n de Anatom\u00eda\u201d<\/strong> es una obra concebida por el talentoso dramaturgo Carlos Mathus; tuvo su debut en el Multitabaris de Buenos Aires en 1972 y marc\u00f3 un importante giro en el teatro argentino. Asimismo, fue objeto de pol\u00e9micas y censura por el desnudo inicial de todo el elenco. Desde su primera funci\u00f3n y hasta 2008, estuvo en cartelera de manera ininterrumpida en Argentina, Uruguay, Paraguay, Venezuela, Chile, Brasil, Espa\u00f1a y en el festival de Graz, en Austria.<\/h3>\n<h3>La obra aborda las vicisitudes y desaf\u00edos que enfrentan las personas en la vida cotidiana, explorando aspectos como las relaciones con los padres, parejas, amigos y jefes. A pesar de representar los conflictos m\u00e1s habituales que pueden surgir, la dram\u00e1tica obra, se caracteriza por transmitir un mensaje positivo y lleno de esperanza. En \u00faltima instancia, promueve la idea de que a trav\u00e9s del autoconocimiento y la aceptaci\u00f3n de los dem\u00e1s, podemos forjar relaciones m\u00e1s s\u00f3lidas y enriquecedoras en nuestras vidas.<\/h3>\n<h3>En 2017, el director y productor Antonio Leiva, miembro del elenco original de la obra, la repuso en el Teatro Empire de Buenos Aires, luego del fallecimiento de Carlos Mathus. Desde entonces sigue recorriendo los distintos escenarios de la Argentina y otros pa\u00edses.<\/h3>\n<h3>A lo largo del tiempo, \u201cLa Lecci\u00f3n de Anatom\u00eda\u201d conmovi\u00f3 profundamente a m\u00faltiples generaciones, tanto as\u00ed que muchos de sus espectadores regresan a disfrutarla nuevamente, esta vez acompa\u00f1ados de sus hijos e incluso de sus nietos, con la esperanza de transmitirles la misma emoci\u00f3n que ellos experimentaron.<\/h3>\n<h3>La invitaci\u00f3n es para el viernes 3 de noviembre a las 21:00 en inmediaciones de Av. Justo Daract y Profesor Berrondo. Las entradas son por orden de llegada y ya est\u00e1n a la venta a trav\u00e9s del siguiente link: <span style=\"color: #3366ff;\"><a style=\"color: #3366ff;\" href=\"https:\/\/www.entradaweb.com.ar\/evento\/leccion_de_anatomia\/e13f15f1\">https:\/\/www.entradaweb.com.ar\/evento\/leccion_de_anatomia\/e13f15f1<\/a><\/span><\/h3>\n<h3>Valor de la entrada general: $4.500 (+ Costo de servicio de venta por internet).<\/h3>\n<h3>Apta para mayores de 13 a\u00f1os.<\/h3>\n<h3>Duraci\u00f3n: 80 minutos.<\/h3>\n<h3>Organiza: Jorge Fern\u00e1ndez.<\/h3>\n<h3>Las personas que asistan con su veh\u00edculo, podr\u00e1n hacer uso del estacionamiento privado, vigilado y gratuito del teatro, con entrada por calle Profesor Berrondo. En caso de estar lleno, se podr\u00e1 utilizar para estacionar el espacio de la Villa Deportiva, ubicada a 50 metros de distancia.<\/h3>\n<p>&nbsp;<\/p>\n<p>&nbsp;<\/p>\n<p>&nbsp;<\/p>\n<p>&nbsp;<\/p>\n","protected":false},"excerpt":{"rendered":"<p>Bajo la direcci\u00f3n de Antonio Leiva, la reconocida pieza teatral con m\u00e1s de 50 a\u00f1os&#8230;<\/p>\n","protected":false},"author":1,"featured_media":3889,"comment_status":"closed","ping_status":"closed","sticky":false,"template":"","format":"standard","meta":{"footnotes":""},"categories":[6],"tags":[],"class_list":["post-3888","post","type-post","status-publish","format-standard","has-post-thumbnail","hentry","category-ciudad-provincia"],"yoast_head":"<!-- This site is optimized with the Yoast SEO plugin v26.1.1 - https:\/\/yoast.com\/wordpress\/plugins\/seo\/ -->\n<title>LA OBRA \u201cLA LECCI\u00d3N DE ANATOM\u00cdA\u201d SE PRESENTAR\u00c1 EN EL CINE TEATRO SAN LUIS - Apuntes de San Luis<\/title>\n<meta name=\"robots\" content=\"index, follow, max-snippet:-1, max-image-preview:large, max-video-preview:-1\" \/>\n<link rel=\"canonical\" href=\"https:\/\/apuntesdesanluis.com\/index.php\/2023\/09\/23\/la-obra-la-leccion-de-anatomia-se-presentara-en-el-cine-teatro-san-luis\/\" \/>\n<meta property=\"og:locale\" content=\"es_ES\" \/>\n<meta property=\"og:type\" content=\"article\" \/>\n<meta property=\"og:title\" content=\"LA OBRA \u201cLA LECCI\u00d3N DE ANATOM\u00cdA\u201d SE PRESENTAR\u00c1 EN EL CINE TEATRO SAN LUIS - Apuntes de San Luis\" \/>\n<meta property=\"og:description\" content=\"Bajo la direcci\u00f3n de Antonio Leiva, la reconocida pieza teatral con m\u00e1s de 50 a\u00f1os...\" \/>\n<meta property=\"og:url\" content=\"https:\/\/apuntesdesanluis.com\/index.php\/2023\/09\/23\/la-obra-la-leccion-de-anatomia-se-presentara-en-el-cine-teatro-san-luis\/\" \/>\n<meta property=\"og:site_name\" content=\"Apuntes de San Luis\" \/>\n<meta property=\"article:published_time\" content=\"2023-09-23T23:36:26+00:00\" \/>\n<meta property=\"article:modified_time\" content=\"2023-09-23T23:37:23+00:00\" \/>\n<meta property=\"og:image\" content=\"https:\/\/apuntesdesanluis.com\/wp-content\/uploads\/2023\/09\/la-leccion-de-anatomia.png\" \/>\n\t<meta property=\"og:image:width\" content=\"853\" \/>\n\t<meta property=\"og:image:height\" content=\"510\" \/>\n\t<meta property=\"og:image:type\" content=\"image\/png\" \/>\n<meta name=\"author\" content=\"apuntesdesanluis.com\" \/>\n<meta name=\"twitter:card\" content=\"summary_large_image\" \/>\n<meta name=\"twitter:label1\" content=\"Escrito por\" \/>\n\t<meta name=\"twitter:data1\" content=\"apuntesdesanluis.com\" \/>\n\t<meta name=\"twitter:label2\" content=\"Tiempo de lectura\" \/>\n\t<meta name=\"twitter:data2\" content=\"2 minutos\" \/>\n<script type=\"application\/ld+json\" class=\"yoast-schema-graph\">{\"@context\":\"https:\/\/schema.org\",\"@graph\":[{\"@type\":\"Article\",\"@id\":\"https:\/\/apuntesdesanluis.com\/index.php\/2023\/09\/23\/la-obra-la-leccion-de-anatomia-se-presentara-en-el-cine-teatro-san-luis\/#article\",\"isPartOf\":{\"@id\":\"https:\/\/apuntesdesanluis.com\/index.php\/2023\/09\/23\/la-obra-la-leccion-de-anatomia-se-presentara-en-el-cine-teatro-san-luis\/\"},\"author\":{\"name\":\"apuntesdesanluis.com\",\"@id\":\"https:\/\/apuntesdesanluis.com\/#\/schema\/person\/b55151d52296fcce64d1a72538a70b90\"},\"headline\":\"LA OBRA \u201cLA LECCI\u00d3N DE ANATOM\u00cdA\u201d SE PRESENTAR\u00c1 EN EL CINE TEATRO SAN LUIS\",\"datePublished\":\"2023-09-23T23:36:26+00:00\",\"dateModified\":\"2023-09-23T23:37:23+00:00\",\"mainEntityOfPage\":{\"@id\":\"https:\/\/apuntesdesanluis.com\/index.php\/2023\/09\/23\/la-obra-la-leccion-de-anatomia-se-presentara-en-el-cine-teatro-san-luis\/\"},\"wordCount\":465,\"publisher\":{\"@id\":\"https:\/\/apuntesdesanluis.com\/#\/schema\/person\/b55151d52296fcce64d1a72538a70b90\"},\"image\":{\"@id\":\"https:\/\/apuntesdesanluis.com\/index.php\/2023\/09\/23\/la-obra-la-leccion-de-anatomia-se-presentara-en-el-cine-teatro-san-luis\/#primaryimage\"},\"thumbnailUrl\":\"https:\/\/apuntesdesanluis.com\/wp-content\/uploads\/2023\/09\/la-leccion-de-anatomia.png\",\"articleSection\":[\"Ciudad\/Provincia\"],\"inLanguage\":\"es-AR\"},{\"@type\":\"WebPage\",\"@id\":\"https:\/\/apuntesdesanluis.com\/index.php\/2023\/09\/23\/la-obra-la-leccion-de-anatomia-se-presentara-en-el-cine-teatro-san-luis\/\",\"url\":\"https:\/\/apuntesdesanluis.com\/index.php\/2023\/09\/23\/la-obra-la-leccion-de-anatomia-se-presentara-en-el-cine-teatro-san-luis\/\",\"name\":\"LA OBRA \u201cLA LECCI\u00d3N DE ANATOM\u00cdA\u201d SE PRESENTAR\u00c1 EN EL CINE TEATRO SAN LUIS - Apuntes de San Luis\",\"isPartOf\":{\"@id\":\"https:\/\/apuntesdesanluis.com\/#website\"},\"primaryImageOfPage\":{\"@id\":\"https:\/\/apuntesdesanluis.com\/index.php\/2023\/09\/23\/la-obra-la-leccion-de-anatomia-se-presentara-en-el-cine-teatro-san-luis\/#primaryimage\"},\"image\":{\"@id\":\"https:\/\/apuntesdesanluis.com\/index.php\/2023\/09\/23\/la-obra-la-leccion-de-anatomia-se-presentara-en-el-cine-teatro-san-luis\/#primaryimage\"},\"thumbnailUrl\":\"https:\/\/apuntesdesanluis.com\/wp-content\/uploads\/2023\/09\/la-leccion-de-anatomia.png\",\"datePublished\":\"2023-09-23T23:36:26+00:00\",\"dateModified\":\"2023-09-23T23:37:23+00:00\",\"breadcrumb\":{\"@id\":\"https:\/\/apuntesdesanluis.com\/index.php\/2023\/09\/23\/la-obra-la-leccion-de-anatomia-se-presentara-en-el-cine-teatro-san-luis\/#breadcrumb\"},\"inLanguage\":\"es-AR\",\"potentialAction\":[{\"@type\":\"ReadAction\",\"target\":[\"https:\/\/apuntesdesanluis.com\/index.php\/2023\/09\/23\/la-obra-la-leccion-de-anatomia-se-presentara-en-el-cine-teatro-san-luis\/\"]}]},{\"@type\":\"ImageObject\",\"inLanguage\":\"es-AR\",\"@id\":\"https:\/\/apuntesdesanluis.com\/index.php\/2023\/09\/23\/la-obra-la-leccion-de-anatomia-se-presentara-en-el-cine-teatro-san-luis\/#primaryimage\",\"url\":\"https:\/\/apuntesdesanluis.com\/wp-content\/uploads\/2023\/09\/la-leccion-de-anatomia.png\",\"contentUrl\":\"https:\/\/apuntesdesanluis.com\/wp-content\/uploads\/2023\/09\/la-leccion-de-anatomia.png\",\"width\":853,\"height\":510},{\"@type\":\"BreadcrumbList\",\"@id\":\"https:\/\/apuntesdesanluis.com\/index.php\/2023\/09\/23\/la-obra-la-leccion-de-anatomia-se-presentara-en-el-cine-teatro-san-luis\/#breadcrumb\",\"itemListElement\":[{\"@type\":\"ListItem\",\"position\":1,\"name\":\"Inicio\",\"item\":\"https:\/\/apuntesdesanluis.com\/\"},{\"@type\":\"ListItem\",\"position\":2,\"name\":\"LA OBRA \u201cLA LECCI\u00d3N DE ANATOM\u00cdA\u201d SE PRESENTAR\u00c1 EN EL CINE TEATRO SAN LUIS\"}]},{\"@type\":\"WebSite\",\"@id\":\"https:\/\/apuntesdesanluis.com\/#website\",\"url\":\"https:\/\/apuntesdesanluis.com\/\",\"name\":\"Apuntes de San Luis\",\"description\":\"\",\"publisher\":{\"@id\":\"https:\/\/apuntesdesanluis.com\/#\/schema\/person\/b55151d52296fcce64d1a72538a70b90\"},\"potentialAction\":[{\"@type\":\"SearchAction\",\"target\":{\"@type\":\"EntryPoint\",\"urlTemplate\":\"https:\/\/apuntesdesanluis.com\/?s={search_term_string}\"},\"query-input\":{\"@type\":\"PropertyValueSpecification\",\"valueRequired\":true,\"valueName\":\"search_term_string\"}}],\"inLanguage\":\"es-AR\"},{\"@type\":[\"Person\",\"Organization\"],\"@id\":\"https:\/\/apuntesdesanluis.com\/#\/schema\/person\/b55151d52296fcce64d1a72538a70b90\",\"name\":\"apuntesdesanluis.com\",\"image\":{\"@type\":\"ImageObject\",\"inLanguage\":\"es-AR\",\"@id\":\"https:\/\/apuntesdesanluis.com\/#\/schema\/person\/image\/\",\"url\":\"https:\/\/apuntesdesanluis.com\/wp-content\/uploads\/2023\/07\/cropped-apuntesdesanluis.png\",\"contentUrl\":\"https:\/\/apuntesdesanluis.com\/wp-content\/uploads\/2023\/07\/cropped-apuntesdesanluis.png\",\"width\":450,\"height\":112,\"caption\":\"apuntesdesanluis.com\"},\"logo\":{\"@id\":\"https:\/\/apuntesdesanluis.com\/#\/schema\/person\/image\/\"},\"sameAs\":[\"https:\/\/apuntesdesanluis.com\"],\"url\":\"https:\/\/apuntesdesanluis.com\/index.php\/author\/apuntesdesanluis-com\/\"}]}<\/script>\n<!-- \/ Yoast SEO plugin. -->","yoast_head_json":{"title":"LA OBRA \u201cLA LECCI\u00d3N DE ANATOM\u00cdA\u201d SE PRESENTAR\u00c1 EN EL CINE TEATRO SAN LUIS - Apuntes de San Luis","robots":{"index":"index","follow":"follow","max-snippet":"max-snippet:-1","max-image-preview":"max-image-preview:large","max-video-preview":"max-video-preview:-1"},"canonical":"https:\/\/apuntesdesanluis.com\/index.php\/2023\/09\/23\/la-obra-la-leccion-de-anatomia-se-presentara-en-el-cine-teatro-san-luis\/","og_locale":"es_ES","og_type":"article","og_title":"LA OBRA \u201cLA LECCI\u00d3N DE ANATOM\u00cdA\u201d SE PRESENTAR\u00c1 EN EL CINE TEATRO SAN LUIS - Apuntes de San Luis","og_description":"Bajo la direcci\u00f3n de Antonio Leiva, la reconocida pieza teatral con m\u00e1s de 50 a\u00f1os...","og_url":"https:\/\/apuntesdesanluis.com\/index.php\/2023\/09\/23\/la-obra-la-leccion-de-anatomia-se-presentara-en-el-cine-teatro-san-luis\/","og_site_name":"Apuntes de San Luis","article_published_time":"2023-09-23T23:36:26+00:00","article_modified_time":"2023-09-23T23:37:23+00:00","og_image":[{"width":853,"height":510,"url":"https:\/\/apuntesdesanluis.com\/wp-content\/uploads\/2023\/09\/la-leccion-de-anatomia.png","type":"image\/png"}],"author":"apuntesdesanluis.com","twitter_card":"summary_large_image","twitter_misc":{"Escrito por":"apuntesdesanluis.com","Tiempo de lectura":"2 minutos"},"schema":{"@context":"https:\/\/schema.org","@graph":[{"@type":"Article","@id":"https:\/\/apuntesdesanluis.com\/index.php\/2023\/09\/23\/la-obra-la-leccion-de-anatomia-se-presentara-en-el-cine-teatro-san-luis\/#article","isPartOf":{"@id":"https:\/\/apuntesdesanluis.com\/index.php\/2023\/09\/23\/la-obra-la-leccion-de-anatomia-se-presentara-en-el-cine-teatro-san-luis\/"},"author":{"name":"apuntesdesanluis.com","@id":"https:\/\/apuntesdesanluis.com\/#\/schema\/person\/b55151d52296fcce64d1a72538a70b90"},"headline":"LA OBRA \u201cLA LECCI\u00d3N DE ANATOM\u00cdA\u201d SE PRESENTAR\u00c1 EN EL CINE TEATRO SAN LUIS","datePublished":"2023-09-23T23:36:26+00:00","dateModified":"2023-09-23T23:37:23+00:00","mainEntityOfPage":{"@id":"https:\/\/apuntesdesanluis.com\/index.php\/2023\/09\/23\/la-obra-la-leccion-de-anatomia-se-presentara-en-el-cine-teatro-san-luis\/"},"wordCount":465,"publisher":{"@id":"https:\/\/apuntesdesanluis.com\/#\/schema\/person\/b55151d52296fcce64d1a72538a70b90"},"image":{"@id":"https:\/\/apuntesdesanluis.com\/index.php\/2023\/09\/23\/la-obra-la-leccion-de-anatomia-se-presentara-en-el-cine-teatro-san-luis\/#primaryimage"},"thumbnailUrl":"https:\/\/apuntesdesanluis.com\/wp-content\/uploads\/2023\/09\/la-leccion-de-anatomia.png","articleSection":["Ciudad\/Provincia"],"inLanguage":"es-AR"},{"@type":"WebPage","@id":"https:\/\/apuntesdesanluis.com\/index.php\/2023\/09\/23\/la-obra-la-leccion-de-anatomia-se-presentara-en-el-cine-teatro-san-luis\/","url":"https:\/\/apuntesdesanluis.com\/index.php\/2023\/09\/23\/la-obra-la-leccion-de-anatomia-se-presentara-en-el-cine-teatro-san-luis\/","name":"LA OBRA \u201cLA LECCI\u00d3N DE ANATOM\u00cdA\u201d SE PRESENTAR\u00c1 EN EL CINE TEATRO SAN LUIS - Apuntes de San Luis","isPartOf":{"@id":"https:\/\/apuntesdesanluis.com\/#website"},"primaryImageOfPage":{"@id":"https:\/\/apuntesdesanluis.com\/index.php\/2023\/09\/23\/la-obra-la-leccion-de-anatomia-se-presentara-en-el-cine-teatro-san-luis\/#primaryimage"},"image":{"@id":"https:\/\/apuntesdesanluis.com\/index.php\/2023\/09\/23\/la-obra-la-leccion-de-anatomia-se-presentara-en-el-cine-teatro-san-luis\/#primaryimage"},"thumbnailUrl":"https:\/\/apuntesdesanluis.com\/wp-content\/uploads\/2023\/09\/la-leccion-de-anatomia.png","datePublished":"2023-09-23T23:36:26+00:00","dateModified":"2023-09-23T23:37:23+00:00","breadcrumb":{"@id":"https:\/\/apuntesdesanluis.com\/index.php\/2023\/09\/23\/la-obra-la-leccion-de-anatomia-se-presentara-en-el-cine-teatro-san-luis\/#breadcrumb"},"inLanguage":"es-AR","potentialAction":[{"@type":"ReadAction","target":["https:\/\/apuntesdesanluis.com\/index.php\/2023\/09\/23\/la-obra-la-leccion-de-anatomia-se-presentara-en-el-cine-teatro-san-luis\/"]}]},{"@type":"ImageObject","inLanguage":"es-AR","@id":"https:\/\/apuntesdesanluis.com\/index.php\/2023\/09\/23\/la-obra-la-leccion-de-anatomia-se-presentara-en-el-cine-teatro-san-luis\/#primaryimage","url":"https:\/\/apuntesdesanluis.com\/wp-content\/uploads\/2023\/09\/la-leccion-de-anatomia.png","contentUrl":"https:\/\/apuntesdesanluis.com\/wp-content\/uploads\/2023\/09\/la-leccion-de-anatomia.png","width":853,"height":510},{"@type":"BreadcrumbList","@id":"https:\/\/apuntesdesanluis.com\/index.php\/2023\/09\/23\/la-obra-la-leccion-de-anatomia-se-presentara-en-el-cine-teatro-san-luis\/#breadcrumb","itemListElement":[{"@type":"ListItem","position":1,"name":"Inicio","item":"https:\/\/apuntesdesanluis.com\/"},{"@type":"ListItem","position":2,"name":"LA OBRA \u201cLA LECCI\u00d3N DE ANATOM\u00cdA\u201d SE PRESENTAR\u00c1 EN EL CINE TEATRO SAN LUIS"}]},{"@type":"WebSite","@id":"https:\/\/apuntesdesanluis.com\/#website","url":"https:\/\/apuntesdesanluis.com\/","name":"Apuntes de San Luis","description":"","publisher":{"@id":"https:\/\/apuntesdesanluis.com\/#\/schema\/person\/b55151d52296fcce64d1a72538a70b90"},"potentialAction":[{"@type":"SearchAction","target":{"@type":"EntryPoint","urlTemplate":"https:\/\/apuntesdesanluis.com\/?s={search_term_string}"},"query-input":{"@type":"PropertyValueSpecification","valueRequired":true,"valueName":"search_term_string"}}],"inLanguage":"es-AR"},{"@type":["Person","Organization"],"@id":"https:\/\/apuntesdesanluis.com\/#\/schema\/person\/b55151d52296fcce64d1a72538a70b90","name":"apuntesdesanluis.com","image":{"@type":"ImageObject","inLanguage":"es-AR","@id":"https:\/\/apuntesdesanluis.com\/#\/schema\/person\/image\/","url":"https:\/\/apuntesdesanluis.com\/wp-content\/uploads\/2023\/07\/cropped-apuntesdesanluis.png","contentUrl":"https:\/\/apuntesdesanluis.com\/wp-content\/uploads\/2023\/07\/cropped-apuntesdesanluis.png","width":450,"height":112,"caption":"apuntesdesanluis.com"},"logo":{"@id":"https:\/\/apuntesdesanluis.com\/#\/schema\/person\/image\/"},"sameAs":["https:\/\/apuntesdesanluis.com"],"url":"https:\/\/apuntesdesanluis.com\/index.php\/author\/apuntesdesanluis-com\/"}]}},"featured_image_urls":{"full":["https:\/\/apuntesdesanluis.com\/wp-content\/uploads\/2023\/09\/la-leccion-de-anatomia.png",853,510,false],"thumbnail":["https:\/\/apuntesdesanluis.com\/wp-content\/uploads\/2023\/09\/la-leccion-de-anatomia-150x150.png",150,150,true],"medium":["https:\/\/apuntesdesanluis.com\/wp-content\/uploads\/2023\/09\/la-leccion-de-anatomia-300x179.png",300,179,true],"medium_large":["https:\/\/apuntesdesanluis.com\/wp-content\/uploads\/2023\/09\/la-leccion-de-anatomia-768x459.png",640,383,true],"large":["https:\/\/apuntesdesanluis.com\/wp-content\/uploads\/2023\/09\/la-leccion-de-anatomia.png",640,383,false],"1536x1536":["https:\/\/apuntesdesanluis.com\/wp-content\/uploads\/2023\/09\/la-leccion-de-anatomia.png",853,510,false],"2048x2048":["https:\/\/apuntesdesanluis.com\/wp-content\/uploads\/2023\/09\/la-leccion-de-anatomia.png",853,510,false],"newsever-slider-full":["https:\/\/apuntesdesanluis.com\/wp-content\/uploads\/2023\/09\/la-leccion-de-anatomia.png",853,510,false],"newsever-featured":["https:\/\/apuntesdesanluis.com\/wp-content\/uploads\/2023\/09\/la-leccion-de-anatomia.png",853,510,false],"newsever-medium":["https:\/\/apuntesdesanluis.com\/wp-content\/uploads\/2023\/09\/la-leccion-de-anatomia-720x475.png",720,475,true]},"author_info":{"display_name":"apuntesdesanluis.com","author_link":"https:\/\/apuntesdesanluis.com\/index.php\/author\/apuntesdesanluis-com\/"},"category_info":"<a href=\"https:\/\/apuntesdesanluis.com\/index.php\/category\/ciudad-provincia\/\" rel=\"category tag\">Ciudad\/Provincia<\/a>","tag_info":"Ciudad\/Provincia","comment_count":"0","_links":{"self":[{"href":"https:\/\/apuntesdesanluis.com\/index.php\/wp-json\/wp\/v2\/posts\/3888","targetHints":{"allow":["GET"]}}],"collection":[{"href":"https:\/\/apuntesdesanluis.com\/index.php\/wp-json\/wp\/v2\/posts"}],"about":[{"href":"https:\/\/apuntesdesanluis.com\/index.php\/wp-json\/wp\/v2\/types\/post"}],"author":[{"embeddable":true,"href":"https:\/\/apuntesdesanluis.com\/index.php\/wp-json\/wp\/v2\/users\/1"}],"replies":[{"embeddable":true,"href":"https:\/\/apuntesdesanluis.com\/index.php\/wp-json\/wp\/v2\/comments?post=3888"}],"version-history":[{"count":2,"href":"https:\/\/apuntesdesanluis.com\/index.php\/wp-json\/wp\/v2\/posts\/3888\/revisions"}],"predecessor-version":[{"id":3891,"href":"https:\/\/apuntesdesanluis.com\/index.php\/wp-json\/wp\/v2\/posts\/3888\/revisions\/3891"}],"wp:featuredmedia":[{"embeddable":true,"href":"https:\/\/apuntesdesanluis.com\/index.php\/wp-json\/wp\/v2\/media\/3889"}],"wp:attachment":[{"href":"https:\/\/apuntesdesanluis.com\/index.php\/wp-json\/wp\/v2\/media?parent=3888"}],"wp:term":[{"taxonomy":"category","embeddable":true,"href":"https:\/\/apuntesdesanluis.com\/index.php\/wp-json\/wp\/v2\/categories?post=3888"},{"taxonomy":"post_tag","embeddable":true,"href":"https:\/\/apuntesdesanluis.com\/index.php\/wp-json\/wp\/v2\/tags?post=3888"}],"curies":[{"name":"wp","href":"https:\/\/api.w.org\/{rel}","templated":true}]}}