{"id":3892,"date":"2023-09-22T20:42:10","date_gmt":"2023-09-22T23:42:10","guid":{"rendered":"https:\/\/apuntesdesanluis.com\/?p=3892"},"modified":"2023-09-23T20:44:55","modified_gmt":"2023-09-23T23:44:55","slug":"un-joven-detenido-fue-imputado-por-tenencia-y-distribucion-de-material-de-abuso-infantil","status":"publish","type":"post","link":"https:\/\/apuntesdesanluis.com\/index.php\/2023\/09\/22\/un-joven-detenido-fue-imputado-por-tenencia-y-distribucion-de-material-de-abuso-infantil\/","title":{"rendered":"UN JOVEN DETENIDO FUE IMPUTADO POR TENENCIA Y DISTRIBUCI\u00d3N DE MATERIAL DE ABUSO INFANTIL"},"content":{"rendered":"<h3>Permanece alojado en una dependencia policial de Villa Mercedes. El Ministerio P\u00fablico Fiscal interviene a ra\u00edz de un reporte de la asociaci\u00f3n Missing Children.<\/h3>\n<h3>En la ma\u00f1ana de este viernes,\u00a0 el Dr. Alfredo Cuello, como subrogante en el Juzgado de Garant\u00edas N\u00ba 2 de la Segunda Circunscripci\u00f3n Judicial, formul\u00f3 cargos provisorios contra un joven de 23 a\u00f1os con domicilio en la ciudad de Villa Mercedes como presunto autor de los delitos de distribuci\u00f3n y tenencia de material de abuso infantil.<\/h3>\n<h3>En primer lugar, la Dra. Daniela Torres, Fiscal de Instrucci\u00f3n N\u00ba 2, explic\u00f3 que la investigaci\u00f3n se inicio a ra\u00edz de reportes de la asociaci\u00f3n Missing Children. En uno de esos informes, se identificaron 25 videos y una imagen de abuso sexual infantil, detall\u00f3.\u00a0 Con el n\u00famero de IP, se logr\u00f3 localizar el proveedor del servicio de internet y se arroj\u00f3 la direcci\u00f3n del imputado,\u00a0 donde se realiz\u00f3 un allanamiento.<\/h3>\n<h3>La fiscal solicit\u00f3 al juez la autorizaci\u00f3n para peritar dos tel\u00e9fonos celulares y una computadora secuestrados durante el allanamiento. Solicit\u00f3 se formulen cargos por los delitos de tenencia y distribuci\u00f3n de material de abuso sexual infantil, sin perjuicio de que podr\u00eda ampliar la imputaci\u00f3n en base a las evidencias que restan producirse.<\/h3>\n<h3>En representaci\u00f3n del imputado intervinieron el Dr. Tito Fern\u00e1ndez y la Dra. Leticia Latini, quienes solicitaron pr\u00f3rroga de detenci\u00f3n por el plazo de 7 d\u00edas a fin de exponer su teor\u00eda del caso. Explicaron que el imputado es un joven estudiante y detallaron las actividades que lleva a cabo en diferentes \u00e1mbitos educativos.<\/h3>\n<h3>Luego de escuchar a las partes, el Dr. Cuello resolvi\u00f3 formular cargos provisorios por el delito previsto en el art\u00edculo 128, primer y segundo p\u00e1rrafo y 45 del C\u00f3digo Penal Argentino, autoriz\u00f3 la pericia a los dispositivos secuestrados durante el allanamiento, concedi\u00f3 la pr\u00f3rroga de detenci\u00f3n solicitada por la defensa y fij\u00f3 una nueva audiencia para el pr\u00f3ximo 29 de septiembre.<\/h3>\n<h3>La Dra. Torres estuvo acompa\u00f1ada por la fiscal adjunta, Dra. Gisela Milstein. Como secretaria intervino la Dra. Claudia Su\u00e1rez.<\/h3>\n","protected":false},"excerpt":{"rendered":"<p>Permanece alojado en una dependencia policial de Villa Mercedes. El Ministerio P\u00fablico Fiscal interviene a&#8230;<\/p>\n","protected":false},"author":1,"featured_media":3893,"comment_status":"closed","ping_status":"closed","sticky":false,"template":"","format":"standard","meta":{"footnotes":""},"categories":[6],"tags":[],"class_list":["post-3892","post","type-post","status-publish","format-standard","has-post-thumbnail","hentry","category-ciudad-provincia"],"yoast_head":"<!-- This site is optimized with the Yoast SEO plugin v26.1.1 - https:\/\/yoast.com\/wordpress\/plugins\/seo\/ -->\n<title>UN JOVEN DETENIDO FUE IMPUTADO POR TENENCIA Y DISTRIBUCI\u00d3N DE MATERIAL DE ABUSO INFANTIL - Apuntes de San Luis<\/title>\n<meta name=\"robots\" content=\"index, follow, max-snippet:-1, max-image-preview:large, max-video-preview:-1\" \/>\n<link rel=\"canonical\" href=\"https:\/\/apuntesdesanluis.com\/index.php\/2023\/09\/22\/un-joven-detenido-fue-imputado-por-tenencia-y-distribucion-de-material-de-abuso-infantil\/\" \/>\n<meta property=\"og:locale\" content=\"es_ES\" \/>\n<meta property=\"og:type\" content=\"article\" \/>\n<meta property=\"og:title\" content=\"UN JOVEN DETENIDO FUE IMPUTADO POR TENENCIA Y DISTRIBUCI\u00d3N DE MATERIAL DE ABUSO INFANTIL - Apuntes de San Luis\" \/>\n<meta property=\"og:description\" content=\"Permanece alojado en una dependencia policial de Villa Mercedes. El Ministerio P\u00fablico Fiscal interviene a...\" \/>\n<meta property=\"og:url\" content=\"https:\/\/apuntesdesanluis.com\/index.php\/2023\/09\/22\/un-joven-detenido-fue-imputado-por-tenencia-y-distribucion-de-material-de-abuso-infantil\/\" \/>\n<meta property=\"og:site_name\" content=\"Apuntes de San Luis\" \/>\n<meta property=\"article:published_time\" content=\"2023-09-22T23:42:10+00:00\" \/>\n<meta property=\"article:modified_time\" content=\"2023-09-23T23:44:55+00:00\" \/>\n<meta property=\"og:image\" content=\"https:\/\/apuntesdesanluis.com\/wp-content\/uploads\/2023\/09\/audiencia-6.png\" \/>\n\t<meta property=\"og:image:width\" content=\"600\" \/>\n\t<meta property=\"og:image:height\" content=\"380\" \/>\n\t<meta property=\"og:image:type\" content=\"image\/png\" \/>\n<meta name=\"author\" content=\"apuntesdesanluis.com\" \/>\n<meta name=\"twitter:card\" content=\"summary_large_image\" \/>\n<meta name=\"twitter:label1\" content=\"Escrito por\" \/>\n\t<meta name=\"twitter:data1\" content=\"apuntesdesanluis.com\" \/>\n\t<meta name=\"twitter:label2\" content=\"Tiempo de lectura\" \/>\n\t<meta name=\"twitter:data2\" content=\"2 minutos\" \/>\n<script type=\"application\/ld+json\" class=\"yoast-schema-graph\">{\"@context\":\"https:\/\/schema.org\",\"@graph\":[{\"@type\":\"Article\",\"@id\":\"https:\/\/apuntesdesanluis.com\/index.php\/2023\/09\/22\/un-joven-detenido-fue-imputado-por-tenencia-y-distribucion-de-material-de-abuso-infantil\/#article\",\"isPartOf\":{\"@id\":\"https:\/\/apuntesdesanluis.com\/index.php\/2023\/09\/22\/un-joven-detenido-fue-imputado-por-tenencia-y-distribucion-de-material-de-abuso-infantil\/\"},\"author\":{\"name\":\"apuntesdesanluis.com\",\"@id\":\"https:\/\/apuntesdesanluis.com\/#\/schema\/person\/b55151d52296fcce64d1a72538a70b90\"},\"headline\":\"UN JOVEN DETENIDO FUE IMPUTADO POR TENENCIA Y DISTRIBUCI\u00d3N DE MATERIAL DE ABUSO INFANTIL\",\"datePublished\":\"2023-09-22T23:42:10+00:00\",\"dateModified\":\"2023-09-23T23:44:55+00:00\",\"mainEntityOfPage\":{\"@id\":\"https:\/\/apuntesdesanluis.com\/index.php\/2023\/09\/22\/un-joven-detenido-fue-imputado-por-tenencia-y-distribucion-de-material-de-abuso-infantil\/\"},\"wordCount\":375,\"publisher\":{\"@id\":\"https:\/\/apuntesdesanluis.com\/#\/schema\/person\/b55151d52296fcce64d1a72538a70b90\"},\"image\":{\"@id\":\"https:\/\/apuntesdesanluis.com\/index.php\/2023\/09\/22\/un-joven-detenido-fue-imputado-por-tenencia-y-distribucion-de-material-de-abuso-infantil\/#primaryimage\"},\"thumbnailUrl\":\"https:\/\/apuntesdesanluis.com\/wp-content\/uploads\/2023\/09\/audiencia-6.png\",\"articleSection\":[\"Ciudad\/Provincia\"],\"inLanguage\":\"es-AR\"},{\"@type\":\"WebPage\",\"@id\":\"https:\/\/apuntesdesanluis.com\/index.php\/2023\/09\/22\/un-joven-detenido-fue-imputado-por-tenencia-y-distribucion-de-material-de-abuso-infantil\/\",\"url\":\"https:\/\/apuntesdesanluis.com\/index.php\/2023\/09\/22\/un-joven-detenido-fue-imputado-por-tenencia-y-distribucion-de-material-de-abuso-infantil\/\",\"name\":\"UN JOVEN DETENIDO FUE IMPUTADO POR TENENCIA Y DISTRIBUCI\u00d3N DE MATERIAL DE ABUSO INFANTIL - Apuntes de San Luis\",\"isPartOf\":{\"@id\":\"https:\/\/apuntesdesanluis.com\/#website\"},\"primaryImageOfPage\":{\"@id\":\"https:\/\/apuntesdesanluis.com\/index.php\/2023\/09\/22\/un-joven-detenido-fue-imputado-por-tenencia-y-distribucion-de-material-de-abuso-infantil\/#primaryimage\"},\"image\":{\"@id\":\"https:\/\/apuntesdesanluis.com\/index.php\/2023\/09\/22\/un-joven-detenido-fue-imputado-por-tenencia-y-distribucion-de-material-de-abuso-infantil\/#primaryimage\"},\"thumbnailUrl\":\"https:\/\/apuntesdesanluis.com\/wp-content\/uploads\/2023\/09\/audiencia-6.png\",\"datePublished\":\"2023-09-22T23:42:10+00:00\",\"dateModified\":\"2023-09-23T23:44:55+00:00\",\"breadcrumb\":{\"@id\":\"https:\/\/apuntesdesanluis.com\/index.php\/2023\/09\/22\/un-joven-detenido-fue-imputado-por-tenencia-y-distribucion-de-material-de-abuso-infantil\/#breadcrumb\"},\"inLanguage\":\"es-AR\",\"potentialAction\":[{\"@type\":\"ReadAction\",\"target\":[\"https:\/\/apuntesdesanluis.com\/index.php\/2023\/09\/22\/un-joven-detenido-fue-imputado-por-tenencia-y-distribucion-de-material-de-abuso-infantil\/\"]}]},{\"@type\":\"ImageObject\",\"inLanguage\":\"es-AR\",\"@id\":\"https:\/\/apuntesdesanluis.com\/index.php\/2023\/09\/22\/un-joven-detenido-fue-imputado-por-tenencia-y-distribucion-de-material-de-abuso-infantil\/#primaryimage\",\"url\":\"https:\/\/apuntesdesanluis.com\/wp-content\/uploads\/2023\/09\/audiencia-6.png\",\"contentUrl\":\"https:\/\/apuntesdesanluis.com\/wp-content\/uploads\/2023\/09\/audiencia-6.png\",\"width\":600,\"height\":380},{\"@type\":\"BreadcrumbList\",\"@id\":\"https:\/\/apuntesdesanluis.com\/index.php\/2023\/09\/22\/un-joven-detenido-fue-imputado-por-tenencia-y-distribucion-de-material-de-abuso-infantil\/#breadcrumb\",\"itemListElement\":[{\"@type\":\"ListItem\",\"position\":1,\"name\":\"Inicio\",\"item\":\"https:\/\/apuntesdesanluis.com\/\"},{\"@type\":\"ListItem\",\"position\":2,\"name\":\"UN JOVEN DETENIDO FUE IMPUTADO POR TENENCIA Y DISTRIBUCI\u00d3N DE MATERIAL DE ABUSO INFANTIL\"}]},{\"@type\":\"WebSite\",\"@id\":\"https:\/\/apuntesdesanluis.com\/#website\",\"url\":\"https:\/\/apuntesdesanluis.com\/\",\"name\":\"Apuntes de San Luis\",\"description\":\"\",\"publisher\":{\"@id\":\"https:\/\/apuntesdesanluis.com\/#\/schema\/person\/b55151d52296fcce64d1a72538a70b90\"},\"potentialAction\":[{\"@type\":\"SearchAction\",\"target\":{\"@type\":\"EntryPoint\",\"urlTemplate\":\"https:\/\/apuntesdesanluis.com\/?s={search_term_string}\"},\"query-input\":{\"@type\":\"PropertyValueSpecification\",\"valueRequired\":true,\"valueName\":\"search_term_string\"}}],\"inLanguage\":\"es-AR\"},{\"@type\":[\"Person\",\"Organization\"],\"@id\":\"https:\/\/apuntesdesanluis.com\/#\/schema\/person\/b55151d52296fcce64d1a72538a70b90\",\"name\":\"apuntesdesanluis.com\",\"image\":{\"@type\":\"ImageObject\",\"inLanguage\":\"es-AR\",\"@id\":\"https:\/\/apuntesdesanluis.com\/#\/schema\/person\/image\/\",\"url\":\"https:\/\/apuntesdesanluis.com\/wp-content\/uploads\/2023\/07\/cropped-apuntesdesanluis.png\",\"contentUrl\":\"https:\/\/apuntesdesanluis.com\/wp-content\/uploads\/2023\/07\/cropped-apuntesdesanluis.png\",\"width\":450,\"height\":112,\"caption\":\"apuntesdesanluis.com\"},\"logo\":{\"@id\":\"https:\/\/apuntesdesanluis.com\/#\/schema\/person\/image\/\"},\"sameAs\":[\"https:\/\/apuntesdesanluis.com\"],\"url\":\"https:\/\/apuntesdesanluis.com\/index.php\/author\/apuntesdesanluis-com\/\"}]}<\/script>\n<!-- \/ Yoast SEO plugin. -->","yoast_head_json":{"title":"UN JOVEN DETENIDO FUE IMPUTADO POR TENENCIA Y DISTRIBUCI\u00d3N DE MATERIAL DE ABUSO INFANTIL - Apuntes de San Luis","robots":{"index":"index","follow":"follow","max-snippet":"max-snippet:-1","max-image-preview":"max-image-preview:large","max-video-preview":"max-video-preview:-1"},"canonical":"https:\/\/apuntesdesanluis.com\/index.php\/2023\/09\/22\/un-joven-detenido-fue-imputado-por-tenencia-y-distribucion-de-material-de-abuso-infantil\/","og_locale":"es_ES","og_type":"article","og_title":"UN JOVEN DETENIDO FUE IMPUTADO POR TENENCIA Y DISTRIBUCI\u00d3N DE MATERIAL DE ABUSO INFANTIL - Apuntes de San Luis","og_description":"Permanece alojado en una dependencia policial de Villa Mercedes. El Ministerio P\u00fablico Fiscal interviene a...","og_url":"https:\/\/apuntesdesanluis.com\/index.php\/2023\/09\/22\/un-joven-detenido-fue-imputado-por-tenencia-y-distribucion-de-material-de-abuso-infantil\/","og_site_name":"Apuntes de San Luis","article_published_time":"2023-09-22T23:42:10+00:00","article_modified_time":"2023-09-23T23:44:55+00:00","og_image":[{"width":600,"height":380,"url":"https:\/\/apuntesdesanluis.com\/wp-content\/uploads\/2023\/09\/audiencia-6.png","type":"image\/png"}],"author":"apuntesdesanluis.com","twitter_card":"summary_large_image","twitter_misc":{"Escrito por":"apuntesdesanluis.com","Tiempo de lectura":"2 minutos"},"schema":{"@context":"https:\/\/schema.org","@graph":[{"@type":"Article","@id":"https:\/\/apuntesdesanluis.com\/index.php\/2023\/09\/22\/un-joven-detenido-fue-imputado-por-tenencia-y-distribucion-de-material-de-abuso-infantil\/#article","isPartOf":{"@id":"https:\/\/apuntesdesanluis.com\/index.php\/2023\/09\/22\/un-joven-detenido-fue-imputado-por-tenencia-y-distribucion-de-material-de-abuso-infantil\/"},"author":{"name":"apuntesdesanluis.com","@id":"https:\/\/apuntesdesanluis.com\/#\/schema\/person\/b55151d52296fcce64d1a72538a70b90"},"headline":"UN JOVEN DETENIDO FUE IMPUTADO POR TENENCIA Y DISTRIBUCI\u00d3N DE MATERIAL DE ABUSO INFANTIL","datePublished":"2023-09-22T23:42:10+00:00","dateModified":"2023-09-23T23:44:55+00:00","mainEntityOfPage":{"@id":"https:\/\/apuntesdesanluis.com\/index.php\/2023\/09\/22\/un-joven-detenido-fue-imputado-por-tenencia-y-distribucion-de-material-de-abuso-infantil\/"},"wordCount":375,"publisher":{"@id":"https:\/\/apuntesdesanluis.com\/#\/schema\/person\/b55151d52296fcce64d1a72538a70b90"},"image":{"@id":"https:\/\/apuntesdesanluis.com\/index.php\/2023\/09\/22\/un-joven-detenido-fue-imputado-por-tenencia-y-distribucion-de-material-de-abuso-infantil\/#primaryimage"},"thumbnailUrl":"https:\/\/apuntesdesanluis.com\/wp-content\/uploads\/2023\/09\/audiencia-6.png","articleSection":["Ciudad\/Provincia"],"inLanguage":"es-AR"},{"@type":"WebPage","@id":"https:\/\/apuntesdesanluis.com\/index.php\/2023\/09\/22\/un-joven-detenido-fue-imputado-por-tenencia-y-distribucion-de-material-de-abuso-infantil\/","url":"https:\/\/apuntesdesanluis.com\/index.php\/2023\/09\/22\/un-joven-detenido-fue-imputado-por-tenencia-y-distribucion-de-material-de-abuso-infantil\/","name":"UN JOVEN DETENIDO FUE IMPUTADO POR TENENCIA Y DISTRIBUCI\u00d3N DE MATERIAL DE ABUSO INFANTIL - Apuntes de San Luis","isPartOf":{"@id":"https:\/\/apuntesdesanluis.com\/#website"},"primaryImageOfPage":{"@id":"https:\/\/apuntesdesanluis.com\/index.php\/2023\/09\/22\/un-joven-detenido-fue-imputado-por-tenencia-y-distribucion-de-material-de-abuso-infantil\/#primaryimage"},"image":{"@id":"https:\/\/apuntesdesanluis.com\/index.php\/2023\/09\/22\/un-joven-detenido-fue-imputado-por-tenencia-y-distribucion-de-material-de-abuso-infantil\/#primaryimage"},"thumbnailUrl":"https:\/\/apuntesdesanluis.com\/wp-content\/uploads\/2023\/09\/audiencia-6.png","datePublished":"2023-09-22T23:42:10+00:00","dateModified":"2023-09-23T23:44:55+00:00","breadcrumb":{"@id":"https:\/\/apuntesdesanluis.com\/index.php\/2023\/09\/22\/un-joven-detenido-fue-imputado-por-tenencia-y-distribucion-de-material-de-abuso-infantil\/#breadcrumb"},"inLanguage":"es-AR","potentialAction":[{"@type":"ReadAction","target":["https:\/\/apuntesdesanluis.com\/index.php\/2023\/09\/22\/un-joven-detenido-fue-imputado-por-tenencia-y-distribucion-de-material-de-abuso-infantil\/"]}]},{"@type":"ImageObject","inLanguage":"es-AR","@id":"https:\/\/apuntesdesanluis.com\/index.php\/2023\/09\/22\/un-joven-detenido-fue-imputado-por-tenencia-y-distribucion-de-material-de-abuso-infantil\/#primaryimage","url":"https:\/\/apuntesdesanluis.com\/wp-content\/uploads\/2023\/09\/audiencia-6.png","contentUrl":"https:\/\/apuntesdesanluis.com\/wp-content\/uploads\/2023\/09\/audiencia-6.png","width":600,"height":380},{"@type":"BreadcrumbList","@id":"https:\/\/apuntesdesanluis.com\/index.php\/2023\/09\/22\/un-joven-detenido-fue-imputado-por-tenencia-y-distribucion-de-material-de-abuso-infantil\/#breadcrumb","itemListElement":[{"@type":"ListItem","position":1,"name":"Inicio","item":"https:\/\/apuntesdesanluis.com\/"},{"@type":"ListItem","position":2,"name":"UN JOVEN DETENIDO FUE IMPUTADO POR TENENCIA Y DISTRIBUCI\u00d3N DE MATERIAL DE ABUSO INFANTIL"}]},{"@type":"WebSite","@id":"https:\/\/apuntesdesanluis.com\/#website","url":"https:\/\/apuntesdesanluis.com\/","name":"Apuntes de San Luis","description":"","publisher":{"@id":"https:\/\/apuntesdesanluis.com\/#\/schema\/person\/b55151d52296fcce64d1a72538a70b90"},"potentialAction":[{"@type":"SearchAction","target":{"@type":"EntryPoint","urlTemplate":"https:\/\/apuntesdesanluis.com\/?s={search_term_string}"},"query-input":{"@type":"PropertyValueSpecification","valueRequired":true,"valueName":"search_term_string"}}],"inLanguage":"es-AR"},{"@type":["Person","Organization"],"@id":"https:\/\/apuntesdesanluis.com\/#\/schema\/person\/b55151d52296fcce64d1a72538a70b90","name":"apuntesdesanluis.com","image":{"@type":"ImageObject","inLanguage":"es-AR","@id":"https:\/\/apuntesdesanluis.com\/#\/schema\/person\/image\/","url":"https:\/\/apuntesdesanluis.com\/wp-content\/uploads\/2023\/07\/cropped-apuntesdesanluis.png","contentUrl":"https:\/\/apuntesdesanluis.com\/wp-content\/uploads\/2023\/07\/cropped-apuntesdesanluis.png","width":450,"height":112,"caption":"apuntesdesanluis.com"},"logo":{"@id":"https:\/\/apuntesdesanluis.com\/#\/schema\/person\/image\/"},"sameAs":["https:\/\/apuntesdesanluis.com"],"url":"https:\/\/apuntesdesanluis.com\/index.php\/author\/apuntesdesanluis-com\/"}]}},"featured_image_urls":{"full":["https:\/\/apuntesdesanluis.com\/wp-content\/uploads\/2023\/09\/audiencia-6.png",600,380,false],"thumbnail":["https:\/\/apuntesdesanluis.com\/wp-content\/uploads\/2023\/09\/audiencia-6-150x150.png",150,150,true],"medium":["https:\/\/apuntesdesanluis.com\/wp-content\/uploads\/2023\/09\/audiencia-6-300x190.png",300,190,true],"medium_large":["https:\/\/apuntesdesanluis.com\/wp-content\/uploads\/2023\/09\/audiencia-6.png",600,380,false],"large":["https:\/\/apuntesdesanluis.com\/wp-content\/uploads\/2023\/09\/audiencia-6.png",600,380,false],"1536x1536":["https:\/\/apuntesdesanluis.com\/wp-content\/uploads\/2023\/09\/audiencia-6.png",600,380,false],"2048x2048":["https:\/\/apuntesdesanluis.com\/wp-content\/uploads\/2023\/09\/audiencia-6.png",600,380,false],"newsever-slider-full":["https:\/\/apuntesdesanluis.com\/wp-content\/uploads\/2023\/09\/audiencia-6.png",600,380,false],"newsever-featured":["https:\/\/apuntesdesanluis.com\/wp-content\/uploads\/2023\/09\/audiencia-6.png",600,380,false],"newsever-medium":["https:\/\/apuntesdesanluis.com\/wp-content\/uploads\/2023\/09\/audiencia-6.png",600,380,false]},"author_info":{"display_name":"apuntesdesanluis.com","author_link":"https:\/\/apuntesdesanluis.com\/index.php\/author\/apuntesdesanluis-com\/"},"category_info":"<a href=\"https:\/\/apuntesdesanluis.com\/index.php\/category\/ciudad-provincia\/\" rel=\"category tag\">Ciudad\/Provincia<\/a>","tag_info":"Ciudad\/Provincia","comment_count":"0","_links":{"self":[{"href":"https:\/\/apuntesdesanluis.com\/index.php\/wp-json\/wp\/v2\/posts\/3892","targetHints":{"allow":["GET"]}}],"collection":[{"href":"https:\/\/apuntesdesanluis.com\/index.php\/wp-json\/wp\/v2\/posts"}],"about":[{"href":"https:\/\/apuntesdesanluis.com\/index.php\/wp-json\/wp\/v2\/types\/post"}],"author":[{"embeddable":true,"href":"https:\/\/apuntesdesanluis.com\/index.php\/wp-json\/wp\/v2\/users\/1"}],"replies":[{"embeddable":true,"href":"https:\/\/apuntesdesanluis.com\/index.php\/wp-json\/wp\/v2\/comments?post=3892"}],"version-history":[{"count":2,"href":"https:\/\/apuntesdesanluis.com\/index.php\/wp-json\/wp\/v2\/posts\/3892\/revisions"}],"predecessor-version":[{"id":3895,"href":"https:\/\/apuntesdesanluis.com\/index.php\/wp-json\/wp\/v2\/posts\/3892\/revisions\/3895"}],"wp:featuredmedia":[{"embeddable":true,"href":"https:\/\/apuntesdesanluis.com\/index.php\/wp-json\/wp\/v2\/media\/3893"}],"wp:attachment":[{"href":"https:\/\/apuntesdesanluis.com\/index.php\/wp-json\/wp\/v2\/media?parent=3892"}],"wp:term":[{"taxonomy":"category","embeddable":true,"href":"https:\/\/apuntesdesanluis.com\/index.php\/wp-json\/wp\/v2\/categories?post=3892"},{"taxonomy":"post_tag","embeddable":true,"href":"https:\/\/apuntesdesanluis.com\/index.php\/wp-json\/wp\/v2\/tags?post=3892"}],"curies":[{"name":"wp","href":"https:\/\/api.w.org\/{rel}","templated":true}]}}