{"id":3902,"date":"2023-09-22T21:17:31","date_gmt":"2023-09-23T00:17:31","guid":{"rendered":"https:\/\/apuntesdesanluis.com\/?p=3902"},"modified":"2023-09-23T21:21:38","modified_gmt":"2023-09-24T00:21:38","slug":"el-concejo-deliberante-distinguio-el-ii-encuentro-provincial-de-turismo","status":"publish","type":"post","link":"https:\/\/apuntesdesanluis.com\/index.php\/2023\/09\/22\/el-concejo-deliberante-distinguio-el-ii-encuentro-provincial-de-turismo\/","title":{"rendered":"EL CONCEJO DELIBERANTE DISTINGUI\u00d3 EL II ENCUENTRO PROVINCIAL DE TURISMO"},"content":{"rendered":"<h3>En el marco del D\u00eda Internacional del Turismo que se conmemora cada 27 de septiembre, el pasado viernes 22 de septiembre se llev\u00f3 a cabo el II Encuentro Provincial de Turismo, evento desarrollado en el auditorio de la Casa de la Cultura.<\/h3>\n<h3>La capacitaci\u00f3n cont\u00f3 con la participaci\u00f3n de la Presidenta\u00a0 y Vice Presidenta Provisional del Honorable Concejo deliberante Prof. Lucia Lacerda Traversi y Lucrecia Soria, como as\u00ed tambi\u00e9n la Secretaria de Deportes, Cultura y Turismo Municipal Prof. Claudia Miranda y dem\u00e1s funcionarios y personalidades.<\/h3>\n<h3>El motivo\u00a0 de este nuevo encuentro\u00a0 tuvo por objetivo principal fomentar el conocimiento y contribuir\u00a0 a consolidar el Turismo en Villa Mercedes y de la provincia de San Luis.<\/h3>\n<h3>Vale destacar que cada pueblo y cada lugar poseen una atracci\u00f3n y una cultura \u00fanica, donde se busca experimentar formas de vida distintas, descubrir\u00a0 nuevas gastronom\u00edas y costumbres\u00a0 logrando\u00a0 que esos lugares tur\u00edsticos se conviertan en generadores de\u00a0 visitantes\u00a0\u00a0 y en consecuencia sea una fuente importante de ingresos de divisas y de empleo.<\/h3>\n<h3>La mencionada actividad consisti\u00f3 en la disertaci\u00f3n por parte de profesionales destacados de la actividad tur\u00edstica de nuestra provincia como Laura Hern\u00e1ndez, Silvia Lencina, Mar\u00eda ang\u00e9lica Izaguirre, Valeria Vieyra, Marita Cuello, Valeria Velazco, Silvia Poblete, Jorge G\u00f3mez, \u00c1lvaro Funes, Gustavo Prieto y Guillermo Lucero.<\/h3>\n<h3>La tem\u00e1tica tratada en esta oportunidad fueron Marketing de destinos tur\u00edsticos, el dise\u00f1o y desarrollo de Turismo Sostenible, la implementaci\u00f3n de Calidad en Servicios Tur\u00edsticos, la Hoteler\u00eda y Gastronom\u00eda sustentable<\/h3>\n<h3><img fetchpriority=\"high\" decoding=\"async\" class=\"wp-image-3905 aligncenter\" src=\"https:\/\/apuntesdesanluis.com\/wp-content\/uploads\/2023\/09\/dos-del-hcd-222x300.png\" alt=\"\" width=\"679\" height=\"918\" srcset=\"https:\/\/apuntesdesanluis.com\/wp-content\/uploads\/2023\/09\/dos-del-hcd-222x300.png 222w, https:\/\/apuntesdesanluis.com\/wp-content\/uploads\/2023\/09\/dos-del-hcd.png 600w\" sizes=\"(max-width: 679px) 100vw, 679px\" \/><\/h3>\n<h3>Las representantes del \u00f3rgano legislativo hicieron entrega\u00a0 tanto a Silvia Poblete, en car\u00e1cter de organizadora\u00a0 como\u00a0 tambi\u00e9n\u00a0 a cada disertante, de un diploma y la Resoluci\u00f3n N\u00b0 9936-r\/2023 donde se Reconoce y Distingue, declar\u00e1ndose de Inter\u00e9s Legislativo, Social y Cultural la realizaci\u00f3n del II Encuentro Provincial De Turismo &#8220;Pensando\u00a0 y Dise\u00f1ando un turismo Inteligente\u00a0 y Responsable&#8221;.<\/h3>\n","protected":false},"excerpt":{"rendered":"<p>En el marco del D\u00eda Internacional del Turismo que se conmemora cada 27 de septiembre,&#8230;<\/p>\n","protected":false},"author":1,"featured_media":3906,"comment_status":"closed","ping_status":"closed","sticky":false,"template":"","format":"standard","meta":{"footnotes":""},"categories":[6],"tags":[],"class_list":["post-3902","post","type-post","status-publish","format-standard","has-post-thumbnail","hentry","category-ciudad-provincia"],"yoast_head":"<!-- This site is optimized with the Yoast SEO plugin v26.1.1 - https:\/\/yoast.com\/wordpress\/plugins\/seo\/ -->\n<title>EL CONCEJO DELIBERANTE DISTINGUI\u00d3 EL II ENCUENTRO PROVINCIAL DE TURISMO - Apuntes de San Luis<\/title>\n<meta name=\"robots\" content=\"index, follow, max-snippet:-1, max-image-preview:large, max-video-preview:-1\" \/>\n<link rel=\"canonical\" href=\"https:\/\/apuntesdesanluis.com\/index.php\/2023\/09\/22\/el-concejo-deliberante-distinguio-el-ii-encuentro-provincial-de-turismo\/\" \/>\n<meta property=\"og:locale\" content=\"es_ES\" \/>\n<meta property=\"og:type\" content=\"article\" \/>\n<meta property=\"og:title\" content=\"EL CONCEJO DELIBERANTE DISTINGUI\u00d3 EL II ENCUENTRO PROVINCIAL DE TURISMO - Apuntes de San Luis\" \/>\n<meta property=\"og:description\" content=\"En el marco del D\u00eda Internacional del Turismo que se conmemora cada 27 de septiembre,...\" \/>\n<meta property=\"og:url\" content=\"https:\/\/apuntesdesanluis.com\/index.php\/2023\/09\/22\/el-concejo-deliberante-distinguio-el-ii-encuentro-provincial-de-turismo\/\" \/>\n<meta property=\"og:site_name\" content=\"Apuntes de San Luis\" \/>\n<meta property=\"article:published_time\" content=\"2023-09-23T00:17:31+00:00\" \/>\n<meta property=\"article:modified_time\" content=\"2023-09-24T00:21:38+00:00\" \/>\n<meta property=\"og:image\" content=\"https:\/\/apuntesdesanluis.com\/wp-content\/uploads\/2023\/09\/grupal.jpg\" \/>\n\t<meta property=\"og:image:width\" content=\"1558\" \/>\n\t<meta property=\"og:image:height\" content=\"980\" \/>\n\t<meta property=\"og:image:type\" content=\"image\/jpeg\" \/>\n<meta name=\"author\" content=\"apuntesdesanluis.com\" \/>\n<meta name=\"twitter:card\" content=\"summary_large_image\" \/>\n<meta name=\"twitter:label1\" content=\"Escrito por\" \/>\n\t<meta name=\"twitter:data1\" content=\"apuntesdesanluis.com\" \/>\n\t<meta name=\"twitter:label2\" content=\"Tiempo de lectura\" \/>\n\t<meta name=\"twitter:data2\" content=\"2 minutos\" \/>\n<script type=\"application\/ld+json\" class=\"yoast-schema-graph\">{\"@context\":\"https:\/\/schema.org\",\"@graph\":[{\"@type\":\"Article\",\"@id\":\"https:\/\/apuntesdesanluis.com\/index.php\/2023\/09\/22\/el-concejo-deliberante-distinguio-el-ii-encuentro-provincial-de-turismo\/#article\",\"isPartOf\":{\"@id\":\"https:\/\/apuntesdesanluis.com\/index.php\/2023\/09\/22\/el-concejo-deliberante-distinguio-el-ii-encuentro-provincial-de-turismo\/\"},\"author\":{\"name\":\"apuntesdesanluis.com\",\"@id\":\"https:\/\/apuntesdesanluis.com\/#\/schema\/person\/b55151d52296fcce64d1a72538a70b90\"},\"headline\":\"EL CONCEJO DELIBERANTE DISTINGUI\u00d3 EL II ENCUENTRO PROVINCIAL DE TURISMO\",\"datePublished\":\"2023-09-23T00:17:31+00:00\",\"dateModified\":\"2023-09-24T00:21:38+00:00\",\"mainEntityOfPage\":{\"@id\":\"https:\/\/apuntesdesanluis.com\/index.php\/2023\/09\/22\/el-concejo-deliberante-distinguio-el-ii-encuentro-provincial-de-turismo\/\"},\"wordCount\":333,\"publisher\":{\"@id\":\"https:\/\/apuntesdesanluis.com\/#\/schema\/person\/b55151d52296fcce64d1a72538a70b90\"},\"image\":{\"@id\":\"https:\/\/apuntesdesanluis.com\/index.php\/2023\/09\/22\/el-concejo-deliberante-distinguio-el-ii-encuentro-provincial-de-turismo\/#primaryimage\"},\"thumbnailUrl\":\"https:\/\/apuntesdesanluis.com\/wp-content\/uploads\/2023\/09\/grupal.jpg\",\"articleSection\":[\"Ciudad\/Provincia\"],\"inLanguage\":\"es-AR\"},{\"@type\":\"WebPage\",\"@id\":\"https:\/\/apuntesdesanluis.com\/index.php\/2023\/09\/22\/el-concejo-deliberante-distinguio-el-ii-encuentro-provincial-de-turismo\/\",\"url\":\"https:\/\/apuntesdesanluis.com\/index.php\/2023\/09\/22\/el-concejo-deliberante-distinguio-el-ii-encuentro-provincial-de-turismo\/\",\"name\":\"EL CONCEJO DELIBERANTE DISTINGUI\u00d3 EL II ENCUENTRO PROVINCIAL DE TURISMO - Apuntes de San Luis\",\"isPartOf\":{\"@id\":\"https:\/\/apuntesdesanluis.com\/#website\"},\"primaryImageOfPage\":{\"@id\":\"https:\/\/apuntesdesanluis.com\/index.php\/2023\/09\/22\/el-concejo-deliberante-distinguio-el-ii-encuentro-provincial-de-turismo\/#primaryimage\"},\"image\":{\"@id\":\"https:\/\/apuntesdesanluis.com\/index.php\/2023\/09\/22\/el-concejo-deliberante-distinguio-el-ii-encuentro-provincial-de-turismo\/#primaryimage\"},\"thumbnailUrl\":\"https:\/\/apuntesdesanluis.com\/wp-content\/uploads\/2023\/09\/grupal.jpg\",\"datePublished\":\"2023-09-23T00:17:31+00:00\",\"dateModified\":\"2023-09-24T00:21:38+00:00\",\"breadcrumb\":{\"@id\":\"https:\/\/apuntesdesanluis.com\/index.php\/2023\/09\/22\/el-concejo-deliberante-distinguio-el-ii-encuentro-provincial-de-turismo\/#breadcrumb\"},\"inLanguage\":\"es-AR\",\"potentialAction\":[{\"@type\":\"ReadAction\",\"target\":[\"https:\/\/apuntesdesanluis.com\/index.php\/2023\/09\/22\/el-concejo-deliberante-distinguio-el-ii-encuentro-provincial-de-turismo\/\"]}]},{\"@type\":\"ImageObject\",\"inLanguage\":\"es-AR\",\"@id\":\"https:\/\/apuntesdesanluis.com\/index.php\/2023\/09\/22\/el-concejo-deliberante-distinguio-el-ii-encuentro-provincial-de-turismo\/#primaryimage\",\"url\":\"https:\/\/apuntesdesanluis.com\/wp-content\/uploads\/2023\/09\/grupal.jpg\",\"contentUrl\":\"https:\/\/apuntesdesanluis.com\/wp-content\/uploads\/2023\/09\/grupal.jpg\",\"width\":1558,\"height\":980},{\"@type\":\"BreadcrumbList\",\"@id\":\"https:\/\/apuntesdesanluis.com\/index.php\/2023\/09\/22\/el-concejo-deliberante-distinguio-el-ii-encuentro-provincial-de-turismo\/#breadcrumb\",\"itemListElement\":[{\"@type\":\"ListItem\",\"position\":1,\"name\":\"Inicio\",\"item\":\"https:\/\/apuntesdesanluis.com\/\"},{\"@type\":\"ListItem\",\"position\":2,\"name\":\"EL CONCEJO DELIBERANTE DISTINGUI\u00d3 EL II ENCUENTRO PROVINCIAL DE TURISMO\"}]},{\"@type\":\"WebSite\",\"@id\":\"https:\/\/apuntesdesanluis.com\/#website\",\"url\":\"https:\/\/apuntesdesanluis.com\/\",\"name\":\"Apuntes de San Luis\",\"description\":\"\",\"publisher\":{\"@id\":\"https:\/\/apuntesdesanluis.com\/#\/schema\/person\/b55151d52296fcce64d1a72538a70b90\"},\"potentialAction\":[{\"@type\":\"SearchAction\",\"target\":{\"@type\":\"EntryPoint\",\"urlTemplate\":\"https:\/\/apuntesdesanluis.com\/?s={search_term_string}\"},\"query-input\":{\"@type\":\"PropertyValueSpecification\",\"valueRequired\":true,\"valueName\":\"search_term_string\"}}],\"inLanguage\":\"es-AR\"},{\"@type\":[\"Person\",\"Organization\"],\"@id\":\"https:\/\/apuntesdesanluis.com\/#\/schema\/person\/b55151d52296fcce64d1a72538a70b90\",\"name\":\"apuntesdesanluis.com\",\"image\":{\"@type\":\"ImageObject\",\"inLanguage\":\"es-AR\",\"@id\":\"https:\/\/apuntesdesanluis.com\/#\/schema\/person\/image\/\",\"url\":\"https:\/\/apuntesdesanluis.com\/wp-content\/uploads\/2023\/07\/cropped-apuntesdesanluis.png\",\"contentUrl\":\"https:\/\/apuntesdesanluis.com\/wp-content\/uploads\/2023\/07\/cropped-apuntesdesanluis.png\",\"width\":450,\"height\":112,\"caption\":\"apuntesdesanluis.com\"},\"logo\":{\"@id\":\"https:\/\/apuntesdesanluis.com\/#\/schema\/person\/image\/\"},\"sameAs\":[\"https:\/\/apuntesdesanluis.com\"],\"url\":\"https:\/\/apuntesdesanluis.com\/index.php\/author\/apuntesdesanluis-com\/\"}]}<\/script>\n<!-- \/ Yoast SEO plugin. -->","yoast_head_json":{"title":"EL CONCEJO DELIBERANTE DISTINGUI\u00d3 EL II ENCUENTRO PROVINCIAL DE TURISMO - Apuntes de San Luis","robots":{"index":"index","follow":"follow","max-snippet":"max-snippet:-1","max-image-preview":"max-image-preview:large","max-video-preview":"max-video-preview:-1"},"canonical":"https:\/\/apuntesdesanluis.com\/index.php\/2023\/09\/22\/el-concejo-deliberante-distinguio-el-ii-encuentro-provincial-de-turismo\/","og_locale":"es_ES","og_type":"article","og_title":"EL CONCEJO DELIBERANTE DISTINGUI\u00d3 EL II ENCUENTRO PROVINCIAL DE TURISMO - Apuntes de San Luis","og_description":"En el marco del D\u00eda Internacional del Turismo que se conmemora cada 27 de septiembre,...","og_url":"https:\/\/apuntesdesanluis.com\/index.php\/2023\/09\/22\/el-concejo-deliberante-distinguio-el-ii-encuentro-provincial-de-turismo\/","og_site_name":"Apuntes de San Luis","article_published_time":"2023-09-23T00:17:31+00:00","article_modified_time":"2023-09-24T00:21:38+00:00","og_image":[{"width":1558,"height":980,"url":"https:\/\/apuntesdesanluis.com\/wp-content\/uploads\/2023\/09\/grupal.jpg","type":"image\/jpeg"}],"author":"apuntesdesanluis.com","twitter_card":"summary_large_image","twitter_misc":{"Escrito por":"apuntesdesanluis.com","Tiempo de lectura":"2 minutos"},"schema":{"@context":"https:\/\/schema.org","@graph":[{"@type":"Article","@id":"https:\/\/apuntesdesanluis.com\/index.php\/2023\/09\/22\/el-concejo-deliberante-distinguio-el-ii-encuentro-provincial-de-turismo\/#article","isPartOf":{"@id":"https:\/\/apuntesdesanluis.com\/index.php\/2023\/09\/22\/el-concejo-deliberante-distinguio-el-ii-encuentro-provincial-de-turismo\/"},"author":{"name":"apuntesdesanluis.com","@id":"https:\/\/apuntesdesanluis.com\/#\/schema\/person\/b55151d52296fcce64d1a72538a70b90"},"headline":"EL CONCEJO DELIBERANTE DISTINGUI\u00d3 EL II ENCUENTRO PROVINCIAL DE TURISMO","datePublished":"2023-09-23T00:17:31+00:00","dateModified":"2023-09-24T00:21:38+00:00","mainEntityOfPage":{"@id":"https:\/\/apuntesdesanluis.com\/index.php\/2023\/09\/22\/el-concejo-deliberante-distinguio-el-ii-encuentro-provincial-de-turismo\/"},"wordCount":333,"publisher":{"@id":"https:\/\/apuntesdesanluis.com\/#\/schema\/person\/b55151d52296fcce64d1a72538a70b90"},"image":{"@id":"https:\/\/apuntesdesanluis.com\/index.php\/2023\/09\/22\/el-concejo-deliberante-distinguio-el-ii-encuentro-provincial-de-turismo\/#primaryimage"},"thumbnailUrl":"https:\/\/apuntesdesanluis.com\/wp-content\/uploads\/2023\/09\/grupal.jpg","articleSection":["Ciudad\/Provincia"],"inLanguage":"es-AR"},{"@type":"WebPage","@id":"https:\/\/apuntesdesanluis.com\/index.php\/2023\/09\/22\/el-concejo-deliberante-distinguio-el-ii-encuentro-provincial-de-turismo\/","url":"https:\/\/apuntesdesanluis.com\/index.php\/2023\/09\/22\/el-concejo-deliberante-distinguio-el-ii-encuentro-provincial-de-turismo\/","name":"EL CONCEJO DELIBERANTE DISTINGUI\u00d3 EL II ENCUENTRO PROVINCIAL DE TURISMO - Apuntes de San Luis","isPartOf":{"@id":"https:\/\/apuntesdesanluis.com\/#website"},"primaryImageOfPage":{"@id":"https:\/\/apuntesdesanluis.com\/index.php\/2023\/09\/22\/el-concejo-deliberante-distinguio-el-ii-encuentro-provincial-de-turismo\/#primaryimage"},"image":{"@id":"https:\/\/apuntesdesanluis.com\/index.php\/2023\/09\/22\/el-concejo-deliberante-distinguio-el-ii-encuentro-provincial-de-turismo\/#primaryimage"},"thumbnailUrl":"https:\/\/apuntesdesanluis.com\/wp-content\/uploads\/2023\/09\/grupal.jpg","datePublished":"2023-09-23T00:17:31+00:00","dateModified":"2023-09-24T00:21:38+00:00","breadcrumb":{"@id":"https:\/\/apuntesdesanluis.com\/index.php\/2023\/09\/22\/el-concejo-deliberante-distinguio-el-ii-encuentro-provincial-de-turismo\/#breadcrumb"},"inLanguage":"es-AR","potentialAction":[{"@type":"ReadAction","target":["https:\/\/apuntesdesanluis.com\/index.php\/2023\/09\/22\/el-concejo-deliberante-distinguio-el-ii-encuentro-provincial-de-turismo\/"]}]},{"@type":"ImageObject","inLanguage":"es-AR","@id":"https:\/\/apuntesdesanluis.com\/index.php\/2023\/09\/22\/el-concejo-deliberante-distinguio-el-ii-encuentro-provincial-de-turismo\/#primaryimage","url":"https:\/\/apuntesdesanluis.com\/wp-content\/uploads\/2023\/09\/grupal.jpg","contentUrl":"https:\/\/apuntesdesanluis.com\/wp-content\/uploads\/2023\/09\/grupal.jpg","width":1558,"height":980},{"@type":"BreadcrumbList","@id":"https:\/\/apuntesdesanluis.com\/index.php\/2023\/09\/22\/el-concejo-deliberante-distinguio-el-ii-encuentro-provincial-de-turismo\/#breadcrumb","itemListElement":[{"@type":"ListItem","position":1,"name":"Inicio","item":"https:\/\/apuntesdesanluis.com\/"},{"@type":"ListItem","position":2,"name":"EL CONCEJO DELIBERANTE DISTINGUI\u00d3 EL II ENCUENTRO PROVINCIAL DE TURISMO"}]},{"@type":"WebSite","@id":"https:\/\/apuntesdesanluis.com\/#website","url":"https:\/\/apuntesdesanluis.com\/","name":"Apuntes de San Luis","description":"","publisher":{"@id":"https:\/\/apuntesdesanluis.com\/#\/schema\/person\/b55151d52296fcce64d1a72538a70b90"},"potentialAction":[{"@type":"SearchAction","target":{"@type":"EntryPoint","urlTemplate":"https:\/\/apuntesdesanluis.com\/?s={search_term_string}"},"query-input":{"@type":"PropertyValueSpecification","valueRequired":true,"valueName":"search_term_string"}}],"inLanguage":"es-AR"},{"@type":["Person","Organization"],"@id":"https:\/\/apuntesdesanluis.com\/#\/schema\/person\/b55151d52296fcce64d1a72538a70b90","name":"apuntesdesanluis.com","image":{"@type":"ImageObject","inLanguage":"es-AR","@id":"https:\/\/apuntesdesanluis.com\/#\/schema\/person\/image\/","url":"https:\/\/apuntesdesanluis.com\/wp-content\/uploads\/2023\/07\/cropped-apuntesdesanluis.png","contentUrl":"https:\/\/apuntesdesanluis.com\/wp-content\/uploads\/2023\/07\/cropped-apuntesdesanluis.png","width":450,"height":112,"caption":"apuntesdesanluis.com"},"logo":{"@id":"https:\/\/apuntesdesanluis.com\/#\/schema\/person\/image\/"},"sameAs":["https:\/\/apuntesdesanluis.com"],"url":"https:\/\/apuntesdesanluis.com\/index.php\/author\/apuntesdesanluis-com\/"}]}},"featured_image_urls":{"full":["https:\/\/apuntesdesanluis.com\/wp-content\/uploads\/2023\/09\/grupal.jpg",1558,980,false],"thumbnail":["https:\/\/apuntesdesanluis.com\/wp-content\/uploads\/2023\/09\/grupal-150x150.jpg",150,150,true],"medium":["https:\/\/apuntesdesanluis.com\/wp-content\/uploads\/2023\/09\/grupal-300x189.jpg",300,189,true],"medium_large":["https:\/\/apuntesdesanluis.com\/wp-content\/uploads\/2023\/09\/grupal-768x483.jpg",640,403,true],"large":["https:\/\/apuntesdesanluis.com\/wp-content\/uploads\/2023\/09\/grupal-1024x644.jpg",640,403,true],"1536x1536":["https:\/\/apuntesdesanluis.com\/wp-content\/uploads\/2023\/09\/grupal-1536x966.jpg",1536,966,true],"2048x2048":["https:\/\/apuntesdesanluis.com\/wp-content\/uploads\/2023\/09\/grupal.jpg",1558,980,false],"newsever-slider-full":["https:\/\/apuntesdesanluis.com\/wp-content\/uploads\/2023\/09\/grupal-1280x845.jpg",1280,845,true],"newsever-featured":["https:\/\/apuntesdesanluis.com\/wp-content\/uploads\/2023\/09\/grupal-1024x644.jpg",1024,644,true],"newsever-medium":["https:\/\/apuntesdesanluis.com\/wp-content\/uploads\/2023\/09\/grupal-720x475.jpg",720,475,true]},"author_info":{"display_name":"apuntesdesanluis.com","author_link":"https:\/\/apuntesdesanluis.com\/index.php\/author\/apuntesdesanluis-com\/"},"category_info":"<a href=\"https:\/\/apuntesdesanluis.com\/index.php\/category\/ciudad-provincia\/\" rel=\"category tag\">Ciudad\/Provincia<\/a>","tag_info":"Ciudad\/Provincia","comment_count":"0","_links":{"self":[{"href":"https:\/\/apuntesdesanluis.com\/index.php\/wp-json\/wp\/v2\/posts\/3902","targetHints":{"allow":["GET"]}}],"collection":[{"href":"https:\/\/apuntesdesanluis.com\/index.php\/wp-json\/wp\/v2\/posts"}],"about":[{"href":"https:\/\/apuntesdesanluis.com\/index.php\/wp-json\/wp\/v2\/types\/post"}],"author":[{"embeddable":true,"href":"https:\/\/apuntesdesanluis.com\/index.php\/wp-json\/wp\/v2\/users\/1"}],"replies":[{"embeddable":true,"href":"https:\/\/apuntesdesanluis.com\/index.php\/wp-json\/wp\/v2\/comments?post=3902"}],"version-history":[{"count":4,"href":"https:\/\/apuntesdesanluis.com\/index.php\/wp-json\/wp\/v2\/posts\/3902\/revisions"}],"predecessor-version":[{"id":3909,"href":"https:\/\/apuntesdesanluis.com\/index.php\/wp-json\/wp\/v2\/posts\/3902\/revisions\/3909"}],"wp:featuredmedia":[{"embeddable":true,"href":"https:\/\/apuntesdesanluis.com\/index.php\/wp-json\/wp\/v2\/media\/3906"}],"wp:attachment":[{"href":"https:\/\/apuntesdesanluis.com\/index.php\/wp-json\/wp\/v2\/media?parent=3902"}],"wp:term":[{"taxonomy":"category","embeddable":true,"href":"https:\/\/apuntesdesanluis.com\/index.php\/wp-json\/wp\/v2\/categories?post=3902"},{"taxonomy":"post_tag","embeddable":true,"href":"https:\/\/apuntesdesanluis.com\/index.php\/wp-json\/wp\/v2\/tags?post=3902"}],"curies":[{"name":"wp","href":"https:\/\/api.w.org\/{rel}","templated":true}]}}