{"id":3951,"date":"2023-09-24T21:19:37","date_gmt":"2023-09-25T00:19:37","guid":{"rendered":"https:\/\/apuntesdesanluis.com\/?p=3951"},"modified":"2023-09-24T21:21:10","modified_gmt":"2023-09-25T00:21:10","slug":"los-docentes-autoconvocados-vuelven-a-las-calles-en-santa-rosa-y-san-luis","status":"publish","type":"post","link":"https:\/\/apuntesdesanluis.com\/index.php\/2023\/09\/24\/los-docentes-autoconvocados-vuelven-a-las-calles-en-santa-rosa-y-san-luis\/","title":{"rendered":"LOS DOCENTES AUTOCONVOCADOS VUELVEN A LAS CALLES EN SANTA ROSA Y SAN LUIS"},"content":{"rendered":"<h3>El grupo de Docentes Autoconvocados que vienen reclamando al gobierno provincial que se les regularice la liquidaci\u00f3n de sus haberes, entre otros pedidos, retomar\u00e1n la lucha este lunes 25, con sendas movilizaciones en la ciudad Capital y en la localidad de Santa Rosa del Conlara.<\/h3>\n<h3>En los \u00faltimos d\u00edas, tambi\u00e9n han hecho circular para la firma un petitorio que elevar\u00e1n a las autoridades provinciales, en el que solicitan un aumento de los haberes por escalaf\u00f3n, incorporar los \u00edtems no remunerativos en el haber b\u00e1sico, que los aumentos sean calculados sobre el haber del \u00faltimo mes y el pago del doble cargo.<\/h3>\n<h3>\u201cNos sentimos vulnerados, no respetados, denigrados como profesionales de la educaci\u00f3n\u201d, expresan hacia el final de la nota.<\/h3>\n<h3>Este lunes los Docentes Autoconvocados del Valle del Conlara se movilizar\u00e1n a las 13:00 h en Plaza Pringles, de Santa Rosa del Conlara.<\/h3>\n<p><img fetchpriority=\"high\" decoding=\"async\" class=\"wp-image-3952 aligncenter\" src=\"https:\/\/apuntesdesanluis.com\/wp-content\/uploads\/2023\/09\/Imagen-de-WhatsApp-2023-09-24-a-las-17.23.58-150x300.jpg\" alt=\"\" width=\"644\" height=\"1288\" srcset=\"https:\/\/apuntesdesanluis.com\/wp-content\/uploads\/2023\/09\/Imagen-de-WhatsApp-2023-09-24-a-las-17.23.58-150x300.jpg 150w, https:\/\/apuntesdesanluis.com\/wp-content\/uploads\/2023\/09\/Imagen-de-WhatsApp-2023-09-24-a-las-17.23.58-512x1024.jpg 512w, https:\/\/apuntesdesanluis.com\/wp-content\/uploads\/2023\/09\/Imagen-de-WhatsApp-2023-09-24-a-las-17.23.58.jpg 600w\" sizes=\"(max-width: 644px) 100vw, 644px\" \/><\/p>\n<h3>En tanto que a las 18:00 har\u00e1n lo propio los educadores del Departamento Pueyrred\u00f3n y otras localidades, frente al Correo Argentino.<\/h3>\n<p><img decoding=\"async\" class=\"wp-image-3953 aligncenter\" src=\"https:\/\/apuntesdesanluis.com\/wp-content\/uploads\/2023\/09\/Mafalda-1-300x191.jpg\" alt=\"\" width=\"653\" height=\"416\" srcset=\"https:\/\/apuntesdesanluis.com\/wp-content\/uploads\/2023\/09\/Mafalda-1-300x191.jpg 300w, https:\/\/apuntesdesanluis.com\/wp-content\/uploads\/2023\/09\/Mafalda-1.jpg 600w\" sizes=\"(max-width: 653px) 100vw, 653px\" \/><\/p>\n<h3>Los docentes realizaron la semana pasada movilizaciones en la ciudad de San Luis y Villa Mercedes, que contaron con la presencia de un buen n\u00famero de trabajadores que marcharon por las calles c\u00e9ntricas para visibilizar su reclamo, y que no se sienten representados por las organizaciones gremiales.<\/h3>\n<h3>Tambi\u00e9n est\u00e1n reclamando la aplicaci\u00f3n del 82% en el c\u00e1lculo de su jubilaci\u00f3n, por lo que a las marchas se han sumado jubilados docentes.<\/h3>\n<p><img decoding=\"async\" class=\"wp-image-3954 aligncenter\" src=\"https:\/\/apuntesdesanluis.com\/wp-content\/uploads\/2023\/09\/Petitorio-220x300.jpg\" alt=\"\" width=\"666\" height=\"908\" srcset=\"https:\/\/apuntesdesanluis.com\/wp-content\/uploads\/2023\/09\/Petitorio-220x300.jpg 220w, https:\/\/apuntesdesanluis.com\/wp-content\/uploads\/2023\/09\/Petitorio.jpg 600w\" sizes=\"(max-width: 666px) 100vw, 666px\" \/><\/p>\n<p>&nbsp;<\/p>\n<p>&nbsp;<\/p>\n<p>&nbsp;<\/p>\n","protected":false},"excerpt":{"rendered":"<p>El grupo de Docentes Autoconvocados que vienen reclamando al gobierno provincial que se les regularice&#8230;<\/p>\n","protected":false},"author":1,"featured_media":3955,"comment_status":"closed","ping_status":"closed","sticky":false,"template":"","format":"standard","meta":{"footnotes":""},"categories":[6],"tags":[],"class_list":["post-3951","post","type-post","status-publish","format-standard","has-post-thumbnail","hentry","category-ciudad-provincia"],"yoast_head":"<!-- This site is optimized with the Yoast SEO plugin v26.1.1 - https:\/\/yoast.com\/wordpress\/plugins\/seo\/ -->\n<title>LOS DOCENTES AUTOCONVOCADOS VUELVEN A LAS CALLES EN SANTA ROSA Y SAN LUIS - Apuntes de San Luis<\/title>\n<meta name=\"robots\" content=\"index, follow, max-snippet:-1, max-image-preview:large, max-video-preview:-1\" \/>\n<link rel=\"canonical\" href=\"https:\/\/apuntesdesanluis.com\/index.php\/2023\/09\/24\/los-docentes-autoconvocados-vuelven-a-las-calles-en-santa-rosa-y-san-luis\/\" \/>\n<meta property=\"og:locale\" content=\"es_ES\" \/>\n<meta property=\"og:type\" content=\"article\" \/>\n<meta property=\"og:title\" content=\"LOS DOCENTES AUTOCONVOCADOS VUELVEN A LAS CALLES EN SANTA ROSA Y SAN LUIS - Apuntes de San Luis\" \/>\n<meta property=\"og:description\" content=\"El grupo de Docentes Autoconvocados que vienen reclamando al gobierno provincial que se les regularice...\" \/>\n<meta property=\"og:url\" content=\"https:\/\/apuntesdesanluis.com\/index.php\/2023\/09\/24\/los-docentes-autoconvocados-vuelven-a-las-calles-en-santa-rosa-y-san-luis\/\" \/>\n<meta property=\"og:site_name\" content=\"Apuntes de San Luis\" \/>\n<meta property=\"article:published_time\" content=\"2023-09-25T00:19:37+00:00\" \/>\n<meta property=\"article:modified_time\" content=\"2023-09-25T00:21:10+00:00\" \/>\n<meta property=\"og:image\" content=\"https:\/\/apuntesdesanluis.com\/wp-content\/uploads\/2023\/09\/marcha.png\" \/>\n\t<meta property=\"og:image:width\" content=\"866\" \/>\n\t<meta property=\"og:image:height\" content=\"494\" \/>\n\t<meta property=\"og:image:type\" content=\"image\/png\" \/>\n<meta name=\"author\" content=\"apuntesdesanluis.com\" \/>\n<meta name=\"twitter:card\" content=\"summary_large_image\" \/>\n<meta name=\"twitter:label1\" content=\"Escrito por\" \/>\n\t<meta name=\"twitter:data1\" content=\"apuntesdesanluis.com\" \/>\n\t<meta name=\"twitter:label2\" content=\"Tiempo de lectura\" \/>\n\t<meta name=\"twitter:data2\" content=\"2 minutos\" \/>\n<script type=\"application\/ld+json\" class=\"yoast-schema-graph\">{\"@context\":\"https:\/\/schema.org\",\"@graph\":[{\"@type\":\"Article\",\"@id\":\"https:\/\/apuntesdesanluis.com\/index.php\/2023\/09\/24\/los-docentes-autoconvocados-vuelven-a-las-calles-en-santa-rosa-y-san-luis\/#article\",\"isPartOf\":{\"@id\":\"https:\/\/apuntesdesanluis.com\/index.php\/2023\/09\/24\/los-docentes-autoconvocados-vuelven-a-las-calles-en-santa-rosa-y-san-luis\/\"},\"author\":{\"name\":\"apuntesdesanluis.com\",\"@id\":\"https:\/\/apuntesdesanluis.com\/#\/schema\/person\/b55151d52296fcce64d1a72538a70b90\"},\"headline\":\"LOS DOCENTES AUTOCONVOCADOS VUELVEN A LAS CALLES EN SANTA ROSA Y SAN LUIS\",\"datePublished\":\"2023-09-25T00:19:37+00:00\",\"dateModified\":\"2023-09-25T00:21:10+00:00\",\"mainEntityOfPage\":{\"@id\":\"https:\/\/apuntesdesanluis.com\/index.php\/2023\/09\/24\/los-docentes-autoconvocados-vuelven-a-las-calles-en-santa-rosa-y-san-luis\/\"},\"wordCount\":264,\"publisher\":{\"@id\":\"https:\/\/apuntesdesanluis.com\/#\/schema\/person\/b55151d52296fcce64d1a72538a70b90\"},\"image\":{\"@id\":\"https:\/\/apuntesdesanluis.com\/index.php\/2023\/09\/24\/los-docentes-autoconvocados-vuelven-a-las-calles-en-santa-rosa-y-san-luis\/#primaryimage\"},\"thumbnailUrl\":\"https:\/\/apuntesdesanluis.com\/wp-content\/uploads\/2023\/09\/marcha.png\",\"articleSection\":[\"Ciudad\/Provincia\"],\"inLanguage\":\"es-AR\"},{\"@type\":\"WebPage\",\"@id\":\"https:\/\/apuntesdesanluis.com\/index.php\/2023\/09\/24\/los-docentes-autoconvocados-vuelven-a-las-calles-en-santa-rosa-y-san-luis\/\",\"url\":\"https:\/\/apuntesdesanluis.com\/index.php\/2023\/09\/24\/los-docentes-autoconvocados-vuelven-a-las-calles-en-santa-rosa-y-san-luis\/\",\"name\":\"LOS DOCENTES AUTOCONVOCADOS VUELVEN A LAS CALLES EN SANTA ROSA Y SAN LUIS - Apuntes de San Luis\",\"isPartOf\":{\"@id\":\"https:\/\/apuntesdesanluis.com\/#website\"},\"primaryImageOfPage\":{\"@id\":\"https:\/\/apuntesdesanluis.com\/index.php\/2023\/09\/24\/los-docentes-autoconvocados-vuelven-a-las-calles-en-santa-rosa-y-san-luis\/#primaryimage\"},\"image\":{\"@id\":\"https:\/\/apuntesdesanluis.com\/index.php\/2023\/09\/24\/los-docentes-autoconvocados-vuelven-a-las-calles-en-santa-rosa-y-san-luis\/#primaryimage\"},\"thumbnailUrl\":\"https:\/\/apuntesdesanluis.com\/wp-content\/uploads\/2023\/09\/marcha.png\",\"datePublished\":\"2023-09-25T00:19:37+00:00\",\"dateModified\":\"2023-09-25T00:21:10+00:00\",\"breadcrumb\":{\"@id\":\"https:\/\/apuntesdesanluis.com\/index.php\/2023\/09\/24\/los-docentes-autoconvocados-vuelven-a-las-calles-en-santa-rosa-y-san-luis\/#breadcrumb\"},\"inLanguage\":\"es-AR\",\"potentialAction\":[{\"@type\":\"ReadAction\",\"target\":[\"https:\/\/apuntesdesanluis.com\/index.php\/2023\/09\/24\/los-docentes-autoconvocados-vuelven-a-las-calles-en-santa-rosa-y-san-luis\/\"]}]},{\"@type\":\"ImageObject\",\"inLanguage\":\"es-AR\",\"@id\":\"https:\/\/apuntesdesanluis.com\/index.php\/2023\/09\/24\/los-docentes-autoconvocados-vuelven-a-las-calles-en-santa-rosa-y-san-luis\/#primaryimage\",\"url\":\"https:\/\/apuntesdesanluis.com\/wp-content\/uploads\/2023\/09\/marcha.png\",\"contentUrl\":\"https:\/\/apuntesdesanluis.com\/wp-content\/uploads\/2023\/09\/marcha.png\",\"width\":866,\"height\":494},{\"@type\":\"BreadcrumbList\",\"@id\":\"https:\/\/apuntesdesanluis.com\/index.php\/2023\/09\/24\/los-docentes-autoconvocados-vuelven-a-las-calles-en-santa-rosa-y-san-luis\/#breadcrumb\",\"itemListElement\":[{\"@type\":\"ListItem\",\"position\":1,\"name\":\"Inicio\",\"item\":\"https:\/\/apuntesdesanluis.com\/\"},{\"@type\":\"ListItem\",\"position\":2,\"name\":\"LOS DOCENTES AUTOCONVOCADOS VUELVEN A LAS CALLES EN SANTA ROSA Y SAN LUIS\"}]},{\"@type\":\"WebSite\",\"@id\":\"https:\/\/apuntesdesanluis.com\/#website\",\"url\":\"https:\/\/apuntesdesanluis.com\/\",\"name\":\"Apuntes de San Luis\",\"description\":\"\",\"publisher\":{\"@id\":\"https:\/\/apuntesdesanluis.com\/#\/schema\/person\/b55151d52296fcce64d1a72538a70b90\"},\"potentialAction\":[{\"@type\":\"SearchAction\",\"target\":{\"@type\":\"EntryPoint\",\"urlTemplate\":\"https:\/\/apuntesdesanluis.com\/?s={search_term_string}\"},\"query-input\":{\"@type\":\"PropertyValueSpecification\",\"valueRequired\":true,\"valueName\":\"search_term_string\"}}],\"inLanguage\":\"es-AR\"},{\"@type\":[\"Person\",\"Organization\"],\"@id\":\"https:\/\/apuntesdesanluis.com\/#\/schema\/person\/b55151d52296fcce64d1a72538a70b90\",\"name\":\"apuntesdesanluis.com\",\"image\":{\"@type\":\"ImageObject\",\"inLanguage\":\"es-AR\",\"@id\":\"https:\/\/apuntesdesanluis.com\/#\/schema\/person\/image\/\",\"url\":\"https:\/\/apuntesdesanluis.com\/wp-content\/uploads\/2023\/07\/cropped-apuntesdesanluis.png\",\"contentUrl\":\"https:\/\/apuntesdesanluis.com\/wp-content\/uploads\/2023\/07\/cropped-apuntesdesanluis.png\",\"width\":450,\"height\":112,\"caption\":\"apuntesdesanluis.com\"},\"logo\":{\"@id\":\"https:\/\/apuntesdesanluis.com\/#\/schema\/person\/image\/\"},\"sameAs\":[\"https:\/\/apuntesdesanluis.com\"],\"url\":\"https:\/\/apuntesdesanluis.com\/index.php\/author\/apuntesdesanluis-com\/\"}]}<\/script>\n<!-- \/ Yoast SEO plugin. -->","yoast_head_json":{"title":"LOS DOCENTES AUTOCONVOCADOS VUELVEN A LAS CALLES EN SANTA ROSA Y SAN LUIS - Apuntes de San Luis","robots":{"index":"index","follow":"follow","max-snippet":"max-snippet:-1","max-image-preview":"max-image-preview:large","max-video-preview":"max-video-preview:-1"},"canonical":"https:\/\/apuntesdesanluis.com\/index.php\/2023\/09\/24\/los-docentes-autoconvocados-vuelven-a-las-calles-en-santa-rosa-y-san-luis\/","og_locale":"es_ES","og_type":"article","og_title":"LOS DOCENTES AUTOCONVOCADOS VUELVEN A LAS CALLES EN SANTA ROSA Y SAN LUIS - Apuntes de San Luis","og_description":"El grupo de Docentes Autoconvocados que vienen reclamando al gobierno provincial que se les regularice...","og_url":"https:\/\/apuntesdesanluis.com\/index.php\/2023\/09\/24\/los-docentes-autoconvocados-vuelven-a-las-calles-en-santa-rosa-y-san-luis\/","og_site_name":"Apuntes de San Luis","article_published_time":"2023-09-25T00:19:37+00:00","article_modified_time":"2023-09-25T00:21:10+00:00","og_image":[{"width":866,"height":494,"url":"https:\/\/apuntesdesanluis.com\/wp-content\/uploads\/2023\/09\/marcha.png","type":"image\/png"}],"author":"apuntesdesanluis.com","twitter_card":"summary_large_image","twitter_misc":{"Escrito por":"apuntesdesanluis.com","Tiempo de lectura":"2 minutos"},"schema":{"@context":"https:\/\/schema.org","@graph":[{"@type":"Article","@id":"https:\/\/apuntesdesanluis.com\/index.php\/2023\/09\/24\/los-docentes-autoconvocados-vuelven-a-las-calles-en-santa-rosa-y-san-luis\/#article","isPartOf":{"@id":"https:\/\/apuntesdesanluis.com\/index.php\/2023\/09\/24\/los-docentes-autoconvocados-vuelven-a-las-calles-en-santa-rosa-y-san-luis\/"},"author":{"name":"apuntesdesanluis.com","@id":"https:\/\/apuntesdesanluis.com\/#\/schema\/person\/b55151d52296fcce64d1a72538a70b90"},"headline":"LOS DOCENTES AUTOCONVOCADOS VUELVEN A LAS CALLES EN SANTA ROSA Y SAN LUIS","datePublished":"2023-09-25T00:19:37+00:00","dateModified":"2023-09-25T00:21:10+00:00","mainEntityOfPage":{"@id":"https:\/\/apuntesdesanluis.com\/index.php\/2023\/09\/24\/los-docentes-autoconvocados-vuelven-a-las-calles-en-santa-rosa-y-san-luis\/"},"wordCount":264,"publisher":{"@id":"https:\/\/apuntesdesanluis.com\/#\/schema\/person\/b55151d52296fcce64d1a72538a70b90"},"image":{"@id":"https:\/\/apuntesdesanluis.com\/index.php\/2023\/09\/24\/los-docentes-autoconvocados-vuelven-a-las-calles-en-santa-rosa-y-san-luis\/#primaryimage"},"thumbnailUrl":"https:\/\/apuntesdesanluis.com\/wp-content\/uploads\/2023\/09\/marcha.png","articleSection":["Ciudad\/Provincia"],"inLanguage":"es-AR"},{"@type":"WebPage","@id":"https:\/\/apuntesdesanluis.com\/index.php\/2023\/09\/24\/los-docentes-autoconvocados-vuelven-a-las-calles-en-santa-rosa-y-san-luis\/","url":"https:\/\/apuntesdesanluis.com\/index.php\/2023\/09\/24\/los-docentes-autoconvocados-vuelven-a-las-calles-en-santa-rosa-y-san-luis\/","name":"LOS DOCENTES AUTOCONVOCADOS VUELVEN A LAS CALLES EN SANTA ROSA Y SAN LUIS - Apuntes de San Luis","isPartOf":{"@id":"https:\/\/apuntesdesanluis.com\/#website"},"primaryImageOfPage":{"@id":"https:\/\/apuntesdesanluis.com\/index.php\/2023\/09\/24\/los-docentes-autoconvocados-vuelven-a-las-calles-en-santa-rosa-y-san-luis\/#primaryimage"},"image":{"@id":"https:\/\/apuntesdesanluis.com\/index.php\/2023\/09\/24\/los-docentes-autoconvocados-vuelven-a-las-calles-en-santa-rosa-y-san-luis\/#primaryimage"},"thumbnailUrl":"https:\/\/apuntesdesanluis.com\/wp-content\/uploads\/2023\/09\/marcha.png","datePublished":"2023-09-25T00:19:37+00:00","dateModified":"2023-09-25T00:21:10+00:00","breadcrumb":{"@id":"https:\/\/apuntesdesanluis.com\/index.php\/2023\/09\/24\/los-docentes-autoconvocados-vuelven-a-las-calles-en-santa-rosa-y-san-luis\/#breadcrumb"},"inLanguage":"es-AR","potentialAction":[{"@type":"ReadAction","target":["https:\/\/apuntesdesanluis.com\/index.php\/2023\/09\/24\/los-docentes-autoconvocados-vuelven-a-las-calles-en-santa-rosa-y-san-luis\/"]}]},{"@type":"ImageObject","inLanguage":"es-AR","@id":"https:\/\/apuntesdesanluis.com\/index.php\/2023\/09\/24\/los-docentes-autoconvocados-vuelven-a-las-calles-en-santa-rosa-y-san-luis\/#primaryimage","url":"https:\/\/apuntesdesanluis.com\/wp-content\/uploads\/2023\/09\/marcha.png","contentUrl":"https:\/\/apuntesdesanluis.com\/wp-content\/uploads\/2023\/09\/marcha.png","width":866,"height":494},{"@type":"BreadcrumbList","@id":"https:\/\/apuntesdesanluis.com\/index.php\/2023\/09\/24\/los-docentes-autoconvocados-vuelven-a-las-calles-en-santa-rosa-y-san-luis\/#breadcrumb","itemListElement":[{"@type":"ListItem","position":1,"name":"Inicio","item":"https:\/\/apuntesdesanluis.com\/"},{"@type":"ListItem","position":2,"name":"LOS DOCENTES AUTOCONVOCADOS VUELVEN A LAS CALLES EN SANTA ROSA Y SAN LUIS"}]},{"@type":"WebSite","@id":"https:\/\/apuntesdesanluis.com\/#website","url":"https:\/\/apuntesdesanluis.com\/","name":"Apuntes de San Luis","description":"","publisher":{"@id":"https:\/\/apuntesdesanluis.com\/#\/schema\/person\/b55151d52296fcce64d1a72538a70b90"},"potentialAction":[{"@type":"SearchAction","target":{"@type":"EntryPoint","urlTemplate":"https:\/\/apuntesdesanluis.com\/?s={search_term_string}"},"query-input":{"@type":"PropertyValueSpecification","valueRequired":true,"valueName":"search_term_string"}}],"inLanguage":"es-AR"},{"@type":["Person","Organization"],"@id":"https:\/\/apuntesdesanluis.com\/#\/schema\/person\/b55151d52296fcce64d1a72538a70b90","name":"apuntesdesanluis.com","image":{"@type":"ImageObject","inLanguage":"es-AR","@id":"https:\/\/apuntesdesanluis.com\/#\/schema\/person\/image\/","url":"https:\/\/apuntesdesanluis.com\/wp-content\/uploads\/2023\/07\/cropped-apuntesdesanluis.png","contentUrl":"https:\/\/apuntesdesanluis.com\/wp-content\/uploads\/2023\/07\/cropped-apuntesdesanluis.png","width":450,"height":112,"caption":"apuntesdesanluis.com"},"logo":{"@id":"https:\/\/apuntesdesanluis.com\/#\/schema\/person\/image\/"},"sameAs":["https:\/\/apuntesdesanluis.com"],"url":"https:\/\/apuntesdesanluis.com\/index.php\/author\/apuntesdesanluis-com\/"}]}},"featured_image_urls":{"full":["https:\/\/apuntesdesanluis.com\/wp-content\/uploads\/2023\/09\/marcha.png",866,494,false],"thumbnail":["https:\/\/apuntesdesanluis.com\/wp-content\/uploads\/2023\/09\/marcha-150x150.png",150,150,true],"medium":["https:\/\/apuntesdesanluis.com\/wp-content\/uploads\/2023\/09\/marcha-300x171.png",300,171,true],"medium_large":["https:\/\/apuntesdesanluis.com\/wp-content\/uploads\/2023\/09\/marcha-768x438.png",640,365,true],"large":["https:\/\/apuntesdesanluis.com\/wp-content\/uploads\/2023\/09\/marcha.png",640,365,false],"1536x1536":["https:\/\/apuntesdesanluis.com\/wp-content\/uploads\/2023\/09\/marcha.png",866,494,false],"2048x2048":["https:\/\/apuntesdesanluis.com\/wp-content\/uploads\/2023\/09\/marcha.png",866,494,false],"newsever-slider-full":["https:\/\/apuntesdesanluis.com\/wp-content\/uploads\/2023\/09\/marcha.png",866,494,false],"newsever-featured":["https:\/\/apuntesdesanluis.com\/wp-content\/uploads\/2023\/09\/marcha.png",866,494,false],"newsever-medium":["https:\/\/apuntesdesanluis.com\/wp-content\/uploads\/2023\/09\/marcha-720x475.png",720,475,true]},"author_info":{"display_name":"apuntesdesanluis.com","author_link":"https:\/\/apuntesdesanluis.com\/index.php\/author\/apuntesdesanluis-com\/"},"category_info":"<a href=\"https:\/\/apuntesdesanluis.com\/index.php\/category\/ciudad-provincia\/\" rel=\"category tag\">Ciudad\/Provincia<\/a>","tag_info":"Ciudad\/Provincia","comment_count":"0","_links":{"self":[{"href":"https:\/\/apuntesdesanluis.com\/index.php\/wp-json\/wp\/v2\/posts\/3951","targetHints":{"allow":["GET"]}}],"collection":[{"href":"https:\/\/apuntesdesanluis.com\/index.php\/wp-json\/wp\/v2\/posts"}],"about":[{"href":"https:\/\/apuntesdesanluis.com\/index.php\/wp-json\/wp\/v2\/types\/post"}],"author":[{"embeddable":true,"href":"https:\/\/apuntesdesanluis.com\/index.php\/wp-json\/wp\/v2\/users\/1"}],"replies":[{"embeddable":true,"href":"https:\/\/apuntesdesanluis.com\/index.php\/wp-json\/wp\/v2\/comments?post=3951"}],"version-history":[{"count":4,"href":"https:\/\/apuntesdesanluis.com\/index.php\/wp-json\/wp\/v2\/posts\/3951\/revisions"}],"predecessor-version":[{"id":3959,"href":"https:\/\/apuntesdesanluis.com\/index.php\/wp-json\/wp\/v2\/posts\/3951\/revisions\/3959"}],"wp:featuredmedia":[{"embeddable":true,"href":"https:\/\/apuntesdesanluis.com\/index.php\/wp-json\/wp\/v2\/media\/3955"}],"wp:attachment":[{"href":"https:\/\/apuntesdesanluis.com\/index.php\/wp-json\/wp\/v2\/media?parent=3951"}],"wp:term":[{"taxonomy":"category","embeddable":true,"href":"https:\/\/apuntesdesanluis.com\/index.php\/wp-json\/wp\/v2\/categories?post=3951"},{"taxonomy":"post_tag","embeddable":true,"href":"https:\/\/apuntesdesanluis.com\/index.php\/wp-json\/wp\/v2\/tags?post=3951"}],"curies":[{"name":"wp","href":"https:\/\/api.w.org\/{rel}","templated":true}]}}