{"id":396,"date":"2023-07-25T19:03:50","date_gmt":"2023-07-25T22:03:50","guid":{"rendered":"https:\/\/apuntesdesanluis.com\/?p=396"},"modified":"2023-07-25T19:03:50","modified_gmt":"2023-07-25T22:03:50","slug":"adios-a-la-fe-de-vida-como-sera-el-tramite-para-los-jubilados-segun-la-ley-que-entra-en-vigencia-hoy","status":"publish","type":"post","link":"https:\/\/apuntesdesanluis.com\/index.php\/2023\/07\/25\/adios-a-la-fe-de-vida-como-sera-el-tramite-para-los-jubilados-segun-la-ley-que-entra-en-vigencia-hoy\/","title":{"rendered":"ADI\u00d3S A LA \u201cFE DE VIDA\u201d: C\u00d3MO SER\u00c1 EL TR\u00c1MITE PARA LOS JUBILADOS SEG\u00daN LA LEY QUE ENTRA EN VIGENCIA HOY"},"content":{"rendered":"<h3>Ya comenz\u00f3 a regir la eliminaci\u00f3n del tr\u00e1mite de <strong>fe de vida<\/strong> para el pago de haberes a jubilados, pensionados y titulares de pensiones no contributivas, sancionada el 5 de julio pasado por el Congreso Nacional.<\/h3>\n<h3>La Ley 27.721 deja sin efecto la obligaci\u00f3n de presentar declaraci\u00f3n de supervivencia o fe de vida, y beneficia a jubilados y pensionados tanto del Sistema Integrado Previsional Argentino (SIPA) como beneficiarios de pensiones no contributivas. Por tal motivo, ning\u00fan beneficiario deber\u00e1 realizar el tr\u00e1mite para acreditar su supervivencia. La obligaci\u00f3n de acreditar tal condici\u00f3n estar\u00e1 a cargo de las entidades financieras.<\/h3>\n<h3>De los aproximadamente 7,3 millones de pasivos del sistema previsional, m\u00e1s de 3,2 millones ya no deb\u00edan presentar su fe de vida a partir de acuerdos entre el Estado y algunas entidades bancarias, en su mayor\u00eda, del sector p\u00fablico. La nueva norma establece que no podr\u00e1 pedirse ning\u00fan tr\u00e1mite adicional a los jubilados y pensionados, o a sus apoderados en caso de que los hubiere para que mes a mes cobren sus ingresos.<\/h3>\n<h3>El art\u00edculo 1\u00b0 de la ley se\u00f1ala que \u201clos beneficiarios de jubilaciones y pensiones del Sistema Integrado Previsional Argentino (SIPA) y del Sistema de Pensiones no Contributivas quedan eximidos de la obligaci\u00f3n de presentar la declaraci\u00f3n de supervivencia o fe de vida, as\u00ed como cualquier tr\u00e1mite complementario con igual fin, quedando sin efecto toda demostraci\u00f3n de subsistencia a cargo del beneficiario como condici\u00f3n para el cobro de sus haberes y dem\u00e1s beneficios previsionales\u201d.<\/h3>\n<h3>La ley dispone en su segundo art\u00edculo que \u201clos haberes o prestaciones de la seguridad social que integran el Sistema Integrado Previsional Argentino (SIPA) como aquellas comprendidas en el Sistema de Pensiones no Contributivas a cargo del ANSES no requerir\u00e1n, en ning\u00fan caso, de la realizaci\u00f3n de acci\u00f3n deliberada alguna a cargo de la persona beneficiaria o apoderada para acreditar supervivencia\u201d.<\/h3>\n<h3>Por \u00faltimo, la norma establece que \u201clas entidades que realicen pagos de jubilaciones y pensiones tienen la obligaci\u00f3n de rendir como impagos los fondos pagados con posterioridad a la fecha de fallecimiento de la persona titular del beneficio\u201d.<\/h3>\n<h3><strong>QU\u00c9 ES LA FE DE VIDA<\/strong><\/h3>\n<h3>La fe de vida era un tr\u00e1mite que los jubilados deb\u00edan realizar peri\u00f3dicamente para que la Anses certifique la supervivencia del jubilado o pensionado. En el marco de la pandemia de Covid-19, el tr\u00e1mite hab\u00eda sido suspendido y la medida fue prorrogada por varios meses. A comienzos de 2022, se reimpuso la obligaci\u00f3n.<\/h3>\n<h3>En forma paulatina, varias entidades bancarias que pagan jubilaciones y pensiones hab\u00edan establecido mecanismos para que los jubilados no deban movilizarse m\u00e1s para obtener la Fe de Vida y otras directamente hab\u00eda eliminado el tr\u00e1mite.<\/h3>\n<h3>Hasta la sanci\u00f3n de la ley que hoy entra en vigencia, algunos bancos acreditaban la supervivencia cuando el jubilado o pensionado hac\u00eda al menos una compra al mes con tarjeta de d\u00e9bito o cr\u00e9dito, con aplicaciones m\u00f3viles de reconocimiento facial, colocando su huella digital en los \u201ct\u00f3tems\u201d de Anses que est\u00e1n en las sucursales bancarias o en cajeros autom\u00e1ticos, y en terminales de autoconsulta biom\u00e9trica en las propias oficinas de Anses.<\/h3>\n<h3>A partir de ahora, todos esos mecanismos que obligaban al jubilado a utilizar alguna de esas v\u00edas una vez al mes quedar\u00e1n en el olvido. La verificaci\u00f3n de la supervivencia de los beneficiarios correr\u00e1 por cuenta de los bancos y no de un tr\u00e1mite a cargo del jubilado.<\/h3>\n","protected":false},"excerpt":{"rendered":"<p>Ya comenz\u00f3 a regir la eliminaci\u00f3n del tr\u00e1mite de fe de vida para el pago&#8230;<\/p>\n","protected":false},"author":1,"featured_media":397,"comment_status":"closed","ping_status":"closed","sticky":false,"template":"","format":"standard","meta":{"footnotes":""},"categories":[5],"tags":[],"class_list":["post-396","post","type-post","status-publish","format-standard","has-post-thumbnail","hentry","category-nacionales-internacionales"],"yoast_head":"<!-- This site is optimized with the Yoast SEO plugin v26.1.1 - https:\/\/yoast.com\/wordpress\/plugins\/seo\/ -->\n<title>ADI\u00d3S A LA \u201cFE DE VIDA\u201d: C\u00d3MO SER\u00c1 EL TR\u00c1MITE PARA LOS JUBILADOS SEG\u00daN LA LEY QUE ENTRA EN VIGENCIA HOY - Apuntes de San Luis<\/title>\n<meta name=\"robots\" content=\"index, follow, max-snippet:-1, max-image-preview:large, max-video-preview:-1\" \/>\n<link rel=\"canonical\" href=\"https:\/\/apuntesdesanluis.com\/index.php\/2023\/07\/25\/adios-a-la-fe-de-vida-como-sera-el-tramite-para-los-jubilados-segun-la-ley-que-entra-en-vigencia-hoy\/\" \/>\n<meta property=\"og:locale\" content=\"es_ES\" \/>\n<meta property=\"og:type\" content=\"article\" \/>\n<meta property=\"og:title\" content=\"ADI\u00d3S A LA \u201cFE DE VIDA\u201d: C\u00d3MO SER\u00c1 EL TR\u00c1MITE PARA LOS JUBILADOS SEG\u00daN LA LEY QUE ENTRA EN VIGENCIA HOY - Apuntes de San Luis\" \/>\n<meta property=\"og:description\" content=\"Ya comenz\u00f3 a regir la eliminaci\u00f3n del tr\u00e1mite de fe de vida para el pago...\" \/>\n<meta property=\"og:url\" content=\"https:\/\/apuntesdesanluis.com\/index.php\/2023\/07\/25\/adios-a-la-fe-de-vida-como-sera-el-tramite-para-los-jubilados-segun-la-ley-que-entra-en-vigencia-hoy\/\" \/>\n<meta property=\"og:site_name\" content=\"Apuntes de San Luis\" \/>\n<meta property=\"article:published_time\" content=\"2023-07-25T22:03:50+00:00\" \/>\n<meta property=\"og:image\" content=\"https:\/\/apuntesdesanluis.com\/wp-content\/uploads\/2023\/07\/anses-1024x576-1.png\" \/>\n\t<meta property=\"og:image:width\" content=\"535\" \/>\n\t<meta property=\"og:image:height\" content=\"329\" \/>\n\t<meta property=\"og:image:type\" content=\"image\/png\" \/>\n<meta name=\"author\" content=\"apuntesdesanluis.com\" \/>\n<meta name=\"twitter:card\" content=\"summary_large_image\" \/>\n<meta name=\"twitter:label1\" content=\"Escrito por\" \/>\n\t<meta name=\"twitter:data1\" content=\"apuntesdesanluis.com\" \/>\n\t<meta name=\"twitter:label2\" content=\"Tiempo de lectura\" \/>\n\t<meta name=\"twitter:data2\" content=\"3 minutos\" \/>\n<script type=\"application\/ld+json\" class=\"yoast-schema-graph\">{\"@context\":\"https:\/\/schema.org\",\"@graph\":[{\"@type\":\"Article\",\"@id\":\"https:\/\/apuntesdesanluis.com\/index.php\/2023\/07\/25\/adios-a-la-fe-de-vida-como-sera-el-tramite-para-los-jubilados-segun-la-ley-que-entra-en-vigencia-hoy\/#article\",\"isPartOf\":{\"@id\":\"https:\/\/apuntesdesanluis.com\/index.php\/2023\/07\/25\/adios-a-la-fe-de-vida-como-sera-el-tramite-para-los-jubilados-segun-la-ley-que-entra-en-vigencia-hoy\/\"},\"author\":{\"name\":\"apuntesdesanluis.com\",\"@id\":\"https:\/\/apuntesdesanluis.com\/#\/schema\/person\/b55151d52296fcce64d1a72538a70b90\"},\"headline\":\"ADI\u00d3S A LA \u201cFE DE VIDA\u201d: C\u00d3MO SER\u00c1 EL TR\u00c1MITE PARA LOS JUBILADOS SEG\u00daN LA LEY QUE ENTRA EN VIGENCIA HOY\",\"datePublished\":\"2023-07-25T22:03:50+00:00\",\"mainEntityOfPage\":{\"@id\":\"https:\/\/apuntesdesanluis.com\/index.php\/2023\/07\/25\/adios-a-la-fe-de-vida-como-sera-el-tramite-para-los-jubilados-segun-la-ley-que-entra-en-vigencia-hoy\/\"},\"wordCount\":626,\"publisher\":{\"@id\":\"https:\/\/apuntesdesanluis.com\/#\/schema\/person\/b55151d52296fcce64d1a72538a70b90\"},\"image\":{\"@id\":\"https:\/\/apuntesdesanluis.com\/index.php\/2023\/07\/25\/adios-a-la-fe-de-vida-como-sera-el-tramite-para-los-jubilados-segun-la-ley-que-entra-en-vigencia-hoy\/#primaryimage\"},\"thumbnailUrl\":\"https:\/\/apuntesdesanluis.com\/wp-content\/uploads\/2023\/07\/anses-1024x576-1.png\",\"articleSection\":[\"Nacionales\/Internacionales\"],\"inLanguage\":\"es-AR\"},{\"@type\":\"WebPage\",\"@id\":\"https:\/\/apuntesdesanluis.com\/index.php\/2023\/07\/25\/adios-a-la-fe-de-vida-como-sera-el-tramite-para-los-jubilados-segun-la-ley-que-entra-en-vigencia-hoy\/\",\"url\":\"https:\/\/apuntesdesanluis.com\/index.php\/2023\/07\/25\/adios-a-la-fe-de-vida-como-sera-el-tramite-para-los-jubilados-segun-la-ley-que-entra-en-vigencia-hoy\/\",\"name\":\"ADI\u00d3S A LA \u201cFE DE VIDA\u201d: C\u00d3MO SER\u00c1 EL TR\u00c1MITE PARA LOS JUBILADOS SEG\u00daN LA LEY QUE ENTRA EN VIGENCIA HOY - Apuntes de San Luis\",\"isPartOf\":{\"@id\":\"https:\/\/apuntesdesanluis.com\/#website\"},\"primaryImageOfPage\":{\"@id\":\"https:\/\/apuntesdesanluis.com\/index.php\/2023\/07\/25\/adios-a-la-fe-de-vida-como-sera-el-tramite-para-los-jubilados-segun-la-ley-que-entra-en-vigencia-hoy\/#primaryimage\"},\"image\":{\"@id\":\"https:\/\/apuntesdesanluis.com\/index.php\/2023\/07\/25\/adios-a-la-fe-de-vida-como-sera-el-tramite-para-los-jubilados-segun-la-ley-que-entra-en-vigencia-hoy\/#primaryimage\"},\"thumbnailUrl\":\"https:\/\/apuntesdesanluis.com\/wp-content\/uploads\/2023\/07\/anses-1024x576-1.png\",\"datePublished\":\"2023-07-25T22:03:50+00:00\",\"breadcrumb\":{\"@id\":\"https:\/\/apuntesdesanluis.com\/index.php\/2023\/07\/25\/adios-a-la-fe-de-vida-como-sera-el-tramite-para-los-jubilados-segun-la-ley-que-entra-en-vigencia-hoy\/#breadcrumb\"},\"inLanguage\":\"es-AR\",\"potentialAction\":[{\"@type\":\"ReadAction\",\"target\":[\"https:\/\/apuntesdesanluis.com\/index.php\/2023\/07\/25\/adios-a-la-fe-de-vida-como-sera-el-tramite-para-los-jubilados-segun-la-ley-que-entra-en-vigencia-hoy\/\"]}]},{\"@type\":\"ImageObject\",\"inLanguage\":\"es-AR\",\"@id\":\"https:\/\/apuntesdesanluis.com\/index.php\/2023\/07\/25\/adios-a-la-fe-de-vida-como-sera-el-tramite-para-los-jubilados-segun-la-ley-que-entra-en-vigencia-hoy\/#primaryimage\",\"url\":\"https:\/\/apuntesdesanluis.com\/wp-content\/uploads\/2023\/07\/anses-1024x576-1.png\",\"contentUrl\":\"https:\/\/apuntesdesanluis.com\/wp-content\/uploads\/2023\/07\/anses-1024x576-1.png\",\"width\":535,\"height\":329},{\"@type\":\"BreadcrumbList\",\"@id\":\"https:\/\/apuntesdesanluis.com\/index.php\/2023\/07\/25\/adios-a-la-fe-de-vida-como-sera-el-tramite-para-los-jubilados-segun-la-ley-que-entra-en-vigencia-hoy\/#breadcrumb\",\"itemListElement\":[{\"@type\":\"ListItem\",\"position\":1,\"name\":\"Inicio\",\"item\":\"https:\/\/apuntesdesanluis.com\/\"},{\"@type\":\"ListItem\",\"position\":2,\"name\":\"ADI\u00d3S A LA \u201cFE DE VIDA\u201d: C\u00d3MO SER\u00c1 EL TR\u00c1MITE PARA LOS JUBILADOS SEG\u00daN LA LEY QUE ENTRA EN VIGENCIA HOY\"}]},{\"@type\":\"WebSite\",\"@id\":\"https:\/\/apuntesdesanluis.com\/#website\",\"url\":\"https:\/\/apuntesdesanluis.com\/\",\"name\":\"Apuntes de San Luis\",\"description\":\"\",\"publisher\":{\"@id\":\"https:\/\/apuntesdesanluis.com\/#\/schema\/person\/b55151d52296fcce64d1a72538a70b90\"},\"potentialAction\":[{\"@type\":\"SearchAction\",\"target\":{\"@type\":\"EntryPoint\",\"urlTemplate\":\"https:\/\/apuntesdesanluis.com\/?s={search_term_string}\"},\"query-input\":{\"@type\":\"PropertyValueSpecification\",\"valueRequired\":true,\"valueName\":\"search_term_string\"}}],\"inLanguage\":\"es-AR\"},{\"@type\":[\"Person\",\"Organization\"],\"@id\":\"https:\/\/apuntesdesanluis.com\/#\/schema\/person\/b55151d52296fcce64d1a72538a70b90\",\"name\":\"apuntesdesanluis.com\",\"image\":{\"@type\":\"ImageObject\",\"inLanguage\":\"es-AR\",\"@id\":\"https:\/\/apuntesdesanluis.com\/#\/schema\/person\/image\/\",\"url\":\"https:\/\/apuntesdesanluis.com\/wp-content\/uploads\/2023\/07\/cropped-apuntesdesanluis.png\",\"contentUrl\":\"https:\/\/apuntesdesanluis.com\/wp-content\/uploads\/2023\/07\/cropped-apuntesdesanluis.png\",\"width\":450,\"height\":112,\"caption\":\"apuntesdesanluis.com\"},\"logo\":{\"@id\":\"https:\/\/apuntesdesanluis.com\/#\/schema\/person\/image\/\"},\"sameAs\":[\"https:\/\/apuntesdesanluis.com\"],\"url\":\"https:\/\/apuntesdesanluis.com\/index.php\/author\/apuntesdesanluis-com\/\"}]}<\/script>\n<!-- \/ Yoast SEO plugin. -->","yoast_head_json":{"title":"ADI\u00d3S A LA \u201cFE DE VIDA\u201d: C\u00d3MO SER\u00c1 EL TR\u00c1MITE PARA LOS JUBILADOS SEG\u00daN LA LEY QUE ENTRA EN VIGENCIA HOY - Apuntes de San Luis","robots":{"index":"index","follow":"follow","max-snippet":"max-snippet:-1","max-image-preview":"max-image-preview:large","max-video-preview":"max-video-preview:-1"},"canonical":"https:\/\/apuntesdesanluis.com\/index.php\/2023\/07\/25\/adios-a-la-fe-de-vida-como-sera-el-tramite-para-los-jubilados-segun-la-ley-que-entra-en-vigencia-hoy\/","og_locale":"es_ES","og_type":"article","og_title":"ADI\u00d3S A LA \u201cFE DE VIDA\u201d: C\u00d3MO SER\u00c1 EL TR\u00c1MITE PARA LOS JUBILADOS SEG\u00daN LA LEY QUE ENTRA EN VIGENCIA HOY - Apuntes de San Luis","og_description":"Ya comenz\u00f3 a regir la eliminaci\u00f3n del tr\u00e1mite de fe de vida para el pago...","og_url":"https:\/\/apuntesdesanluis.com\/index.php\/2023\/07\/25\/adios-a-la-fe-de-vida-como-sera-el-tramite-para-los-jubilados-segun-la-ley-que-entra-en-vigencia-hoy\/","og_site_name":"Apuntes de San Luis","article_published_time":"2023-07-25T22:03:50+00:00","og_image":[{"width":535,"height":329,"url":"https:\/\/apuntesdesanluis.com\/wp-content\/uploads\/2023\/07\/anses-1024x576-1.png","type":"image\/png"}],"author":"apuntesdesanluis.com","twitter_card":"summary_large_image","twitter_misc":{"Escrito por":"apuntesdesanluis.com","Tiempo de lectura":"3 minutos"},"schema":{"@context":"https:\/\/schema.org","@graph":[{"@type":"Article","@id":"https:\/\/apuntesdesanluis.com\/index.php\/2023\/07\/25\/adios-a-la-fe-de-vida-como-sera-el-tramite-para-los-jubilados-segun-la-ley-que-entra-en-vigencia-hoy\/#article","isPartOf":{"@id":"https:\/\/apuntesdesanluis.com\/index.php\/2023\/07\/25\/adios-a-la-fe-de-vida-como-sera-el-tramite-para-los-jubilados-segun-la-ley-que-entra-en-vigencia-hoy\/"},"author":{"name":"apuntesdesanluis.com","@id":"https:\/\/apuntesdesanluis.com\/#\/schema\/person\/b55151d52296fcce64d1a72538a70b90"},"headline":"ADI\u00d3S A LA \u201cFE DE VIDA\u201d: C\u00d3MO SER\u00c1 EL TR\u00c1MITE PARA LOS JUBILADOS SEG\u00daN LA LEY QUE ENTRA EN VIGENCIA HOY","datePublished":"2023-07-25T22:03:50+00:00","mainEntityOfPage":{"@id":"https:\/\/apuntesdesanluis.com\/index.php\/2023\/07\/25\/adios-a-la-fe-de-vida-como-sera-el-tramite-para-los-jubilados-segun-la-ley-que-entra-en-vigencia-hoy\/"},"wordCount":626,"publisher":{"@id":"https:\/\/apuntesdesanluis.com\/#\/schema\/person\/b55151d52296fcce64d1a72538a70b90"},"image":{"@id":"https:\/\/apuntesdesanluis.com\/index.php\/2023\/07\/25\/adios-a-la-fe-de-vida-como-sera-el-tramite-para-los-jubilados-segun-la-ley-que-entra-en-vigencia-hoy\/#primaryimage"},"thumbnailUrl":"https:\/\/apuntesdesanluis.com\/wp-content\/uploads\/2023\/07\/anses-1024x576-1.png","articleSection":["Nacionales\/Internacionales"],"inLanguage":"es-AR"},{"@type":"WebPage","@id":"https:\/\/apuntesdesanluis.com\/index.php\/2023\/07\/25\/adios-a-la-fe-de-vida-como-sera-el-tramite-para-los-jubilados-segun-la-ley-que-entra-en-vigencia-hoy\/","url":"https:\/\/apuntesdesanluis.com\/index.php\/2023\/07\/25\/adios-a-la-fe-de-vida-como-sera-el-tramite-para-los-jubilados-segun-la-ley-que-entra-en-vigencia-hoy\/","name":"ADI\u00d3S A LA \u201cFE DE VIDA\u201d: C\u00d3MO SER\u00c1 EL TR\u00c1MITE PARA LOS JUBILADOS SEG\u00daN LA LEY QUE ENTRA EN VIGENCIA HOY - Apuntes de San Luis","isPartOf":{"@id":"https:\/\/apuntesdesanluis.com\/#website"},"primaryImageOfPage":{"@id":"https:\/\/apuntesdesanluis.com\/index.php\/2023\/07\/25\/adios-a-la-fe-de-vida-como-sera-el-tramite-para-los-jubilados-segun-la-ley-que-entra-en-vigencia-hoy\/#primaryimage"},"image":{"@id":"https:\/\/apuntesdesanluis.com\/index.php\/2023\/07\/25\/adios-a-la-fe-de-vida-como-sera-el-tramite-para-los-jubilados-segun-la-ley-que-entra-en-vigencia-hoy\/#primaryimage"},"thumbnailUrl":"https:\/\/apuntesdesanluis.com\/wp-content\/uploads\/2023\/07\/anses-1024x576-1.png","datePublished":"2023-07-25T22:03:50+00:00","breadcrumb":{"@id":"https:\/\/apuntesdesanluis.com\/index.php\/2023\/07\/25\/adios-a-la-fe-de-vida-como-sera-el-tramite-para-los-jubilados-segun-la-ley-que-entra-en-vigencia-hoy\/#breadcrumb"},"inLanguage":"es-AR","potentialAction":[{"@type":"ReadAction","target":["https:\/\/apuntesdesanluis.com\/index.php\/2023\/07\/25\/adios-a-la-fe-de-vida-como-sera-el-tramite-para-los-jubilados-segun-la-ley-que-entra-en-vigencia-hoy\/"]}]},{"@type":"ImageObject","inLanguage":"es-AR","@id":"https:\/\/apuntesdesanluis.com\/index.php\/2023\/07\/25\/adios-a-la-fe-de-vida-como-sera-el-tramite-para-los-jubilados-segun-la-ley-que-entra-en-vigencia-hoy\/#primaryimage","url":"https:\/\/apuntesdesanluis.com\/wp-content\/uploads\/2023\/07\/anses-1024x576-1.png","contentUrl":"https:\/\/apuntesdesanluis.com\/wp-content\/uploads\/2023\/07\/anses-1024x576-1.png","width":535,"height":329},{"@type":"BreadcrumbList","@id":"https:\/\/apuntesdesanluis.com\/index.php\/2023\/07\/25\/adios-a-la-fe-de-vida-como-sera-el-tramite-para-los-jubilados-segun-la-ley-que-entra-en-vigencia-hoy\/#breadcrumb","itemListElement":[{"@type":"ListItem","position":1,"name":"Inicio","item":"https:\/\/apuntesdesanluis.com\/"},{"@type":"ListItem","position":2,"name":"ADI\u00d3S A LA \u201cFE DE VIDA\u201d: C\u00d3MO SER\u00c1 EL TR\u00c1MITE PARA LOS JUBILADOS SEG\u00daN LA LEY QUE ENTRA EN VIGENCIA HOY"}]},{"@type":"WebSite","@id":"https:\/\/apuntesdesanluis.com\/#website","url":"https:\/\/apuntesdesanluis.com\/","name":"Apuntes de San Luis","description":"","publisher":{"@id":"https:\/\/apuntesdesanluis.com\/#\/schema\/person\/b55151d52296fcce64d1a72538a70b90"},"potentialAction":[{"@type":"SearchAction","target":{"@type":"EntryPoint","urlTemplate":"https:\/\/apuntesdesanluis.com\/?s={search_term_string}"},"query-input":{"@type":"PropertyValueSpecification","valueRequired":true,"valueName":"search_term_string"}}],"inLanguage":"es-AR"},{"@type":["Person","Organization"],"@id":"https:\/\/apuntesdesanluis.com\/#\/schema\/person\/b55151d52296fcce64d1a72538a70b90","name":"apuntesdesanluis.com","image":{"@type":"ImageObject","inLanguage":"es-AR","@id":"https:\/\/apuntesdesanluis.com\/#\/schema\/person\/image\/","url":"https:\/\/apuntesdesanluis.com\/wp-content\/uploads\/2023\/07\/cropped-apuntesdesanluis.png","contentUrl":"https:\/\/apuntesdesanluis.com\/wp-content\/uploads\/2023\/07\/cropped-apuntesdesanluis.png","width":450,"height":112,"caption":"apuntesdesanluis.com"},"logo":{"@id":"https:\/\/apuntesdesanluis.com\/#\/schema\/person\/image\/"},"sameAs":["https:\/\/apuntesdesanluis.com"],"url":"https:\/\/apuntesdesanluis.com\/index.php\/author\/apuntesdesanluis-com\/"}]}},"featured_image_urls":{"full":["https:\/\/apuntesdesanluis.com\/wp-content\/uploads\/2023\/07\/anses-1024x576-1.png",535,329,false],"thumbnail":["https:\/\/apuntesdesanluis.com\/wp-content\/uploads\/2023\/07\/anses-1024x576-1-150x150.png",150,150,true],"medium":["https:\/\/apuntesdesanluis.com\/wp-content\/uploads\/2023\/07\/anses-1024x576-1-300x184.png",300,184,true],"medium_large":["https:\/\/apuntesdesanluis.com\/wp-content\/uploads\/2023\/07\/anses-1024x576-1.png",535,329,false],"large":["https:\/\/apuntesdesanluis.com\/wp-content\/uploads\/2023\/07\/anses-1024x576-1.png",535,329,false],"1536x1536":["https:\/\/apuntesdesanluis.com\/wp-content\/uploads\/2023\/07\/anses-1024x576-1.png",535,329,false],"2048x2048":["https:\/\/apuntesdesanluis.com\/wp-content\/uploads\/2023\/07\/anses-1024x576-1.png",535,329,false],"newsever-slider-full":["https:\/\/apuntesdesanluis.com\/wp-content\/uploads\/2023\/07\/anses-1024x576-1.png",535,329,false],"newsever-featured":["https:\/\/apuntesdesanluis.com\/wp-content\/uploads\/2023\/07\/anses-1024x576-1.png",535,329,false],"newsever-medium":["https:\/\/apuntesdesanluis.com\/wp-content\/uploads\/2023\/07\/anses-1024x576-1.png",535,329,false]},"author_info":{"display_name":"apuntesdesanluis.com","author_link":"https:\/\/apuntesdesanluis.com\/index.php\/author\/apuntesdesanluis-com\/"},"category_info":"<a href=\"https:\/\/apuntesdesanluis.com\/index.php\/category\/nacionales-internacionales\/\" rel=\"category tag\">Nacionales\/Internacionales<\/a>","tag_info":"Nacionales\/Internacionales","comment_count":"0","_links":{"self":[{"href":"https:\/\/apuntesdesanluis.com\/index.php\/wp-json\/wp\/v2\/posts\/396","targetHints":{"allow":["GET"]}}],"collection":[{"href":"https:\/\/apuntesdesanluis.com\/index.php\/wp-json\/wp\/v2\/posts"}],"about":[{"href":"https:\/\/apuntesdesanluis.com\/index.php\/wp-json\/wp\/v2\/types\/post"}],"author":[{"embeddable":true,"href":"https:\/\/apuntesdesanluis.com\/index.php\/wp-json\/wp\/v2\/users\/1"}],"replies":[{"embeddable":true,"href":"https:\/\/apuntesdesanluis.com\/index.php\/wp-json\/wp\/v2\/comments?post=396"}],"version-history":[{"count":1,"href":"https:\/\/apuntesdesanluis.com\/index.php\/wp-json\/wp\/v2\/posts\/396\/revisions"}],"predecessor-version":[{"id":398,"href":"https:\/\/apuntesdesanluis.com\/index.php\/wp-json\/wp\/v2\/posts\/396\/revisions\/398"}],"wp:featuredmedia":[{"embeddable":true,"href":"https:\/\/apuntesdesanluis.com\/index.php\/wp-json\/wp\/v2\/media\/397"}],"wp:attachment":[{"href":"https:\/\/apuntesdesanluis.com\/index.php\/wp-json\/wp\/v2\/media?parent=396"}],"wp:term":[{"taxonomy":"category","embeddable":true,"href":"https:\/\/apuntesdesanluis.com\/index.php\/wp-json\/wp\/v2\/categories?post=396"},{"taxonomy":"post_tag","embeddable":true,"href":"https:\/\/apuntesdesanluis.com\/index.php\/wp-json\/wp\/v2\/tags?post=396"}],"curies":[{"name":"wp","href":"https:\/\/api.w.org\/{rel}","templated":true}]}}