{"id":3965,"date":"2023-09-24T22:01:45","date_gmt":"2023-09-25T01:01:45","guid":{"rendered":"https:\/\/apuntesdesanluis.com\/?p=3965"},"modified":"2023-09-24T22:03:10","modified_gmt":"2023-09-25T01:03:10","slug":"los-trabajadores-de-danica-continuan-el-paro-por-tiempo-indeterminado","status":"publish","type":"post","link":"https:\/\/apuntesdesanluis.com\/index.php\/2023\/09\/24\/los-trabajadores-de-danica-continuan-el-paro-por-tiempo-indeterminado\/","title":{"rendered":"LOS TRABAJADORES DE D\u00c1NICA CONTIN\u00daAN EL PARO POR TIEMPO INDETERMINADO"},"content":{"rendered":"<h3>As\u00ed lo confirm\u00f3 a<strong> Apuntes de San Luis<\/strong> uno de los delegados gremiales de la f\u00e1brica alimenticia\u00a0<strong>D\u00e1nica<\/strong>, <strong>Franco Pela<\/strong>, este domingo por la noche, indicando que por el momento no han tenido respuesta satisfactoria a sus reclamos, al tiempo que desminti\u00f3 informaciones period\u00edsticas sobre el supuesto rechazo de un aumento ofrecido por la empresa.<\/h3>\n<h3>Los trabajadores de esta planta ubicada en el parque industrial sur, nucleados en el Sindicato de Trabajadores Aceiteros, no han recibido por el momento ning\u00fan llamado de la patronal y permanecen movilizados frente a la f\u00e1brica, cumpliendo turnos y garantizando el paro de actividades.<\/h3>\n<h3>El viernes \u00faltimo, cuando comenz\u00f3 la medida de fuerza, los trabajadores de D\u00e1nica se movilizaron al Monumento Ensenada de las Pulgas, donde efectuaron un bloqueo intermitente en la rotonda.<\/h3>\n<p><img fetchpriority=\"high\" decoding=\"async\" class=\"wp-image-3967 aligncenter\" src=\"https:\/\/apuntesdesanluis.com\/wp-content\/uploads\/2023\/09\/danica-paro-300x177.png\" alt=\"\" width=\"747\" height=\"441\" srcset=\"https:\/\/apuntesdesanluis.com\/wp-content\/uploads\/2023\/09\/danica-paro-300x177.png 300w, https:\/\/apuntesdesanluis.com\/wp-content\/uploads\/2023\/09\/danica-paro-768x453.png 768w, https:\/\/apuntesdesanluis.com\/wp-content\/uploads\/2023\/09\/danica-paro.png 915w\" sizes=\"(max-width: 747px) 100vw, 747px\" \/><\/p>\n<h3>Por otro lado, el delegado sindical expres\u00f3 que est\u00e1n a la espera de una audiencia que se va celebrar en el Ministerio de Trabajo de la Naci\u00f3n este martes al mediod\u00eda, para intentar destrabar el conflicto.<\/h3>\n<p>&nbsp;<\/p>\n<!--[if lt IE 9]><script>document.createElement('audio');<\/script><![endif]-->\n<audio class=\"wp-audio-shortcode\" id=\"audio-3965-1\" preload=\"none\" style=\"width: 100%;\" controls=\"controls\"><source type=\"audio\/ogg\" src=\"https:\/\/apuntesdesanluis.com\/wp-content\/uploads\/2023\/09\/Franco-Pela-1.ogg?_=1\" \/><a href=\"https:\/\/apuntesdesanluis.com\/wp-content\/uploads\/2023\/09\/Franco-Pela-1.ogg\">https:\/\/apuntesdesanluis.com\/wp-content\/uploads\/2023\/09\/Franco-Pela-1.ogg<\/a><\/audio>\n<p>&nbsp;<\/p>\n<p>&nbsp;<\/p>\n<p>&nbsp;<\/p>\n","protected":false},"excerpt":{"rendered":"<p>As\u00ed lo confirm\u00f3 a Apuntes de San Luis uno de los delegados gremiales de la&#8230;<\/p>\n","protected":false},"author":1,"featured_media":3966,"comment_status":"closed","ping_status":"closed","sticky":false,"template":"","format":"standard","meta":{"footnotes":""},"categories":[6],"tags":[],"class_list":["post-3965","post","type-post","status-publish","format-standard","has-post-thumbnail","hentry","category-ciudad-provincia"],"yoast_head":"<!-- This site is optimized with the Yoast SEO plugin v26.1.1 - https:\/\/yoast.com\/wordpress\/plugins\/seo\/ -->\n<title>LOS TRABAJADORES DE D\u00c1NICA CONTIN\u00daAN EL PARO POR TIEMPO INDETERMINADO - Apuntes de San Luis<\/title>\n<meta name=\"robots\" content=\"index, follow, max-snippet:-1, max-image-preview:large, max-video-preview:-1\" \/>\n<link rel=\"canonical\" href=\"https:\/\/apuntesdesanluis.com\/index.php\/2023\/09\/24\/los-trabajadores-de-danica-continuan-el-paro-por-tiempo-indeterminado\/\" \/>\n<meta property=\"og:locale\" content=\"es_ES\" \/>\n<meta property=\"og:type\" content=\"article\" \/>\n<meta property=\"og:title\" content=\"LOS TRABAJADORES DE D\u00c1NICA CONTIN\u00daAN EL PARO POR TIEMPO INDETERMINADO - Apuntes de San Luis\" \/>\n<meta property=\"og:description\" content=\"As\u00ed lo confirm\u00f3 a Apuntes de San Luis uno de los delegados gremiales de la...\" \/>\n<meta property=\"og:url\" content=\"https:\/\/apuntesdesanluis.com\/index.php\/2023\/09\/24\/los-trabajadores-de-danica-continuan-el-paro-por-tiempo-indeterminado\/\" \/>\n<meta property=\"og:site_name\" content=\"Apuntes de San Luis\" \/>\n<meta property=\"article:published_time\" content=\"2023-09-25T01:01:45+00:00\" \/>\n<meta property=\"article:modified_time\" content=\"2023-09-25T01:03:10+00:00\" \/>\n<meta property=\"og:image\" content=\"https:\/\/apuntesdesanluis.com\/wp-content\/uploads\/2023\/09\/danica.png\" \/>\n\t<meta property=\"og:image:width\" content=\"727\" \/>\n\t<meta property=\"og:image:height\" content=\"391\" \/>\n\t<meta property=\"og:image:type\" content=\"image\/png\" \/>\n<meta name=\"author\" content=\"apuntesdesanluis.com\" \/>\n<meta name=\"twitter:card\" content=\"summary_large_image\" \/>\n<meta name=\"twitter:label1\" content=\"Escrito por\" \/>\n\t<meta name=\"twitter:data1\" content=\"apuntesdesanluis.com\" \/>\n\t<meta name=\"twitter:label2\" content=\"Tiempo de lectura\" \/>\n\t<meta name=\"twitter:data2\" content=\"1 minuto\" \/>\n<script type=\"application\/ld+json\" class=\"yoast-schema-graph\">{\"@context\":\"https:\/\/schema.org\",\"@graph\":[{\"@type\":\"Article\",\"@id\":\"https:\/\/apuntesdesanluis.com\/index.php\/2023\/09\/24\/los-trabajadores-de-danica-continuan-el-paro-por-tiempo-indeterminado\/#article\",\"isPartOf\":{\"@id\":\"https:\/\/apuntesdesanluis.com\/index.php\/2023\/09\/24\/los-trabajadores-de-danica-continuan-el-paro-por-tiempo-indeterminado\/\"},\"author\":{\"name\":\"apuntesdesanluis.com\",\"@id\":\"https:\/\/apuntesdesanluis.com\/#\/schema\/person\/b55151d52296fcce64d1a72538a70b90\"},\"headline\":\"LOS TRABAJADORES DE D\u00c1NICA CONTIN\u00daAN EL PARO POR TIEMPO INDETERMINADO\",\"datePublished\":\"2023-09-25T01:01:45+00:00\",\"dateModified\":\"2023-09-25T01:03:10+00:00\",\"mainEntityOfPage\":{\"@id\":\"https:\/\/apuntesdesanluis.com\/index.php\/2023\/09\/24\/los-trabajadores-de-danica-continuan-el-paro-por-tiempo-indeterminado\/\"},\"wordCount\":199,\"publisher\":{\"@id\":\"https:\/\/apuntesdesanluis.com\/#\/schema\/person\/b55151d52296fcce64d1a72538a70b90\"},\"image\":{\"@id\":\"https:\/\/apuntesdesanluis.com\/index.php\/2023\/09\/24\/los-trabajadores-de-danica-continuan-el-paro-por-tiempo-indeterminado\/#primaryimage\"},\"thumbnailUrl\":\"https:\/\/apuntesdesanluis.com\/wp-content\/uploads\/2023\/09\/danica.png\",\"articleSection\":[\"Ciudad\/Provincia\"],\"inLanguage\":\"es-AR\"},{\"@type\":\"WebPage\",\"@id\":\"https:\/\/apuntesdesanluis.com\/index.php\/2023\/09\/24\/los-trabajadores-de-danica-continuan-el-paro-por-tiempo-indeterminado\/\",\"url\":\"https:\/\/apuntesdesanluis.com\/index.php\/2023\/09\/24\/los-trabajadores-de-danica-continuan-el-paro-por-tiempo-indeterminado\/\",\"name\":\"LOS TRABAJADORES DE D\u00c1NICA CONTIN\u00daAN EL PARO POR TIEMPO INDETERMINADO - Apuntes de San Luis\",\"isPartOf\":{\"@id\":\"https:\/\/apuntesdesanluis.com\/#website\"},\"primaryImageOfPage\":{\"@id\":\"https:\/\/apuntesdesanluis.com\/index.php\/2023\/09\/24\/los-trabajadores-de-danica-continuan-el-paro-por-tiempo-indeterminado\/#primaryimage\"},\"image\":{\"@id\":\"https:\/\/apuntesdesanluis.com\/index.php\/2023\/09\/24\/los-trabajadores-de-danica-continuan-el-paro-por-tiempo-indeterminado\/#primaryimage\"},\"thumbnailUrl\":\"https:\/\/apuntesdesanluis.com\/wp-content\/uploads\/2023\/09\/danica.png\",\"datePublished\":\"2023-09-25T01:01:45+00:00\",\"dateModified\":\"2023-09-25T01:03:10+00:00\",\"breadcrumb\":{\"@id\":\"https:\/\/apuntesdesanluis.com\/index.php\/2023\/09\/24\/los-trabajadores-de-danica-continuan-el-paro-por-tiempo-indeterminado\/#breadcrumb\"},\"inLanguage\":\"es-AR\",\"potentialAction\":[{\"@type\":\"ReadAction\",\"target\":[\"https:\/\/apuntesdesanluis.com\/index.php\/2023\/09\/24\/los-trabajadores-de-danica-continuan-el-paro-por-tiempo-indeterminado\/\"]}]},{\"@type\":\"ImageObject\",\"inLanguage\":\"es-AR\",\"@id\":\"https:\/\/apuntesdesanluis.com\/index.php\/2023\/09\/24\/los-trabajadores-de-danica-continuan-el-paro-por-tiempo-indeterminado\/#primaryimage\",\"url\":\"https:\/\/apuntesdesanluis.com\/wp-content\/uploads\/2023\/09\/danica.png\",\"contentUrl\":\"https:\/\/apuntesdesanluis.com\/wp-content\/uploads\/2023\/09\/danica.png\",\"width\":727,\"height\":391},{\"@type\":\"BreadcrumbList\",\"@id\":\"https:\/\/apuntesdesanluis.com\/index.php\/2023\/09\/24\/los-trabajadores-de-danica-continuan-el-paro-por-tiempo-indeterminado\/#breadcrumb\",\"itemListElement\":[{\"@type\":\"ListItem\",\"position\":1,\"name\":\"Inicio\",\"item\":\"https:\/\/apuntesdesanluis.com\/\"},{\"@type\":\"ListItem\",\"position\":2,\"name\":\"LOS TRABAJADORES DE D\u00c1NICA CONTIN\u00daAN EL PARO POR TIEMPO INDETERMINADO\"}]},{\"@type\":\"WebSite\",\"@id\":\"https:\/\/apuntesdesanluis.com\/#website\",\"url\":\"https:\/\/apuntesdesanluis.com\/\",\"name\":\"Apuntes de San Luis\",\"description\":\"\",\"publisher\":{\"@id\":\"https:\/\/apuntesdesanluis.com\/#\/schema\/person\/b55151d52296fcce64d1a72538a70b90\"},\"potentialAction\":[{\"@type\":\"SearchAction\",\"target\":{\"@type\":\"EntryPoint\",\"urlTemplate\":\"https:\/\/apuntesdesanluis.com\/?s={search_term_string}\"},\"query-input\":{\"@type\":\"PropertyValueSpecification\",\"valueRequired\":true,\"valueName\":\"search_term_string\"}}],\"inLanguage\":\"es-AR\"},{\"@type\":[\"Person\",\"Organization\"],\"@id\":\"https:\/\/apuntesdesanluis.com\/#\/schema\/person\/b55151d52296fcce64d1a72538a70b90\",\"name\":\"apuntesdesanluis.com\",\"image\":{\"@type\":\"ImageObject\",\"inLanguage\":\"es-AR\",\"@id\":\"https:\/\/apuntesdesanluis.com\/#\/schema\/person\/image\/\",\"url\":\"https:\/\/apuntesdesanluis.com\/wp-content\/uploads\/2023\/07\/cropped-apuntesdesanluis.png\",\"contentUrl\":\"https:\/\/apuntesdesanluis.com\/wp-content\/uploads\/2023\/07\/cropped-apuntesdesanluis.png\",\"width\":450,\"height\":112,\"caption\":\"apuntesdesanluis.com\"},\"logo\":{\"@id\":\"https:\/\/apuntesdesanluis.com\/#\/schema\/person\/image\/\"},\"sameAs\":[\"https:\/\/apuntesdesanluis.com\"],\"url\":\"https:\/\/apuntesdesanluis.com\/index.php\/author\/apuntesdesanluis-com\/\"}]}<\/script>\n<!-- \/ Yoast SEO plugin. -->","yoast_head_json":{"title":"LOS TRABAJADORES DE D\u00c1NICA CONTIN\u00daAN EL PARO POR TIEMPO INDETERMINADO - Apuntes de San Luis","robots":{"index":"index","follow":"follow","max-snippet":"max-snippet:-1","max-image-preview":"max-image-preview:large","max-video-preview":"max-video-preview:-1"},"canonical":"https:\/\/apuntesdesanluis.com\/index.php\/2023\/09\/24\/los-trabajadores-de-danica-continuan-el-paro-por-tiempo-indeterminado\/","og_locale":"es_ES","og_type":"article","og_title":"LOS TRABAJADORES DE D\u00c1NICA CONTIN\u00daAN EL PARO POR TIEMPO INDETERMINADO - Apuntes de San Luis","og_description":"As\u00ed lo confirm\u00f3 a Apuntes de San Luis uno de los delegados gremiales de la...","og_url":"https:\/\/apuntesdesanluis.com\/index.php\/2023\/09\/24\/los-trabajadores-de-danica-continuan-el-paro-por-tiempo-indeterminado\/","og_site_name":"Apuntes de San Luis","article_published_time":"2023-09-25T01:01:45+00:00","article_modified_time":"2023-09-25T01:03:10+00:00","og_image":[{"width":727,"height":391,"url":"https:\/\/apuntesdesanluis.com\/wp-content\/uploads\/2023\/09\/danica.png","type":"image\/png"}],"author":"apuntesdesanluis.com","twitter_card":"summary_large_image","twitter_misc":{"Escrito por":"apuntesdesanluis.com","Tiempo de lectura":"1 minuto"},"schema":{"@context":"https:\/\/schema.org","@graph":[{"@type":"Article","@id":"https:\/\/apuntesdesanluis.com\/index.php\/2023\/09\/24\/los-trabajadores-de-danica-continuan-el-paro-por-tiempo-indeterminado\/#article","isPartOf":{"@id":"https:\/\/apuntesdesanluis.com\/index.php\/2023\/09\/24\/los-trabajadores-de-danica-continuan-el-paro-por-tiempo-indeterminado\/"},"author":{"name":"apuntesdesanluis.com","@id":"https:\/\/apuntesdesanluis.com\/#\/schema\/person\/b55151d52296fcce64d1a72538a70b90"},"headline":"LOS TRABAJADORES DE D\u00c1NICA CONTIN\u00daAN EL PARO POR TIEMPO INDETERMINADO","datePublished":"2023-09-25T01:01:45+00:00","dateModified":"2023-09-25T01:03:10+00:00","mainEntityOfPage":{"@id":"https:\/\/apuntesdesanluis.com\/index.php\/2023\/09\/24\/los-trabajadores-de-danica-continuan-el-paro-por-tiempo-indeterminado\/"},"wordCount":199,"publisher":{"@id":"https:\/\/apuntesdesanluis.com\/#\/schema\/person\/b55151d52296fcce64d1a72538a70b90"},"image":{"@id":"https:\/\/apuntesdesanluis.com\/index.php\/2023\/09\/24\/los-trabajadores-de-danica-continuan-el-paro-por-tiempo-indeterminado\/#primaryimage"},"thumbnailUrl":"https:\/\/apuntesdesanluis.com\/wp-content\/uploads\/2023\/09\/danica.png","articleSection":["Ciudad\/Provincia"],"inLanguage":"es-AR"},{"@type":"WebPage","@id":"https:\/\/apuntesdesanluis.com\/index.php\/2023\/09\/24\/los-trabajadores-de-danica-continuan-el-paro-por-tiempo-indeterminado\/","url":"https:\/\/apuntesdesanluis.com\/index.php\/2023\/09\/24\/los-trabajadores-de-danica-continuan-el-paro-por-tiempo-indeterminado\/","name":"LOS TRABAJADORES DE D\u00c1NICA CONTIN\u00daAN EL PARO POR TIEMPO INDETERMINADO - Apuntes de San Luis","isPartOf":{"@id":"https:\/\/apuntesdesanluis.com\/#website"},"primaryImageOfPage":{"@id":"https:\/\/apuntesdesanluis.com\/index.php\/2023\/09\/24\/los-trabajadores-de-danica-continuan-el-paro-por-tiempo-indeterminado\/#primaryimage"},"image":{"@id":"https:\/\/apuntesdesanluis.com\/index.php\/2023\/09\/24\/los-trabajadores-de-danica-continuan-el-paro-por-tiempo-indeterminado\/#primaryimage"},"thumbnailUrl":"https:\/\/apuntesdesanluis.com\/wp-content\/uploads\/2023\/09\/danica.png","datePublished":"2023-09-25T01:01:45+00:00","dateModified":"2023-09-25T01:03:10+00:00","breadcrumb":{"@id":"https:\/\/apuntesdesanluis.com\/index.php\/2023\/09\/24\/los-trabajadores-de-danica-continuan-el-paro-por-tiempo-indeterminado\/#breadcrumb"},"inLanguage":"es-AR","potentialAction":[{"@type":"ReadAction","target":["https:\/\/apuntesdesanluis.com\/index.php\/2023\/09\/24\/los-trabajadores-de-danica-continuan-el-paro-por-tiempo-indeterminado\/"]}]},{"@type":"ImageObject","inLanguage":"es-AR","@id":"https:\/\/apuntesdesanluis.com\/index.php\/2023\/09\/24\/los-trabajadores-de-danica-continuan-el-paro-por-tiempo-indeterminado\/#primaryimage","url":"https:\/\/apuntesdesanluis.com\/wp-content\/uploads\/2023\/09\/danica.png","contentUrl":"https:\/\/apuntesdesanluis.com\/wp-content\/uploads\/2023\/09\/danica.png","width":727,"height":391},{"@type":"BreadcrumbList","@id":"https:\/\/apuntesdesanluis.com\/index.php\/2023\/09\/24\/los-trabajadores-de-danica-continuan-el-paro-por-tiempo-indeterminado\/#breadcrumb","itemListElement":[{"@type":"ListItem","position":1,"name":"Inicio","item":"https:\/\/apuntesdesanluis.com\/"},{"@type":"ListItem","position":2,"name":"LOS TRABAJADORES DE D\u00c1NICA CONTIN\u00daAN EL PARO POR TIEMPO INDETERMINADO"}]},{"@type":"WebSite","@id":"https:\/\/apuntesdesanluis.com\/#website","url":"https:\/\/apuntesdesanluis.com\/","name":"Apuntes de San Luis","description":"","publisher":{"@id":"https:\/\/apuntesdesanluis.com\/#\/schema\/person\/b55151d52296fcce64d1a72538a70b90"},"potentialAction":[{"@type":"SearchAction","target":{"@type":"EntryPoint","urlTemplate":"https:\/\/apuntesdesanluis.com\/?s={search_term_string}"},"query-input":{"@type":"PropertyValueSpecification","valueRequired":true,"valueName":"search_term_string"}}],"inLanguage":"es-AR"},{"@type":["Person","Organization"],"@id":"https:\/\/apuntesdesanluis.com\/#\/schema\/person\/b55151d52296fcce64d1a72538a70b90","name":"apuntesdesanluis.com","image":{"@type":"ImageObject","inLanguage":"es-AR","@id":"https:\/\/apuntesdesanluis.com\/#\/schema\/person\/image\/","url":"https:\/\/apuntesdesanluis.com\/wp-content\/uploads\/2023\/07\/cropped-apuntesdesanluis.png","contentUrl":"https:\/\/apuntesdesanluis.com\/wp-content\/uploads\/2023\/07\/cropped-apuntesdesanluis.png","width":450,"height":112,"caption":"apuntesdesanluis.com"},"logo":{"@id":"https:\/\/apuntesdesanluis.com\/#\/schema\/person\/image\/"},"sameAs":["https:\/\/apuntesdesanluis.com"],"url":"https:\/\/apuntesdesanluis.com\/index.php\/author\/apuntesdesanluis-com\/"}]}},"featured_image_urls":{"full":["https:\/\/apuntesdesanluis.com\/wp-content\/uploads\/2023\/09\/danica.png",727,391,false],"thumbnail":["https:\/\/apuntesdesanluis.com\/wp-content\/uploads\/2023\/09\/danica-150x150.png",150,150,true],"medium":["https:\/\/apuntesdesanluis.com\/wp-content\/uploads\/2023\/09\/danica-300x161.png",300,161,true],"medium_large":["https:\/\/apuntesdesanluis.com\/wp-content\/uploads\/2023\/09\/danica.png",640,344,false],"large":["https:\/\/apuntesdesanluis.com\/wp-content\/uploads\/2023\/09\/danica.png",640,344,false],"1536x1536":["https:\/\/apuntesdesanluis.com\/wp-content\/uploads\/2023\/09\/danica.png",727,391,false],"2048x2048":["https:\/\/apuntesdesanluis.com\/wp-content\/uploads\/2023\/09\/danica.png",727,391,false],"newsever-slider-full":["https:\/\/apuntesdesanluis.com\/wp-content\/uploads\/2023\/09\/danica.png",727,391,false],"newsever-featured":["https:\/\/apuntesdesanluis.com\/wp-content\/uploads\/2023\/09\/danica.png",727,391,false],"newsever-medium":["https:\/\/apuntesdesanluis.com\/wp-content\/uploads\/2023\/09\/danica-720x391.png",720,391,true]},"author_info":{"display_name":"apuntesdesanluis.com","author_link":"https:\/\/apuntesdesanluis.com\/index.php\/author\/apuntesdesanluis-com\/"},"category_info":"<a href=\"https:\/\/apuntesdesanluis.com\/index.php\/category\/ciudad-provincia\/\" rel=\"category tag\">Ciudad\/Provincia<\/a>","tag_info":"Ciudad\/Provincia","comment_count":"0","_links":{"self":[{"href":"https:\/\/apuntesdesanluis.com\/index.php\/wp-json\/wp\/v2\/posts\/3965","targetHints":{"allow":["GET"]}}],"collection":[{"href":"https:\/\/apuntesdesanluis.com\/index.php\/wp-json\/wp\/v2\/posts"}],"about":[{"href":"https:\/\/apuntesdesanluis.com\/index.php\/wp-json\/wp\/v2\/types\/post"}],"author":[{"embeddable":true,"href":"https:\/\/apuntesdesanluis.com\/index.php\/wp-json\/wp\/v2\/users\/1"}],"replies":[{"embeddable":true,"href":"https:\/\/apuntesdesanluis.com\/index.php\/wp-json\/wp\/v2\/comments?post=3965"}],"version-history":[{"count":3,"href":"https:\/\/apuntesdesanluis.com\/index.php\/wp-json\/wp\/v2\/posts\/3965\/revisions"}],"predecessor-version":[{"id":3971,"href":"https:\/\/apuntesdesanluis.com\/index.php\/wp-json\/wp\/v2\/posts\/3965\/revisions\/3971"}],"wp:featuredmedia":[{"embeddable":true,"href":"https:\/\/apuntesdesanluis.com\/index.php\/wp-json\/wp\/v2\/media\/3966"}],"wp:attachment":[{"href":"https:\/\/apuntesdesanluis.com\/index.php\/wp-json\/wp\/v2\/media?parent=3965"}],"wp:term":[{"taxonomy":"category","embeddable":true,"href":"https:\/\/apuntesdesanluis.com\/index.php\/wp-json\/wp\/v2\/categories?post=3965"},{"taxonomy":"post_tag","embeddable":true,"href":"https:\/\/apuntesdesanluis.com\/index.php\/wp-json\/wp\/v2\/tags?post=3965"}],"curies":[{"name":"wp","href":"https:\/\/api.w.org\/{rel}","templated":true}]}}