{"id":399,"date":"2023-07-25T19:09:54","date_gmt":"2023-07-25T22:09:54","guid":{"rendered":"https:\/\/apuntesdesanluis.com\/?p=399"},"modified":"2023-07-25T19:09:54","modified_gmt":"2023-07-25T22:09:54","slug":"alberto-fernandez-en-mi-gobierno-paso-de-todo-falta-que-vengan-marcianos","status":"publish","type":"post","link":"https:\/\/apuntesdesanluis.com\/index.php\/2023\/07\/25\/alberto-fernandez-en-mi-gobierno-paso-de-todo-falta-que-vengan-marcianos\/","title":{"rendered":"ALBERTO FERN\u00c1NDEZ: &#8220;EN MI GOBIERNO PAS\u00d3 DE TODO, FALTA QUE VENGAN MARCIANOS&#8221;"},"content":{"rendered":"<h3>El presidente <strong>Alberto Fern\u00e1ndez<\/strong> mostr\u00f3 preocupaci\u00f3n respecto a los alertas clim\u00e1ticos que vaticinan la posibilidad de inundaciones en algunas zonas del pa\u00eds, y destac\u00f3 la asistencia de su administraci\u00f3n al sector agropecuario. &#8220;Siempre estuvimos cuando el sector nos necesit\u00f3, para todos&#8221;, remarc\u00f3 desde el Museo del Bicentenario, en Casa Rosada.<\/h3>\n<h3>Lo hizo en el marco de el cierre del 45\u00b0 Consejo Federal Agropecuario, desde donde se dedic\u00f3 a repasar las acciones llevadas adelante durante su mandato y a exponer sobre la necesidad de explorar alternativas para hacer frente a la problem\u00e1tica del cambio clim\u00e1tico.<\/h3>\n<h3>&#8220;Hay un primer alerta que es la atenci\u00f3n al cambio clim\u00e1tico, a hacer lo que debemos hacer para recuperar racionalidad en el clima del mundo que es una forma de encontrarle perspectivas claras. Es un llamado de atenci\u00f3n a todos&#8221;, alert\u00f3 el jefe de Estado.<\/h3>\n<h3>El Presidente lament\u00f3 adem\u00e1s el impacto negativo que la sequ\u00eda tuvo en las econom\u00edas regionales, y consider\u00f3 que \u201cmuchas veces la pol\u00edtica no ayuda\u201d a resolver los problemas ambientales que sufre el planeta.<\/h3>\n<p><iframe title=\"Fern\u00e1ndez afirm\u00f3 que &quot;el agro y la industria van de la mano&quot; y llam\u00f3 terminar con &quot;extractivismo&quot;\" width=\"640\" height=\"360\" src=\"https:\/\/www.youtube.com\/embed\/oMFDK6TZABQ?feature=oembed\" frameborder=\"0\" allow=\"accelerometer; autoplay; clipboard-write; encrypted-media; gyroscope; picture-in-picture; web-share\" referrerpolicy=\"strict-origin-when-cross-origin\" allowfullscreen><\/iframe><\/p>\n<h3>En sinton\u00eda con las tendencias clim\u00e1ticas expuestas por el titular del INTA, Pablo Mercuri, el mandatario revel\u00f3 que habl\u00f3 con sus ministros Sergio Massa (Econom\u00eda) y Juan Cabandi\u00e9 (Ambiente y Desarrollo Sostenible) respecto al temor que le genera la posibilidad de &#8220;una ola de inundaciones en Santa Fe y Corrientes, porque es lo que se pronostica&#8221;, y pidi\u00f3 anticiparse a las posibilidades.<\/h3>\n<h3>&#8220;No podemos repetir la experiencia, debemos trabajar para ver de qu\u00e9 modo mitigamos los efectos de las inundaciones&#8221;, afirm\u00f3, y puntualiz\u00f3: &#8220;Lo que puede ser una buena noticia para el agro, puede ser una noticia p\u00e9sima para ciudades y habitantes&#8221;.<\/h3>\n<h3>Alejado de la campa\u00f1a electoral de Uni\u00f3n por la Patria, con el foco puesto en la gesti\u00f3n, el Presidente asever\u00f3: &#8220;Reconozco que en mi Gobierno me ha pasado de todo, solo falta que lleguen los marcianos. Esperaba que la sequ\u00eda fuera la \u00faltima, pero parece ser que no, que ahora corremos el riesgo de que nos sobre agua&#8221;.<\/h3>\n<h3>&#8220;Que nos preocupa el tema agropecuario y lo ponemos en valor no debe caberle duda a nadie, Sergio [Massa] me mand\u00f3 tres p\u00e1ginas de las cosas que hicimos para preservar al sector agropecuario&#8221;, manifest\u00f3 ubicado en el centro de una mesa con forma de U, con su discurso en mano, y continu\u00f3: &#8220;Pero estamos en un tiempo dif\u00edcil, y no lo quiero leer porque si lo leo, van a pensar que estoy pasando cuentas, pero quiero solo recordarles que siempre estuvimos cuando el sector nos necesit\u00f3, para todos&#8221;.<\/h3>\n<h3>En compa\u00f1\u00eda del secretario de Agricultura, Ganader\u00eda y Pesca, Juan Jos\u00e9 Bahillo, y autoridades provinciales del sector, el jefe de Estado plante\u00f3 que \u201cel agro y la industria van de la mano\u201d, y consider\u00f3 que la Argentina \u201cdebe agregarle valor\u201d a la producci\u00f3n para dejar atr\u00e1s el extractivismo.<\/h3>\n<h3>Por \u00faltimo, record\u00f3 que durante la Cumbre CELAC &#8211; Uni\u00f3n Europea, el bloque europeo reconoci\u00f3 que la Argentina tiene &#8220;el derecho de ser un pa\u00eds primario e industrializar la producci\u00f3n&#8221;, y concluy\u00f3: &#8220;Ahora lo que podemos hacer es tratar esa ley que tanto luchamos en Congreso, la Ley Agroindustrial que all\u00ed qued\u00f3. Ojal\u00e1 alg\u00fan d\u00eda alguien se de cuenta la importancia que tiene para el desarrollo de nuestro pa\u00eds&#8221;.<\/h3>\n","protected":false},"excerpt":{"rendered":"<p>El presidente Alberto Fern\u00e1ndez mostr\u00f3 preocupaci\u00f3n respecto a los alertas clim\u00e1ticos que vaticinan la posibilidad&#8230;<\/p>\n","protected":false},"author":1,"featured_media":400,"comment_status":"closed","ping_status":"closed","sticky":false,"template":"","format":"standard","meta":{"footnotes":""},"categories":[5],"tags":[],"class_list":["post-399","post","type-post","status-publish","format-standard","has-post-thumbnail","hentry","category-nacionales-internacionales"],"yoast_head":"<!-- This site is optimized with the Yoast SEO plugin v26.1.1 - https:\/\/yoast.com\/wordpress\/plugins\/seo\/ -->\n<title>ALBERTO FERN\u00c1NDEZ: &quot;EN MI GOBIERNO PAS\u00d3 DE TODO, FALTA QUE VENGAN MARCIANOS&quot; - Apuntes de San Luis<\/title>\n<meta name=\"robots\" content=\"index, follow, max-snippet:-1, max-image-preview:large, max-video-preview:-1\" \/>\n<link rel=\"canonical\" href=\"https:\/\/apuntesdesanluis.com\/index.php\/2023\/07\/25\/alberto-fernandez-en-mi-gobierno-paso-de-todo-falta-que-vengan-marcianos\/\" \/>\n<meta property=\"og:locale\" content=\"es_ES\" \/>\n<meta property=\"og:type\" content=\"article\" \/>\n<meta property=\"og:title\" content=\"ALBERTO FERN\u00c1NDEZ: &quot;EN MI GOBIERNO PAS\u00d3 DE TODO, FALTA QUE VENGAN MARCIANOS&quot; - Apuntes de San Luis\" \/>\n<meta property=\"og:description\" content=\"El presidente Alberto Fern\u00e1ndez mostr\u00f3 preocupaci\u00f3n respecto a los alertas clim\u00e1ticos que vaticinan la posibilidad...\" \/>\n<meta property=\"og:url\" content=\"https:\/\/apuntesdesanluis.com\/index.php\/2023\/07\/25\/alberto-fernandez-en-mi-gobierno-paso-de-todo-falta-que-vengan-marcianos\/\" \/>\n<meta property=\"og:site_name\" content=\"Apuntes de San Luis\" \/>\n<meta property=\"article:published_time\" content=\"2023-07-25T22:09:54+00:00\" \/>\n<meta property=\"og:image\" content=\"https:\/\/apuntesdesanluis.com\/wp-content\/uploads\/2023\/07\/fernandez.png\" \/>\n\t<meta property=\"og:image:width\" content=\"821\" \/>\n\t<meta property=\"og:image:height\" content=\"529\" \/>\n\t<meta property=\"og:image:type\" content=\"image\/png\" \/>\n<meta name=\"author\" content=\"apuntesdesanluis.com\" \/>\n<meta name=\"twitter:card\" content=\"summary_large_image\" \/>\n<meta name=\"twitter:label1\" content=\"Escrito por\" \/>\n\t<meta name=\"twitter:data1\" content=\"apuntesdesanluis.com\" \/>\n\t<meta name=\"twitter:label2\" content=\"Tiempo de lectura\" \/>\n\t<meta name=\"twitter:data2\" content=\"3 minutos\" \/>\n<script type=\"application\/ld+json\" class=\"yoast-schema-graph\">{\"@context\":\"https:\/\/schema.org\",\"@graph\":[{\"@type\":\"Article\",\"@id\":\"https:\/\/apuntesdesanluis.com\/index.php\/2023\/07\/25\/alberto-fernandez-en-mi-gobierno-paso-de-todo-falta-que-vengan-marcianos\/#article\",\"isPartOf\":{\"@id\":\"https:\/\/apuntesdesanluis.com\/index.php\/2023\/07\/25\/alberto-fernandez-en-mi-gobierno-paso-de-todo-falta-que-vengan-marcianos\/\"},\"author\":{\"name\":\"apuntesdesanluis.com\",\"@id\":\"https:\/\/apuntesdesanluis.com\/#\/schema\/person\/b55151d52296fcce64d1a72538a70b90\"},\"headline\":\"ALBERTO FERN\u00c1NDEZ: &#8220;EN MI GOBIERNO PAS\u00d3 DE TODO, FALTA QUE VENGAN MARCIANOS&#8221;\",\"datePublished\":\"2023-07-25T22:09:54+00:00\",\"mainEntityOfPage\":{\"@id\":\"https:\/\/apuntesdesanluis.com\/index.php\/2023\/07\/25\/alberto-fernandez-en-mi-gobierno-paso-de-todo-falta-que-vengan-marcianos\/\"},\"wordCount\":613,\"publisher\":{\"@id\":\"https:\/\/apuntesdesanluis.com\/#\/schema\/person\/b55151d52296fcce64d1a72538a70b90\"},\"image\":{\"@id\":\"https:\/\/apuntesdesanluis.com\/index.php\/2023\/07\/25\/alberto-fernandez-en-mi-gobierno-paso-de-todo-falta-que-vengan-marcianos\/#primaryimage\"},\"thumbnailUrl\":\"https:\/\/apuntesdesanluis.com\/wp-content\/uploads\/2023\/07\/fernandez.png\",\"articleSection\":[\"Nacionales\/Internacionales\"],\"inLanguage\":\"es-AR\"},{\"@type\":\"WebPage\",\"@id\":\"https:\/\/apuntesdesanluis.com\/index.php\/2023\/07\/25\/alberto-fernandez-en-mi-gobierno-paso-de-todo-falta-que-vengan-marcianos\/\",\"url\":\"https:\/\/apuntesdesanluis.com\/index.php\/2023\/07\/25\/alberto-fernandez-en-mi-gobierno-paso-de-todo-falta-que-vengan-marcianos\/\",\"name\":\"ALBERTO FERN\u00c1NDEZ: \\\"EN MI GOBIERNO PAS\u00d3 DE TODO, FALTA QUE VENGAN MARCIANOS\\\" - Apuntes de San Luis\",\"isPartOf\":{\"@id\":\"https:\/\/apuntesdesanluis.com\/#website\"},\"primaryImageOfPage\":{\"@id\":\"https:\/\/apuntesdesanluis.com\/index.php\/2023\/07\/25\/alberto-fernandez-en-mi-gobierno-paso-de-todo-falta-que-vengan-marcianos\/#primaryimage\"},\"image\":{\"@id\":\"https:\/\/apuntesdesanluis.com\/index.php\/2023\/07\/25\/alberto-fernandez-en-mi-gobierno-paso-de-todo-falta-que-vengan-marcianos\/#primaryimage\"},\"thumbnailUrl\":\"https:\/\/apuntesdesanluis.com\/wp-content\/uploads\/2023\/07\/fernandez.png\",\"datePublished\":\"2023-07-25T22:09:54+00:00\",\"breadcrumb\":{\"@id\":\"https:\/\/apuntesdesanluis.com\/index.php\/2023\/07\/25\/alberto-fernandez-en-mi-gobierno-paso-de-todo-falta-que-vengan-marcianos\/#breadcrumb\"},\"inLanguage\":\"es-AR\",\"potentialAction\":[{\"@type\":\"ReadAction\",\"target\":[\"https:\/\/apuntesdesanluis.com\/index.php\/2023\/07\/25\/alberto-fernandez-en-mi-gobierno-paso-de-todo-falta-que-vengan-marcianos\/\"]}]},{\"@type\":\"ImageObject\",\"inLanguage\":\"es-AR\",\"@id\":\"https:\/\/apuntesdesanluis.com\/index.php\/2023\/07\/25\/alberto-fernandez-en-mi-gobierno-paso-de-todo-falta-que-vengan-marcianos\/#primaryimage\",\"url\":\"https:\/\/apuntesdesanluis.com\/wp-content\/uploads\/2023\/07\/fernandez.png\",\"contentUrl\":\"https:\/\/apuntesdesanluis.com\/wp-content\/uploads\/2023\/07\/fernandez.png\",\"width\":821,\"height\":529},{\"@type\":\"BreadcrumbList\",\"@id\":\"https:\/\/apuntesdesanluis.com\/index.php\/2023\/07\/25\/alberto-fernandez-en-mi-gobierno-paso-de-todo-falta-que-vengan-marcianos\/#breadcrumb\",\"itemListElement\":[{\"@type\":\"ListItem\",\"position\":1,\"name\":\"Inicio\",\"item\":\"https:\/\/apuntesdesanluis.com\/\"},{\"@type\":\"ListItem\",\"position\":2,\"name\":\"ALBERTO FERN\u00c1NDEZ: &#8220;EN MI GOBIERNO PAS\u00d3 DE TODO, FALTA QUE VENGAN MARCIANOS&#8221;\"}]},{\"@type\":\"WebSite\",\"@id\":\"https:\/\/apuntesdesanluis.com\/#website\",\"url\":\"https:\/\/apuntesdesanluis.com\/\",\"name\":\"Apuntes de San Luis\",\"description\":\"\",\"publisher\":{\"@id\":\"https:\/\/apuntesdesanluis.com\/#\/schema\/person\/b55151d52296fcce64d1a72538a70b90\"},\"potentialAction\":[{\"@type\":\"SearchAction\",\"target\":{\"@type\":\"EntryPoint\",\"urlTemplate\":\"https:\/\/apuntesdesanluis.com\/?s={search_term_string}\"},\"query-input\":{\"@type\":\"PropertyValueSpecification\",\"valueRequired\":true,\"valueName\":\"search_term_string\"}}],\"inLanguage\":\"es-AR\"},{\"@type\":[\"Person\",\"Organization\"],\"@id\":\"https:\/\/apuntesdesanluis.com\/#\/schema\/person\/b55151d52296fcce64d1a72538a70b90\",\"name\":\"apuntesdesanluis.com\",\"image\":{\"@type\":\"ImageObject\",\"inLanguage\":\"es-AR\",\"@id\":\"https:\/\/apuntesdesanluis.com\/#\/schema\/person\/image\/\",\"url\":\"https:\/\/apuntesdesanluis.com\/wp-content\/uploads\/2023\/07\/cropped-apuntesdesanluis.png\",\"contentUrl\":\"https:\/\/apuntesdesanluis.com\/wp-content\/uploads\/2023\/07\/cropped-apuntesdesanluis.png\",\"width\":450,\"height\":112,\"caption\":\"apuntesdesanluis.com\"},\"logo\":{\"@id\":\"https:\/\/apuntesdesanluis.com\/#\/schema\/person\/image\/\"},\"sameAs\":[\"https:\/\/apuntesdesanluis.com\"],\"url\":\"https:\/\/apuntesdesanluis.com\/index.php\/author\/apuntesdesanluis-com\/\"}]}<\/script>\n<!-- \/ Yoast SEO plugin. -->","yoast_head_json":{"title":"ALBERTO FERN\u00c1NDEZ: \"EN MI GOBIERNO PAS\u00d3 DE TODO, FALTA QUE VENGAN MARCIANOS\" - Apuntes de San Luis","robots":{"index":"index","follow":"follow","max-snippet":"max-snippet:-1","max-image-preview":"max-image-preview:large","max-video-preview":"max-video-preview:-1"},"canonical":"https:\/\/apuntesdesanluis.com\/index.php\/2023\/07\/25\/alberto-fernandez-en-mi-gobierno-paso-de-todo-falta-que-vengan-marcianos\/","og_locale":"es_ES","og_type":"article","og_title":"ALBERTO FERN\u00c1NDEZ: \"EN MI GOBIERNO PAS\u00d3 DE TODO, FALTA QUE VENGAN MARCIANOS\" - Apuntes de San Luis","og_description":"El presidente Alberto Fern\u00e1ndez mostr\u00f3 preocupaci\u00f3n respecto a los alertas clim\u00e1ticos que vaticinan la posibilidad...","og_url":"https:\/\/apuntesdesanluis.com\/index.php\/2023\/07\/25\/alberto-fernandez-en-mi-gobierno-paso-de-todo-falta-que-vengan-marcianos\/","og_site_name":"Apuntes de San Luis","article_published_time":"2023-07-25T22:09:54+00:00","og_image":[{"width":821,"height":529,"url":"https:\/\/apuntesdesanluis.com\/wp-content\/uploads\/2023\/07\/fernandez.png","type":"image\/png"}],"author":"apuntesdesanluis.com","twitter_card":"summary_large_image","twitter_misc":{"Escrito por":"apuntesdesanluis.com","Tiempo de lectura":"3 minutos"},"schema":{"@context":"https:\/\/schema.org","@graph":[{"@type":"Article","@id":"https:\/\/apuntesdesanluis.com\/index.php\/2023\/07\/25\/alberto-fernandez-en-mi-gobierno-paso-de-todo-falta-que-vengan-marcianos\/#article","isPartOf":{"@id":"https:\/\/apuntesdesanluis.com\/index.php\/2023\/07\/25\/alberto-fernandez-en-mi-gobierno-paso-de-todo-falta-que-vengan-marcianos\/"},"author":{"name":"apuntesdesanluis.com","@id":"https:\/\/apuntesdesanluis.com\/#\/schema\/person\/b55151d52296fcce64d1a72538a70b90"},"headline":"ALBERTO FERN\u00c1NDEZ: &#8220;EN MI GOBIERNO PAS\u00d3 DE TODO, FALTA QUE VENGAN MARCIANOS&#8221;","datePublished":"2023-07-25T22:09:54+00:00","mainEntityOfPage":{"@id":"https:\/\/apuntesdesanluis.com\/index.php\/2023\/07\/25\/alberto-fernandez-en-mi-gobierno-paso-de-todo-falta-que-vengan-marcianos\/"},"wordCount":613,"publisher":{"@id":"https:\/\/apuntesdesanluis.com\/#\/schema\/person\/b55151d52296fcce64d1a72538a70b90"},"image":{"@id":"https:\/\/apuntesdesanluis.com\/index.php\/2023\/07\/25\/alberto-fernandez-en-mi-gobierno-paso-de-todo-falta-que-vengan-marcianos\/#primaryimage"},"thumbnailUrl":"https:\/\/apuntesdesanluis.com\/wp-content\/uploads\/2023\/07\/fernandez.png","articleSection":["Nacionales\/Internacionales"],"inLanguage":"es-AR"},{"@type":"WebPage","@id":"https:\/\/apuntesdesanluis.com\/index.php\/2023\/07\/25\/alberto-fernandez-en-mi-gobierno-paso-de-todo-falta-que-vengan-marcianos\/","url":"https:\/\/apuntesdesanluis.com\/index.php\/2023\/07\/25\/alberto-fernandez-en-mi-gobierno-paso-de-todo-falta-que-vengan-marcianos\/","name":"ALBERTO FERN\u00c1NDEZ: \"EN MI GOBIERNO PAS\u00d3 DE TODO, FALTA QUE VENGAN MARCIANOS\" - Apuntes de San Luis","isPartOf":{"@id":"https:\/\/apuntesdesanluis.com\/#website"},"primaryImageOfPage":{"@id":"https:\/\/apuntesdesanluis.com\/index.php\/2023\/07\/25\/alberto-fernandez-en-mi-gobierno-paso-de-todo-falta-que-vengan-marcianos\/#primaryimage"},"image":{"@id":"https:\/\/apuntesdesanluis.com\/index.php\/2023\/07\/25\/alberto-fernandez-en-mi-gobierno-paso-de-todo-falta-que-vengan-marcianos\/#primaryimage"},"thumbnailUrl":"https:\/\/apuntesdesanluis.com\/wp-content\/uploads\/2023\/07\/fernandez.png","datePublished":"2023-07-25T22:09:54+00:00","breadcrumb":{"@id":"https:\/\/apuntesdesanluis.com\/index.php\/2023\/07\/25\/alberto-fernandez-en-mi-gobierno-paso-de-todo-falta-que-vengan-marcianos\/#breadcrumb"},"inLanguage":"es-AR","potentialAction":[{"@type":"ReadAction","target":["https:\/\/apuntesdesanluis.com\/index.php\/2023\/07\/25\/alberto-fernandez-en-mi-gobierno-paso-de-todo-falta-que-vengan-marcianos\/"]}]},{"@type":"ImageObject","inLanguage":"es-AR","@id":"https:\/\/apuntesdesanluis.com\/index.php\/2023\/07\/25\/alberto-fernandez-en-mi-gobierno-paso-de-todo-falta-que-vengan-marcianos\/#primaryimage","url":"https:\/\/apuntesdesanluis.com\/wp-content\/uploads\/2023\/07\/fernandez.png","contentUrl":"https:\/\/apuntesdesanluis.com\/wp-content\/uploads\/2023\/07\/fernandez.png","width":821,"height":529},{"@type":"BreadcrumbList","@id":"https:\/\/apuntesdesanluis.com\/index.php\/2023\/07\/25\/alberto-fernandez-en-mi-gobierno-paso-de-todo-falta-que-vengan-marcianos\/#breadcrumb","itemListElement":[{"@type":"ListItem","position":1,"name":"Inicio","item":"https:\/\/apuntesdesanluis.com\/"},{"@type":"ListItem","position":2,"name":"ALBERTO FERN\u00c1NDEZ: &#8220;EN MI GOBIERNO PAS\u00d3 DE TODO, FALTA QUE VENGAN MARCIANOS&#8221;"}]},{"@type":"WebSite","@id":"https:\/\/apuntesdesanluis.com\/#website","url":"https:\/\/apuntesdesanluis.com\/","name":"Apuntes de San Luis","description":"","publisher":{"@id":"https:\/\/apuntesdesanluis.com\/#\/schema\/person\/b55151d52296fcce64d1a72538a70b90"},"potentialAction":[{"@type":"SearchAction","target":{"@type":"EntryPoint","urlTemplate":"https:\/\/apuntesdesanluis.com\/?s={search_term_string}"},"query-input":{"@type":"PropertyValueSpecification","valueRequired":true,"valueName":"search_term_string"}}],"inLanguage":"es-AR"},{"@type":["Person","Organization"],"@id":"https:\/\/apuntesdesanluis.com\/#\/schema\/person\/b55151d52296fcce64d1a72538a70b90","name":"apuntesdesanluis.com","image":{"@type":"ImageObject","inLanguage":"es-AR","@id":"https:\/\/apuntesdesanluis.com\/#\/schema\/person\/image\/","url":"https:\/\/apuntesdesanluis.com\/wp-content\/uploads\/2023\/07\/cropped-apuntesdesanluis.png","contentUrl":"https:\/\/apuntesdesanluis.com\/wp-content\/uploads\/2023\/07\/cropped-apuntesdesanluis.png","width":450,"height":112,"caption":"apuntesdesanluis.com"},"logo":{"@id":"https:\/\/apuntesdesanluis.com\/#\/schema\/person\/image\/"},"sameAs":["https:\/\/apuntesdesanluis.com"],"url":"https:\/\/apuntesdesanluis.com\/index.php\/author\/apuntesdesanluis-com\/"}]}},"featured_image_urls":{"full":["https:\/\/apuntesdesanluis.com\/wp-content\/uploads\/2023\/07\/fernandez.png",821,529,false],"thumbnail":["https:\/\/apuntesdesanluis.com\/wp-content\/uploads\/2023\/07\/fernandez-150x150.png",150,150,true],"medium":["https:\/\/apuntesdesanluis.com\/wp-content\/uploads\/2023\/07\/fernandez-300x193.png",300,193,true],"medium_large":["https:\/\/apuntesdesanluis.com\/wp-content\/uploads\/2023\/07\/fernandez-768x495.png",640,413,true],"large":["https:\/\/apuntesdesanluis.com\/wp-content\/uploads\/2023\/07\/fernandez.png",640,412,false],"1536x1536":["https:\/\/apuntesdesanluis.com\/wp-content\/uploads\/2023\/07\/fernandez.png",821,529,false],"2048x2048":["https:\/\/apuntesdesanluis.com\/wp-content\/uploads\/2023\/07\/fernandez.png",821,529,false],"newsever-slider-full":["https:\/\/apuntesdesanluis.com\/wp-content\/uploads\/2023\/07\/fernandez.png",821,529,false],"newsever-featured":["https:\/\/apuntesdesanluis.com\/wp-content\/uploads\/2023\/07\/fernandez.png",821,529,false],"newsever-medium":["https:\/\/apuntesdesanluis.com\/wp-content\/uploads\/2023\/07\/fernandez-720x475.png",720,475,true]},"author_info":{"display_name":"apuntesdesanluis.com","author_link":"https:\/\/apuntesdesanluis.com\/index.php\/author\/apuntesdesanluis-com\/"},"category_info":"<a href=\"https:\/\/apuntesdesanluis.com\/index.php\/category\/nacionales-internacionales\/\" rel=\"category tag\">Nacionales\/Internacionales<\/a>","tag_info":"Nacionales\/Internacionales","comment_count":"0","_links":{"self":[{"href":"https:\/\/apuntesdesanluis.com\/index.php\/wp-json\/wp\/v2\/posts\/399","targetHints":{"allow":["GET"]}}],"collection":[{"href":"https:\/\/apuntesdesanluis.com\/index.php\/wp-json\/wp\/v2\/posts"}],"about":[{"href":"https:\/\/apuntesdesanluis.com\/index.php\/wp-json\/wp\/v2\/types\/post"}],"author":[{"embeddable":true,"href":"https:\/\/apuntesdesanluis.com\/index.php\/wp-json\/wp\/v2\/users\/1"}],"replies":[{"embeddable":true,"href":"https:\/\/apuntesdesanluis.com\/index.php\/wp-json\/wp\/v2\/comments?post=399"}],"version-history":[{"count":1,"href":"https:\/\/apuntesdesanluis.com\/index.php\/wp-json\/wp\/v2\/posts\/399\/revisions"}],"predecessor-version":[{"id":401,"href":"https:\/\/apuntesdesanluis.com\/index.php\/wp-json\/wp\/v2\/posts\/399\/revisions\/401"}],"wp:featuredmedia":[{"embeddable":true,"href":"https:\/\/apuntesdesanluis.com\/index.php\/wp-json\/wp\/v2\/media\/400"}],"wp:attachment":[{"href":"https:\/\/apuntesdesanluis.com\/index.php\/wp-json\/wp\/v2\/media?parent=399"}],"wp:term":[{"taxonomy":"category","embeddable":true,"href":"https:\/\/apuntesdesanluis.com\/index.php\/wp-json\/wp\/v2\/categories?post=399"},{"taxonomy":"post_tag","embeddable":true,"href":"https:\/\/apuntesdesanluis.com\/index.php\/wp-json\/wp\/v2\/tags?post=399"}],"curies":[{"name":"wp","href":"https:\/\/api.w.org\/{rel}","templated":true}]}}