{"id":3991,"date":"2023-09-25T12:30:13","date_gmt":"2023-09-25T15:30:13","guid":{"rendered":"https:\/\/apuntesdesanluis.com\/?p=3991"},"modified":"2023-09-26T09:29:16","modified_gmt":"2023-09-26T12:29:16","slug":"morinigo-y-otros-rectores-de-america-latina-visitaron-al-papa-francisco","status":"publish","type":"post","link":"https:\/\/apuntesdesanluis.com\/index.php\/2023\/09\/25\/morinigo-y-otros-rectores-de-america-latina-visitaron-al-papa-francisco\/","title":{"rendered":"MORI\u00d1IGO Y OTROS RECTORES DE AM\u00c9RICA LATINA VISITARON AL PAPA FRANCISCO"},"content":{"rendered":"<h3>Mediante un llamado a trav\u00e9s de la Red de Universidades para el Cuidado de la Casa Com\u00fan (RUC), rectores y rectoras de universidades p\u00fablicas, privadas, laicas y cat\u00f3licas formaron parte de un encuentro de trabajo.<\/h3>\n<h3>El encuentro, denominado \u201c<strong>Organizando la Esperanza<\/strong>\u201d y organizado por la Red de Universidades para el Cuidado de la Casa Com\u00fan (RUC) junto con la Pontificia Comisi\u00f3n para Am\u00e9rica Latina del Vaticano (PCAL), se llev\u00f3 a cabo entre el 20 y el 21 de septiembre.<\/h3>\n<h3>Entre los temas abordados, se trat\u00f3 el aporte que la educaci\u00f3n superior de la regi\u00f3n podr\u00eda realizar en temas de cuidado del ambiente, nuevos paradigmas econ\u00f3micos y sociales, tecnocracias y nuevas tecnolog\u00edas, en el marco de la Enc\u00edclica Laudato Si\u00b4.<\/h3>\n<h3>En ese marco, el rector de la Universidad Nacional de San Luis (UNSL), C.P.N. <strong>V\u00edctor Mori\u00f1igo<\/strong>, cumpli\u00f3 con una extensa agenda de actividades.<\/h3>\n<h3>Inicialmente, particip\u00f3 como Vicepresidente del Consejo Interuniversitario Nacional (CIN) de una reuni\u00f3n con la Conferencia de Rectores de Universidades Italianas (CRUI). Asimismo, form\u00f3 parte de un encuentro con la embajada argentina en Roma, y de una primera reuni\u00f3n con la RUC.<\/h3>\n<p><img fetchpriority=\"high\" decoding=\"async\" class=\"wp-image-3993 aligncenter\" src=\"https:\/\/apuntesdesanluis.com\/wp-content\/uploads\/2023\/09\/DOS-5-300x168.png\" alt=\"\" width=\"545\" height=\"305\" srcset=\"https:\/\/apuntesdesanluis.com\/wp-content\/uploads\/2023\/09\/DOS-5-300x168.png 300w, https:\/\/apuntesdesanluis.com\/wp-content\/uploads\/2023\/09\/DOS-5.png 600w\" sizes=\"(max-width: 545px) 100vw, 545px\" \/><\/p>\n<h3>JORNADA DE TRABAJO EN AULAS PABLO VI<\/h3>\n<h3>Posteriormente mantuvo una jornada preparatoria de trabajo en Aulas Pablo VI del Vaticano, para luego compartir las conclusiones en una audiencia privada con el Papa Francisco, al que acudieron 216 rectores de Am\u00e9rica Latina y el Caribe. All\u00ed, el Rector pudo presentarse personalmente al Santo Padre llevando el saludo Institucional de nuestra Universidad y entregando como presente la obra completa de Antonio Esteban Ag\u00fcero, el poeta puntano. Como resultado de este encuentro se traz\u00f3 seguidamente, una hoja de ruta de labor com\u00fan entre las instituciones universitarias participantes.<\/h3>\n<h3>Seguido al encuentro con el Santo Padre, Mori\u00f1igo form\u00f3 parte de una reuni\u00f3n de conclusi\u00f3n con autoridades de la Red de Universidades para el Cuidado de la Casa Com\u00fan (RUC), y adelant\u00f3 el ingreso inminente de nuestra Instituci\u00f3n a dicha Red.<\/h3>\n<h3>Por \u00faltimo, particip\u00f3 de la firma del compromiso mundial de uso con \u00e9tica de la Inteligencia Artificial, una nueva causa propiciada por el Vaticano, otros Estados, multinacionales de la comunicaci\u00f3n y universidades del mundo.<\/h3>\n<p><img decoding=\"async\" class=\"wp-image-3994 aligncenter\" src=\"https:\/\/apuntesdesanluis.com\/wp-content\/uploads\/2023\/09\/DOS-UNO-300x165.png\" alt=\"\" width=\"526\" height=\"289\" srcset=\"https:\/\/apuntesdesanluis.com\/wp-content\/uploads\/2023\/09\/DOS-UNO-300x165.png 300w, https:\/\/apuntesdesanluis.com\/wp-content\/uploads\/2023\/09\/DOS-UNO.png 715w\" sizes=\"(max-width: 526px) 100vw, 526px\" \/><\/p>\n<p>&nbsp;<\/p>\n<p>&nbsp;<\/p>\n<p>&nbsp;<\/p>\n","protected":false},"excerpt":{"rendered":"<p>Mediante un llamado a trav\u00e9s de la Red de Universidades para el Cuidado de la&#8230;<\/p>\n","protected":false},"author":1,"featured_media":3992,"comment_status":"closed","ping_status":"closed","sticky":false,"template":"","format":"standard","meta":{"footnotes":""},"categories":[6],"tags":[],"class_list":["post-3991","post","type-post","status-publish","format-standard","has-post-thumbnail","hentry","category-ciudad-provincia"],"yoast_head":"<!-- This site is optimized with the Yoast SEO plugin v26.1.1 - https:\/\/yoast.com\/wordpress\/plugins\/seo\/ -->\n<title>MORI\u00d1IGO Y OTROS RECTORES DE AM\u00c9RICA LATINA VISITARON AL PAPA FRANCISCO - Apuntes de San Luis<\/title>\n<meta name=\"robots\" content=\"index, follow, max-snippet:-1, max-image-preview:large, max-video-preview:-1\" \/>\n<link rel=\"canonical\" href=\"https:\/\/apuntesdesanluis.com\/index.php\/2023\/09\/25\/morinigo-y-otros-rectores-de-america-latina-visitaron-al-papa-francisco\/\" \/>\n<meta property=\"og:locale\" content=\"es_ES\" \/>\n<meta property=\"og:type\" content=\"article\" \/>\n<meta property=\"og:title\" content=\"MORI\u00d1IGO Y OTROS RECTORES DE AM\u00c9RICA LATINA VISITARON AL PAPA FRANCISCO - Apuntes de San Luis\" \/>\n<meta property=\"og:description\" content=\"Mediante un llamado a trav\u00e9s de la Red de Universidades para el Cuidado de la...\" \/>\n<meta property=\"og:url\" content=\"https:\/\/apuntesdesanluis.com\/index.php\/2023\/09\/25\/morinigo-y-otros-rectores-de-america-latina-visitaron-al-papa-francisco\/\" \/>\n<meta property=\"og:site_name\" content=\"Apuntes de San Luis\" \/>\n<meta property=\"article:published_time\" content=\"2023-09-25T15:30:13+00:00\" \/>\n<meta property=\"article:modified_time\" content=\"2023-09-26T12:29:16+00:00\" \/>\n<meta property=\"og:image\" content=\"https:\/\/apuntesdesanluis.com\/wp-content\/uploads\/2023\/09\/MORINIGO-PAPA.jpg\" \/>\n\t<meta property=\"og:image:width\" content=\"600\" \/>\n\t<meta property=\"og:image:height\" content=\"360\" \/>\n\t<meta property=\"og:image:type\" content=\"image\/jpeg\" \/>\n<meta name=\"author\" content=\"apuntesdesanluis.com\" \/>\n<meta name=\"twitter:card\" content=\"summary_large_image\" \/>\n<meta name=\"twitter:label1\" content=\"Escrito por\" \/>\n\t<meta name=\"twitter:data1\" content=\"apuntesdesanluis.com\" \/>\n\t<meta name=\"twitter:label2\" content=\"Tiempo de lectura\" \/>\n\t<meta name=\"twitter:data2\" content=\"3 minutos\" \/>\n<script type=\"application\/ld+json\" class=\"yoast-schema-graph\">{\"@context\":\"https:\/\/schema.org\",\"@graph\":[{\"@type\":\"Article\",\"@id\":\"https:\/\/apuntesdesanluis.com\/index.php\/2023\/09\/25\/morinigo-y-otros-rectores-de-america-latina-visitaron-al-papa-francisco\/#article\",\"isPartOf\":{\"@id\":\"https:\/\/apuntesdesanluis.com\/index.php\/2023\/09\/25\/morinigo-y-otros-rectores-de-america-latina-visitaron-al-papa-francisco\/\"},\"author\":{\"name\":\"apuntesdesanluis.com\",\"@id\":\"https:\/\/apuntesdesanluis.com\/#\/schema\/person\/b55151d52296fcce64d1a72538a70b90\"},\"headline\":\"MORI\u00d1IGO Y OTROS RECTORES DE AM\u00c9RICA LATINA VISITARON AL PAPA FRANCISCO\",\"datePublished\":\"2023-09-25T15:30:13+00:00\",\"dateModified\":\"2023-09-26T12:29:16+00:00\",\"mainEntityOfPage\":{\"@id\":\"https:\/\/apuntesdesanluis.com\/index.php\/2023\/09\/25\/morinigo-y-otros-rectores-de-america-latina-visitaron-al-papa-francisco\/\"},\"wordCount\":393,\"publisher\":{\"@id\":\"https:\/\/apuntesdesanluis.com\/#\/schema\/person\/b55151d52296fcce64d1a72538a70b90\"},\"image\":{\"@id\":\"https:\/\/apuntesdesanluis.com\/index.php\/2023\/09\/25\/morinigo-y-otros-rectores-de-america-latina-visitaron-al-papa-francisco\/#primaryimage\"},\"thumbnailUrl\":\"https:\/\/apuntesdesanluis.com\/wp-content\/uploads\/2023\/09\/MORINIGO-PAPA.jpg\",\"articleSection\":[\"Ciudad\/Provincia\"],\"inLanguage\":\"es-AR\"},{\"@type\":\"WebPage\",\"@id\":\"https:\/\/apuntesdesanluis.com\/index.php\/2023\/09\/25\/morinigo-y-otros-rectores-de-america-latina-visitaron-al-papa-francisco\/\",\"url\":\"https:\/\/apuntesdesanluis.com\/index.php\/2023\/09\/25\/morinigo-y-otros-rectores-de-america-latina-visitaron-al-papa-francisco\/\",\"name\":\"MORI\u00d1IGO Y OTROS RECTORES DE AM\u00c9RICA LATINA VISITARON AL PAPA FRANCISCO - Apuntes de San Luis\",\"isPartOf\":{\"@id\":\"https:\/\/apuntesdesanluis.com\/#website\"},\"primaryImageOfPage\":{\"@id\":\"https:\/\/apuntesdesanluis.com\/index.php\/2023\/09\/25\/morinigo-y-otros-rectores-de-america-latina-visitaron-al-papa-francisco\/#primaryimage\"},\"image\":{\"@id\":\"https:\/\/apuntesdesanluis.com\/index.php\/2023\/09\/25\/morinigo-y-otros-rectores-de-america-latina-visitaron-al-papa-francisco\/#primaryimage\"},\"thumbnailUrl\":\"https:\/\/apuntesdesanluis.com\/wp-content\/uploads\/2023\/09\/MORINIGO-PAPA.jpg\",\"datePublished\":\"2023-09-25T15:30:13+00:00\",\"dateModified\":\"2023-09-26T12:29:16+00:00\",\"breadcrumb\":{\"@id\":\"https:\/\/apuntesdesanluis.com\/index.php\/2023\/09\/25\/morinigo-y-otros-rectores-de-america-latina-visitaron-al-papa-francisco\/#breadcrumb\"},\"inLanguage\":\"es-AR\",\"potentialAction\":[{\"@type\":\"ReadAction\",\"target\":[\"https:\/\/apuntesdesanluis.com\/index.php\/2023\/09\/25\/morinigo-y-otros-rectores-de-america-latina-visitaron-al-papa-francisco\/\"]}]},{\"@type\":\"ImageObject\",\"inLanguage\":\"es-AR\",\"@id\":\"https:\/\/apuntesdesanluis.com\/index.php\/2023\/09\/25\/morinigo-y-otros-rectores-de-america-latina-visitaron-al-papa-francisco\/#primaryimage\",\"url\":\"https:\/\/apuntesdesanluis.com\/wp-content\/uploads\/2023\/09\/MORINIGO-PAPA.jpg\",\"contentUrl\":\"https:\/\/apuntesdesanluis.com\/wp-content\/uploads\/2023\/09\/MORINIGO-PAPA.jpg\",\"width\":600,\"height\":360},{\"@type\":\"BreadcrumbList\",\"@id\":\"https:\/\/apuntesdesanluis.com\/index.php\/2023\/09\/25\/morinigo-y-otros-rectores-de-america-latina-visitaron-al-papa-francisco\/#breadcrumb\",\"itemListElement\":[{\"@type\":\"ListItem\",\"position\":1,\"name\":\"Inicio\",\"item\":\"https:\/\/apuntesdesanluis.com\/\"},{\"@type\":\"ListItem\",\"position\":2,\"name\":\"MORI\u00d1IGO Y OTROS RECTORES DE AM\u00c9RICA LATINA VISITARON AL PAPA FRANCISCO\"}]},{\"@type\":\"WebSite\",\"@id\":\"https:\/\/apuntesdesanluis.com\/#website\",\"url\":\"https:\/\/apuntesdesanluis.com\/\",\"name\":\"Apuntes de San Luis\",\"description\":\"\",\"publisher\":{\"@id\":\"https:\/\/apuntesdesanluis.com\/#\/schema\/person\/b55151d52296fcce64d1a72538a70b90\"},\"potentialAction\":[{\"@type\":\"SearchAction\",\"target\":{\"@type\":\"EntryPoint\",\"urlTemplate\":\"https:\/\/apuntesdesanluis.com\/?s={search_term_string}\"},\"query-input\":{\"@type\":\"PropertyValueSpecification\",\"valueRequired\":true,\"valueName\":\"search_term_string\"}}],\"inLanguage\":\"es-AR\"},{\"@type\":[\"Person\",\"Organization\"],\"@id\":\"https:\/\/apuntesdesanluis.com\/#\/schema\/person\/b55151d52296fcce64d1a72538a70b90\",\"name\":\"apuntesdesanluis.com\",\"image\":{\"@type\":\"ImageObject\",\"inLanguage\":\"es-AR\",\"@id\":\"https:\/\/apuntesdesanluis.com\/#\/schema\/person\/image\/\",\"url\":\"https:\/\/apuntesdesanluis.com\/wp-content\/uploads\/2023\/07\/cropped-apuntesdesanluis.png\",\"contentUrl\":\"https:\/\/apuntesdesanluis.com\/wp-content\/uploads\/2023\/07\/cropped-apuntesdesanluis.png\",\"width\":450,\"height\":112,\"caption\":\"apuntesdesanluis.com\"},\"logo\":{\"@id\":\"https:\/\/apuntesdesanluis.com\/#\/schema\/person\/image\/\"},\"sameAs\":[\"https:\/\/apuntesdesanluis.com\"],\"url\":\"https:\/\/apuntesdesanluis.com\/index.php\/author\/apuntesdesanluis-com\/\"}]}<\/script>\n<!-- \/ Yoast SEO plugin. -->","yoast_head_json":{"title":"MORI\u00d1IGO Y OTROS RECTORES DE AM\u00c9RICA LATINA VISITARON AL PAPA FRANCISCO - Apuntes de San Luis","robots":{"index":"index","follow":"follow","max-snippet":"max-snippet:-1","max-image-preview":"max-image-preview:large","max-video-preview":"max-video-preview:-1"},"canonical":"https:\/\/apuntesdesanluis.com\/index.php\/2023\/09\/25\/morinigo-y-otros-rectores-de-america-latina-visitaron-al-papa-francisco\/","og_locale":"es_ES","og_type":"article","og_title":"MORI\u00d1IGO Y OTROS RECTORES DE AM\u00c9RICA LATINA VISITARON AL PAPA FRANCISCO - Apuntes de San Luis","og_description":"Mediante un llamado a trav\u00e9s de la Red de Universidades para el Cuidado de la...","og_url":"https:\/\/apuntesdesanluis.com\/index.php\/2023\/09\/25\/morinigo-y-otros-rectores-de-america-latina-visitaron-al-papa-francisco\/","og_site_name":"Apuntes de San Luis","article_published_time":"2023-09-25T15:30:13+00:00","article_modified_time":"2023-09-26T12:29:16+00:00","og_image":[{"width":600,"height":360,"url":"https:\/\/apuntesdesanluis.com\/wp-content\/uploads\/2023\/09\/MORINIGO-PAPA.jpg","type":"image\/jpeg"}],"author":"apuntesdesanluis.com","twitter_card":"summary_large_image","twitter_misc":{"Escrito por":"apuntesdesanluis.com","Tiempo de lectura":"3 minutos"},"schema":{"@context":"https:\/\/schema.org","@graph":[{"@type":"Article","@id":"https:\/\/apuntesdesanluis.com\/index.php\/2023\/09\/25\/morinigo-y-otros-rectores-de-america-latina-visitaron-al-papa-francisco\/#article","isPartOf":{"@id":"https:\/\/apuntesdesanluis.com\/index.php\/2023\/09\/25\/morinigo-y-otros-rectores-de-america-latina-visitaron-al-papa-francisco\/"},"author":{"name":"apuntesdesanluis.com","@id":"https:\/\/apuntesdesanluis.com\/#\/schema\/person\/b55151d52296fcce64d1a72538a70b90"},"headline":"MORI\u00d1IGO Y OTROS RECTORES DE AM\u00c9RICA LATINA VISITARON AL PAPA FRANCISCO","datePublished":"2023-09-25T15:30:13+00:00","dateModified":"2023-09-26T12:29:16+00:00","mainEntityOfPage":{"@id":"https:\/\/apuntesdesanluis.com\/index.php\/2023\/09\/25\/morinigo-y-otros-rectores-de-america-latina-visitaron-al-papa-francisco\/"},"wordCount":393,"publisher":{"@id":"https:\/\/apuntesdesanluis.com\/#\/schema\/person\/b55151d52296fcce64d1a72538a70b90"},"image":{"@id":"https:\/\/apuntesdesanluis.com\/index.php\/2023\/09\/25\/morinigo-y-otros-rectores-de-america-latina-visitaron-al-papa-francisco\/#primaryimage"},"thumbnailUrl":"https:\/\/apuntesdesanluis.com\/wp-content\/uploads\/2023\/09\/MORINIGO-PAPA.jpg","articleSection":["Ciudad\/Provincia"],"inLanguage":"es-AR"},{"@type":"WebPage","@id":"https:\/\/apuntesdesanluis.com\/index.php\/2023\/09\/25\/morinigo-y-otros-rectores-de-america-latina-visitaron-al-papa-francisco\/","url":"https:\/\/apuntesdesanluis.com\/index.php\/2023\/09\/25\/morinigo-y-otros-rectores-de-america-latina-visitaron-al-papa-francisco\/","name":"MORI\u00d1IGO Y OTROS RECTORES DE AM\u00c9RICA LATINA VISITARON AL PAPA FRANCISCO - Apuntes de San Luis","isPartOf":{"@id":"https:\/\/apuntesdesanluis.com\/#website"},"primaryImageOfPage":{"@id":"https:\/\/apuntesdesanluis.com\/index.php\/2023\/09\/25\/morinigo-y-otros-rectores-de-america-latina-visitaron-al-papa-francisco\/#primaryimage"},"image":{"@id":"https:\/\/apuntesdesanluis.com\/index.php\/2023\/09\/25\/morinigo-y-otros-rectores-de-america-latina-visitaron-al-papa-francisco\/#primaryimage"},"thumbnailUrl":"https:\/\/apuntesdesanluis.com\/wp-content\/uploads\/2023\/09\/MORINIGO-PAPA.jpg","datePublished":"2023-09-25T15:30:13+00:00","dateModified":"2023-09-26T12:29:16+00:00","breadcrumb":{"@id":"https:\/\/apuntesdesanluis.com\/index.php\/2023\/09\/25\/morinigo-y-otros-rectores-de-america-latina-visitaron-al-papa-francisco\/#breadcrumb"},"inLanguage":"es-AR","potentialAction":[{"@type":"ReadAction","target":["https:\/\/apuntesdesanluis.com\/index.php\/2023\/09\/25\/morinigo-y-otros-rectores-de-america-latina-visitaron-al-papa-francisco\/"]}]},{"@type":"ImageObject","inLanguage":"es-AR","@id":"https:\/\/apuntesdesanluis.com\/index.php\/2023\/09\/25\/morinigo-y-otros-rectores-de-america-latina-visitaron-al-papa-francisco\/#primaryimage","url":"https:\/\/apuntesdesanluis.com\/wp-content\/uploads\/2023\/09\/MORINIGO-PAPA.jpg","contentUrl":"https:\/\/apuntesdesanluis.com\/wp-content\/uploads\/2023\/09\/MORINIGO-PAPA.jpg","width":600,"height":360},{"@type":"BreadcrumbList","@id":"https:\/\/apuntesdesanluis.com\/index.php\/2023\/09\/25\/morinigo-y-otros-rectores-de-america-latina-visitaron-al-papa-francisco\/#breadcrumb","itemListElement":[{"@type":"ListItem","position":1,"name":"Inicio","item":"https:\/\/apuntesdesanluis.com\/"},{"@type":"ListItem","position":2,"name":"MORI\u00d1IGO Y OTROS RECTORES DE AM\u00c9RICA LATINA VISITARON AL PAPA FRANCISCO"}]},{"@type":"WebSite","@id":"https:\/\/apuntesdesanluis.com\/#website","url":"https:\/\/apuntesdesanluis.com\/","name":"Apuntes de San Luis","description":"","publisher":{"@id":"https:\/\/apuntesdesanluis.com\/#\/schema\/person\/b55151d52296fcce64d1a72538a70b90"},"potentialAction":[{"@type":"SearchAction","target":{"@type":"EntryPoint","urlTemplate":"https:\/\/apuntesdesanluis.com\/?s={search_term_string}"},"query-input":{"@type":"PropertyValueSpecification","valueRequired":true,"valueName":"search_term_string"}}],"inLanguage":"es-AR"},{"@type":["Person","Organization"],"@id":"https:\/\/apuntesdesanluis.com\/#\/schema\/person\/b55151d52296fcce64d1a72538a70b90","name":"apuntesdesanluis.com","image":{"@type":"ImageObject","inLanguage":"es-AR","@id":"https:\/\/apuntesdesanluis.com\/#\/schema\/person\/image\/","url":"https:\/\/apuntesdesanluis.com\/wp-content\/uploads\/2023\/07\/cropped-apuntesdesanluis.png","contentUrl":"https:\/\/apuntesdesanluis.com\/wp-content\/uploads\/2023\/07\/cropped-apuntesdesanluis.png","width":450,"height":112,"caption":"apuntesdesanluis.com"},"logo":{"@id":"https:\/\/apuntesdesanluis.com\/#\/schema\/person\/image\/"},"sameAs":["https:\/\/apuntesdesanluis.com"],"url":"https:\/\/apuntesdesanluis.com\/index.php\/author\/apuntesdesanluis-com\/"}]}},"featured_image_urls":{"full":["https:\/\/apuntesdesanluis.com\/wp-content\/uploads\/2023\/09\/MORINIGO-PAPA.jpg",600,360,false],"thumbnail":["https:\/\/apuntesdesanluis.com\/wp-content\/uploads\/2023\/09\/MORINIGO-PAPA-150x150.jpg",150,150,true],"medium":["https:\/\/apuntesdesanluis.com\/wp-content\/uploads\/2023\/09\/MORINIGO-PAPA-300x180.jpg",300,180,true],"medium_large":["https:\/\/apuntesdesanluis.com\/wp-content\/uploads\/2023\/09\/MORINIGO-PAPA.jpg",600,360,false],"large":["https:\/\/apuntesdesanluis.com\/wp-content\/uploads\/2023\/09\/MORINIGO-PAPA.jpg",600,360,false],"1536x1536":["https:\/\/apuntesdesanluis.com\/wp-content\/uploads\/2023\/09\/MORINIGO-PAPA.jpg",600,360,false],"2048x2048":["https:\/\/apuntesdesanluis.com\/wp-content\/uploads\/2023\/09\/MORINIGO-PAPA.jpg",600,360,false],"newsever-slider-full":["https:\/\/apuntesdesanluis.com\/wp-content\/uploads\/2023\/09\/MORINIGO-PAPA.jpg",600,360,false],"newsever-featured":["https:\/\/apuntesdesanluis.com\/wp-content\/uploads\/2023\/09\/MORINIGO-PAPA.jpg",600,360,false],"newsever-medium":["https:\/\/apuntesdesanluis.com\/wp-content\/uploads\/2023\/09\/MORINIGO-PAPA.jpg",600,360,false]},"author_info":{"display_name":"apuntesdesanluis.com","author_link":"https:\/\/apuntesdesanluis.com\/index.php\/author\/apuntesdesanluis-com\/"},"category_info":"<a href=\"https:\/\/apuntesdesanluis.com\/index.php\/category\/ciudad-provincia\/\" rel=\"category tag\">Ciudad\/Provincia<\/a>","tag_info":"Ciudad\/Provincia","comment_count":"0","_links":{"self":[{"href":"https:\/\/apuntesdesanluis.com\/index.php\/wp-json\/wp\/v2\/posts\/3991","targetHints":{"allow":["GET"]}}],"collection":[{"href":"https:\/\/apuntesdesanluis.com\/index.php\/wp-json\/wp\/v2\/posts"}],"about":[{"href":"https:\/\/apuntesdesanluis.com\/index.php\/wp-json\/wp\/v2\/types\/post"}],"author":[{"embeddable":true,"href":"https:\/\/apuntesdesanluis.com\/index.php\/wp-json\/wp\/v2\/users\/1"}],"replies":[{"embeddable":true,"href":"https:\/\/apuntesdesanluis.com\/index.php\/wp-json\/wp\/v2\/comments?post=3991"}],"version-history":[{"count":4,"href":"https:\/\/apuntesdesanluis.com\/index.php\/wp-json\/wp\/v2\/posts\/3991\/revisions"}],"predecessor-version":[{"id":4068,"href":"https:\/\/apuntesdesanluis.com\/index.php\/wp-json\/wp\/v2\/posts\/3991\/revisions\/4068"}],"wp:featuredmedia":[{"embeddable":true,"href":"https:\/\/apuntesdesanluis.com\/index.php\/wp-json\/wp\/v2\/media\/3992"}],"wp:attachment":[{"href":"https:\/\/apuntesdesanluis.com\/index.php\/wp-json\/wp\/v2\/media?parent=3991"}],"wp:term":[{"taxonomy":"category","embeddable":true,"href":"https:\/\/apuntesdesanluis.com\/index.php\/wp-json\/wp\/v2\/categories?post=3991"},{"taxonomy":"post_tag","embeddable":true,"href":"https:\/\/apuntesdesanluis.com\/index.php\/wp-json\/wp\/v2\/tags?post=3991"}],"curies":[{"name":"wp","href":"https:\/\/api.w.org\/{rel}","templated":true}]}}