{"id":40,"date":"2023-07-15T19:54:49","date_gmt":"2023-07-15T22:54:49","guid":{"rendered":"https:\/\/apuntesdesanluis.com\/?p=40"},"modified":"2023-07-17T00:43:54","modified_gmt":"2023-07-17T03:43:54","slug":"el-gobierno-propone-a-guillermo-lhuillier-para-el-superior-tribunal-de-justicia","status":"publish","type":"post","link":"https:\/\/apuntesdesanluis.com\/index.php\/2023\/07\/15\/el-gobierno-propone-a-guillermo-lhuillier-para-el-superior-tribunal-de-justicia\/","title":{"rendered":"EL GOBIERNO PROPONE A GUILLERMO L\u00b4HUILLIER PARA EL SUPERIOR TRIBUNAL DE JUSTICIA"},"content":{"rendered":"<h3 dir=\"auto\">La postulaci\u00f3n de este hombre de derecho de 73 a\u00f1os se formaliz\u00f3 a trav\u00e9s de la publicaci\u00f3n en el Bolet\u00edn Oficial del nombre y los antecedentes. La vacante se gener\u00f3 por la renuncia de Jorge Fern\u00e1ndez para ser candidato a gobernador.<\/h3>\n<h3 dir=\"auto\">La propuesta se produce a menos de cinco meses de que el gobernador Alberto Rodr\u00edguez Sa\u00e1 concluya su mandato y asuma Claudio Poggi.<\/h3>\n<h3 dir=\"auto\"><strong>Guillermo L\u00b4Huillier<\/strong> naci\u00f3 el 17 de febrero de 1950, en San Luis. Se recibi\u00f3 de abogado en la Facultad de Derecho y Ciencias Sociales, de la Universidad Nacional de Buenos Aires.1973<\/h3>\n<h3 dir=\"auto\">Fue ministro de Gobierno y Educaci\u00f3n; ministro de Cultura y Educaci\u00f3n y ministro de Asuntos Legales y T\u00e9cnicos durante la gesti\u00f3n de Adolfo Rodr\u00edguez Sa\u00e1. En 2001 coincidi\u00f3 en el Gobierno con Alberto, que estaba a cargo de la jefatura de Gabinete.<\/h3>\n<h3 dir=\"auto\">Tambi\u00e9n fue Secretario Legal y T\u00e9cnico de la Presidencia de la Naci\u00f3n de Adolfo Rodr\u00edguez Sa\u00e1. Entre 2001 y 2005 fue diputado nacional.<\/h3>\n<h3 dir=\"auto\">Desde 2019 es asesor del ministerio de Gobierno, Justicia y Culto.<\/h3>\n<h3 dir=\"auto\">Como abogado ejerce la profesi\u00f3n en los fueros civil, comercial, laboral y contencioso administrativo desde el a\u00f1o 1974. Es adem\u00e1s profesor titular en la Universidad Cat\u00f3lica de Cuyo y autor de publicaciones period\u00edsticas y t\u00e9cnico-jur\u00eddicas.<\/h3>\n<h3 dir=\"auto\">A su vez es representante por la Uni\u00f3n Industrial de la provincia en el Comit\u00e9 de Vigilancia de la Zona Franca de Justo Daract \u2013 San Luis.<\/h3>\n<h3 dir=\"auto\">De aprobarse su postulaci\u00f3n, L\u00b4Huillier se integrar\u00e1 al Superior Tribunal que integran Jorge Levingston, Eduardo Allende, Cecilia Chada y Carolina Monte Riso.<\/h3>\n","protected":false},"excerpt":{"rendered":"<p>La postulaci\u00f3n de este hombre de derecho de 73 a\u00f1os se formaliz\u00f3 a trav\u00e9s de&#8230;<\/p>\n","protected":false},"author":1,"featured_media":41,"comment_status":"closed","ping_status":"open","sticky":false,"template":"","format":"standard","meta":{"footnotes":""},"categories":[6],"tags":[],"class_list":["post-40","post","type-post","status-publish","format-standard","has-post-thumbnail","hentry","category-ciudad-provincia"],"yoast_head":"<!-- This site is optimized with the Yoast SEO plugin v26.1.1 - https:\/\/yoast.com\/wordpress\/plugins\/seo\/ -->\n<title>EL GOBIERNO PROPONE A GUILLERMO L\u00b4HUILLIER PARA EL SUPERIOR TRIBUNAL DE JUSTICIA - Apuntes de San Luis<\/title>\n<meta name=\"robots\" content=\"index, follow, max-snippet:-1, max-image-preview:large, max-video-preview:-1\" \/>\n<link rel=\"canonical\" href=\"https:\/\/apuntesdesanluis.com\/index.php\/2023\/07\/15\/el-gobierno-propone-a-guillermo-lhuillier-para-el-superior-tribunal-de-justicia\/\" \/>\n<meta property=\"og:locale\" content=\"es_ES\" \/>\n<meta property=\"og:type\" content=\"article\" \/>\n<meta property=\"og:title\" content=\"EL GOBIERNO PROPONE A GUILLERMO L\u00b4HUILLIER PARA EL SUPERIOR TRIBUNAL DE JUSTICIA - Apuntes de San Luis\" \/>\n<meta property=\"og:description\" content=\"La postulaci\u00f3n de este hombre de derecho de 73 a\u00f1os se formaliz\u00f3 a trav\u00e9s de...\" \/>\n<meta property=\"og:url\" content=\"https:\/\/apuntesdesanluis.com\/index.php\/2023\/07\/15\/el-gobierno-propone-a-guillermo-lhuillier-para-el-superior-tribunal-de-justicia\/\" \/>\n<meta property=\"og:site_name\" content=\"Apuntes de San Luis\" \/>\n<meta property=\"article:published_time\" content=\"2023-07-15T22:54:49+00:00\" \/>\n<meta property=\"article:modified_time\" content=\"2023-07-17T03:43:54+00:00\" \/>\n<meta property=\"og:image\" content=\"https:\/\/apuntesdesanluis.com\/wp-content\/uploads\/2023\/07\/L\u00b4huillier.jpg\" \/>\n\t<meta property=\"og:image:width\" content=\"714\" \/>\n\t<meta property=\"og:image:height\" content=\"448\" \/>\n\t<meta property=\"og:image:type\" content=\"image\/jpeg\" \/>\n<meta name=\"author\" content=\"apuntesdesanluis.com\" \/>\n<meta name=\"twitter:card\" content=\"summary_large_image\" \/>\n<meta name=\"twitter:label1\" content=\"Escrito por\" \/>\n\t<meta name=\"twitter:data1\" content=\"apuntesdesanluis.com\" \/>\n\t<meta name=\"twitter:label2\" content=\"Tiempo de lectura\" \/>\n\t<meta name=\"twitter:data2\" content=\"1 minuto\" \/>\n<script type=\"application\/ld+json\" class=\"yoast-schema-graph\">{\"@context\":\"https:\/\/schema.org\",\"@graph\":[{\"@type\":\"Article\",\"@id\":\"https:\/\/apuntesdesanluis.com\/index.php\/2023\/07\/15\/el-gobierno-propone-a-guillermo-lhuillier-para-el-superior-tribunal-de-justicia\/#article\",\"isPartOf\":{\"@id\":\"https:\/\/apuntesdesanluis.com\/index.php\/2023\/07\/15\/el-gobierno-propone-a-guillermo-lhuillier-para-el-superior-tribunal-de-justicia\/\"},\"author\":{\"name\":\"apuntesdesanluis.com\",\"@id\":\"https:\/\/apuntesdesanluis.com\/#\/schema\/person\/b55151d52296fcce64d1a72538a70b90\"},\"headline\":\"EL GOBIERNO PROPONE A GUILLERMO L\u00b4HUILLIER PARA EL SUPERIOR TRIBUNAL DE JUSTICIA\",\"datePublished\":\"2023-07-15T22:54:49+00:00\",\"dateModified\":\"2023-07-17T03:43:54+00:00\",\"mainEntityOfPage\":{\"@id\":\"https:\/\/apuntesdesanluis.com\/index.php\/2023\/07\/15\/el-gobierno-propone-a-guillermo-lhuillier-para-el-superior-tribunal-de-justicia\/\"},\"wordCount\":286,\"publisher\":{\"@id\":\"https:\/\/apuntesdesanluis.com\/#\/schema\/person\/b55151d52296fcce64d1a72538a70b90\"},\"image\":{\"@id\":\"https:\/\/apuntesdesanluis.com\/index.php\/2023\/07\/15\/el-gobierno-propone-a-guillermo-lhuillier-para-el-superior-tribunal-de-justicia\/#primaryimage\"},\"thumbnailUrl\":\"https:\/\/apuntesdesanluis.com\/wp-content\/uploads\/2023\/07\/L\u00b4huillier.jpg\",\"articleSection\":[\"Ciudad\/Provincia\"],\"inLanguage\":\"es-AR\"},{\"@type\":\"WebPage\",\"@id\":\"https:\/\/apuntesdesanluis.com\/index.php\/2023\/07\/15\/el-gobierno-propone-a-guillermo-lhuillier-para-el-superior-tribunal-de-justicia\/\",\"url\":\"https:\/\/apuntesdesanluis.com\/index.php\/2023\/07\/15\/el-gobierno-propone-a-guillermo-lhuillier-para-el-superior-tribunal-de-justicia\/\",\"name\":\"EL GOBIERNO PROPONE A GUILLERMO L\u00b4HUILLIER PARA EL SUPERIOR TRIBUNAL DE JUSTICIA - Apuntes de San Luis\",\"isPartOf\":{\"@id\":\"https:\/\/apuntesdesanluis.com\/#website\"},\"primaryImageOfPage\":{\"@id\":\"https:\/\/apuntesdesanluis.com\/index.php\/2023\/07\/15\/el-gobierno-propone-a-guillermo-lhuillier-para-el-superior-tribunal-de-justicia\/#primaryimage\"},\"image\":{\"@id\":\"https:\/\/apuntesdesanluis.com\/index.php\/2023\/07\/15\/el-gobierno-propone-a-guillermo-lhuillier-para-el-superior-tribunal-de-justicia\/#primaryimage\"},\"thumbnailUrl\":\"https:\/\/apuntesdesanluis.com\/wp-content\/uploads\/2023\/07\/L\u00b4huillier.jpg\",\"datePublished\":\"2023-07-15T22:54:49+00:00\",\"dateModified\":\"2023-07-17T03:43:54+00:00\",\"breadcrumb\":{\"@id\":\"https:\/\/apuntesdesanluis.com\/index.php\/2023\/07\/15\/el-gobierno-propone-a-guillermo-lhuillier-para-el-superior-tribunal-de-justicia\/#breadcrumb\"},\"inLanguage\":\"es-AR\",\"potentialAction\":[{\"@type\":\"ReadAction\",\"target\":[\"https:\/\/apuntesdesanluis.com\/index.php\/2023\/07\/15\/el-gobierno-propone-a-guillermo-lhuillier-para-el-superior-tribunal-de-justicia\/\"]}]},{\"@type\":\"ImageObject\",\"inLanguage\":\"es-AR\",\"@id\":\"https:\/\/apuntesdesanluis.com\/index.php\/2023\/07\/15\/el-gobierno-propone-a-guillermo-lhuillier-para-el-superior-tribunal-de-justicia\/#primaryimage\",\"url\":\"https:\/\/apuntesdesanluis.com\/wp-content\/uploads\/2023\/07\/L\u00b4huillier.jpg\",\"contentUrl\":\"https:\/\/apuntesdesanluis.com\/wp-content\/uploads\/2023\/07\/L\u00b4huillier.jpg\",\"width\":714,\"height\":448},{\"@type\":\"BreadcrumbList\",\"@id\":\"https:\/\/apuntesdesanluis.com\/index.php\/2023\/07\/15\/el-gobierno-propone-a-guillermo-lhuillier-para-el-superior-tribunal-de-justicia\/#breadcrumb\",\"itemListElement\":[{\"@type\":\"ListItem\",\"position\":1,\"name\":\"Inicio\",\"item\":\"https:\/\/apuntesdesanluis.com\/\"},{\"@type\":\"ListItem\",\"position\":2,\"name\":\"EL GOBIERNO PROPONE A GUILLERMO L\u00b4HUILLIER PARA EL SUPERIOR TRIBUNAL DE JUSTICIA\"}]},{\"@type\":\"WebSite\",\"@id\":\"https:\/\/apuntesdesanluis.com\/#website\",\"url\":\"https:\/\/apuntesdesanluis.com\/\",\"name\":\"Apuntes de San Luis\",\"description\":\"\",\"publisher\":{\"@id\":\"https:\/\/apuntesdesanluis.com\/#\/schema\/person\/b55151d52296fcce64d1a72538a70b90\"},\"potentialAction\":[{\"@type\":\"SearchAction\",\"target\":{\"@type\":\"EntryPoint\",\"urlTemplate\":\"https:\/\/apuntesdesanluis.com\/?s={search_term_string}\"},\"query-input\":{\"@type\":\"PropertyValueSpecification\",\"valueRequired\":true,\"valueName\":\"search_term_string\"}}],\"inLanguage\":\"es-AR\"},{\"@type\":[\"Person\",\"Organization\"],\"@id\":\"https:\/\/apuntesdesanluis.com\/#\/schema\/person\/b55151d52296fcce64d1a72538a70b90\",\"name\":\"apuntesdesanluis.com\",\"image\":{\"@type\":\"ImageObject\",\"inLanguage\":\"es-AR\",\"@id\":\"https:\/\/apuntesdesanluis.com\/#\/schema\/person\/image\/\",\"url\":\"https:\/\/apuntesdesanluis.com\/wp-content\/uploads\/2023\/07\/cropped-apuntesdesanluis.png\",\"contentUrl\":\"https:\/\/apuntesdesanluis.com\/wp-content\/uploads\/2023\/07\/cropped-apuntesdesanluis.png\",\"width\":450,\"height\":112,\"caption\":\"apuntesdesanluis.com\"},\"logo\":{\"@id\":\"https:\/\/apuntesdesanluis.com\/#\/schema\/person\/image\/\"},\"sameAs\":[\"https:\/\/apuntesdesanluis.com\"],\"url\":\"https:\/\/apuntesdesanluis.com\/index.php\/author\/apuntesdesanluis-com\/\"}]}<\/script>\n<!-- \/ Yoast SEO plugin. -->","yoast_head_json":{"title":"EL GOBIERNO PROPONE A GUILLERMO L\u00b4HUILLIER PARA EL SUPERIOR TRIBUNAL DE JUSTICIA - Apuntes de San Luis","robots":{"index":"index","follow":"follow","max-snippet":"max-snippet:-1","max-image-preview":"max-image-preview:large","max-video-preview":"max-video-preview:-1"},"canonical":"https:\/\/apuntesdesanluis.com\/index.php\/2023\/07\/15\/el-gobierno-propone-a-guillermo-lhuillier-para-el-superior-tribunal-de-justicia\/","og_locale":"es_ES","og_type":"article","og_title":"EL GOBIERNO PROPONE A GUILLERMO L\u00b4HUILLIER PARA EL SUPERIOR TRIBUNAL DE JUSTICIA - Apuntes de San Luis","og_description":"La postulaci\u00f3n de este hombre de derecho de 73 a\u00f1os se formaliz\u00f3 a trav\u00e9s de...","og_url":"https:\/\/apuntesdesanluis.com\/index.php\/2023\/07\/15\/el-gobierno-propone-a-guillermo-lhuillier-para-el-superior-tribunal-de-justicia\/","og_site_name":"Apuntes de San Luis","article_published_time":"2023-07-15T22:54:49+00:00","article_modified_time":"2023-07-17T03:43:54+00:00","og_image":[{"width":714,"height":448,"url":"https:\/\/apuntesdesanluis.com\/wp-content\/uploads\/2023\/07\/L\u00b4huillier.jpg","type":"image\/jpeg"}],"author":"apuntesdesanluis.com","twitter_card":"summary_large_image","twitter_misc":{"Escrito por":"apuntesdesanluis.com","Tiempo de lectura":"1 minuto"},"schema":{"@context":"https:\/\/schema.org","@graph":[{"@type":"Article","@id":"https:\/\/apuntesdesanluis.com\/index.php\/2023\/07\/15\/el-gobierno-propone-a-guillermo-lhuillier-para-el-superior-tribunal-de-justicia\/#article","isPartOf":{"@id":"https:\/\/apuntesdesanluis.com\/index.php\/2023\/07\/15\/el-gobierno-propone-a-guillermo-lhuillier-para-el-superior-tribunal-de-justicia\/"},"author":{"name":"apuntesdesanluis.com","@id":"https:\/\/apuntesdesanluis.com\/#\/schema\/person\/b55151d52296fcce64d1a72538a70b90"},"headline":"EL GOBIERNO PROPONE A GUILLERMO L\u00b4HUILLIER PARA EL SUPERIOR TRIBUNAL DE JUSTICIA","datePublished":"2023-07-15T22:54:49+00:00","dateModified":"2023-07-17T03:43:54+00:00","mainEntityOfPage":{"@id":"https:\/\/apuntesdesanluis.com\/index.php\/2023\/07\/15\/el-gobierno-propone-a-guillermo-lhuillier-para-el-superior-tribunal-de-justicia\/"},"wordCount":286,"publisher":{"@id":"https:\/\/apuntesdesanluis.com\/#\/schema\/person\/b55151d52296fcce64d1a72538a70b90"},"image":{"@id":"https:\/\/apuntesdesanluis.com\/index.php\/2023\/07\/15\/el-gobierno-propone-a-guillermo-lhuillier-para-el-superior-tribunal-de-justicia\/#primaryimage"},"thumbnailUrl":"https:\/\/apuntesdesanluis.com\/wp-content\/uploads\/2023\/07\/L\u00b4huillier.jpg","articleSection":["Ciudad\/Provincia"],"inLanguage":"es-AR"},{"@type":"WebPage","@id":"https:\/\/apuntesdesanluis.com\/index.php\/2023\/07\/15\/el-gobierno-propone-a-guillermo-lhuillier-para-el-superior-tribunal-de-justicia\/","url":"https:\/\/apuntesdesanluis.com\/index.php\/2023\/07\/15\/el-gobierno-propone-a-guillermo-lhuillier-para-el-superior-tribunal-de-justicia\/","name":"EL GOBIERNO PROPONE A GUILLERMO L\u00b4HUILLIER PARA EL SUPERIOR TRIBUNAL DE JUSTICIA - Apuntes de San Luis","isPartOf":{"@id":"https:\/\/apuntesdesanluis.com\/#website"},"primaryImageOfPage":{"@id":"https:\/\/apuntesdesanluis.com\/index.php\/2023\/07\/15\/el-gobierno-propone-a-guillermo-lhuillier-para-el-superior-tribunal-de-justicia\/#primaryimage"},"image":{"@id":"https:\/\/apuntesdesanluis.com\/index.php\/2023\/07\/15\/el-gobierno-propone-a-guillermo-lhuillier-para-el-superior-tribunal-de-justicia\/#primaryimage"},"thumbnailUrl":"https:\/\/apuntesdesanluis.com\/wp-content\/uploads\/2023\/07\/L\u00b4huillier.jpg","datePublished":"2023-07-15T22:54:49+00:00","dateModified":"2023-07-17T03:43:54+00:00","breadcrumb":{"@id":"https:\/\/apuntesdesanluis.com\/index.php\/2023\/07\/15\/el-gobierno-propone-a-guillermo-lhuillier-para-el-superior-tribunal-de-justicia\/#breadcrumb"},"inLanguage":"es-AR","potentialAction":[{"@type":"ReadAction","target":["https:\/\/apuntesdesanluis.com\/index.php\/2023\/07\/15\/el-gobierno-propone-a-guillermo-lhuillier-para-el-superior-tribunal-de-justicia\/"]}]},{"@type":"ImageObject","inLanguage":"es-AR","@id":"https:\/\/apuntesdesanluis.com\/index.php\/2023\/07\/15\/el-gobierno-propone-a-guillermo-lhuillier-para-el-superior-tribunal-de-justicia\/#primaryimage","url":"https:\/\/apuntesdesanluis.com\/wp-content\/uploads\/2023\/07\/L\u00b4huillier.jpg","contentUrl":"https:\/\/apuntesdesanluis.com\/wp-content\/uploads\/2023\/07\/L\u00b4huillier.jpg","width":714,"height":448},{"@type":"BreadcrumbList","@id":"https:\/\/apuntesdesanluis.com\/index.php\/2023\/07\/15\/el-gobierno-propone-a-guillermo-lhuillier-para-el-superior-tribunal-de-justicia\/#breadcrumb","itemListElement":[{"@type":"ListItem","position":1,"name":"Inicio","item":"https:\/\/apuntesdesanluis.com\/"},{"@type":"ListItem","position":2,"name":"EL GOBIERNO PROPONE A GUILLERMO L\u00b4HUILLIER PARA EL SUPERIOR TRIBUNAL DE JUSTICIA"}]},{"@type":"WebSite","@id":"https:\/\/apuntesdesanluis.com\/#website","url":"https:\/\/apuntesdesanluis.com\/","name":"Apuntes de San Luis","description":"","publisher":{"@id":"https:\/\/apuntesdesanluis.com\/#\/schema\/person\/b55151d52296fcce64d1a72538a70b90"},"potentialAction":[{"@type":"SearchAction","target":{"@type":"EntryPoint","urlTemplate":"https:\/\/apuntesdesanluis.com\/?s={search_term_string}"},"query-input":{"@type":"PropertyValueSpecification","valueRequired":true,"valueName":"search_term_string"}}],"inLanguage":"es-AR"},{"@type":["Person","Organization"],"@id":"https:\/\/apuntesdesanluis.com\/#\/schema\/person\/b55151d52296fcce64d1a72538a70b90","name":"apuntesdesanluis.com","image":{"@type":"ImageObject","inLanguage":"es-AR","@id":"https:\/\/apuntesdesanluis.com\/#\/schema\/person\/image\/","url":"https:\/\/apuntesdesanluis.com\/wp-content\/uploads\/2023\/07\/cropped-apuntesdesanluis.png","contentUrl":"https:\/\/apuntesdesanluis.com\/wp-content\/uploads\/2023\/07\/cropped-apuntesdesanluis.png","width":450,"height":112,"caption":"apuntesdesanluis.com"},"logo":{"@id":"https:\/\/apuntesdesanluis.com\/#\/schema\/person\/image\/"},"sameAs":["https:\/\/apuntesdesanluis.com"],"url":"https:\/\/apuntesdesanluis.com\/index.php\/author\/apuntesdesanluis-com\/"}]}},"featured_image_urls":{"full":["https:\/\/apuntesdesanluis.com\/wp-content\/uploads\/2023\/07\/L\u00b4huillier.jpg",714,448,false],"thumbnail":["https:\/\/apuntesdesanluis.com\/wp-content\/uploads\/2023\/07\/L\u00b4huillier-150x150.jpg",150,150,true],"medium":["https:\/\/apuntesdesanluis.com\/wp-content\/uploads\/2023\/07\/L\u00b4huillier-300x188.jpg",300,188,true],"medium_large":["https:\/\/apuntesdesanluis.com\/wp-content\/uploads\/2023\/07\/L\u00b4huillier.jpg",640,402,false],"large":["https:\/\/apuntesdesanluis.com\/wp-content\/uploads\/2023\/07\/L\u00b4huillier.jpg",640,402,false],"1536x1536":["https:\/\/apuntesdesanluis.com\/wp-content\/uploads\/2023\/07\/L\u00b4huillier.jpg",714,448,false],"2048x2048":["https:\/\/apuntesdesanluis.com\/wp-content\/uploads\/2023\/07\/L\u00b4huillier.jpg",714,448,false],"newsever-slider-full":["https:\/\/apuntesdesanluis.com\/wp-content\/uploads\/2023\/07\/L\u00b4huillier.jpg",714,448,false],"newsever-featured":["https:\/\/apuntesdesanluis.com\/wp-content\/uploads\/2023\/07\/L\u00b4huillier.jpg",714,448,false],"newsever-medium":["https:\/\/apuntesdesanluis.com\/wp-content\/uploads\/2023\/07\/L\u00b4huillier.jpg",714,448,false]},"author_info":{"display_name":"apuntesdesanluis.com","author_link":"https:\/\/apuntesdesanluis.com\/index.php\/author\/apuntesdesanluis-com\/"},"category_info":"<a href=\"https:\/\/apuntesdesanluis.com\/index.php\/category\/ciudad-provincia\/\" rel=\"category tag\">Ciudad\/Provincia<\/a>","tag_info":"Ciudad\/Provincia","comment_count":"0","_links":{"self":[{"href":"https:\/\/apuntesdesanluis.com\/index.php\/wp-json\/wp\/v2\/posts\/40","targetHints":{"allow":["GET"]}}],"collection":[{"href":"https:\/\/apuntesdesanluis.com\/index.php\/wp-json\/wp\/v2\/posts"}],"about":[{"href":"https:\/\/apuntesdesanluis.com\/index.php\/wp-json\/wp\/v2\/types\/post"}],"author":[{"embeddable":true,"href":"https:\/\/apuntesdesanluis.com\/index.php\/wp-json\/wp\/v2\/users\/1"}],"replies":[{"embeddable":true,"href":"https:\/\/apuntesdesanluis.com\/index.php\/wp-json\/wp\/v2\/comments?post=40"}],"version-history":[{"count":0,"href":"https:\/\/apuntesdesanluis.com\/index.php\/wp-json\/wp\/v2\/posts\/40\/revisions"}],"wp:featuredmedia":[{"embeddable":true,"href":"https:\/\/apuntesdesanluis.com\/index.php\/wp-json\/wp\/v2\/media\/41"}],"wp:attachment":[{"href":"https:\/\/apuntesdesanluis.com\/index.php\/wp-json\/wp\/v2\/media?parent=40"}],"wp:term":[{"taxonomy":"category","embeddable":true,"href":"https:\/\/apuntesdesanluis.com\/index.php\/wp-json\/wp\/v2\/categories?post=40"},{"taxonomy":"post_tag","embeddable":true,"href":"https:\/\/apuntesdesanluis.com\/index.php\/wp-json\/wp\/v2\/tags?post=40"}],"curies":[{"name":"wp","href":"https:\/\/api.w.org\/{rel}","templated":true}]}}