{"id":4005,"date":"2023-09-25T14:37:43","date_gmt":"2023-09-25T17:37:43","guid":{"rendered":"https:\/\/apuntesdesanluis.com\/?p=4005"},"modified":"2023-09-25T14:39:19","modified_gmt":"2023-09-25T17:39:19","slug":"piden-que-se-declare-inconstitucional-la-ley-que-creo-52-cargos-en-la-legislatura","status":"publish","type":"post","link":"https:\/\/apuntesdesanluis.com\/index.php\/2023\/09\/25\/piden-que-se-declare-inconstitucional-la-ley-que-creo-52-cargos-en-la-legislatura\/","title":{"rendered":"PIDEN QUE SE DECLARE \u201cINCONSTITUCIONAL\u201d LA LEY QUE CRE\u00d3 52 CARGOS EN LA LEGISLATURA"},"content":{"rendered":"<h3>Con el patrocinio del abogado <strong>Marcelo Neme<\/strong> (foto), la presentaci\u00f3n estuvo a cargo de la abogada <strong>Marisa Laura Avellaneda<\/strong>, ante el Superior Tribunal de Justicia de la provincia.<\/h3>\n<h3>La norma cuestionada es la controvertida Ley N\u00ba XV-1104 -2023 que promovi\u00f3 el gobernador Alberto Rodr\u00edguez Sa\u00e1, y que tuvo sanci\u00f3n por mayor\u00eda en ambas c\u00e1maras, a trav\u00e9s de la cual se crean m\u00e1s de medio centenar de cargos directivos con sueldos superiores al mill\u00f3n de pesos.<\/h3>\n<h3>En la misma presentaci\u00f3n tambi\u00e9n se recus\u00f3 a la ministra del m\u00e1ximo \u00f3rgano de justicia provincial, la Dra. Carolina Monte Riso, esposa del secretario General de la Gobernaci\u00f3n, Miguel \u201cMicky\u201d Berardo.<\/h3>\n<h3>\u201cEsto es a los efectos de evitar subjetividades, entendemos que estar\u00e1 muy subjetivizada para resolver en este tipo de cuesti\u00f3n y por eso decidimos recusarla\u201d, explic\u00f3 el Dr. Neme.<\/h3>\n<h3>Yendo al fondo del pedido para que se declare la inconstitucionalidad de la pol\u00e9mica ley, agreg\u00f3 que en la misma se estableci\u00f3 que la forma de designaci\u00f3n de esos funcionarios \u201cser\u00e1 por la simple mayor\u00eda de los votos de ambas c\u00e1maras, pero eso entra en colisi\u00f3n con lo que establecen los art\u00edculos 4, 16 y 23 de la Constituci\u00f3n provincial\u201d.<\/h3>\n<h3>En ese sentido, afirm\u00f3 que para el nombramiento de las personas que ocupar\u00e1n los cargos, a los que defini\u00f3 como t\u00e9cnicos, deben tenerse en cuenta la idoneidad, igualdad de oportunidades y se tiene que implementar un concurso de antecedentes \u201cde modo tal que las personas que sean designadas son las que mayor capacidad o atribuciones tengan\u201d.<\/h3>\n<h3>En la presentaci\u00f3n ante el STJ se expone, a modo de conclusi\u00f3n: \u201cLa Ley N\u00ba\u00a0 XV-1104 -2023, no es inconstitucional a crear los 52 cargos del Cuerpo Especial de Directores, ya que est\u00e1 dentro de sus atribuciones hacerlo, pero si es INCONSTITUCIONAL el mecanismo establecido de designaci\u00f3n de esos cargos, ya que establece \u201c Todos los Directores ser\u00e1n designados por cada C\u00e1mara, por mayor\u00eda simple, y tendr\u00e1n una retribuci\u00f3n equivalente a la de los Prosecretarios de C\u00e1mara\u201d, sin establecerse un mecanismo de selecci\u00f3n que respete el plexo Constitucional, generando una discriminaci\u00f3n arbitraria, que produce una fragrante violaci\u00f3n de la igualdad de oportunidades, alter\u00e1ndose los principios en los cuales deben basarse nuestro Gobierno, conforme el mencionado art.4, 16 y 23 de la Constituci\u00f3n Provincial y 16 de la Constituci\u00f3n Nacional, obviamente\u00a0 violando el principio de igualdad ante la ley\u201d.<\/h3>\n<h3>\u201cTodos sabemos que estos cargos fueron creados en forma espec\u00edfica para designar a funcionarios salientes, que se van a quedar sin trabajo a partir del 10 de diciembre, alguno de los diputados y senadores que tambi\u00e9n se van o los parientes, pero el Poder Legislativo puede decir que, si hacen falta 80, 90 o 100 puestos para que funcione la Legislatura, si tienen el presupuesto lo pueden hacer. Pero cuando est\u00e1 mal la designaci\u00f3n de esas personas entramos dentro de las facultades regladas de la administraci\u00f3n porque no tienen la posibilidad de designarlos discrecionalmente, sino que tienen que respetar la Constituci\u00f3n\u201d, consider\u00f3.<\/h3>\n<h3>La promotora de la presentaci\u00f3n ante el STJ, Marisa Laura Avellaneda, es abogada y escribana recibida en la Universidad Cat\u00f3lica de Cuyo, se ha desempe\u00f1ado como asesora en el Senado de la Naci\u00f3n y tambi\u00e9n ha ocupado numerosos cargos en el Estado provincial, el \u00faltimo de los cuales fue la titularidad de la Oficina Legal del Ministerio de Gobierno Justicia y Culto del Gobierno de la Provincia de San Luis, desde 12 de junio de 2017 al 30 de septiembre de 2018.<\/h3>\n<h3><span style=\"color: #000000;\">VER:<\/span><\/h3>\n<h3><span style=\"color: #3366ff;\"><a style=\"color: #3366ff;\" href=\"https:\/\/apuntesdesanluis.com\/wp-content\/uploads\/2023\/09\/Accion-de-inconstitucionalidad.pdf\">Accion-de-inconstitucionalidad<\/a><\/span><\/h3>\n<p>&nbsp;<\/p>\n<p>&nbsp;<\/p>\n<p>&nbsp;<\/p>\n<p>&nbsp;<\/p>\n","protected":false},"excerpt":{"rendered":"<p>Con el patrocinio del abogado Marcelo Neme (foto), la presentaci\u00f3n estuvo a cargo de la&#8230;<\/p>\n","protected":false},"author":1,"featured_media":4006,"comment_status":"closed","ping_status":"closed","sticky":false,"template":"","format":"standard","meta":{"footnotes":""},"categories":[6],"tags":[],"class_list":["post-4005","post","type-post","status-publish","format-standard","has-post-thumbnail","hentry","category-ciudad-provincia"],"yoast_head":"<!-- This site is optimized with the Yoast SEO plugin v26.1.1 - https:\/\/yoast.com\/wordpress\/plugins\/seo\/ -->\n<title>PIDEN QUE SE DECLARE \u201cINCONSTITUCIONAL\u201d LA LEY QUE CRE\u00d3 52 CARGOS EN LA LEGISLATURA - Apuntes de San Luis<\/title>\n<meta name=\"robots\" content=\"index, follow, max-snippet:-1, max-image-preview:large, max-video-preview:-1\" \/>\n<link rel=\"canonical\" href=\"https:\/\/apuntesdesanluis.com\/index.php\/2023\/09\/25\/piden-que-se-declare-inconstitucional-la-ley-que-creo-52-cargos-en-la-legislatura\/\" \/>\n<meta property=\"og:locale\" content=\"es_ES\" \/>\n<meta property=\"og:type\" content=\"article\" \/>\n<meta property=\"og:title\" content=\"PIDEN QUE SE DECLARE \u201cINCONSTITUCIONAL\u201d LA LEY QUE CRE\u00d3 52 CARGOS EN LA LEGISLATURA - Apuntes de San Luis\" \/>\n<meta property=\"og:description\" content=\"Con el patrocinio del abogado Marcelo Neme (foto), la presentaci\u00f3n estuvo a cargo de la...\" \/>\n<meta property=\"og:url\" content=\"https:\/\/apuntesdesanluis.com\/index.php\/2023\/09\/25\/piden-que-se-declare-inconstitucional-la-ley-que-creo-52-cargos-en-la-legislatura\/\" \/>\n<meta property=\"og:site_name\" content=\"Apuntes de San Luis\" \/>\n<meta property=\"article:published_time\" content=\"2023-09-25T17:37:43+00:00\" \/>\n<meta property=\"article:modified_time\" content=\"2023-09-25T17:39:19+00:00\" \/>\n<meta property=\"og:image\" content=\"https:\/\/apuntesdesanluis.com\/wp-content\/uploads\/2023\/09\/neme.png\" \/>\n\t<meta property=\"og:image:width\" content=\"600\" \/>\n\t<meta property=\"og:image:height\" content=\"331\" \/>\n\t<meta property=\"og:image:type\" content=\"image\/png\" \/>\n<meta name=\"author\" content=\"apuntesdesanluis.com\" \/>\n<meta name=\"twitter:card\" content=\"summary_large_image\" \/>\n<meta name=\"twitter:label1\" content=\"Escrito por\" \/>\n\t<meta name=\"twitter:data1\" content=\"apuntesdesanluis.com\" \/>\n\t<meta name=\"twitter:label2\" content=\"Tiempo de lectura\" \/>\n\t<meta name=\"twitter:data2\" content=\"3 minutos\" \/>\n<script type=\"application\/ld+json\" class=\"yoast-schema-graph\">{\"@context\":\"https:\/\/schema.org\",\"@graph\":[{\"@type\":\"Article\",\"@id\":\"https:\/\/apuntesdesanluis.com\/index.php\/2023\/09\/25\/piden-que-se-declare-inconstitucional-la-ley-que-creo-52-cargos-en-la-legislatura\/#article\",\"isPartOf\":{\"@id\":\"https:\/\/apuntesdesanluis.com\/index.php\/2023\/09\/25\/piden-que-se-declare-inconstitucional-la-ley-que-creo-52-cargos-en-la-legislatura\/\"},\"author\":{\"name\":\"apuntesdesanluis.com\",\"@id\":\"https:\/\/apuntesdesanluis.com\/#\/schema\/person\/b55151d52296fcce64d1a72538a70b90\"},\"headline\":\"PIDEN QUE SE DECLARE \u201cINCONSTITUCIONAL\u201d LA LEY QUE CRE\u00d3 52 CARGOS EN LA LEGISLATURA\",\"datePublished\":\"2023-09-25T17:37:43+00:00\",\"dateModified\":\"2023-09-25T17:39:19+00:00\",\"mainEntityOfPage\":{\"@id\":\"https:\/\/apuntesdesanluis.com\/index.php\/2023\/09\/25\/piden-que-se-declare-inconstitucional-la-ley-que-creo-52-cargos-en-la-legislatura\/\"},\"wordCount\":623,\"publisher\":{\"@id\":\"https:\/\/apuntesdesanluis.com\/#\/schema\/person\/b55151d52296fcce64d1a72538a70b90\"},\"image\":{\"@id\":\"https:\/\/apuntesdesanluis.com\/index.php\/2023\/09\/25\/piden-que-se-declare-inconstitucional-la-ley-que-creo-52-cargos-en-la-legislatura\/#primaryimage\"},\"thumbnailUrl\":\"https:\/\/apuntesdesanluis.com\/wp-content\/uploads\/2023\/09\/neme.png\",\"articleSection\":[\"Ciudad\/Provincia\"],\"inLanguage\":\"es-AR\"},{\"@type\":\"WebPage\",\"@id\":\"https:\/\/apuntesdesanluis.com\/index.php\/2023\/09\/25\/piden-que-se-declare-inconstitucional-la-ley-que-creo-52-cargos-en-la-legislatura\/\",\"url\":\"https:\/\/apuntesdesanluis.com\/index.php\/2023\/09\/25\/piden-que-se-declare-inconstitucional-la-ley-que-creo-52-cargos-en-la-legislatura\/\",\"name\":\"PIDEN QUE SE DECLARE \u201cINCONSTITUCIONAL\u201d LA LEY QUE CRE\u00d3 52 CARGOS EN LA LEGISLATURA - Apuntes de San Luis\",\"isPartOf\":{\"@id\":\"https:\/\/apuntesdesanluis.com\/#website\"},\"primaryImageOfPage\":{\"@id\":\"https:\/\/apuntesdesanluis.com\/index.php\/2023\/09\/25\/piden-que-se-declare-inconstitucional-la-ley-que-creo-52-cargos-en-la-legislatura\/#primaryimage\"},\"image\":{\"@id\":\"https:\/\/apuntesdesanluis.com\/index.php\/2023\/09\/25\/piden-que-se-declare-inconstitucional-la-ley-que-creo-52-cargos-en-la-legislatura\/#primaryimage\"},\"thumbnailUrl\":\"https:\/\/apuntesdesanluis.com\/wp-content\/uploads\/2023\/09\/neme.png\",\"datePublished\":\"2023-09-25T17:37:43+00:00\",\"dateModified\":\"2023-09-25T17:39:19+00:00\",\"breadcrumb\":{\"@id\":\"https:\/\/apuntesdesanluis.com\/index.php\/2023\/09\/25\/piden-que-se-declare-inconstitucional-la-ley-que-creo-52-cargos-en-la-legislatura\/#breadcrumb\"},\"inLanguage\":\"es-AR\",\"potentialAction\":[{\"@type\":\"ReadAction\",\"target\":[\"https:\/\/apuntesdesanluis.com\/index.php\/2023\/09\/25\/piden-que-se-declare-inconstitucional-la-ley-que-creo-52-cargos-en-la-legislatura\/\"]}]},{\"@type\":\"ImageObject\",\"inLanguage\":\"es-AR\",\"@id\":\"https:\/\/apuntesdesanluis.com\/index.php\/2023\/09\/25\/piden-que-se-declare-inconstitucional-la-ley-que-creo-52-cargos-en-la-legislatura\/#primaryimage\",\"url\":\"https:\/\/apuntesdesanluis.com\/wp-content\/uploads\/2023\/09\/neme.png\",\"contentUrl\":\"https:\/\/apuntesdesanluis.com\/wp-content\/uploads\/2023\/09\/neme.png\",\"width\":600,\"height\":331},{\"@type\":\"BreadcrumbList\",\"@id\":\"https:\/\/apuntesdesanluis.com\/index.php\/2023\/09\/25\/piden-que-se-declare-inconstitucional-la-ley-que-creo-52-cargos-en-la-legislatura\/#breadcrumb\",\"itemListElement\":[{\"@type\":\"ListItem\",\"position\":1,\"name\":\"Inicio\",\"item\":\"https:\/\/apuntesdesanluis.com\/\"},{\"@type\":\"ListItem\",\"position\":2,\"name\":\"PIDEN QUE SE DECLARE \u201cINCONSTITUCIONAL\u201d LA LEY QUE CRE\u00d3 52 CARGOS EN LA LEGISLATURA\"}]},{\"@type\":\"WebSite\",\"@id\":\"https:\/\/apuntesdesanluis.com\/#website\",\"url\":\"https:\/\/apuntesdesanluis.com\/\",\"name\":\"Apuntes de San Luis\",\"description\":\"\",\"publisher\":{\"@id\":\"https:\/\/apuntesdesanluis.com\/#\/schema\/person\/b55151d52296fcce64d1a72538a70b90\"},\"potentialAction\":[{\"@type\":\"SearchAction\",\"target\":{\"@type\":\"EntryPoint\",\"urlTemplate\":\"https:\/\/apuntesdesanluis.com\/?s={search_term_string}\"},\"query-input\":{\"@type\":\"PropertyValueSpecification\",\"valueRequired\":true,\"valueName\":\"search_term_string\"}}],\"inLanguage\":\"es-AR\"},{\"@type\":[\"Person\",\"Organization\"],\"@id\":\"https:\/\/apuntesdesanluis.com\/#\/schema\/person\/b55151d52296fcce64d1a72538a70b90\",\"name\":\"apuntesdesanluis.com\",\"image\":{\"@type\":\"ImageObject\",\"inLanguage\":\"es-AR\",\"@id\":\"https:\/\/apuntesdesanluis.com\/#\/schema\/person\/image\/\",\"url\":\"https:\/\/apuntesdesanluis.com\/wp-content\/uploads\/2023\/07\/cropped-apuntesdesanluis.png\",\"contentUrl\":\"https:\/\/apuntesdesanluis.com\/wp-content\/uploads\/2023\/07\/cropped-apuntesdesanluis.png\",\"width\":450,\"height\":112,\"caption\":\"apuntesdesanluis.com\"},\"logo\":{\"@id\":\"https:\/\/apuntesdesanluis.com\/#\/schema\/person\/image\/\"},\"sameAs\":[\"https:\/\/apuntesdesanluis.com\"],\"url\":\"https:\/\/apuntesdesanluis.com\/index.php\/author\/apuntesdesanluis-com\/\"}]}<\/script>\n<!-- \/ Yoast SEO plugin. -->","yoast_head_json":{"title":"PIDEN QUE SE DECLARE \u201cINCONSTITUCIONAL\u201d LA LEY QUE CRE\u00d3 52 CARGOS EN LA LEGISLATURA - Apuntes de San Luis","robots":{"index":"index","follow":"follow","max-snippet":"max-snippet:-1","max-image-preview":"max-image-preview:large","max-video-preview":"max-video-preview:-1"},"canonical":"https:\/\/apuntesdesanluis.com\/index.php\/2023\/09\/25\/piden-que-se-declare-inconstitucional-la-ley-que-creo-52-cargos-en-la-legislatura\/","og_locale":"es_ES","og_type":"article","og_title":"PIDEN QUE SE DECLARE \u201cINCONSTITUCIONAL\u201d LA LEY QUE CRE\u00d3 52 CARGOS EN LA LEGISLATURA - Apuntes de San Luis","og_description":"Con el patrocinio del abogado Marcelo Neme (foto), la presentaci\u00f3n estuvo a cargo de la...","og_url":"https:\/\/apuntesdesanluis.com\/index.php\/2023\/09\/25\/piden-que-se-declare-inconstitucional-la-ley-que-creo-52-cargos-en-la-legislatura\/","og_site_name":"Apuntes de San Luis","article_published_time":"2023-09-25T17:37:43+00:00","article_modified_time":"2023-09-25T17:39:19+00:00","og_image":[{"width":600,"height":331,"url":"https:\/\/apuntesdesanluis.com\/wp-content\/uploads\/2023\/09\/neme.png","type":"image\/png"}],"author":"apuntesdesanluis.com","twitter_card":"summary_large_image","twitter_misc":{"Escrito por":"apuntesdesanluis.com","Tiempo de lectura":"3 minutos"},"schema":{"@context":"https:\/\/schema.org","@graph":[{"@type":"Article","@id":"https:\/\/apuntesdesanluis.com\/index.php\/2023\/09\/25\/piden-que-se-declare-inconstitucional-la-ley-que-creo-52-cargos-en-la-legislatura\/#article","isPartOf":{"@id":"https:\/\/apuntesdesanluis.com\/index.php\/2023\/09\/25\/piden-que-se-declare-inconstitucional-la-ley-que-creo-52-cargos-en-la-legislatura\/"},"author":{"name":"apuntesdesanluis.com","@id":"https:\/\/apuntesdesanluis.com\/#\/schema\/person\/b55151d52296fcce64d1a72538a70b90"},"headline":"PIDEN QUE SE DECLARE \u201cINCONSTITUCIONAL\u201d LA LEY QUE CRE\u00d3 52 CARGOS EN LA LEGISLATURA","datePublished":"2023-09-25T17:37:43+00:00","dateModified":"2023-09-25T17:39:19+00:00","mainEntityOfPage":{"@id":"https:\/\/apuntesdesanluis.com\/index.php\/2023\/09\/25\/piden-que-se-declare-inconstitucional-la-ley-que-creo-52-cargos-en-la-legislatura\/"},"wordCount":623,"publisher":{"@id":"https:\/\/apuntesdesanluis.com\/#\/schema\/person\/b55151d52296fcce64d1a72538a70b90"},"image":{"@id":"https:\/\/apuntesdesanluis.com\/index.php\/2023\/09\/25\/piden-que-se-declare-inconstitucional-la-ley-que-creo-52-cargos-en-la-legislatura\/#primaryimage"},"thumbnailUrl":"https:\/\/apuntesdesanluis.com\/wp-content\/uploads\/2023\/09\/neme.png","articleSection":["Ciudad\/Provincia"],"inLanguage":"es-AR"},{"@type":"WebPage","@id":"https:\/\/apuntesdesanluis.com\/index.php\/2023\/09\/25\/piden-que-se-declare-inconstitucional-la-ley-que-creo-52-cargos-en-la-legislatura\/","url":"https:\/\/apuntesdesanluis.com\/index.php\/2023\/09\/25\/piden-que-se-declare-inconstitucional-la-ley-que-creo-52-cargos-en-la-legislatura\/","name":"PIDEN QUE SE DECLARE \u201cINCONSTITUCIONAL\u201d LA LEY QUE CRE\u00d3 52 CARGOS EN LA LEGISLATURA - Apuntes de San Luis","isPartOf":{"@id":"https:\/\/apuntesdesanluis.com\/#website"},"primaryImageOfPage":{"@id":"https:\/\/apuntesdesanluis.com\/index.php\/2023\/09\/25\/piden-que-se-declare-inconstitucional-la-ley-que-creo-52-cargos-en-la-legislatura\/#primaryimage"},"image":{"@id":"https:\/\/apuntesdesanluis.com\/index.php\/2023\/09\/25\/piden-que-se-declare-inconstitucional-la-ley-que-creo-52-cargos-en-la-legislatura\/#primaryimage"},"thumbnailUrl":"https:\/\/apuntesdesanluis.com\/wp-content\/uploads\/2023\/09\/neme.png","datePublished":"2023-09-25T17:37:43+00:00","dateModified":"2023-09-25T17:39:19+00:00","breadcrumb":{"@id":"https:\/\/apuntesdesanluis.com\/index.php\/2023\/09\/25\/piden-que-se-declare-inconstitucional-la-ley-que-creo-52-cargos-en-la-legislatura\/#breadcrumb"},"inLanguage":"es-AR","potentialAction":[{"@type":"ReadAction","target":["https:\/\/apuntesdesanluis.com\/index.php\/2023\/09\/25\/piden-que-se-declare-inconstitucional-la-ley-que-creo-52-cargos-en-la-legislatura\/"]}]},{"@type":"ImageObject","inLanguage":"es-AR","@id":"https:\/\/apuntesdesanluis.com\/index.php\/2023\/09\/25\/piden-que-se-declare-inconstitucional-la-ley-que-creo-52-cargos-en-la-legislatura\/#primaryimage","url":"https:\/\/apuntesdesanluis.com\/wp-content\/uploads\/2023\/09\/neme.png","contentUrl":"https:\/\/apuntesdesanluis.com\/wp-content\/uploads\/2023\/09\/neme.png","width":600,"height":331},{"@type":"BreadcrumbList","@id":"https:\/\/apuntesdesanluis.com\/index.php\/2023\/09\/25\/piden-que-se-declare-inconstitucional-la-ley-que-creo-52-cargos-en-la-legislatura\/#breadcrumb","itemListElement":[{"@type":"ListItem","position":1,"name":"Inicio","item":"https:\/\/apuntesdesanluis.com\/"},{"@type":"ListItem","position":2,"name":"PIDEN QUE SE DECLARE \u201cINCONSTITUCIONAL\u201d LA LEY QUE CRE\u00d3 52 CARGOS EN LA LEGISLATURA"}]},{"@type":"WebSite","@id":"https:\/\/apuntesdesanluis.com\/#website","url":"https:\/\/apuntesdesanluis.com\/","name":"Apuntes de San Luis","description":"","publisher":{"@id":"https:\/\/apuntesdesanluis.com\/#\/schema\/person\/b55151d52296fcce64d1a72538a70b90"},"potentialAction":[{"@type":"SearchAction","target":{"@type":"EntryPoint","urlTemplate":"https:\/\/apuntesdesanluis.com\/?s={search_term_string}"},"query-input":{"@type":"PropertyValueSpecification","valueRequired":true,"valueName":"search_term_string"}}],"inLanguage":"es-AR"},{"@type":["Person","Organization"],"@id":"https:\/\/apuntesdesanluis.com\/#\/schema\/person\/b55151d52296fcce64d1a72538a70b90","name":"apuntesdesanluis.com","image":{"@type":"ImageObject","inLanguage":"es-AR","@id":"https:\/\/apuntesdesanluis.com\/#\/schema\/person\/image\/","url":"https:\/\/apuntesdesanluis.com\/wp-content\/uploads\/2023\/07\/cropped-apuntesdesanluis.png","contentUrl":"https:\/\/apuntesdesanluis.com\/wp-content\/uploads\/2023\/07\/cropped-apuntesdesanluis.png","width":450,"height":112,"caption":"apuntesdesanluis.com"},"logo":{"@id":"https:\/\/apuntesdesanluis.com\/#\/schema\/person\/image\/"},"sameAs":["https:\/\/apuntesdesanluis.com"],"url":"https:\/\/apuntesdesanluis.com\/index.php\/author\/apuntesdesanluis-com\/"}]}},"featured_image_urls":{"full":["https:\/\/apuntesdesanluis.com\/wp-content\/uploads\/2023\/09\/neme.png",600,331,false],"thumbnail":["https:\/\/apuntesdesanluis.com\/wp-content\/uploads\/2023\/09\/neme-150x150.png",150,150,true],"medium":["https:\/\/apuntesdesanluis.com\/wp-content\/uploads\/2023\/09\/neme-300x166.png",300,166,true],"medium_large":["https:\/\/apuntesdesanluis.com\/wp-content\/uploads\/2023\/09\/neme.png",600,331,false],"large":["https:\/\/apuntesdesanluis.com\/wp-content\/uploads\/2023\/09\/neme.png",600,331,false],"1536x1536":["https:\/\/apuntesdesanluis.com\/wp-content\/uploads\/2023\/09\/neme.png",600,331,false],"2048x2048":["https:\/\/apuntesdesanluis.com\/wp-content\/uploads\/2023\/09\/neme.png",600,331,false],"newsever-slider-full":["https:\/\/apuntesdesanluis.com\/wp-content\/uploads\/2023\/09\/neme.png",600,331,false],"newsever-featured":["https:\/\/apuntesdesanluis.com\/wp-content\/uploads\/2023\/09\/neme.png",600,331,false],"newsever-medium":["https:\/\/apuntesdesanluis.com\/wp-content\/uploads\/2023\/09\/neme.png",600,331,false]},"author_info":{"display_name":"apuntesdesanluis.com","author_link":"https:\/\/apuntesdesanluis.com\/index.php\/author\/apuntesdesanluis-com\/"},"category_info":"<a href=\"https:\/\/apuntesdesanluis.com\/index.php\/category\/ciudad-provincia\/\" rel=\"category tag\">Ciudad\/Provincia<\/a>","tag_info":"Ciudad\/Provincia","comment_count":"0","_links":{"self":[{"href":"https:\/\/apuntesdesanluis.com\/index.php\/wp-json\/wp\/v2\/posts\/4005","targetHints":{"allow":["GET"]}}],"collection":[{"href":"https:\/\/apuntesdesanluis.com\/index.php\/wp-json\/wp\/v2\/posts"}],"about":[{"href":"https:\/\/apuntesdesanluis.com\/index.php\/wp-json\/wp\/v2\/types\/post"}],"author":[{"embeddable":true,"href":"https:\/\/apuntesdesanluis.com\/index.php\/wp-json\/wp\/v2\/users\/1"}],"replies":[{"embeddable":true,"href":"https:\/\/apuntesdesanluis.com\/index.php\/wp-json\/wp\/v2\/comments?post=4005"}],"version-history":[{"count":5,"href":"https:\/\/apuntesdesanluis.com\/index.php\/wp-json\/wp\/v2\/posts\/4005\/revisions"}],"predecessor-version":[{"id":4011,"href":"https:\/\/apuntesdesanluis.com\/index.php\/wp-json\/wp\/v2\/posts\/4005\/revisions\/4011"}],"wp:featuredmedia":[{"embeddable":true,"href":"https:\/\/apuntesdesanluis.com\/index.php\/wp-json\/wp\/v2\/media\/4006"}],"wp:attachment":[{"href":"https:\/\/apuntesdesanluis.com\/index.php\/wp-json\/wp\/v2\/media?parent=4005"}],"wp:term":[{"taxonomy":"category","embeddable":true,"href":"https:\/\/apuntesdesanluis.com\/index.php\/wp-json\/wp\/v2\/categories?post=4005"},{"taxonomy":"post_tag","embeddable":true,"href":"https:\/\/apuntesdesanluis.com\/index.php\/wp-json\/wp\/v2\/tags?post=4005"}],"curies":[{"name":"wp","href":"https:\/\/api.w.org\/{rel}","templated":true}]}}