{"id":4013,"date":"2023-09-25T18:18:30","date_gmt":"2023-09-25T21:18:30","guid":{"rendered":"https:\/\/apuntesdesanluis.com\/?p=4013"},"modified":"2023-09-25T18:18:30","modified_gmt":"2023-09-25T21:18:30","slug":"proteccionistas-fueron-atacados-durante-una-jineteada-en-san-miguel","status":"publish","type":"post","link":"https:\/\/apuntesdesanluis.com\/index.php\/2023\/09\/25\/proteccionistas-fueron-atacados-durante-una-jineteada-en-san-miguel\/","title":{"rendered":"PROTECCIONISTAS FUERON ATACADOS DURANTE UNA JINETEADA EN SAN MIGUEL"},"content":{"rendered":"<h3>Sucedi\u00f3 el \u00faltimo fin de semana cuando un grupo interrumpi\u00f3 en la pista con carteles para protestar contra la actividad y 16 de ellos terminaron internados.<\/h3>\n<h3>Una jineteada en la localidad de San Miguel termin\u00f3 con 16 proteccionistas internados y una persona detenida. Todo sucedi\u00f3 el \u00faltimo fin de semana cuando un grupo interrumpi\u00f3 en la pista con carteles para protestar contra la actividad.<\/h3>\n<h3>En algunas de las pancartas que exhibieron los proteccionistas, en su gran mayor\u00eda mujeres, se llegaba a leer: \u201cSan Miguel, basta de jineteadas\u201d y \u201cNo es cultura, es violencia\u201d.<\/h3>\n<h3>Los disturbios comenzaron cuando el grupo se reuni\u00f3 en el centro de la pista y los jinetes a caballo decidieron arrematar contra ellos.<\/h3>\n<p><iframe title=\"BRUTAL AGRESI\u00d3N en una JINETEADA en SAN MIGUEL: PROTECCIONISTAS FUERON ATACADOS a REBENCAZOS\" width=\"640\" height=\"360\" src=\"https:\/\/www.youtube.com\/embed\/9d9r1k3X63Q?feature=oembed\" frameborder=\"0\" allow=\"accelerometer; autoplay; clipboard-write; encrypted-media; gyroscope; picture-in-picture; web-share\" referrerpolicy=\"strict-origin-when-cross-origin\" allowfullscreen><\/iframe><\/p>\n<h3>El momento del ataque qued\u00f3 registrado por un simpatizante que se encontraba en el lugar y permiti\u00f3 que se observe cuando los hombres se dispersan para sacarlos del predio.<\/h3>\n<h3>En las im\u00e1genes se muestra c\u00f3mo los jinetes, muchos a pie, atacaron a rebencazos a los manifestantes por lo que 16 de ellos resultaron heridos.<\/h3>\n<h3>Asimismo, en una parte del video se deja ver cuando uno de los agresores empuja a una mujer mientras le gritaba \u201cvamos vamos, afuera. Informate primero para ser proteccionista, est\u00fapida\u201d.<\/h3>\n<h3>Mientras eso ocurr\u00eda, las mujeres le dec\u00edan que la protesta era pac\u00edfica y que no pod\u00eda golpearlas, pero el hombre se justificaba. Se supo que qued\u00f3 detenido por lesiones leves e intimidaci\u00f3n.<\/h3>\n","protected":false},"excerpt":{"rendered":"<p>Sucedi\u00f3 el \u00faltimo fin de semana cuando un grupo interrumpi\u00f3 en la pista con carteles&#8230;<\/p>\n","protected":false},"author":1,"featured_media":4014,"comment_status":"closed","ping_status":"closed","sticky":false,"template":"","format":"standard","meta":{"footnotes":""},"categories":[5],"tags":[],"class_list":["post-4013","post","type-post","status-publish","format-standard","has-post-thumbnail","hentry","category-nacionales-internacionales"],"yoast_head":"<!-- This site is optimized with the Yoast SEO plugin v26.1.1 - https:\/\/yoast.com\/wordpress\/plugins\/seo\/ -->\n<title>PROTECCIONISTAS FUERON ATACADOS DURANTE UNA JINETEADA EN SAN MIGUEL - Apuntes de San Luis<\/title>\n<meta name=\"robots\" content=\"index, follow, max-snippet:-1, max-image-preview:large, max-video-preview:-1\" \/>\n<link rel=\"canonical\" href=\"https:\/\/apuntesdesanluis.com\/index.php\/2023\/09\/25\/proteccionistas-fueron-atacados-durante-una-jineteada-en-san-miguel\/\" \/>\n<meta property=\"og:locale\" content=\"es_ES\" \/>\n<meta property=\"og:type\" content=\"article\" \/>\n<meta property=\"og:title\" content=\"PROTECCIONISTAS FUERON ATACADOS DURANTE UNA JINETEADA EN SAN MIGUEL - Apuntes de San Luis\" \/>\n<meta property=\"og:description\" content=\"Sucedi\u00f3 el \u00faltimo fin de semana cuando un grupo interrumpi\u00f3 en la pista con carteles...\" \/>\n<meta property=\"og:url\" content=\"https:\/\/apuntesdesanluis.com\/index.php\/2023\/09\/25\/proteccionistas-fueron-atacados-durante-una-jineteada-en-san-miguel\/\" \/>\n<meta property=\"og:site_name\" content=\"Apuntes de San Luis\" \/>\n<meta property=\"article:published_time\" content=\"2023-09-25T21:18:30+00:00\" \/>\n<meta property=\"og:image\" content=\"https:\/\/apuntesdesanluis.com\/wp-content\/uploads\/2023\/09\/jineteada-proteccionistas.png\" \/>\n\t<meta property=\"og:image:width\" content=\"600\" \/>\n\t<meta property=\"og:image:height\" content=\"339\" \/>\n\t<meta property=\"og:image:type\" content=\"image\/png\" \/>\n<meta name=\"author\" content=\"apuntesdesanluis.com\" \/>\n<meta name=\"twitter:card\" content=\"summary_large_image\" \/>\n<meta name=\"twitter:label1\" content=\"Escrito por\" \/>\n\t<meta name=\"twitter:data1\" content=\"apuntesdesanluis.com\" \/>\n\t<meta name=\"twitter:label2\" content=\"Tiempo de lectura\" \/>\n\t<meta name=\"twitter:data2\" content=\"2 minutos\" \/>\n<script type=\"application\/ld+json\" class=\"yoast-schema-graph\">{\"@context\":\"https:\/\/schema.org\",\"@graph\":[{\"@type\":\"Article\",\"@id\":\"https:\/\/apuntesdesanluis.com\/index.php\/2023\/09\/25\/proteccionistas-fueron-atacados-durante-una-jineteada-en-san-miguel\/#article\",\"isPartOf\":{\"@id\":\"https:\/\/apuntesdesanluis.com\/index.php\/2023\/09\/25\/proteccionistas-fueron-atacados-durante-una-jineteada-en-san-miguel\/\"},\"author\":{\"name\":\"apuntesdesanluis.com\",\"@id\":\"https:\/\/apuntesdesanluis.com\/#\/schema\/person\/b55151d52296fcce64d1a72538a70b90\"},\"headline\":\"PROTECCIONISTAS FUERON ATACADOS DURANTE UNA JINETEADA EN SAN MIGUEL\",\"datePublished\":\"2023-09-25T21:18:30+00:00\",\"mainEntityOfPage\":{\"@id\":\"https:\/\/apuntesdesanluis.com\/index.php\/2023\/09\/25\/proteccionistas-fueron-atacados-durante-una-jineteada-en-san-miguel\/\"},\"wordCount\":260,\"publisher\":{\"@id\":\"https:\/\/apuntesdesanluis.com\/#\/schema\/person\/b55151d52296fcce64d1a72538a70b90\"},\"image\":{\"@id\":\"https:\/\/apuntesdesanluis.com\/index.php\/2023\/09\/25\/proteccionistas-fueron-atacados-durante-una-jineteada-en-san-miguel\/#primaryimage\"},\"thumbnailUrl\":\"https:\/\/apuntesdesanluis.com\/wp-content\/uploads\/2023\/09\/jineteada-proteccionistas.png\",\"articleSection\":[\"Nacionales\/Internacionales\"],\"inLanguage\":\"es-AR\"},{\"@type\":\"WebPage\",\"@id\":\"https:\/\/apuntesdesanluis.com\/index.php\/2023\/09\/25\/proteccionistas-fueron-atacados-durante-una-jineteada-en-san-miguel\/\",\"url\":\"https:\/\/apuntesdesanluis.com\/index.php\/2023\/09\/25\/proteccionistas-fueron-atacados-durante-una-jineteada-en-san-miguel\/\",\"name\":\"PROTECCIONISTAS FUERON ATACADOS DURANTE UNA JINETEADA EN SAN MIGUEL - Apuntes de San Luis\",\"isPartOf\":{\"@id\":\"https:\/\/apuntesdesanluis.com\/#website\"},\"primaryImageOfPage\":{\"@id\":\"https:\/\/apuntesdesanluis.com\/index.php\/2023\/09\/25\/proteccionistas-fueron-atacados-durante-una-jineteada-en-san-miguel\/#primaryimage\"},\"image\":{\"@id\":\"https:\/\/apuntesdesanluis.com\/index.php\/2023\/09\/25\/proteccionistas-fueron-atacados-durante-una-jineteada-en-san-miguel\/#primaryimage\"},\"thumbnailUrl\":\"https:\/\/apuntesdesanluis.com\/wp-content\/uploads\/2023\/09\/jineteada-proteccionistas.png\",\"datePublished\":\"2023-09-25T21:18:30+00:00\",\"breadcrumb\":{\"@id\":\"https:\/\/apuntesdesanluis.com\/index.php\/2023\/09\/25\/proteccionistas-fueron-atacados-durante-una-jineteada-en-san-miguel\/#breadcrumb\"},\"inLanguage\":\"es-AR\",\"potentialAction\":[{\"@type\":\"ReadAction\",\"target\":[\"https:\/\/apuntesdesanluis.com\/index.php\/2023\/09\/25\/proteccionistas-fueron-atacados-durante-una-jineteada-en-san-miguel\/\"]}]},{\"@type\":\"ImageObject\",\"inLanguage\":\"es-AR\",\"@id\":\"https:\/\/apuntesdesanluis.com\/index.php\/2023\/09\/25\/proteccionistas-fueron-atacados-durante-una-jineteada-en-san-miguel\/#primaryimage\",\"url\":\"https:\/\/apuntesdesanluis.com\/wp-content\/uploads\/2023\/09\/jineteada-proteccionistas.png\",\"contentUrl\":\"https:\/\/apuntesdesanluis.com\/wp-content\/uploads\/2023\/09\/jineteada-proteccionistas.png\",\"width\":600,\"height\":339},{\"@type\":\"BreadcrumbList\",\"@id\":\"https:\/\/apuntesdesanluis.com\/index.php\/2023\/09\/25\/proteccionistas-fueron-atacados-durante-una-jineteada-en-san-miguel\/#breadcrumb\",\"itemListElement\":[{\"@type\":\"ListItem\",\"position\":1,\"name\":\"Inicio\",\"item\":\"https:\/\/apuntesdesanluis.com\/\"},{\"@type\":\"ListItem\",\"position\":2,\"name\":\"PROTECCIONISTAS FUERON ATACADOS DURANTE UNA JINETEADA EN SAN MIGUEL\"}]},{\"@type\":\"WebSite\",\"@id\":\"https:\/\/apuntesdesanluis.com\/#website\",\"url\":\"https:\/\/apuntesdesanluis.com\/\",\"name\":\"Apuntes de San Luis\",\"description\":\"\",\"publisher\":{\"@id\":\"https:\/\/apuntesdesanluis.com\/#\/schema\/person\/b55151d52296fcce64d1a72538a70b90\"},\"potentialAction\":[{\"@type\":\"SearchAction\",\"target\":{\"@type\":\"EntryPoint\",\"urlTemplate\":\"https:\/\/apuntesdesanluis.com\/?s={search_term_string}\"},\"query-input\":{\"@type\":\"PropertyValueSpecification\",\"valueRequired\":true,\"valueName\":\"search_term_string\"}}],\"inLanguage\":\"es-AR\"},{\"@type\":[\"Person\",\"Organization\"],\"@id\":\"https:\/\/apuntesdesanluis.com\/#\/schema\/person\/b55151d52296fcce64d1a72538a70b90\",\"name\":\"apuntesdesanluis.com\",\"image\":{\"@type\":\"ImageObject\",\"inLanguage\":\"es-AR\",\"@id\":\"https:\/\/apuntesdesanluis.com\/#\/schema\/person\/image\/\",\"url\":\"https:\/\/apuntesdesanluis.com\/wp-content\/uploads\/2023\/07\/cropped-apuntesdesanluis.png\",\"contentUrl\":\"https:\/\/apuntesdesanluis.com\/wp-content\/uploads\/2023\/07\/cropped-apuntesdesanluis.png\",\"width\":450,\"height\":112,\"caption\":\"apuntesdesanluis.com\"},\"logo\":{\"@id\":\"https:\/\/apuntesdesanluis.com\/#\/schema\/person\/image\/\"},\"sameAs\":[\"https:\/\/apuntesdesanluis.com\"],\"url\":\"https:\/\/apuntesdesanluis.com\/index.php\/author\/apuntesdesanluis-com\/\"}]}<\/script>\n<!-- \/ Yoast SEO plugin. -->","yoast_head_json":{"title":"PROTECCIONISTAS FUERON ATACADOS DURANTE UNA JINETEADA EN SAN MIGUEL - Apuntes de San Luis","robots":{"index":"index","follow":"follow","max-snippet":"max-snippet:-1","max-image-preview":"max-image-preview:large","max-video-preview":"max-video-preview:-1"},"canonical":"https:\/\/apuntesdesanluis.com\/index.php\/2023\/09\/25\/proteccionistas-fueron-atacados-durante-una-jineteada-en-san-miguel\/","og_locale":"es_ES","og_type":"article","og_title":"PROTECCIONISTAS FUERON ATACADOS DURANTE UNA JINETEADA EN SAN MIGUEL - Apuntes de San Luis","og_description":"Sucedi\u00f3 el \u00faltimo fin de semana cuando un grupo interrumpi\u00f3 en la pista con carteles...","og_url":"https:\/\/apuntesdesanluis.com\/index.php\/2023\/09\/25\/proteccionistas-fueron-atacados-durante-una-jineteada-en-san-miguel\/","og_site_name":"Apuntes de San Luis","article_published_time":"2023-09-25T21:18:30+00:00","og_image":[{"width":600,"height":339,"url":"https:\/\/apuntesdesanluis.com\/wp-content\/uploads\/2023\/09\/jineteada-proteccionistas.png","type":"image\/png"}],"author":"apuntesdesanluis.com","twitter_card":"summary_large_image","twitter_misc":{"Escrito por":"apuntesdesanluis.com","Tiempo de lectura":"2 minutos"},"schema":{"@context":"https:\/\/schema.org","@graph":[{"@type":"Article","@id":"https:\/\/apuntesdesanluis.com\/index.php\/2023\/09\/25\/proteccionistas-fueron-atacados-durante-una-jineteada-en-san-miguel\/#article","isPartOf":{"@id":"https:\/\/apuntesdesanluis.com\/index.php\/2023\/09\/25\/proteccionistas-fueron-atacados-durante-una-jineteada-en-san-miguel\/"},"author":{"name":"apuntesdesanluis.com","@id":"https:\/\/apuntesdesanluis.com\/#\/schema\/person\/b55151d52296fcce64d1a72538a70b90"},"headline":"PROTECCIONISTAS FUERON ATACADOS DURANTE UNA JINETEADA EN SAN MIGUEL","datePublished":"2023-09-25T21:18:30+00:00","mainEntityOfPage":{"@id":"https:\/\/apuntesdesanluis.com\/index.php\/2023\/09\/25\/proteccionistas-fueron-atacados-durante-una-jineteada-en-san-miguel\/"},"wordCount":260,"publisher":{"@id":"https:\/\/apuntesdesanluis.com\/#\/schema\/person\/b55151d52296fcce64d1a72538a70b90"},"image":{"@id":"https:\/\/apuntesdesanluis.com\/index.php\/2023\/09\/25\/proteccionistas-fueron-atacados-durante-una-jineteada-en-san-miguel\/#primaryimage"},"thumbnailUrl":"https:\/\/apuntesdesanluis.com\/wp-content\/uploads\/2023\/09\/jineteada-proteccionistas.png","articleSection":["Nacionales\/Internacionales"],"inLanguage":"es-AR"},{"@type":"WebPage","@id":"https:\/\/apuntesdesanluis.com\/index.php\/2023\/09\/25\/proteccionistas-fueron-atacados-durante-una-jineteada-en-san-miguel\/","url":"https:\/\/apuntesdesanluis.com\/index.php\/2023\/09\/25\/proteccionistas-fueron-atacados-durante-una-jineteada-en-san-miguel\/","name":"PROTECCIONISTAS FUERON ATACADOS DURANTE UNA JINETEADA EN SAN MIGUEL - Apuntes de San Luis","isPartOf":{"@id":"https:\/\/apuntesdesanluis.com\/#website"},"primaryImageOfPage":{"@id":"https:\/\/apuntesdesanluis.com\/index.php\/2023\/09\/25\/proteccionistas-fueron-atacados-durante-una-jineteada-en-san-miguel\/#primaryimage"},"image":{"@id":"https:\/\/apuntesdesanluis.com\/index.php\/2023\/09\/25\/proteccionistas-fueron-atacados-durante-una-jineteada-en-san-miguel\/#primaryimage"},"thumbnailUrl":"https:\/\/apuntesdesanluis.com\/wp-content\/uploads\/2023\/09\/jineteada-proteccionistas.png","datePublished":"2023-09-25T21:18:30+00:00","breadcrumb":{"@id":"https:\/\/apuntesdesanluis.com\/index.php\/2023\/09\/25\/proteccionistas-fueron-atacados-durante-una-jineteada-en-san-miguel\/#breadcrumb"},"inLanguage":"es-AR","potentialAction":[{"@type":"ReadAction","target":["https:\/\/apuntesdesanluis.com\/index.php\/2023\/09\/25\/proteccionistas-fueron-atacados-durante-una-jineteada-en-san-miguel\/"]}]},{"@type":"ImageObject","inLanguage":"es-AR","@id":"https:\/\/apuntesdesanluis.com\/index.php\/2023\/09\/25\/proteccionistas-fueron-atacados-durante-una-jineteada-en-san-miguel\/#primaryimage","url":"https:\/\/apuntesdesanluis.com\/wp-content\/uploads\/2023\/09\/jineteada-proteccionistas.png","contentUrl":"https:\/\/apuntesdesanluis.com\/wp-content\/uploads\/2023\/09\/jineteada-proteccionistas.png","width":600,"height":339},{"@type":"BreadcrumbList","@id":"https:\/\/apuntesdesanluis.com\/index.php\/2023\/09\/25\/proteccionistas-fueron-atacados-durante-una-jineteada-en-san-miguel\/#breadcrumb","itemListElement":[{"@type":"ListItem","position":1,"name":"Inicio","item":"https:\/\/apuntesdesanluis.com\/"},{"@type":"ListItem","position":2,"name":"PROTECCIONISTAS FUERON ATACADOS DURANTE UNA JINETEADA EN SAN MIGUEL"}]},{"@type":"WebSite","@id":"https:\/\/apuntesdesanluis.com\/#website","url":"https:\/\/apuntesdesanluis.com\/","name":"Apuntes de San Luis","description":"","publisher":{"@id":"https:\/\/apuntesdesanluis.com\/#\/schema\/person\/b55151d52296fcce64d1a72538a70b90"},"potentialAction":[{"@type":"SearchAction","target":{"@type":"EntryPoint","urlTemplate":"https:\/\/apuntesdesanluis.com\/?s={search_term_string}"},"query-input":{"@type":"PropertyValueSpecification","valueRequired":true,"valueName":"search_term_string"}}],"inLanguage":"es-AR"},{"@type":["Person","Organization"],"@id":"https:\/\/apuntesdesanluis.com\/#\/schema\/person\/b55151d52296fcce64d1a72538a70b90","name":"apuntesdesanluis.com","image":{"@type":"ImageObject","inLanguage":"es-AR","@id":"https:\/\/apuntesdesanluis.com\/#\/schema\/person\/image\/","url":"https:\/\/apuntesdesanluis.com\/wp-content\/uploads\/2023\/07\/cropped-apuntesdesanluis.png","contentUrl":"https:\/\/apuntesdesanluis.com\/wp-content\/uploads\/2023\/07\/cropped-apuntesdesanluis.png","width":450,"height":112,"caption":"apuntesdesanluis.com"},"logo":{"@id":"https:\/\/apuntesdesanluis.com\/#\/schema\/person\/image\/"},"sameAs":["https:\/\/apuntesdesanluis.com"],"url":"https:\/\/apuntesdesanluis.com\/index.php\/author\/apuntesdesanluis-com\/"}]}},"featured_image_urls":{"full":["https:\/\/apuntesdesanluis.com\/wp-content\/uploads\/2023\/09\/jineteada-proteccionistas.png",600,339,false],"thumbnail":["https:\/\/apuntesdesanluis.com\/wp-content\/uploads\/2023\/09\/jineteada-proteccionistas-150x150.png",150,150,true],"medium":["https:\/\/apuntesdesanluis.com\/wp-content\/uploads\/2023\/09\/jineteada-proteccionistas-300x170.png",300,170,true],"medium_large":["https:\/\/apuntesdesanluis.com\/wp-content\/uploads\/2023\/09\/jineteada-proteccionistas.png",600,339,false],"large":["https:\/\/apuntesdesanluis.com\/wp-content\/uploads\/2023\/09\/jineteada-proteccionistas.png",600,339,false],"1536x1536":["https:\/\/apuntesdesanluis.com\/wp-content\/uploads\/2023\/09\/jineteada-proteccionistas.png",600,339,false],"2048x2048":["https:\/\/apuntesdesanluis.com\/wp-content\/uploads\/2023\/09\/jineteada-proteccionistas.png",600,339,false],"newsever-slider-full":["https:\/\/apuntesdesanluis.com\/wp-content\/uploads\/2023\/09\/jineteada-proteccionistas.png",600,339,false],"newsever-featured":["https:\/\/apuntesdesanluis.com\/wp-content\/uploads\/2023\/09\/jineteada-proteccionistas.png",600,339,false],"newsever-medium":["https:\/\/apuntesdesanluis.com\/wp-content\/uploads\/2023\/09\/jineteada-proteccionistas.png",600,339,false]},"author_info":{"display_name":"apuntesdesanluis.com","author_link":"https:\/\/apuntesdesanluis.com\/index.php\/author\/apuntesdesanluis-com\/"},"category_info":"<a href=\"https:\/\/apuntesdesanluis.com\/index.php\/category\/nacionales-internacionales\/\" rel=\"category tag\">Nacionales\/Internacionales<\/a>","tag_info":"Nacionales\/Internacionales","comment_count":"0","_links":{"self":[{"href":"https:\/\/apuntesdesanluis.com\/index.php\/wp-json\/wp\/v2\/posts\/4013","targetHints":{"allow":["GET"]}}],"collection":[{"href":"https:\/\/apuntesdesanluis.com\/index.php\/wp-json\/wp\/v2\/posts"}],"about":[{"href":"https:\/\/apuntesdesanluis.com\/index.php\/wp-json\/wp\/v2\/types\/post"}],"author":[{"embeddable":true,"href":"https:\/\/apuntesdesanluis.com\/index.php\/wp-json\/wp\/v2\/users\/1"}],"replies":[{"embeddable":true,"href":"https:\/\/apuntesdesanluis.com\/index.php\/wp-json\/wp\/v2\/comments?post=4013"}],"version-history":[{"count":1,"href":"https:\/\/apuntesdesanluis.com\/index.php\/wp-json\/wp\/v2\/posts\/4013\/revisions"}],"predecessor-version":[{"id":4015,"href":"https:\/\/apuntesdesanluis.com\/index.php\/wp-json\/wp\/v2\/posts\/4013\/revisions\/4015"}],"wp:featuredmedia":[{"embeddable":true,"href":"https:\/\/apuntesdesanluis.com\/index.php\/wp-json\/wp\/v2\/media\/4014"}],"wp:attachment":[{"href":"https:\/\/apuntesdesanluis.com\/index.php\/wp-json\/wp\/v2\/media?parent=4013"}],"wp:term":[{"taxonomy":"category","embeddable":true,"href":"https:\/\/apuntesdesanluis.com\/index.php\/wp-json\/wp\/v2\/categories?post=4013"},{"taxonomy":"post_tag","embeddable":true,"href":"https:\/\/apuntesdesanluis.com\/index.php\/wp-json\/wp\/v2\/tags?post=4013"}],"curies":[{"name":"wp","href":"https:\/\/api.w.org\/{rel}","templated":true}]}}