{"id":4016,"date":"2023-09-25T18:28:41","date_gmt":"2023-09-25T21:28:41","guid":{"rendered":"https:\/\/apuntesdesanluis.com\/?p=4016"},"modified":"2023-09-25T18:28:41","modified_gmt":"2023-09-25T21:28:41","slug":"patricia-bullrich-visito-jujuy-y-apunto-contra-milei-antes-era-muera-la-casta-ahora-es-viva-la-casta","status":"publish","type":"post","link":"https:\/\/apuntesdesanluis.com\/index.php\/2023\/09\/25\/patricia-bullrich-visito-jujuy-y-apunto-contra-milei-antes-era-muera-la-casta-ahora-es-viva-la-casta\/","title":{"rendered":"PATRICIA BULLRICH VISIT\u00d3 JUJUY Y APUNT\u00d3 CONTRA MILEI: &#8220;ANTES ERA MUERA LA CASTA, AHORA ES VIVA LA CASTA&#8221;"},"content":{"rendered":"<h3>La candidata presidencial de Juntos por el Cambio, <strong>Patricia Bullrich<\/strong>, visit\u00f3 Jujuy como parte de su recorrida de campa\u00f1a y apunt\u00f3 contra el presidencialista de La Libertad Avanza, <strong>Javier Milei<\/strong>: &#8220;Cambi\u00f3 su \u00faltima bandera: era muera la casta, ahora, es viva la casta&#8221;.<\/h3>\n<h3>Tras acompa\u00f1ar a Alfredo Cornejo, que se impuso en las elecciones provinciales de Mendoza, Bullrich viaj\u00f3 al Norte para ser recibida por el mandatario saliente y presidente de la Uni\u00f3n C\u00edvica Radical, Gerardo Morales.<\/h3>\n<p><img fetchpriority=\"high\" decoding=\"async\" class=\"wp-image-4017 aligncenter\" src=\"https:\/\/apuntesdesanluis.com\/wp-content\/uploads\/2023\/09\/posteo-1-300x294.png\" alt=\"\" width=\"487\" height=\"477\" srcset=\"https:\/\/apuntesdesanluis.com\/wp-content\/uploads\/2023\/09\/posteo-1-300x294.png 300w, https:\/\/apuntesdesanluis.com\/wp-content\/uploads\/2023\/09\/posteo-1.png 504w\" sizes=\"(max-width: 487px) 100vw, 487px\" \/><\/p>\n<h3>En ese contexto, la ex ministra de Seguridad apunt\u00f3 contra Milei y el sindicalista Luis Barrionuevo: &#8220;Si le vas a entregar el Ministerio de Trabajo a quienes han mantenido este status quo, en vez de haber alentado el empleo y modernizar las formas del trabajo\u2026Bueno, evidentemente cambi\u00f3 su \u00faltima bandera: era muera la casta, ahora es viva la casta&#8221;.<\/h3>\n<h3>Bullrich recorri\u00f3 el barrio Tupac Amaru, que fund\u00f3 la puntera pol\u00edtica Milagro Sala: &#8220;Todos juntos vamos a trabajar para ordenar el pa\u00eds de una vez y para siempre. No nos vamos a dejar extorsionar como no lo hizo Gerardo con Milagro Sala&#8221;.<\/h3>\n<h3>Adem\u00e1s de Morales, la aspirante a la Casa Rosada de JxC estuvo acompa\u00f1ada por el diputado nacional Hern\u00e1n Lombardi; Dami\u00e1n Arabia, candidato a diputado nacional; y Laura Alonso, ex titular de la Oficina Anticorrupci\u00f3n.<\/h3>\n<h3>&#8220;Estamos generando un cambio con gobernadores, con intendentes, con concejales; con gente que sabe gobernar y tiene claro qu\u00e9 es lo que hay que hacer en la Argentina. Y con un equipo econ\u00f3mico a cargo de (Carlos) Melconian, que es un equipo totalmente federal&#8221;, a\u00f1adi\u00f3 Bullrich.<\/h3>\n<h3>La victoria de Cornejo en Mendoza se sum\u00f3 a una seguidilla de triunfos que cosech\u00f3 Juntos por el Cambio en Chaco, Santa Fe, Corrientes, San Luis, Jujuy, Chubut y San Juan. Podr\u00edan sumarse la ciudad de Buenos Aires y Entre R\u00edos.<\/h3>\n<h3>CR\u00cdTICA DE MORALES A MACRI<\/h3>\n<h3>&#8220;Despu\u00e9s de las PASO, en las primeras semanas, con tanta alabanza a Milei le ha hecho mucho da\u00f1o a Juntos por el Cambio&#8221;, apunt\u00f3 Gerardo Morales contra el ex presidente Mauricio Macri en declaraciones radiales y agreg\u00f3: &#8220;Ahora se ha callado un poco y ordenado. Espero que trabaje y apoye decididamente&#8221;.<\/h3>\n<h3>&#8220;El liberalismo extremo es contagioso&#8221;, subray\u00f3 tras los acercamientos del fundador del PRO con el libertario Javier Milei. La frase de Morales no es azarosa, utiliz\u00f3 las mismas palabras que pronunci\u00f3 Macri para acusar a la fuerza que conduce Morales de populista luego de que sus diputados radicales dieran qu\u00f3rum en la sesi\u00f3n que trat\u00f3 las reformas en el Impuesto a las Ganancias. &#8220;El populismo es contagioso&#8221;, supo declarar el exmandatario.<\/h3>\n<h3>&#8220;Despu\u00e9s de las PASO, en las primeras semanas, con tanta alabanza a Milei le ha hecho mucho da\u00f1o a Juntos por el Cambio&#8221;, indic\u00f3 el titular de la Uni\u00f3n C\u00edvica Radical (UCR) en declaraciones radiales, y agreg\u00f3: &#8220;Ahora se callado un poco y ordenado, espero que trabaje y apoye decididamente&#8221;.<\/h3>\n<h3>En la misma sinton\u00eda, tras los cuestionamientos de Macri fustig\u00f3: &#8220;En todo caso, el problema no est\u00e1 en el radicalismo que lo que est\u00e1 haciendo es levantar a Patricia [Bullrich] y a Juntos por el Cambio. Creo que (Macri) se ha moderado y la mayor manera de aportar es que no deje dudas de que la candidata es Patricia y no la posibilidad de Milei&#8221;.<\/h3>\n<p>&nbsp;<\/p>\n<p>&nbsp;<\/p>\n<p>&nbsp;<\/p>\n<p>&nbsp;<\/p>\n","protected":false},"excerpt":{"rendered":"<p>La candidata presidencial de Juntos por el Cambio, Patricia Bullrich, visit\u00f3 Jujuy como parte de&#8230;<\/p>\n","protected":false},"author":1,"featured_media":4018,"comment_status":"closed","ping_status":"closed","sticky":false,"template":"","format":"standard","meta":{"footnotes":""},"categories":[5],"tags":[],"class_list":["post-4016","post","type-post","status-publish","format-standard","has-post-thumbnail","hentry","category-nacionales-internacionales"],"yoast_head":"<!-- This site is optimized with the Yoast SEO plugin v26.1.1 - https:\/\/yoast.com\/wordpress\/plugins\/seo\/ -->\n<title>PATRICIA BULLRICH VISIT\u00d3 JUJUY Y APUNT\u00d3 CONTRA MILEI: &quot;ANTES ERA MUERA LA CASTA, AHORA ES VIVA LA CASTA&quot; - Apuntes de San Luis<\/title>\n<meta name=\"robots\" content=\"index, follow, max-snippet:-1, max-image-preview:large, max-video-preview:-1\" \/>\n<link rel=\"canonical\" href=\"https:\/\/apuntesdesanluis.com\/index.php\/2023\/09\/25\/patricia-bullrich-visito-jujuy-y-apunto-contra-milei-antes-era-muera-la-casta-ahora-es-viva-la-casta\/\" \/>\n<meta property=\"og:locale\" content=\"es_ES\" \/>\n<meta property=\"og:type\" content=\"article\" \/>\n<meta property=\"og:title\" content=\"PATRICIA BULLRICH VISIT\u00d3 JUJUY Y APUNT\u00d3 CONTRA MILEI: &quot;ANTES ERA MUERA LA CASTA, AHORA ES VIVA LA CASTA&quot; - Apuntes de San Luis\" \/>\n<meta property=\"og:description\" content=\"La candidata presidencial de Juntos por el Cambio, Patricia Bullrich, visit\u00f3 Jujuy como parte de...\" \/>\n<meta property=\"og:url\" content=\"https:\/\/apuntesdesanluis.com\/index.php\/2023\/09\/25\/patricia-bullrich-visito-jujuy-y-apunto-contra-milei-antes-era-muera-la-casta-ahora-es-viva-la-casta\/\" \/>\n<meta property=\"og:site_name\" content=\"Apuntes de San Luis\" \/>\n<meta property=\"article:published_time\" content=\"2023-09-25T21:28:41+00:00\" \/>\n<meta property=\"og:image\" content=\"https:\/\/apuntesdesanluis.com\/wp-content\/uploads\/2023\/09\/bullrich-1.png\" \/>\n\t<meta property=\"og:image:width\" content=\"600\" \/>\n\t<meta property=\"og:image:height\" content=\"409\" \/>\n\t<meta property=\"og:image:type\" content=\"image\/png\" \/>\n<meta name=\"author\" content=\"apuntesdesanluis.com\" \/>\n<meta name=\"twitter:card\" content=\"summary_large_image\" \/>\n<meta name=\"twitter:label1\" content=\"Escrito por\" \/>\n\t<meta name=\"twitter:data1\" content=\"apuntesdesanluis.com\" \/>\n\t<meta name=\"twitter:label2\" content=\"Tiempo de lectura\" \/>\n\t<meta name=\"twitter:data2\" content=\"3 minutos\" \/>\n<script type=\"application\/ld+json\" class=\"yoast-schema-graph\">{\"@context\":\"https:\/\/schema.org\",\"@graph\":[{\"@type\":\"Article\",\"@id\":\"https:\/\/apuntesdesanluis.com\/index.php\/2023\/09\/25\/patricia-bullrich-visito-jujuy-y-apunto-contra-milei-antes-era-muera-la-casta-ahora-es-viva-la-casta\/#article\",\"isPartOf\":{\"@id\":\"https:\/\/apuntesdesanluis.com\/index.php\/2023\/09\/25\/patricia-bullrich-visito-jujuy-y-apunto-contra-milei-antes-era-muera-la-casta-ahora-es-viva-la-casta\/\"},\"author\":{\"name\":\"apuntesdesanluis.com\",\"@id\":\"https:\/\/apuntesdesanluis.com\/#\/schema\/person\/b55151d52296fcce64d1a72538a70b90\"},\"headline\":\"PATRICIA BULLRICH VISIT\u00d3 JUJUY Y APUNT\u00d3 CONTRA MILEI: &#8220;ANTES ERA MUERA LA CASTA, AHORA ES VIVA LA CASTA&#8221;\",\"datePublished\":\"2023-09-25T21:28:41+00:00\",\"mainEntityOfPage\":{\"@id\":\"https:\/\/apuntesdesanluis.com\/index.php\/2023\/09\/25\/patricia-bullrich-visito-jujuy-y-apunto-contra-milei-antes-era-muera-la-casta-ahora-es-viva-la-casta\/\"},\"wordCount\":589,\"publisher\":{\"@id\":\"https:\/\/apuntesdesanluis.com\/#\/schema\/person\/b55151d52296fcce64d1a72538a70b90\"},\"image\":{\"@id\":\"https:\/\/apuntesdesanluis.com\/index.php\/2023\/09\/25\/patricia-bullrich-visito-jujuy-y-apunto-contra-milei-antes-era-muera-la-casta-ahora-es-viva-la-casta\/#primaryimage\"},\"thumbnailUrl\":\"https:\/\/apuntesdesanluis.com\/wp-content\/uploads\/2023\/09\/bullrich-1.png\",\"articleSection\":[\"Nacionales\/Internacionales\"],\"inLanguage\":\"es-AR\"},{\"@type\":\"WebPage\",\"@id\":\"https:\/\/apuntesdesanluis.com\/index.php\/2023\/09\/25\/patricia-bullrich-visito-jujuy-y-apunto-contra-milei-antes-era-muera-la-casta-ahora-es-viva-la-casta\/\",\"url\":\"https:\/\/apuntesdesanluis.com\/index.php\/2023\/09\/25\/patricia-bullrich-visito-jujuy-y-apunto-contra-milei-antes-era-muera-la-casta-ahora-es-viva-la-casta\/\",\"name\":\"PATRICIA BULLRICH VISIT\u00d3 JUJUY Y APUNT\u00d3 CONTRA MILEI: \\\"ANTES ERA MUERA LA CASTA, AHORA ES VIVA LA CASTA\\\" - Apuntes de San Luis\",\"isPartOf\":{\"@id\":\"https:\/\/apuntesdesanluis.com\/#website\"},\"primaryImageOfPage\":{\"@id\":\"https:\/\/apuntesdesanluis.com\/index.php\/2023\/09\/25\/patricia-bullrich-visito-jujuy-y-apunto-contra-milei-antes-era-muera-la-casta-ahora-es-viva-la-casta\/#primaryimage\"},\"image\":{\"@id\":\"https:\/\/apuntesdesanluis.com\/index.php\/2023\/09\/25\/patricia-bullrich-visito-jujuy-y-apunto-contra-milei-antes-era-muera-la-casta-ahora-es-viva-la-casta\/#primaryimage\"},\"thumbnailUrl\":\"https:\/\/apuntesdesanluis.com\/wp-content\/uploads\/2023\/09\/bullrich-1.png\",\"datePublished\":\"2023-09-25T21:28:41+00:00\",\"breadcrumb\":{\"@id\":\"https:\/\/apuntesdesanluis.com\/index.php\/2023\/09\/25\/patricia-bullrich-visito-jujuy-y-apunto-contra-milei-antes-era-muera-la-casta-ahora-es-viva-la-casta\/#breadcrumb\"},\"inLanguage\":\"es-AR\",\"potentialAction\":[{\"@type\":\"ReadAction\",\"target\":[\"https:\/\/apuntesdesanluis.com\/index.php\/2023\/09\/25\/patricia-bullrich-visito-jujuy-y-apunto-contra-milei-antes-era-muera-la-casta-ahora-es-viva-la-casta\/\"]}]},{\"@type\":\"ImageObject\",\"inLanguage\":\"es-AR\",\"@id\":\"https:\/\/apuntesdesanluis.com\/index.php\/2023\/09\/25\/patricia-bullrich-visito-jujuy-y-apunto-contra-milei-antes-era-muera-la-casta-ahora-es-viva-la-casta\/#primaryimage\",\"url\":\"https:\/\/apuntesdesanluis.com\/wp-content\/uploads\/2023\/09\/bullrich-1.png\",\"contentUrl\":\"https:\/\/apuntesdesanluis.com\/wp-content\/uploads\/2023\/09\/bullrich-1.png\",\"width\":600,\"height\":409},{\"@type\":\"BreadcrumbList\",\"@id\":\"https:\/\/apuntesdesanluis.com\/index.php\/2023\/09\/25\/patricia-bullrich-visito-jujuy-y-apunto-contra-milei-antes-era-muera-la-casta-ahora-es-viva-la-casta\/#breadcrumb\",\"itemListElement\":[{\"@type\":\"ListItem\",\"position\":1,\"name\":\"Inicio\",\"item\":\"https:\/\/apuntesdesanluis.com\/\"},{\"@type\":\"ListItem\",\"position\":2,\"name\":\"PATRICIA BULLRICH VISIT\u00d3 JUJUY Y APUNT\u00d3 CONTRA MILEI: &#8220;ANTES ERA MUERA LA CASTA, AHORA ES VIVA LA CASTA&#8221;\"}]},{\"@type\":\"WebSite\",\"@id\":\"https:\/\/apuntesdesanluis.com\/#website\",\"url\":\"https:\/\/apuntesdesanluis.com\/\",\"name\":\"Apuntes de San Luis\",\"description\":\"\",\"publisher\":{\"@id\":\"https:\/\/apuntesdesanluis.com\/#\/schema\/person\/b55151d52296fcce64d1a72538a70b90\"},\"potentialAction\":[{\"@type\":\"SearchAction\",\"target\":{\"@type\":\"EntryPoint\",\"urlTemplate\":\"https:\/\/apuntesdesanluis.com\/?s={search_term_string}\"},\"query-input\":{\"@type\":\"PropertyValueSpecification\",\"valueRequired\":true,\"valueName\":\"search_term_string\"}}],\"inLanguage\":\"es-AR\"},{\"@type\":[\"Person\",\"Organization\"],\"@id\":\"https:\/\/apuntesdesanluis.com\/#\/schema\/person\/b55151d52296fcce64d1a72538a70b90\",\"name\":\"apuntesdesanluis.com\",\"image\":{\"@type\":\"ImageObject\",\"inLanguage\":\"es-AR\",\"@id\":\"https:\/\/apuntesdesanluis.com\/#\/schema\/person\/image\/\",\"url\":\"https:\/\/apuntesdesanluis.com\/wp-content\/uploads\/2023\/07\/cropped-apuntesdesanluis.png\",\"contentUrl\":\"https:\/\/apuntesdesanluis.com\/wp-content\/uploads\/2023\/07\/cropped-apuntesdesanluis.png\",\"width\":450,\"height\":112,\"caption\":\"apuntesdesanluis.com\"},\"logo\":{\"@id\":\"https:\/\/apuntesdesanluis.com\/#\/schema\/person\/image\/\"},\"sameAs\":[\"https:\/\/apuntesdesanluis.com\"],\"url\":\"https:\/\/apuntesdesanluis.com\/index.php\/author\/apuntesdesanluis-com\/\"}]}<\/script>\n<!-- \/ Yoast SEO plugin. -->","yoast_head_json":{"title":"PATRICIA BULLRICH VISIT\u00d3 JUJUY Y APUNT\u00d3 CONTRA MILEI: \"ANTES ERA MUERA LA CASTA, AHORA ES VIVA LA CASTA\" - Apuntes de San Luis","robots":{"index":"index","follow":"follow","max-snippet":"max-snippet:-1","max-image-preview":"max-image-preview:large","max-video-preview":"max-video-preview:-1"},"canonical":"https:\/\/apuntesdesanluis.com\/index.php\/2023\/09\/25\/patricia-bullrich-visito-jujuy-y-apunto-contra-milei-antes-era-muera-la-casta-ahora-es-viva-la-casta\/","og_locale":"es_ES","og_type":"article","og_title":"PATRICIA BULLRICH VISIT\u00d3 JUJUY Y APUNT\u00d3 CONTRA MILEI: \"ANTES ERA MUERA LA CASTA, AHORA ES VIVA LA CASTA\" - Apuntes de San Luis","og_description":"La candidata presidencial de Juntos por el Cambio, Patricia Bullrich, visit\u00f3 Jujuy como parte de...","og_url":"https:\/\/apuntesdesanluis.com\/index.php\/2023\/09\/25\/patricia-bullrich-visito-jujuy-y-apunto-contra-milei-antes-era-muera-la-casta-ahora-es-viva-la-casta\/","og_site_name":"Apuntes de San Luis","article_published_time":"2023-09-25T21:28:41+00:00","og_image":[{"width":600,"height":409,"url":"https:\/\/apuntesdesanluis.com\/wp-content\/uploads\/2023\/09\/bullrich-1.png","type":"image\/png"}],"author":"apuntesdesanluis.com","twitter_card":"summary_large_image","twitter_misc":{"Escrito por":"apuntesdesanluis.com","Tiempo de lectura":"3 minutos"},"schema":{"@context":"https:\/\/schema.org","@graph":[{"@type":"Article","@id":"https:\/\/apuntesdesanluis.com\/index.php\/2023\/09\/25\/patricia-bullrich-visito-jujuy-y-apunto-contra-milei-antes-era-muera-la-casta-ahora-es-viva-la-casta\/#article","isPartOf":{"@id":"https:\/\/apuntesdesanluis.com\/index.php\/2023\/09\/25\/patricia-bullrich-visito-jujuy-y-apunto-contra-milei-antes-era-muera-la-casta-ahora-es-viva-la-casta\/"},"author":{"name":"apuntesdesanluis.com","@id":"https:\/\/apuntesdesanluis.com\/#\/schema\/person\/b55151d52296fcce64d1a72538a70b90"},"headline":"PATRICIA BULLRICH VISIT\u00d3 JUJUY Y APUNT\u00d3 CONTRA MILEI: &#8220;ANTES ERA MUERA LA CASTA, AHORA ES VIVA LA CASTA&#8221;","datePublished":"2023-09-25T21:28:41+00:00","mainEntityOfPage":{"@id":"https:\/\/apuntesdesanluis.com\/index.php\/2023\/09\/25\/patricia-bullrich-visito-jujuy-y-apunto-contra-milei-antes-era-muera-la-casta-ahora-es-viva-la-casta\/"},"wordCount":589,"publisher":{"@id":"https:\/\/apuntesdesanluis.com\/#\/schema\/person\/b55151d52296fcce64d1a72538a70b90"},"image":{"@id":"https:\/\/apuntesdesanluis.com\/index.php\/2023\/09\/25\/patricia-bullrich-visito-jujuy-y-apunto-contra-milei-antes-era-muera-la-casta-ahora-es-viva-la-casta\/#primaryimage"},"thumbnailUrl":"https:\/\/apuntesdesanluis.com\/wp-content\/uploads\/2023\/09\/bullrich-1.png","articleSection":["Nacionales\/Internacionales"],"inLanguage":"es-AR"},{"@type":"WebPage","@id":"https:\/\/apuntesdesanluis.com\/index.php\/2023\/09\/25\/patricia-bullrich-visito-jujuy-y-apunto-contra-milei-antes-era-muera-la-casta-ahora-es-viva-la-casta\/","url":"https:\/\/apuntesdesanluis.com\/index.php\/2023\/09\/25\/patricia-bullrich-visito-jujuy-y-apunto-contra-milei-antes-era-muera-la-casta-ahora-es-viva-la-casta\/","name":"PATRICIA BULLRICH VISIT\u00d3 JUJUY Y APUNT\u00d3 CONTRA MILEI: \"ANTES ERA MUERA LA CASTA, AHORA ES VIVA LA CASTA\" - Apuntes de San Luis","isPartOf":{"@id":"https:\/\/apuntesdesanluis.com\/#website"},"primaryImageOfPage":{"@id":"https:\/\/apuntesdesanluis.com\/index.php\/2023\/09\/25\/patricia-bullrich-visito-jujuy-y-apunto-contra-milei-antes-era-muera-la-casta-ahora-es-viva-la-casta\/#primaryimage"},"image":{"@id":"https:\/\/apuntesdesanluis.com\/index.php\/2023\/09\/25\/patricia-bullrich-visito-jujuy-y-apunto-contra-milei-antes-era-muera-la-casta-ahora-es-viva-la-casta\/#primaryimage"},"thumbnailUrl":"https:\/\/apuntesdesanluis.com\/wp-content\/uploads\/2023\/09\/bullrich-1.png","datePublished":"2023-09-25T21:28:41+00:00","breadcrumb":{"@id":"https:\/\/apuntesdesanluis.com\/index.php\/2023\/09\/25\/patricia-bullrich-visito-jujuy-y-apunto-contra-milei-antes-era-muera-la-casta-ahora-es-viva-la-casta\/#breadcrumb"},"inLanguage":"es-AR","potentialAction":[{"@type":"ReadAction","target":["https:\/\/apuntesdesanluis.com\/index.php\/2023\/09\/25\/patricia-bullrich-visito-jujuy-y-apunto-contra-milei-antes-era-muera-la-casta-ahora-es-viva-la-casta\/"]}]},{"@type":"ImageObject","inLanguage":"es-AR","@id":"https:\/\/apuntesdesanluis.com\/index.php\/2023\/09\/25\/patricia-bullrich-visito-jujuy-y-apunto-contra-milei-antes-era-muera-la-casta-ahora-es-viva-la-casta\/#primaryimage","url":"https:\/\/apuntesdesanluis.com\/wp-content\/uploads\/2023\/09\/bullrich-1.png","contentUrl":"https:\/\/apuntesdesanluis.com\/wp-content\/uploads\/2023\/09\/bullrich-1.png","width":600,"height":409},{"@type":"BreadcrumbList","@id":"https:\/\/apuntesdesanluis.com\/index.php\/2023\/09\/25\/patricia-bullrich-visito-jujuy-y-apunto-contra-milei-antes-era-muera-la-casta-ahora-es-viva-la-casta\/#breadcrumb","itemListElement":[{"@type":"ListItem","position":1,"name":"Inicio","item":"https:\/\/apuntesdesanluis.com\/"},{"@type":"ListItem","position":2,"name":"PATRICIA BULLRICH VISIT\u00d3 JUJUY Y APUNT\u00d3 CONTRA MILEI: &#8220;ANTES ERA MUERA LA CASTA, AHORA ES VIVA LA CASTA&#8221;"}]},{"@type":"WebSite","@id":"https:\/\/apuntesdesanluis.com\/#website","url":"https:\/\/apuntesdesanluis.com\/","name":"Apuntes de San Luis","description":"","publisher":{"@id":"https:\/\/apuntesdesanluis.com\/#\/schema\/person\/b55151d52296fcce64d1a72538a70b90"},"potentialAction":[{"@type":"SearchAction","target":{"@type":"EntryPoint","urlTemplate":"https:\/\/apuntesdesanluis.com\/?s={search_term_string}"},"query-input":{"@type":"PropertyValueSpecification","valueRequired":true,"valueName":"search_term_string"}}],"inLanguage":"es-AR"},{"@type":["Person","Organization"],"@id":"https:\/\/apuntesdesanluis.com\/#\/schema\/person\/b55151d52296fcce64d1a72538a70b90","name":"apuntesdesanluis.com","image":{"@type":"ImageObject","inLanguage":"es-AR","@id":"https:\/\/apuntesdesanluis.com\/#\/schema\/person\/image\/","url":"https:\/\/apuntesdesanluis.com\/wp-content\/uploads\/2023\/07\/cropped-apuntesdesanluis.png","contentUrl":"https:\/\/apuntesdesanluis.com\/wp-content\/uploads\/2023\/07\/cropped-apuntesdesanluis.png","width":450,"height":112,"caption":"apuntesdesanluis.com"},"logo":{"@id":"https:\/\/apuntesdesanluis.com\/#\/schema\/person\/image\/"},"sameAs":["https:\/\/apuntesdesanluis.com"],"url":"https:\/\/apuntesdesanluis.com\/index.php\/author\/apuntesdesanluis-com\/"}]}},"featured_image_urls":{"full":["https:\/\/apuntesdesanluis.com\/wp-content\/uploads\/2023\/09\/bullrich-1.png",600,409,false],"thumbnail":["https:\/\/apuntesdesanluis.com\/wp-content\/uploads\/2023\/09\/bullrich-1-150x150.png",150,150,true],"medium":["https:\/\/apuntesdesanluis.com\/wp-content\/uploads\/2023\/09\/bullrich-1-300x205.png",300,205,true],"medium_large":["https:\/\/apuntesdesanluis.com\/wp-content\/uploads\/2023\/09\/bullrich-1.png",600,409,false],"large":["https:\/\/apuntesdesanluis.com\/wp-content\/uploads\/2023\/09\/bullrich-1.png",600,409,false],"1536x1536":["https:\/\/apuntesdesanluis.com\/wp-content\/uploads\/2023\/09\/bullrich-1.png",600,409,false],"2048x2048":["https:\/\/apuntesdesanluis.com\/wp-content\/uploads\/2023\/09\/bullrich-1.png",600,409,false],"newsever-slider-full":["https:\/\/apuntesdesanluis.com\/wp-content\/uploads\/2023\/09\/bullrich-1.png",600,409,false],"newsever-featured":["https:\/\/apuntesdesanluis.com\/wp-content\/uploads\/2023\/09\/bullrich-1.png",600,409,false],"newsever-medium":["https:\/\/apuntesdesanluis.com\/wp-content\/uploads\/2023\/09\/bullrich-1.png",600,409,false]},"author_info":{"display_name":"apuntesdesanluis.com","author_link":"https:\/\/apuntesdesanluis.com\/index.php\/author\/apuntesdesanluis-com\/"},"category_info":"<a href=\"https:\/\/apuntesdesanluis.com\/index.php\/category\/nacionales-internacionales\/\" rel=\"category tag\">Nacionales\/Internacionales<\/a>","tag_info":"Nacionales\/Internacionales","comment_count":"0","_links":{"self":[{"href":"https:\/\/apuntesdesanluis.com\/index.php\/wp-json\/wp\/v2\/posts\/4016","targetHints":{"allow":["GET"]}}],"collection":[{"href":"https:\/\/apuntesdesanluis.com\/index.php\/wp-json\/wp\/v2\/posts"}],"about":[{"href":"https:\/\/apuntesdesanluis.com\/index.php\/wp-json\/wp\/v2\/types\/post"}],"author":[{"embeddable":true,"href":"https:\/\/apuntesdesanluis.com\/index.php\/wp-json\/wp\/v2\/users\/1"}],"replies":[{"embeddable":true,"href":"https:\/\/apuntesdesanluis.com\/index.php\/wp-json\/wp\/v2\/comments?post=4016"}],"version-history":[{"count":1,"href":"https:\/\/apuntesdesanluis.com\/index.php\/wp-json\/wp\/v2\/posts\/4016\/revisions"}],"predecessor-version":[{"id":4019,"href":"https:\/\/apuntesdesanluis.com\/index.php\/wp-json\/wp\/v2\/posts\/4016\/revisions\/4019"}],"wp:featuredmedia":[{"embeddable":true,"href":"https:\/\/apuntesdesanluis.com\/index.php\/wp-json\/wp\/v2\/media\/4018"}],"wp:attachment":[{"href":"https:\/\/apuntesdesanluis.com\/index.php\/wp-json\/wp\/v2\/media?parent=4016"}],"wp:term":[{"taxonomy":"category","embeddable":true,"href":"https:\/\/apuntesdesanluis.com\/index.php\/wp-json\/wp\/v2\/categories?post=4016"},{"taxonomy":"post_tag","embeddable":true,"href":"https:\/\/apuntesdesanluis.com\/index.php\/wp-json\/wp\/v2\/tags?post=4016"}],"curies":[{"name":"wp","href":"https:\/\/api.w.org\/{rel}","templated":true}]}}