{"id":402,"date":"2023-07-25T19:13:18","date_gmt":"2023-07-25T22:13:18","guid":{"rendered":"https:\/\/apuntesdesanluis.com\/?p=402"},"modified":"2023-07-25T19:13:18","modified_gmt":"2023-07-25T22:13:18","slug":"sergio-massa-tenemos-el-coraje-de-hacernos-cargo-de-las-transformaciones-del-futuro","status":"publish","type":"post","link":"https:\/\/apuntesdesanluis.com\/index.php\/2023\/07\/25\/sergio-massa-tenemos-el-coraje-de-hacernos-cargo-de-las-transformaciones-del-futuro\/","title":{"rendered":"SERGIO MASSA: &#8220;TENEMOS EL CORAJE DE HACERNOS CARGO DE LAS TRANSFORMACIONES DEL FUTURO&#8221;"},"content":{"rendered":"<h3>El ministro de Econom\u00eda y precandidato presidencial de Uni\u00f3n por la Patria, <strong>Sergio Massa<\/strong>, afirm\u00f3 este martes que tiene &#8220;el coraje&#8221; para hacerse &#8220;cargo de las transformaciones del futuro&#8221;.<\/h3>\n<h3>&#8220;Tenemos el coraje de hacernos cargo de las transformaciones del futuro. Frente a los que pregonan el odio, la violencia y la descalificaci\u00f3n como forma de hacer pol\u00edtica, los convocamos a so\u00f1ar y a recuperar la esperanza de que el futuro est\u00e1 en nuestras manos&#8221;, enfatiz\u00f3 Massa en el marco de su viaje a Santiago del Estero.<\/h3>\n<p><iframe title=\"Massa convoc\u00f3 a \u201cno volver atr\u00e1s\u201d y alert\u00f3 sobre \u201cel programa de ajuste\u201d de la oposici\u00f3n\" width=\"640\" height=\"360\" src=\"https:\/\/www.youtube.com\/embed\/0MVD9_88soI?start=3&#038;feature=oembed\" frameborder=\"0\" allow=\"accelerometer; autoplay; clipboard-write; encrypted-media; gyroscope; picture-in-picture; web-share\" referrerpolicy=\"strict-origin-when-cross-origin\" allowfullscreen><\/iframe><\/p>\n<h3>Al disertar en el Plenario 2023 del Frente C\u00edvico y Uni\u00f3n por la Patria, junto al Gobernador local, Gerardo Zamora, el precandidato presidencial advirti\u00f3: &#8220;Hay quienes creen que el interior no tiene derecho a tener las cosas que logr\u00f3 Santiago del Estero, pero nosotros tenemos la obligaci\u00f3n y el compromiso de trabajar para igualar, el acceso a oportunidades, para que no haya argentinos de primera y de segunda en el pa\u00eds&#8221;.<\/h3>\n<h3>En ese marco, el ministro de Econom\u00eda plante\u00f3: &#8220;La provincia nos demuestra que cuando hay coraje y determinaci\u00f3n para llevar adelante una transformaci\u00f3n, puede haber un proyecto de desarrollo&#8221;.<\/h3>\n<h3>Tambi\u00e9n participaron el Embajador argentino en Brasil, Daniel Scioli; la Presidenta de la C\u00e1mara de Diputados, Cecilia Moreau; y el Intendente de La Banda, Roger Nediani.<\/h3>\n<h3>Luego, el titular del Palacio de Hacienda particip\u00f3 en un Acto por el 470 Aniversario de la Fundaci\u00f3n de la Ciudad de Santiago del Estero junto a la Intendenta Norma Fuentes y autoridades locales.<\/h3>\n<h3>Tambi\u00e9n estuvo presente en La Banda en un acto que junto al intendente, Roger Nediani y Pablo Mirolo, Vicepresidente de Ferrocarriles Argentinos Sociedad del Estado y referente del Frente Renovador en Santiago del Estero.<\/h3>\n","protected":false},"excerpt":{"rendered":"<p>El ministro de Econom\u00eda y precandidato presidencial de Uni\u00f3n por la Patria, Sergio Massa, afirm\u00f3&#8230;<\/p>\n","protected":false},"author":1,"featured_media":403,"comment_status":"closed","ping_status":"closed","sticky":false,"template":"","format":"standard","meta":{"footnotes":""},"categories":[5],"tags":[],"class_list":["post-402","post","type-post","status-publish","format-standard","has-post-thumbnail","hentry","category-nacionales-internacionales"],"yoast_head":"<!-- This site is optimized with the Yoast SEO plugin v26.1.1 - https:\/\/yoast.com\/wordpress\/plugins\/seo\/ -->\n<title>SERGIO MASSA: &quot;TENEMOS EL CORAJE DE HACERNOS CARGO DE LAS TRANSFORMACIONES DEL FUTURO&quot; - Apuntes de San Luis<\/title>\n<meta name=\"robots\" content=\"index, follow, max-snippet:-1, max-image-preview:large, max-video-preview:-1\" \/>\n<link rel=\"canonical\" href=\"https:\/\/apuntesdesanluis.com\/index.php\/2023\/07\/25\/sergio-massa-tenemos-el-coraje-de-hacernos-cargo-de-las-transformaciones-del-futuro\/\" \/>\n<meta property=\"og:locale\" content=\"es_ES\" \/>\n<meta property=\"og:type\" content=\"article\" \/>\n<meta property=\"og:title\" content=\"SERGIO MASSA: &quot;TENEMOS EL CORAJE DE HACERNOS CARGO DE LAS TRANSFORMACIONES DEL FUTURO&quot; - Apuntes de San Luis\" \/>\n<meta property=\"og:description\" content=\"El ministro de Econom\u00eda y precandidato presidencial de Uni\u00f3n por la Patria, Sergio Massa, afirm\u00f3...\" \/>\n<meta property=\"og:url\" content=\"https:\/\/apuntesdesanluis.com\/index.php\/2023\/07\/25\/sergio-massa-tenemos-el-coraje-de-hacernos-cargo-de-las-transformaciones-del-futuro\/\" \/>\n<meta property=\"og:site_name\" content=\"Apuntes de San Luis\" \/>\n<meta property=\"article:published_time\" content=\"2023-07-25T22:13:18+00:00\" \/>\n<meta property=\"og:image\" content=\"https:\/\/apuntesdesanluis.com\/wp-content\/uploads\/2023\/07\/massa-1.png\" \/>\n\t<meta property=\"og:image:width\" content=\"823\" \/>\n\t<meta property=\"og:image:height\" content=\"539\" \/>\n\t<meta property=\"og:image:type\" content=\"image\/png\" \/>\n<meta name=\"author\" content=\"apuntesdesanluis.com\" \/>\n<meta name=\"twitter:card\" content=\"summary_large_image\" \/>\n<meta name=\"twitter:label1\" content=\"Escrito por\" \/>\n\t<meta name=\"twitter:data1\" content=\"apuntesdesanluis.com\" \/>\n\t<meta name=\"twitter:label2\" content=\"Tiempo de lectura\" \/>\n\t<meta name=\"twitter:data2\" content=\"2 minutos\" \/>\n<script type=\"application\/ld+json\" class=\"yoast-schema-graph\">{\"@context\":\"https:\/\/schema.org\",\"@graph\":[{\"@type\":\"Article\",\"@id\":\"https:\/\/apuntesdesanluis.com\/index.php\/2023\/07\/25\/sergio-massa-tenemos-el-coraje-de-hacernos-cargo-de-las-transformaciones-del-futuro\/#article\",\"isPartOf\":{\"@id\":\"https:\/\/apuntesdesanluis.com\/index.php\/2023\/07\/25\/sergio-massa-tenemos-el-coraje-de-hacernos-cargo-de-las-transformaciones-del-futuro\/\"},\"author\":{\"name\":\"apuntesdesanluis.com\",\"@id\":\"https:\/\/apuntesdesanluis.com\/#\/schema\/person\/b55151d52296fcce64d1a72538a70b90\"},\"headline\":\"SERGIO MASSA: &#8220;TENEMOS EL CORAJE DE HACERNOS CARGO DE LAS TRANSFORMACIONES DEL FUTURO&#8221;\",\"datePublished\":\"2023-07-25T22:13:18+00:00\",\"mainEntityOfPage\":{\"@id\":\"https:\/\/apuntesdesanluis.com\/index.php\/2023\/07\/25\/sergio-massa-tenemos-el-coraje-de-hacernos-cargo-de-las-transformaciones-del-futuro\/\"},\"wordCount\":319,\"publisher\":{\"@id\":\"https:\/\/apuntesdesanluis.com\/#\/schema\/person\/b55151d52296fcce64d1a72538a70b90\"},\"image\":{\"@id\":\"https:\/\/apuntesdesanluis.com\/index.php\/2023\/07\/25\/sergio-massa-tenemos-el-coraje-de-hacernos-cargo-de-las-transformaciones-del-futuro\/#primaryimage\"},\"thumbnailUrl\":\"https:\/\/apuntesdesanluis.com\/wp-content\/uploads\/2023\/07\/massa-1.png\",\"articleSection\":[\"Nacionales\/Internacionales\"],\"inLanguage\":\"es-AR\"},{\"@type\":\"WebPage\",\"@id\":\"https:\/\/apuntesdesanluis.com\/index.php\/2023\/07\/25\/sergio-massa-tenemos-el-coraje-de-hacernos-cargo-de-las-transformaciones-del-futuro\/\",\"url\":\"https:\/\/apuntesdesanluis.com\/index.php\/2023\/07\/25\/sergio-massa-tenemos-el-coraje-de-hacernos-cargo-de-las-transformaciones-del-futuro\/\",\"name\":\"SERGIO MASSA: \\\"TENEMOS EL CORAJE DE HACERNOS CARGO DE LAS TRANSFORMACIONES DEL FUTURO\\\" - Apuntes de San Luis\",\"isPartOf\":{\"@id\":\"https:\/\/apuntesdesanluis.com\/#website\"},\"primaryImageOfPage\":{\"@id\":\"https:\/\/apuntesdesanluis.com\/index.php\/2023\/07\/25\/sergio-massa-tenemos-el-coraje-de-hacernos-cargo-de-las-transformaciones-del-futuro\/#primaryimage\"},\"image\":{\"@id\":\"https:\/\/apuntesdesanluis.com\/index.php\/2023\/07\/25\/sergio-massa-tenemos-el-coraje-de-hacernos-cargo-de-las-transformaciones-del-futuro\/#primaryimage\"},\"thumbnailUrl\":\"https:\/\/apuntesdesanluis.com\/wp-content\/uploads\/2023\/07\/massa-1.png\",\"datePublished\":\"2023-07-25T22:13:18+00:00\",\"breadcrumb\":{\"@id\":\"https:\/\/apuntesdesanluis.com\/index.php\/2023\/07\/25\/sergio-massa-tenemos-el-coraje-de-hacernos-cargo-de-las-transformaciones-del-futuro\/#breadcrumb\"},\"inLanguage\":\"es-AR\",\"potentialAction\":[{\"@type\":\"ReadAction\",\"target\":[\"https:\/\/apuntesdesanluis.com\/index.php\/2023\/07\/25\/sergio-massa-tenemos-el-coraje-de-hacernos-cargo-de-las-transformaciones-del-futuro\/\"]}]},{\"@type\":\"ImageObject\",\"inLanguage\":\"es-AR\",\"@id\":\"https:\/\/apuntesdesanluis.com\/index.php\/2023\/07\/25\/sergio-massa-tenemos-el-coraje-de-hacernos-cargo-de-las-transformaciones-del-futuro\/#primaryimage\",\"url\":\"https:\/\/apuntesdesanluis.com\/wp-content\/uploads\/2023\/07\/massa-1.png\",\"contentUrl\":\"https:\/\/apuntesdesanluis.com\/wp-content\/uploads\/2023\/07\/massa-1.png\",\"width\":823,\"height\":539},{\"@type\":\"BreadcrumbList\",\"@id\":\"https:\/\/apuntesdesanluis.com\/index.php\/2023\/07\/25\/sergio-massa-tenemos-el-coraje-de-hacernos-cargo-de-las-transformaciones-del-futuro\/#breadcrumb\",\"itemListElement\":[{\"@type\":\"ListItem\",\"position\":1,\"name\":\"Inicio\",\"item\":\"https:\/\/apuntesdesanluis.com\/\"},{\"@type\":\"ListItem\",\"position\":2,\"name\":\"SERGIO MASSA: &#8220;TENEMOS EL CORAJE DE HACERNOS CARGO DE LAS TRANSFORMACIONES DEL FUTURO&#8221;\"}]},{\"@type\":\"WebSite\",\"@id\":\"https:\/\/apuntesdesanluis.com\/#website\",\"url\":\"https:\/\/apuntesdesanluis.com\/\",\"name\":\"Apuntes de San Luis\",\"description\":\"\",\"publisher\":{\"@id\":\"https:\/\/apuntesdesanluis.com\/#\/schema\/person\/b55151d52296fcce64d1a72538a70b90\"},\"potentialAction\":[{\"@type\":\"SearchAction\",\"target\":{\"@type\":\"EntryPoint\",\"urlTemplate\":\"https:\/\/apuntesdesanluis.com\/?s={search_term_string}\"},\"query-input\":{\"@type\":\"PropertyValueSpecification\",\"valueRequired\":true,\"valueName\":\"search_term_string\"}}],\"inLanguage\":\"es-AR\"},{\"@type\":[\"Person\",\"Organization\"],\"@id\":\"https:\/\/apuntesdesanluis.com\/#\/schema\/person\/b55151d52296fcce64d1a72538a70b90\",\"name\":\"apuntesdesanluis.com\",\"image\":{\"@type\":\"ImageObject\",\"inLanguage\":\"es-AR\",\"@id\":\"https:\/\/apuntesdesanluis.com\/#\/schema\/person\/image\/\",\"url\":\"https:\/\/apuntesdesanluis.com\/wp-content\/uploads\/2023\/07\/cropped-apuntesdesanluis.png\",\"contentUrl\":\"https:\/\/apuntesdesanluis.com\/wp-content\/uploads\/2023\/07\/cropped-apuntesdesanluis.png\",\"width\":450,\"height\":112,\"caption\":\"apuntesdesanluis.com\"},\"logo\":{\"@id\":\"https:\/\/apuntesdesanluis.com\/#\/schema\/person\/image\/\"},\"sameAs\":[\"https:\/\/apuntesdesanluis.com\"],\"url\":\"https:\/\/apuntesdesanluis.com\/index.php\/author\/apuntesdesanluis-com\/\"}]}<\/script>\n<!-- \/ Yoast SEO plugin. -->","yoast_head_json":{"title":"SERGIO MASSA: \"TENEMOS EL CORAJE DE HACERNOS CARGO DE LAS TRANSFORMACIONES DEL FUTURO\" - Apuntes de San Luis","robots":{"index":"index","follow":"follow","max-snippet":"max-snippet:-1","max-image-preview":"max-image-preview:large","max-video-preview":"max-video-preview:-1"},"canonical":"https:\/\/apuntesdesanluis.com\/index.php\/2023\/07\/25\/sergio-massa-tenemos-el-coraje-de-hacernos-cargo-de-las-transformaciones-del-futuro\/","og_locale":"es_ES","og_type":"article","og_title":"SERGIO MASSA: \"TENEMOS EL CORAJE DE HACERNOS CARGO DE LAS TRANSFORMACIONES DEL FUTURO\" - Apuntes de San Luis","og_description":"El ministro de Econom\u00eda y precandidato presidencial de Uni\u00f3n por la Patria, Sergio Massa, afirm\u00f3...","og_url":"https:\/\/apuntesdesanluis.com\/index.php\/2023\/07\/25\/sergio-massa-tenemos-el-coraje-de-hacernos-cargo-de-las-transformaciones-del-futuro\/","og_site_name":"Apuntes de San Luis","article_published_time":"2023-07-25T22:13:18+00:00","og_image":[{"width":823,"height":539,"url":"https:\/\/apuntesdesanluis.com\/wp-content\/uploads\/2023\/07\/massa-1.png","type":"image\/png"}],"author":"apuntesdesanluis.com","twitter_card":"summary_large_image","twitter_misc":{"Escrito por":"apuntesdesanluis.com","Tiempo de lectura":"2 minutos"},"schema":{"@context":"https:\/\/schema.org","@graph":[{"@type":"Article","@id":"https:\/\/apuntesdesanluis.com\/index.php\/2023\/07\/25\/sergio-massa-tenemos-el-coraje-de-hacernos-cargo-de-las-transformaciones-del-futuro\/#article","isPartOf":{"@id":"https:\/\/apuntesdesanluis.com\/index.php\/2023\/07\/25\/sergio-massa-tenemos-el-coraje-de-hacernos-cargo-de-las-transformaciones-del-futuro\/"},"author":{"name":"apuntesdesanluis.com","@id":"https:\/\/apuntesdesanluis.com\/#\/schema\/person\/b55151d52296fcce64d1a72538a70b90"},"headline":"SERGIO MASSA: &#8220;TENEMOS EL CORAJE DE HACERNOS CARGO DE LAS TRANSFORMACIONES DEL FUTURO&#8221;","datePublished":"2023-07-25T22:13:18+00:00","mainEntityOfPage":{"@id":"https:\/\/apuntesdesanluis.com\/index.php\/2023\/07\/25\/sergio-massa-tenemos-el-coraje-de-hacernos-cargo-de-las-transformaciones-del-futuro\/"},"wordCount":319,"publisher":{"@id":"https:\/\/apuntesdesanluis.com\/#\/schema\/person\/b55151d52296fcce64d1a72538a70b90"},"image":{"@id":"https:\/\/apuntesdesanluis.com\/index.php\/2023\/07\/25\/sergio-massa-tenemos-el-coraje-de-hacernos-cargo-de-las-transformaciones-del-futuro\/#primaryimage"},"thumbnailUrl":"https:\/\/apuntesdesanluis.com\/wp-content\/uploads\/2023\/07\/massa-1.png","articleSection":["Nacionales\/Internacionales"],"inLanguage":"es-AR"},{"@type":"WebPage","@id":"https:\/\/apuntesdesanluis.com\/index.php\/2023\/07\/25\/sergio-massa-tenemos-el-coraje-de-hacernos-cargo-de-las-transformaciones-del-futuro\/","url":"https:\/\/apuntesdesanluis.com\/index.php\/2023\/07\/25\/sergio-massa-tenemos-el-coraje-de-hacernos-cargo-de-las-transformaciones-del-futuro\/","name":"SERGIO MASSA: \"TENEMOS EL CORAJE DE HACERNOS CARGO DE LAS TRANSFORMACIONES DEL FUTURO\" - Apuntes de San Luis","isPartOf":{"@id":"https:\/\/apuntesdesanluis.com\/#website"},"primaryImageOfPage":{"@id":"https:\/\/apuntesdesanluis.com\/index.php\/2023\/07\/25\/sergio-massa-tenemos-el-coraje-de-hacernos-cargo-de-las-transformaciones-del-futuro\/#primaryimage"},"image":{"@id":"https:\/\/apuntesdesanluis.com\/index.php\/2023\/07\/25\/sergio-massa-tenemos-el-coraje-de-hacernos-cargo-de-las-transformaciones-del-futuro\/#primaryimage"},"thumbnailUrl":"https:\/\/apuntesdesanluis.com\/wp-content\/uploads\/2023\/07\/massa-1.png","datePublished":"2023-07-25T22:13:18+00:00","breadcrumb":{"@id":"https:\/\/apuntesdesanluis.com\/index.php\/2023\/07\/25\/sergio-massa-tenemos-el-coraje-de-hacernos-cargo-de-las-transformaciones-del-futuro\/#breadcrumb"},"inLanguage":"es-AR","potentialAction":[{"@type":"ReadAction","target":["https:\/\/apuntesdesanluis.com\/index.php\/2023\/07\/25\/sergio-massa-tenemos-el-coraje-de-hacernos-cargo-de-las-transformaciones-del-futuro\/"]}]},{"@type":"ImageObject","inLanguage":"es-AR","@id":"https:\/\/apuntesdesanluis.com\/index.php\/2023\/07\/25\/sergio-massa-tenemos-el-coraje-de-hacernos-cargo-de-las-transformaciones-del-futuro\/#primaryimage","url":"https:\/\/apuntesdesanluis.com\/wp-content\/uploads\/2023\/07\/massa-1.png","contentUrl":"https:\/\/apuntesdesanluis.com\/wp-content\/uploads\/2023\/07\/massa-1.png","width":823,"height":539},{"@type":"BreadcrumbList","@id":"https:\/\/apuntesdesanluis.com\/index.php\/2023\/07\/25\/sergio-massa-tenemos-el-coraje-de-hacernos-cargo-de-las-transformaciones-del-futuro\/#breadcrumb","itemListElement":[{"@type":"ListItem","position":1,"name":"Inicio","item":"https:\/\/apuntesdesanluis.com\/"},{"@type":"ListItem","position":2,"name":"SERGIO MASSA: &#8220;TENEMOS EL CORAJE DE HACERNOS CARGO DE LAS TRANSFORMACIONES DEL FUTURO&#8221;"}]},{"@type":"WebSite","@id":"https:\/\/apuntesdesanluis.com\/#website","url":"https:\/\/apuntesdesanluis.com\/","name":"Apuntes de San Luis","description":"","publisher":{"@id":"https:\/\/apuntesdesanluis.com\/#\/schema\/person\/b55151d52296fcce64d1a72538a70b90"},"potentialAction":[{"@type":"SearchAction","target":{"@type":"EntryPoint","urlTemplate":"https:\/\/apuntesdesanluis.com\/?s={search_term_string}"},"query-input":{"@type":"PropertyValueSpecification","valueRequired":true,"valueName":"search_term_string"}}],"inLanguage":"es-AR"},{"@type":["Person","Organization"],"@id":"https:\/\/apuntesdesanluis.com\/#\/schema\/person\/b55151d52296fcce64d1a72538a70b90","name":"apuntesdesanluis.com","image":{"@type":"ImageObject","inLanguage":"es-AR","@id":"https:\/\/apuntesdesanluis.com\/#\/schema\/person\/image\/","url":"https:\/\/apuntesdesanluis.com\/wp-content\/uploads\/2023\/07\/cropped-apuntesdesanluis.png","contentUrl":"https:\/\/apuntesdesanluis.com\/wp-content\/uploads\/2023\/07\/cropped-apuntesdesanluis.png","width":450,"height":112,"caption":"apuntesdesanluis.com"},"logo":{"@id":"https:\/\/apuntesdesanluis.com\/#\/schema\/person\/image\/"},"sameAs":["https:\/\/apuntesdesanluis.com"],"url":"https:\/\/apuntesdesanluis.com\/index.php\/author\/apuntesdesanluis-com\/"}]}},"featured_image_urls":{"full":["https:\/\/apuntesdesanluis.com\/wp-content\/uploads\/2023\/07\/massa-1.png",823,539,false],"thumbnail":["https:\/\/apuntesdesanluis.com\/wp-content\/uploads\/2023\/07\/massa-1-150x150.png",150,150,true],"medium":["https:\/\/apuntesdesanluis.com\/wp-content\/uploads\/2023\/07\/massa-1-300x196.png",300,196,true],"medium_large":["https:\/\/apuntesdesanluis.com\/wp-content\/uploads\/2023\/07\/massa-1-768x503.png",640,419,true],"large":["https:\/\/apuntesdesanluis.com\/wp-content\/uploads\/2023\/07\/massa-1.png",640,419,false],"1536x1536":["https:\/\/apuntesdesanluis.com\/wp-content\/uploads\/2023\/07\/massa-1.png",823,539,false],"2048x2048":["https:\/\/apuntesdesanluis.com\/wp-content\/uploads\/2023\/07\/massa-1.png",823,539,false],"newsever-slider-full":["https:\/\/apuntesdesanluis.com\/wp-content\/uploads\/2023\/07\/massa-1.png",823,539,false],"newsever-featured":["https:\/\/apuntesdesanluis.com\/wp-content\/uploads\/2023\/07\/massa-1.png",823,539,false],"newsever-medium":["https:\/\/apuntesdesanluis.com\/wp-content\/uploads\/2023\/07\/massa-1-720x475.png",720,475,true]},"author_info":{"display_name":"apuntesdesanluis.com","author_link":"https:\/\/apuntesdesanluis.com\/index.php\/author\/apuntesdesanluis-com\/"},"category_info":"<a href=\"https:\/\/apuntesdesanluis.com\/index.php\/category\/nacionales-internacionales\/\" rel=\"category tag\">Nacionales\/Internacionales<\/a>","tag_info":"Nacionales\/Internacionales","comment_count":"0","_links":{"self":[{"href":"https:\/\/apuntesdesanluis.com\/index.php\/wp-json\/wp\/v2\/posts\/402","targetHints":{"allow":["GET"]}}],"collection":[{"href":"https:\/\/apuntesdesanluis.com\/index.php\/wp-json\/wp\/v2\/posts"}],"about":[{"href":"https:\/\/apuntesdesanluis.com\/index.php\/wp-json\/wp\/v2\/types\/post"}],"author":[{"embeddable":true,"href":"https:\/\/apuntesdesanluis.com\/index.php\/wp-json\/wp\/v2\/users\/1"}],"replies":[{"embeddable":true,"href":"https:\/\/apuntesdesanluis.com\/index.php\/wp-json\/wp\/v2\/comments?post=402"}],"version-history":[{"count":1,"href":"https:\/\/apuntesdesanluis.com\/index.php\/wp-json\/wp\/v2\/posts\/402\/revisions"}],"predecessor-version":[{"id":404,"href":"https:\/\/apuntesdesanluis.com\/index.php\/wp-json\/wp\/v2\/posts\/402\/revisions\/404"}],"wp:featuredmedia":[{"embeddable":true,"href":"https:\/\/apuntesdesanluis.com\/index.php\/wp-json\/wp\/v2\/media\/403"}],"wp:attachment":[{"href":"https:\/\/apuntesdesanluis.com\/index.php\/wp-json\/wp\/v2\/media?parent=402"}],"wp:term":[{"taxonomy":"category","embeddable":true,"href":"https:\/\/apuntesdesanluis.com\/index.php\/wp-json\/wp\/v2\/categories?post=402"},{"taxonomy":"post_tag","embeddable":true,"href":"https:\/\/apuntesdesanluis.com\/index.php\/wp-json\/wp\/v2\/tags?post=402"}],"curies":[{"name":"wp","href":"https:\/\/api.w.org\/{rel}","templated":true}]}}