{"id":4028,"date":"2023-09-25T20:27:49","date_gmt":"2023-09-25T23:27:49","guid":{"rendered":"https:\/\/apuntesdesanluis.com\/?p=4028"},"modified":"2023-09-25T20:27:49","modified_gmt":"2023-09-25T23:27:49","slug":"diputados-arranca-el-debate-en-comision-por-la-reduccion-de-la-jornada-laboral","status":"publish","type":"post","link":"https:\/\/apuntesdesanluis.com\/index.php\/2023\/09\/25\/diputados-arranca-el-debate-en-comision-por-la-reduccion-de-la-jornada-laboral\/","title":{"rendered":"DIPUTADOS: ARRANCA EL DEBATE EN COMISI\u00d3N POR LA REDUCCI\u00d3N DE LA JORNADA LABORAL"},"content":{"rendered":"<h3>La Comisi\u00f3n de Legislaci\u00f3n del Trabajo de la C\u00e1mara de Diputados se reunir\u00e1 este martes para analizar los proyectos sobre la reducci\u00f3n de la jornada laboral. Contar\u00e1 con la participaci\u00f3n de especialista, dirigentes sindicales y autoridades nacionales.<\/h3>\n<h3>A cargo estar\u00e1 la presidenta de la Comisi\u00f3n de Uni\u00f3n por la Patria, Vanesa Siley. Se tendr\u00e1n en consideraci\u00f3n siete proyectos, de los cuales cinco son de legisladores oficialistas: Hugo Yasky, Claudia Ormachea, Eduardo Vald\u00e9s, M\u00f3nica Litza y Sergio Palazzo. Los restantes pertenecer a la Izquierda (Nicol\u00e1s Del Ca\u00f1o) y el socialista Enrique Est\u00e9vez.<\/h3>\n<h3>Estar\u00eda presente la ministra de Trabajo de la Naci\u00f3n, Raquel Olmos, que volver\u00e1 al \u00e1mbito legislativo despu\u00e9s de dejar sentada su posici\u00f3n sobre el Impuesto a las Ganancias y el proyecto de ley de empleo PyME.<\/h3>\n<h3>Fueron invitados especialistas de la Uni\u00f3n Industrial Argentina y de la Corriente de Abogados Laboralistas 7 de julio. Tambi\u00e9n recibieron la invitaci\u00f3n la embajadora de Chile, B\u00e1rbara Sandoval; la secretaria Internacional, Cooperaci\u00f3n y Migraciones de Comisiones Obreras de Espa\u00f1a, Cristina Faciaben; y representantes de la CGT y ambas ramas de la CTA.<\/h3>\n<h3>LOS PROYECTOS SOBRE LA REDUCCI\u00d3N DE LA JORNADA LABORAL<\/h3>\n<h3>Yasky propone que la jornada no se excede de las 8 horas diarias o las 40 semanales, sin la disminuci\u00f3n del salario que los trabajadores est\u00e9n percibiendo en el momento de la fijaci\u00f3n de la nueva ley.<\/h3>\n<h3>Ormachea pretende que la jornada de trabajo sea de 6 horas diarias o 30 semanales. Palazzo propone que la jornada laboral tenga 8 horas diarias, pero que sea de 4 d\u00edas a la semana. Vald\u00e9s y De Ca\u00f1o consideran un m\u00e1ximo de 6 horas por d\u00eda y 30 semanales.<\/h3>\n<h3>Mientras que el socialista Est\u00e9vez y M\u00f3nica Litza sostienen en sus proyectos que la jornada laboral no deber\u00eda exceder las 36 horas semanales.<\/h3>\n","protected":false},"excerpt":{"rendered":"<p>La Comisi\u00f3n de Legislaci\u00f3n del Trabajo de la C\u00e1mara de Diputados se reunir\u00e1 este martes&#8230;<\/p>\n","protected":false},"author":1,"featured_media":4029,"comment_status":"closed","ping_status":"closed","sticky":false,"template":"","format":"standard","meta":{"footnotes":""},"categories":[5],"tags":[],"class_list":["post-4028","post","type-post","status-publish","format-standard","has-post-thumbnail","hentry","category-nacionales-internacionales"],"yoast_head":"<!-- This site is optimized with the Yoast SEO plugin v26.1.1 - https:\/\/yoast.com\/wordpress\/plugins\/seo\/ -->\n<title>DIPUTADOS: ARRANCA EL DEBATE EN COMISI\u00d3N POR LA REDUCCI\u00d3N DE LA JORNADA LABORAL - Apuntes de San Luis<\/title>\n<meta name=\"robots\" content=\"index, follow, max-snippet:-1, max-image-preview:large, max-video-preview:-1\" \/>\n<link rel=\"canonical\" href=\"https:\/\/apuntesdesanluis.com\/index.php\/2023\/09\/25\/diputados-arranca-el-debate-en-comision-por-la-reduccion-de-la-jornada-laboral\/\" \/>\n<meta property=\"og:locale\" content=\"es_ES\" \/>\n<meta property=\"og:type\" content=\"article\" \/>\n<meta property=\"og:title\" content=\"DIPUTADOS: ARRANCA EL DEBATE EN COMISI\u00d3N POR LA REDUCCI\u00d3N DE LA JORNADA LABORAL - Apuntes de San Luis\" \/>\n<meta property=\"og:description\" content=\"La Comisi\u00f3n de Legislaci\u00f3n del Trabajo de la C\u00e1mara de Diputados se reunir\u00e1 este martes...\" \/>\n<meta property=\"og:url\" content=\"https:\/\/apuntesdesanluis.com\/index.php\/2023\/09\/25\/diputados-arranca-el-debate-en-comision-por-la-reduccion-de-la-jornada-laboral\/\" \/>\n<meta property=\"og:site_name\" content=\"Apuntes de San Luis\" \/>\n<meta property=\"article:published_time\" content=\"2023-09-25T23:27:49+00:00\" \/>\n<meta property=\"og:image\" content=\"https:\/\/apuntesdesanluis.com\/wp-content\/uploads\/2023\/09\/diputados-4.png\" \/>\n\t<meta property=\"og:image:width\" content=\"715\" \/>\n\t<meta property=\"og:image:height\" content=\"443\" \/>\n\t<meta property=\"og:image:type\" content=\"image\/png\" \/>\n<meta name=\"author\" content=\"apuntesdesanluis.com\" \/>\n<meta name=\"twitter:card\" content=\"summary_large_image\" \/>\n<meta name=\"twitter:label1\" content=\"Escrito por\" \/>\n\t<meta name=\"twitter:data1\" content=\"apuntesdesanluis.com\" \/>\n\t<meta name=\"twitter:label2\" content=\"Tiempo de lectura\" \/>\n\t<meta name=\"twitter:data2\" content=\"2 minutos\" \/>\n<script type=\"application\/ld+json\" class=\"yoast-schema-graph\">{\"@context\":\"https:\/\/schema.org\",\"@graph\":[{\"@type\":\"Article\",\"@id\":\"https:\/\/apuntesdesanluis.com\/index.php\/2023\/09\/25\/diputados-arranca-el-debate-en-comision-por-la-reduccion-de-la-jornada-laboral\/#article\",\"isPartOf\":{\"@id\":\"https:\/\/apuntesdesanluis.com\/index.php\/2023\/09\/25\/diputados-arranca-el-debate-en-comision-por-la-reduccion-de-la-jornada-laboral\/\"},\"author\":{\"name\":\"apuntesdesanluis.com\",\"@id\":\"https:\/\/apuntesdesanluis.com\/#\/schema\/person\/b55151d52296fcce64d1a72538a70b90\"},\"headline\":\"DIPUTADOS: ARRANCA EL DEBATE EN COMISI\u00d3N POR LA REDUCCI\u00d3N DE LA JORNADA LABORAL\",\"datePublished\":\"2023-09-25T23:27:49+00:00\",\"mainEntityOfPage\":{\"@id\":\"https:\/\/apuntesdesanluis.com\/index.php\/2023\/09\/25\/diputados-arranca-el-debate-en-comision-por-la-reduccion-de-la-jornada-laboral\/\"},\"wordCount\":338,\"publisher\":{\"@id\":\"https:\/\/apuntesdesanluis.com\/#\/schema\/person\/b55151d52296fcce64d1a72538a70b90\"},\"image\":{\"@id\":\"https:\/\/apuntesdesanluis.com\/index.php\/2023\/09\/25\/diputados-arranca-el-debate-en-comision-por-la-reduccion-de-la-jornada-laboral\/#primaryimage\"},\"thumbnailUrl\":\"https:\/\/apuntesdesanluis.com\/wp-content\/uploads\/2023\/09\/diputados-4.png\",\"articleSection\":[\"Nacionales\/Internacionales\"],\"inLanguage\":\"es-AR\"},{\"@type\":\"WebPage\",\"@id\":\"https:\/\/apuntesdesanluis.com\/index.php\/2023\/09\/25\/diputados-arranca-el-debate-en-comision-por-la-reduccion-de-la-jornada-laboral\/\",\"url\":\"https:\/\/apuntesdesanluis.com\/index.php\/2023\/09\/25\/diputados-arranca-el-debate-en-comision-por-la-reduccion-de-la-jornada-laboral\/\",\"name\":\"DIPUTADOS: ARRANCA EL DEBATE EN COMISI\u00d3N POR LA REDUCCI\u00d3N DE LA JORNADA LABORAL - Apuntes de San Luis\",\"isPartOf\":{\"@id\":\"https:\/\/apuntesdesanluis.com\/#website\"},\"primaryImageOfPage\":{\"@id\":\"https:\/\/apuntesdesanluis.com\/index.php\/2023\/09\/25\/diputados-arranca-el-debate-en-comision-por-la-reduccion-de-la-jornada-laboral\/#primaryimage\"},\"image\":{\"@id\":\"https:\/\/apuntesdesanluis.com\/index.php\/2023\/09\/25\/diputados-arranca-el-debate-en-comision-por-la-reduccion-de-la-jornada-laboral\/#primaryimage\"},\"thumbnailUrl\":\"https:\/\/apuntesdesanluis.com\/wp-content\/uploads\/2023\/09\/diputados-4.png\",\"datePublished\":\"2023-09-25T23:27:49+00:00\",\"breadcrumb\":{\"@id\":\"https:\/\/apuntesdesanluis.com\/index.php\/2023\/09\/25\/diputados-arranca-el-debate-en-comision-por-la-reduccion-de-la-jornada-laboral\/#breadcrumb\"},\"inLanguage\":\"es-AR\",\"potentialAction\":[{\"@type\":\"ReadAction\",\"target\":[\"https:\/\/apuntesdesanluis.com\/index.php\/2023\/09\/25\/diputados-arranca-el-debate-en-comision-por-la-reduccion-de-la-jornada-laboral\/\"]}]},{\"@type\":\"ImageObject\",\"inLanguage\":\"es-AR\",\"@id\":\"https:\/\/apuntesdesanluis.com\/index.php\/2023\/09\/25\/diputados-arranca-el-debate-en-comision-por-la-reduccion-de-la-jornada-laboral\/#primaryimage\",\"url\":\"https:\/\/apuntesdesanluis.com\/wp-content\/uploads\/2023\/09\/diputados-4.png\",\"contentUrl\":\"https:\/\/apuntesdesanluis.com\/wp-content\/uploads\/2023\/09\/diputados-4.png\",\"width\":715,\"height\":443},{\"@type\":\"BreadcrumbList\",\"@id\":\"https:\/\/apuntesdesanluis.com\/index.php\/2023\/09\/25\/diputados-arranca-el-debate-en-comision-por-la-reduccion-de-la-jornada-laboral\/#breadcrumb\",\"itemListElement\":[{\"@type\":\"ListItem\",\"position\":1,\"name\":\"Inicio\",\"item\":\"https:\/\/apuntesdesanluis.com\/\"},{\"@type\":\"ListItem\",\"position\":2,\"name\":\"DIPUTADOS: ARRANCA EL DEBATE EN COMISI\u00d3N POR LA REDUCCI\u00d3N DE LA JORNADA LABORAL\"}]},{\"@type\":\"WebSite\",\"@id\":\"https:\/\/apuntesdesanluis.com\/#website\",\"url\":\"https:\/\/apuntesdesanluis.com\/\",\"name\":\"Apuntes de San Luis\",\"description\":\"\",\"publisher\":{\"@id\":\"https:\/\/apuntesdesanluis.com\/#\/schema\/person\/b55151d52296fcce64d1a72538a70b90\"},\"potentialAction\":[{\"@type\":\"SearchAction\",\"target\":{\"@type\":\"EntryPoint\",\"urlTemplate\":\"https:\/\/apuntesdesanluis.com\/?s={search_term_string}\"},\"query-input\":{\"@type\":\"PropertyValueSpecification\",\"valueRequired\":true,\"valueName\":\"search_term_string\"}}],\"inLanguage\":\"es-AR\"},{\"@type\":[\"Person\",\"Organization\"],\"@id\":\"https:\/\/apuntesdesanluis.com\/#\/schema\/person\/b55151d52296fcce64d1a72538a70b90\",\"name\":\"apuntesdesanluis.com\",\"image\":{\"@type\":\"ImageObject\",\"inLanguage\":\"es-AR\",\"@id\":\"https:\/\/apuntesdesanluis.com\/#\/schema\/person\/image\/\",\"url\":\"https:\/\/apuntesdesanluis.com\/wp-content\/uploads\/2023\/07\/cropped-apuntesdesanluis.png\",\"contentUrl\":\"https:\/\/apuntesdesanluis.com\/wp-content\/uploads\/2023\/07\/cropped-apuntesdesanluis.png\",\"width\":450,\"height\":112,\"caption\":\"apuntesdesanluis.com\"},\"logo\":{\"@id\":\"https:\/\/apuntesdesanluis.com\/#\/schema\/person\/image\/\"},\"sameAs\":[\"https:\/\/apuntesdesanluis.com\"],\"url\":\"https:\/\/apuntesdesanluis.com\/index.php\/author\/apuntesdesanluis-com\/\"}]}<\/script>\n<!-- \/ Yoast SEO plugin. -->","yoast_head_json":{"title":"DIPUTADOS: ARRANCA EL DEBATE EN COMISI\u00d3N POR LA REDUCCI\u00d3N DE LA JORNADA LABORAL - Apuntes de San Luis","robots":{"index":"index","follow":"follow","max-snippet":"max-snippet:-1","max-image-preview":"max-image-preview:large","max-video-preview":"max-video-preview:-1"},"canonical":"https:\/\/apuntesdesanluis.com\/index.php\/2023\/09\/25\/diputados-arranca-el-debate-en-comision-por-la-reduccion-de-la-jornada-laboral\/","og_locale":"es_ES","og_type":"article","og_title":"DIPUTADOS: ARRANCA EL DEBATE EN COMISI\u00d3N POR LA REDUCCI\u00d3N DE LA JORNADA LABORAL - Apuntes de San Luis","og_description":"La Comisi\u00f3n de Legislaci\u00f3n del Trabajo de la C\u00e1mara de Diputados se reunir\u00e1 este martes...","og_url":"https:\/\/apuntesdesanluis.com\/index.php\/2023\/09\/25\/diputados-arranca-el-debate-en-comision-por-la-reduccion-de-la-jornada-laboral\/","og_site_name":"Apuntes de San Luis","article_published_time":"2023-09-25T23:27:49+00:00","og_image":[{"width":715,"height":443,"url":"https:\/\/apuntesdesanluis.com\/wp-content\/uploads\/2023\/09\/diputados-4.png","type":"image\/png"}],"author":"apuntesdesanluis.com","twitter_card":"summary_large_image","twitter_misc":{"Escrito por":"apuntesdesanluis.com","Tiempo de lectura":"2 minutos"},"schema":{"@context":"https:\/\/schema.org","@graph":[{"@type":"Article","@id":"https:\/\/apuntesdesanluis.com\/index.php\/2023\/09\/25\/diputados-arranca-el-debate-en-comision-por-la-reduccion-de-la-jornada-laboral\/#article","isPartOf":{"@id":"https:\/\/apuntesdesanluis.com\/index.php\/2023\/09\/25\/diputados-arranca-el-debate-en-comision-por-la-reduccion-de-la-jornada-laboral\/"},"author":{"name":"apuntesdesanluis.com","@id":"https:\/\/apuntesdesanluis.com\/#\/schema\/person\/b55151d52296fcce64d1a72538a70b90"},"headline":"DIPUTADOS: ARRANCA EL DEBATE EN COMISI\u00d3N POR LA REDUCCI\u00d3N DE LA JORNADA LABORAL","datePublished":"2023-09-25T23:27:49+00:00","mainEntityOfPage":{"@id":"https:\/\/apuntesdesanluis.com\/index.php\/2023\/09\/25\/diputados-arranca-el-debate-en-comision-por-la-reduccion-de-la-jornada-laboral\/"},"wordCount":338,"publisher":{"@id":"https:\/\/apuntesdesanluis.com\/#\/schema\/person\/b55151d52296fcce64d1a72538a70b90"},"image":{"@id":"https:\/\/apuntesdesanluis.com\/index.php\/2023\/09\/25\/diputados-arranca-el-debate-en-comision-por-la-reduccion-de-la-jornada-laboral\/#primaryimage"},"thumbnailUrl":"https:\/\/apuntesdesanluis.com\/wp-content\/uploads\/2023\/09\/diputados-4.png","articleSection":["Nacionales\/Internacionales"],"inLanguage":"es-AR"},{"@type":"WebPage","@id":"https:\/\/apuntesdesanluis.com\/index.php\/2023\/09\/25\/diputados-arranca-el-debate-en-comision-por-la-reduccion-de-la-jornada-laboral\/","url":"https:\/\/apuntesdesanluis.com\/index.php\/2023\/09\/25\/diputados-arranca-el-debate-en-comision-por-la-reduccion-de-la-jornada-laboral\/","name":"DIPUTADOS: ARRANCA EL DEBATE EN COMISI\u00d3N POR LA REDUCCI\u00d3N DE LA JORNADA LABORAL - Apuntes de San Luis","isPartOf":{"@id":"https:\/\/apuntesdesanluis.com\/#website"},"primaryImageOfPage":{"@id":"https:\/\/apuntesdesanluis.com\/index.php\/2023\/09\/25\/diputados-arranca-el-debate-en-comision-por-la-reduccion-de-la-jornada-laboral\/#primaryimage"},"image":{"@id":"https:\/\/apuntesdesanluis.com\/index.php\/2023\/09\/25\/diputados-arranca-el-debate-en-comision-por-la-reduccion-de-la-jornada-laboral\/#primaryimage"},"thumbnailUrl":"https:\/\/apuntesdesanluis.com\/wp-content\/uploads\/2023\/09\/diputados-4.png","datePublished":"2023-09-25T23:27:49+00:00","breadcrumb":{"@id":"https:\/\/apuntesdesanluis.com\/index.php\/2023\/09\/25\/diputados-arranca-el-debate-en-comision-por-la-reduccion-de-la-jornada-laboral\/#breadcrumb"},"inLanguage":"es-AR","potentialAction":[{"@type":"ReadAction","target":["https:\/\/apuntesdesanluis.com\/index.php\/2023\/09\/25\/diputados-arranca-el-debate-en-comision-por-la-reduccion-de-la-jornada-laboral\/"]}]},{"@type":"ImageObject","inLanguage":"es-AR","@id":"https:\/\/apuntesdesanluis.com\/index.php\/2023\/09\/25\/diputados-arranca-el-debate-en-comision-por-la-reduccion-de-la-jornada-laboral\/#primaryimage","url":"https:\/\/apuntesdesanluis.com\/wp-content\/uploads\/2023\/09\/diputados-4.png","contentUrl":"https:\/\/apuntesdesanluis.com\/wp-content\/uploads\/2023\/09\/diputados-4.png","width":715,"height":443},{"@type":"BreadcrumbList","@id":"https:\/\/apuntesdesanluis.com\/index.php\/2023\/09\/25\/diputados-arranca-el-debate-en-comision-por-la-reduccion-de-la-jornada-laboral\/#breadcrumb","itemListElement":[{"@type":"ListItem","position":1,"name":"Inicio","item":"https:\/\/apuntesdesanluis.com\/"},{"@type":"ListItem","position":2,"name":"DIPUTADOS: ARRANCA EL DEBATE EN COMISI\u00d3N POR LA REDUCCI\u00d3N DE LA JORNADA LABORAL"}]},{"@type":"WebSite","@id":"https:\/\/apuntesdesanluis.com\/#website","url":"https:\/\/apuntesdesanluis.com\/","name":"Apuntes de San Luis","description":"","publisher":{"@id":"https:\/\/apuntesdesanluis.com\/#\/schema\/person\/b55151d52296fcce64d1a72538a70b90"},"potentialAction":[{"@type":"SearchAction","target":{"@type":"EntryPoint","urlTemplate":"https:\/\/apuntesdesanluis.com\/?s={search_term_string}"},"query-input":{"@type":"PropertyValueSpecification","valueRequired":true,"valueName":"search_term_string"}}],"inLanguage":"es-AR"},{"@type":["Person","Organization"],"@id":"https:\/\/apuntesdesanluis.com\/#\/schema\/person\/b55151d52296fcce64d1a72538a70b90","name":"apuntesdesanluis.com","image":{"@type":"ImageObject","inLanguage":"es-AR","@id":"https:\/\/apuntesdesanluis.com\/#\/schema\/person\/image\/","url":"https:\/\/apuntesdesanluis.com\/wp-content\/uploads\/2023\/07\/cropped-apuntesdesanluis.png","contentUrl":"https:\/\/apuntesdesanluis.com\/wp-content\/uploads\/2023\/07\/cropped-apuntesdesanluis.png","width":450,"height":112,"caption":"apuntesdesanluis.com"},"logo":{"@id":"https:\/\/apuntesdesanluis.com\/#\/schema\/person\/image\/"},"sameAs":["https:\/\/apuntesdesanluis.com"],"url":"https:\/\/apuntesdesanluis.com\/index.php\/author\/apuntesdesanluis-com\/"}]}},"featured_image_urls":{"full":["https:\/\/apuntesdesanluis.com\/wp-content\/uploads\/2023\/09\/diputados-4.png",715,443,false],"thumbnail":["https:\/\/apuntesdesanluis.com\/wp-content\/uploads\/2023\/09\/diputados-4-150x150.png",150,150,true],"medium":["https:\/\/apuntesdesanluis.com\/wp-content\/uploads\/2023\/09\/diputados-4-300x186.png",300,186,true],"medium_large":["https:\/\/apuntesdesanluis.com\/wp-content\/uploads\/2023\/09\/diputados-4.png",640,397,false],"large":["https:\/\/apuntesdesanluis.com\/wp-content\/uploads\/2023\/09\/diputados-4.png",640,397,false],"1536x1536":["https:\/\/apuntesdesanluis.com\/wp-content\/uploads\/2023\/09\/diputados-4.png",715,443,false],"2048x2048":["https:\/\/apuntesdesanluis.com\/wp-content\/uploads\/2023\/09\/diputados-4.png",715,443,false],"newsever-slider-full":["https:\/\/apuntesdesanluis.com\/wp-content\/uploads\/2023\/09\/diputados-4.png",715,443,false],"newsever-featured":["https:\/\/apuntesdesanluis.com\/wp-content\/uploads\/2023\/09\/diputados-4.png",715,443,false],"newsever-medium":["https:\/\/apuntesdesanluis.com\/wp-content\/uploads\/2023\/09\/diputados-4.png",715,443,false]},"author_info":{"display_name":"apuntesdesanluis.com","author_link":"https:\/\/apuntesdesanluis.com\/index.php\/author\/apuntesdesanluis-com\/"},"category_info":"<a href=\"https:\/\/apuntesdesanluis.com\/index.php\/category\/nacionales-internacionales\/\" rel=\"category tag\">Nacionales\/Internacionales<\/a>","tag_info":"Nacionales\/Internacionales","comment_count":"0","_links":{"self":[{"href":"https:\/\/apuntesdesanluis.com\/index.php\/wp-json\/wp\/v2\/posts\/4028","targetHints":{"allow":["GET"]}}],"collection":[{"href":"https:\/\/apuntesdesanluis.com\/index.php\/wp-json\/wp\/v2\/posts"}],"about":[{"href":"https:\/\/apuntesdesanluis.com\/index.php\/wp-json\/wp\/v2\/types\/post"}],"author":[{"embeddable":true,"href":"https:\/\/apuntesdesanluis.com\/index.php\/wp-json\/wp\/v2\/users\/1"}],"replies":[{"embeddable":true,"href":"https:\/\/apuntesdesanluis.com\/index.php\/wp-json\/wp\/v2\/comments?post=4028"}],"version-history":[{"count":1,"href":"https:\/\/apuntesdesanluis.com\/index.php\/wp-json\/wp\/v2\/posts\/4028\/revisions"}],"predecessor-version":[{"id":4030,"href":"https:\/\/apuntesdesanluis.com\/index.php\/wp-json\/wp\/v2\/posts\/4028\/revisions\/4030"}],"wp:featuredmedia":[{"embeddable":true,"href":"https:\/\/apuntesdesanluis.com\/index.php\/wp-json\/wp\/v2\/media\/4029"}],"wp:attachment":[{"href":"https:\/\/apuntesdesanluis.com\/index.php\/wp-json\/wp\/v2\/media?parent=4028"}],"wp:term":[{"taxonomy":"category","embeddable":true,"href":"https:\/\/apuntesdesanluis.com\/index.php\/wp-json\/wp\/v2\/categories?post=4028"},{"taxonomy":"post_tag","embeddable":true,"href":"https:\/\/apuntesdesanluis.com\/index.php\/wp-json\/wp\/v2\/tags?post=4028"}],"curies":[{"name":"wp","href":"https:\/\/api.w.org\/{rel}","templated":true}]}}