{"id":4031,"date":"2023-09-25T20:51:47","date_gmt":"2023-09-25T23:51:47","guid":{"rendered":"https:\/\/apuntesdesanluis.com\/?p=4031"},"modified":"2023-09-25T20:51:47","modified_gmt":"2023-09-25T23:51:47","slug":"el-gobernador-anuncio-que-el-incremento-subsidiario-a-colegios-publicos-de-gestion-privada-llegara-al-90","status":"publish","type":"post","link":"https:\/\/apuntesdesanluis.com\/index.php\/2023\/09\/25\/el-gobernador-anuncio-que-el-incremento-subsidiario-a-colegios-publicos-de-gestion-privada-llegara-al-90\/","title":{"rendered":"EL GOBERNADOR ANUNCI\u00d3 QUE EL INCREMENTO SUBSIDIARIO A COLEGIOS P\u00daBLICOS DE GESTI\u00d3N PRIVADA LLEGAR\u00c1 AL 90 %"},"content":{"rendered":"<h3>Esta tarde el primer mandatario provincial, <strong>Alberto Rodr\u00edguez Sa\u00e1<\/strong>, oficializ\u00f3 el decreto mediante el cual 52 colegios recibir\u00e1n el aumento provisto por el Estado provincial. Esta medida ser\u00e1 efectiva en el mes de septiembre, incluir\u00e1 a todos los niveles educativos y est\u00e1 orientada a lograr una mejora salarial en los trabajadores de dichas instituciones.<\/h3>\n<h3>El Sal\u00f3n Blanco de Terrazas del Portezuelo recibi\u00f3 a los representantes de m\u00e1s de 40 instituciones educativas p\u00fablicas de gesti\u00f3n privada de la provincia para reunirse con el gobernador. Durante el encuentro, Alberto Rodr\u00edguez Sa\u00e1 remarc\u00f3 la importancia de alcanzar a todos los sectores sociales con las medidas del Tratado para la Lucha contra la Pobreza dispuesto para mejorar el nivel adquisitivo de los trabajadores de toda la provincia.<\/h3>\n<h3>\u201cLos colegios privados en San Luis tienen una extraordinaria excelencia y se preocupan extraordinariamente por sus alumnos con una educaci\u00f3n personalizada muy buena. Esto nos incentiva a hacer justicia plena para tener equidad y llegar a todos\u201d, expres\u00f3 el primer mandatario luego de anunciar el incremento que responde a una necesidad de acompa\u00f1ar a todas las instituciones educativas de la provincia.<\/h3>\n<p><iframe title=\"El incremento subsidiario a colegios p\u00fablicos de gesti\u00f3n privada llegar\u00e1 al 90%\" width=\"640\" height=\"360\" src=\"https:\/\/www.youtube.com\/embed\/0Oy9gALnEus?feature=oembed\" frameborder=\"0\" allow=\"accelerometer; autoplay; clipboard-write; encrypted-media; gyroscope; picture-in-picture; web-share\" referrerpolicy=\"strict-origin-when-cross-origin\" allowfullscreen><\/iframe><\/p>\n<h3>Alberto Rodr\u00edguez Sa\u00e1 aprovech\u00f3 la oportunidad para destacar la importancia del trabajo que las escuelas p\u00fablicas de gesti\u00f3n privada realizan en la provincia. \u201cSon parte de la vida social, cultural, pol\u00edtica y econ\u00f3mica de la provincia. Nos aportan su visi\u00f3n del mundo creando hermosas tradiciones con sus eventos y su mirada de la educaci\u00f3n\u201d, agreg\u00f3.<\/h3>\n<h3>\u201cAqu\u00ed nace un derecho que ustedes se han ganado \u2013 prosigui\u00f3 el primer mandatario provincial \u2013 Este decreto est\u00e1 en el marco de la Lucha Contra la Pobreza y es un merecimiento por lo que ustedes hacen y seguir\u00e1n haciendo\u201d, remarc\u00f3.<\/h3>\n<h3>Antes de finalizar su di\u00e1logo con los representantes de las instituciones educativas, el gobernador destac\u00f3 que seguir\u00e1 de cerca la situaci\u00f3n econ\u00f3mica de todos los sectores de la provincia para acompa\u00f1ar y sostener las econom\u00edas familiares. \u201cSe van a actualizar los salarios seg\u00fan lo que diga el INDEC, para estar siempre por encima de la pobreza\u201d, asegur\u00f3.<\/h3>\n<h3>Cabe destacar que durante la jornada de hoy, firmaron el decreto 40 instituciones de la ciudad de San Luis, Villa Mercedes, Villa de Merlo, Juana Koslay, ciudad de La Punta, Quines y Tilisarao. Se espera que el resto de las escuelas de gesti\u00f3n privada confirmen su adhesi\u00f3n al subsidio en los pr\u00f3ximos d\u00edas.<\/h3>\n<h3>La ministra de Educaci\u00f3n, Eugenia Cantaloube, expres\u00f3 que \u201cqueremos que todas las pol\u00edticas lleguen a abrazar a todas las diferentes gestiones que tiene la provincia y esta era una de las reparaciones que m\u00e1s se buscaban\u201d. Y a\u00f1adi\u00f3: \u201cSe est\u00e1 analizando todas las necesidad y el Estado va a ir tras la b\u00fasqueda de resolver cada caso, para que todos nuestros docentes logren un salario digno\u201d.<\/h3>\n","protected":false},"excerpt":{"rendered":"<p>Esta tarde el primer mandatario provincial, Alberto Rodr\u00edguez Sa\u00e1, oficializ\u00f3 el decreto mediante el cual&#8230;<\/p>\n","protected":false},"author":1,"featured_media":4032,"comment_status":"closed","ping_status":"closed","sticky":false,"template":"","format":"standard","meta":{"footnotes":""},"categories":[6],"tags":[],"class_list":["post-4031","post","type-post","status-publish","format-standard","has-post-thumbnail","hentry","category-ciudad-provincia"],"yoast_head":"<!-- This site is optimized with the Yoast SEO plugin v26.1.1 - https:\/\/yoast.com\/wordpress\/plugins\/seo\/ -->\n<title>EL GOBERNADOR ANUNCI\u00d3 QUE EL INCREMENTO SUBSIDIARIO A COLEGIOS P\u00daBLICOS DE GESTI\u00d3N PRIVADA LLEGAR\u00c1 AL 90 % - Apuntes de San Luis<\/title>\n<meta name=\"robots\" content=\"index, follow, max-snippet:-1, max-image-preview:large, max-video-preview:-1\" \/>\n<link rel=\"canonical\" href=\"https:\/\/apuntesdesanluis.com\/index.php\/2023\/09\/25\/el-gobernador-anuncio-que-el-incremento-subsidiario-a-colegios-publicos-de-gestion-privada-llegara-al-90\/\" \/>\n<meta property=\"og:locale\" content=\"es_ES\" \/>\n<meta property=\"og:type\" content=\"article\" \/>\n<meta property=\"og:title\" content=\"EL GOBERNADOR ANUNCI\u00d3 QUE EL INCREMENTO SUBSIDIARIO A COLEGIOS P\u00daBLICOS DE GESTI\u00d3N PRIVADA LLEGAR\u00c1 AL 90 % - Apuntes de San Luis\" \/>\n<meta property=\"og:description\" content=\"Esta tarde el primer mandatario provincial, Alberto Rodr\u00edguez Sa\u00e1, oficializ\u00f3 el decreto mediante el cual...\" \/>\n<meta property=\"og:url\" content=\"https:\/\/apuntesdesanluis.com\/index.php\/2023\/09\/25\/el-gobernador-anuncio-que-el-incremento-subsidiario-a-colegios-publicos-de-gestion-privada-llegara-al-90\/\" \/>\n<meta property=\"og:site_name\" content=\"Apuntes de San Luis\" \/>\n<meta property=\"article:published_time\" content=\"2023-09-25T23:51:47+00:00\" \/>\n<meta property=\"og:image\" content=\"https:\/\/apuntesdesanluis.com\/wp-content\/uploads\/2023\/09\/alberto-4.png\" \/>\n\t<meta property=\"og:image:width\" content=\"600\" \/>\n\t<meta property=\"og:image:height\" content=\"363\" \/>\n\t<meta property=\"og:image:type\" content=\"image\/png\" \/>\n<meta name=\"author\" content=\"apuntesdesanluis.com\" \/>\n<meta name=\"twitter:card\" content=\"summary_large_image\" \/>\n<meta name=\"twitter:label1\" content=\"Escrito por\" \/>\n\t<meta name=\"twitter:data1\" content=\"apuntesdesanluis.com\" \/>\n\t<meta name=\"twitter:label2\" content=\"Tiempo de lectura\" \/>\n\t<meta name=\"twitter:data2\" content=\"3 minutos\" \/>\n<script type=\"application\/ld+json\" class=\"yoast-schema-graph\">{\"@context\":\"https:\/\/schema.org\",\"@graph\":[{\"@type\":\"Article\",\"@id\":\"https:\/\/apuntesdesanluis.com\/index.php\/2023\/09\/25\/el-gobernador-anuncio-que-el-incremento-subsidiario-a-colegios-publicos-de-gestion-privada-llegara-al-90\/#article\",\"isPartOf\":{\"@id\":\"https:\/\/apuntesdesanluis.com\/index.php\/2023\/09\/25\/el-gobernador-anuncio-que-el-incremento-subsidiario-a-colegios-publicos-de-gestion-privada-llegara-al-90\/\"},\"author\":{\"name\":\"apuntesdesanluis.com\",\"@id\":\"https:\/\/apuntesdesanluis.com\/#\/schema\/person\/b55151d52296fcce64d1a72538a70b90\"},\"headline\":\"EL GOBERNADOR ANUNCI\u00d3 QUE EL INCREMENTO SUBSIDIARIO A COLEGIOS P\u00daBLICOS DE GESTI\u00d3N PRIVADA LLEGAR\u00c1 AL 90 %\",\"datePublished\":\"2023-09-25T23:51:47+00:00\",\"mainEntityOfPage\":{\"@id\":\"https:\/\/apuntesdesanluis.com\/index.php\/2023\/09\/25\/el-gobernador-anuncio-que-el-incremento-subsidiario-a-colegios-publicos-de-gestion-privada-llegara-al-90\/\"},\"wordCount\":507,\"publisher\":{\"@id\":\"https:\/\/apuntesdesanluis.com\/#\/schema\/person\/b55151d52296fcce64d1a72538a70b90\"},\"image\":{\"@id\":\"https:\/\/apuntesdesanluis.com\/index.php\/2023\/09\/25\/el-gobernador-anuncio-que-el-incremento-subsidiario-a-colegios-publicos-de-gestion-privada-llegara-al-90\/#primaryimage\"},\"thumbnailUrl\":\"https:\/\/apuntesdesanluis.com\/wp-content\/uploads\/2023\/09\/alberto-4.png\",\"articleSection\":[\"Ciudad\/Provincia\"],\"inLanguage\":\"es-AR\"},{\"@type\":\"WebPage\",\"@id\":\"https:\/\/apuntesdesanluis.com\/index.php\/2023\/09\/25\/el-gobernador-anuncio-que-el-incremento-subsidiario-a-colegios-publicos-de-gestion-privada-llegara-al-90\/\",\"url\":\"https:\/\/apuntesdesanluis.com\/index.php\/2023\/09\/25\/el-gobernador-anuncio-que-el-incremento-subsidiario-a-colegios-publicos-de-gestion-privada-llegara-al-90\/\",\"name\":\"EL GOBERNADOR ANUNCI\u00d3 QUE EL INCREMENTO SUBSIDIARIO A COLEGIOS P\u00daBLICOS DE GESTI\u00d3N PRIVADA LLEGAR\u00c1 AL 90 % - Apuntes de San Luis\",\"isPartOf\":{\"@id\":\"https:\/\/apuntesdesanluis.com\/#website\"},\"primaryImageOfPage\":{\"@id\":\"https:\/\/apuntesdesanluis.com\/index.php\/2023\/09\/25\/el-gobernador-anuncio-que-el-incremento-subsidiario-a-colegios-publicos-de-gestion-privada-llegara-al-90\/#primaryimage\"},\"image\":{\"@id\":\"https:\/\/apuntesdesanluis.com\/index.php\/2023\/09\/25\/el-gobernador-anuncio-que-el-incremento-subsidiario-a-colegios-publicos-de-gestion-privada-llegara-al-90\/#primaryimage\"},\"thumbnailUrl\":\"https:\/\/apuntesdesanluis.com\/wp-content\/uploads\/2023\/09\/alberto-4.png\",\"datePublished\":\"2023-09-25T23:51:47+00:00\",\"breadcrumb\":{\"@id\":\"https:\/\/apuntesdesanluis.com\/index.php\/2023\/09\/25\/el-gobernador-anuncio-que-el-incremento-subsidiario-a-colegios-publicos-de-gestion-privada-llegara-al-90\/#breadcrumb\"},\"inLanguage\":\"es-AR\",\"potentialAction\":[{\"@type\":\"ReadAction\",\"target\":[\"https:\/\/apuntesdesanluis.com\/index.php\/2023\/09\/25\/el-gobernador-anuncio-que-el-incremento-subsidiario-a-colegios-publicos-de-gestion-privada-llegara-al-90\/\"]}]},{\"@type\":\"ImageObject\",\"inLanguage\":\"es-AR\",\"@id\":\"https:\/\/apuntesdesanluis.com\/index.php\/2023\/09\/25\/el-gobernador-anuncio-que-el-incremento-subsidiario-a-colegios-publicos-de-gestion-privada-llegara-al-90\/#primaryimage\",\"url\":\"https:\/\/apuntesdesanluis.com\/wp-content\/uploads\/2023\/09\/alberto-4.png\",\"contentUrl\":\"https:\/\/apuntesdesanluis.com\/wp-content\/uploads\/2023\/09\/alberto-4.png\",\"width\":600,\"height\":363},{\"@type\":\"BreadcrumbList\",\"@id\":\"https:\/\/apuntesdesanluis.com\/index.php\/2023\/09\/25\/el-gobernador-anuncio-que-el-incremento-subsidiario-a-colegios-publicos-de-gestion-privada-llegara-al-90\/#breadcrumb\",\"itemListElement\":[{\"@type\":\"ListItem\",\"position\":1,\"name\":\"Inicio\",\"item\":\"https:\/\/apuntesdesanluis.com\/\"},{\"@type\":\"ListItem\",\"position\":2,\"name\":\"EL GOBERNADOR ANUNCI\u00d3 QUE EL INCREMENTO SUBSIDIARIO A COLEGIOS P\u00daBLICOS DE GESTI\u00d3N PRIVADA LLEGAR\u00c1 AL 90 %\"}]},{\"@type\":\"WebSite\",\"@id\":\"https:\/\/apuntesdesanluis.com\/#website\",\"url\":\"https:\/\/apuntesdesanluis.com\/\",\"name\":\"Apuntes de San Luis\",\"description\":\"\",\"publisher\":{\"@id\":\"https:\/\/apuntesdesanluis.com\/#\/schema\/person\/b55151d52296fcce64d1a72538a70b90\"},\"potentialAction\":[{\"@type\":\"SearchAction\",\"target\":{\"@type\":\"EntryPoint\",\"urlTemplate\":\"https:\/\/apuntesdesanluis.com\/?s={search_term_string}\"},\"query-input\":{\"@type\":\"PropertyValueSpecification\",\"valueRequired\":true,\"valueName\":\"search_term_string\"}}],\"inLanguage\":\"es-AR\"},{\"@type\":[\"Person\",\"Organization\"],\"@id\":\"https:\/\/apuntesdesanluis.com\/#\/schema\/person\/b55151d52296fcce64d1a72538a70b90\",\"name\":\"apuntesdesanluis.com\",\"image\":{\"@type\":\"ImageObject\",\"inLanguage\":\"es-AR\",\"@id\":\"https:\/\/apuntesdesanluis.com\/#\/schema\/person\/image\/\",\"url\":\"https:\/\/apuntesdesanluis.com\/wp-content\/uploads\/2023\/07\/cropped-apuntesdesanluis.png\",\"contentUrl\":\"https:\/\/apuntesdesanluis.com\/wp-content\/uploads\/2023\/07\/cropped-apuntesdesanluis.png\",\"width\":450,\"height\":112,\"caption\":\"apuntesdesanluis.com\"},\"logo\":{\"@id\":\"https:\/\/apuntesdesanluis.com\/#\/schema\/person\/image\/\"},\"sameAs\":[\"https:\/\/apuntesdesanluis.com\"],\"url\":\"https:\/\/apuntesdesanluis.com\/index.php\/author\/apuntesdesanluis-com\/\"}]}<\/script>\n<!-- \/ Yoast SEO plugin. -->","yoast_head_json":{"title":"EL GOBERNADOR ANUNCI\u00d3 QUE EL INCREMENTO SUBSIDIARIO A COLEGIOS P\u00daBLICOS DE GESTI\u00d3N PRIVADA LLEGAR\u00c1 AL 90 % - Apuntes de San Luis","robots":{"index":"index","follow":"follow","max-snippet":"max-snippet:-1","max-image-preview":"max-image-preview:large","max-video-preview":"max-video-preview:-1"},"canonical":"https:\/\/apuntesdesanluis.com\/index.php\/2023\/09\/25\/el-gobernador-anuncio-que-el-incremento-subsidiario-a-colegios-publicos-de-gestion-privada-llegara-al-90\/","og_locale":"es_ES","og_type":"article","og_title":"EL GOBERNADOR ANUNCI\u00d3 QUE EL INCREMENTO SUBSIDIARIO A COLEGIOS P\u00daBLICOS DE GESTI\u00d3N PRIVADA LLEGAR\u00c1 AL 90 % - Apuntes de San Luis","og_description":"Esta tarde el primer mandatario provincial, Alberto Rodr\u00edguez Sa\u00e1, oficializ\u00f3 el decreto mediante el cual...","og_url":"https:\/\/apuntesdesanluis.com\/index.php\/2023\/09\/25\/el-gobernador-anuncio-que-el-incremento-subsidiario-a-colegios-publicos-de-gestion-privada-llegara-al-90\/","og_site_name":"Apuntes de San Luis","article_published_time":"2023-09-25T23:51:47+00:00","og_image":[{"width":600,"height":363,"url":"https:\/\/apuntesdesanluis.com\/wp-content\/uploads\/2023\/09\/alberto-4.png","type":"image\/png"}],"author":"apuntesdesanluis.com","twitter_card":"summary_large_image","twitter_misc":{"Escrito por":"apuntesdesanluis.com","Tiempo de lectura":"3 minutos"},"schema":{"@context":"https:\/\/schema.org","@graph":[{"@type":"Article","@id":"https:\/\/apuntesdesanluis.com\/index.php\/2023\/09\/25\/el-gobernador-anuncio-que-el-incremento-subsidiario-a-colegios-publicos-de-gestion-privada-llegara-al-90\/#article","isPartOf":{"@id":"https:\/\/apuntesdesanluis.com\/index.php\/2023\/09\/25\/el-gobernador-anuncio-que-el-incremento-subsidiario-a-colegios-publicos-de-gestion-privada-llegara-al-90\/"},"author":{"name":"apuntesdesanluis.com","@id":"https:\/\/apuntesdesanluis.com\/#\/schema\/person\/b55151d52296fcce64d1a72538a70b90"},"headline":"EL GOBERNADOR ANUNCI\u00d3 QUE EL INCREMENTO SUBSIDIARIO A COLEGIOS P\u00daBLICOS DE GESTI\u00d3N PRIVADA LLEGAR\u00c1 AL 90 %","datePublished":"2023-09-25T23:51:47+00:00","mainEntityOfPage":{"@id":"https:\/\/apuntesdesanluis.com\/index.php\/2023\/09\/25\/el-gobernador-anuncio-que-el-incremento-subsidiario-a-colegios-publicos-de-gestion-privada-llegara-al-90\/"},"wordCount":507,"publisher":{"@id":"https:\/\/apuntesdesanluis.com\/#\/schema\/person\/b55151d52296fcce64d1a72538a70b90"},"image":{"@id":"https:\/\/apuntesdesanluis.com\/index.php\/2023\/09\/25\/el-gobernador-anuncio-que-el-incremento-subsidiario-a-colegios-publicos-de-gestion-privada-llegara-al-90\/#primaryimage"},"thumbnailUrl":"https:\/\/apuntesdesanluis.com\/wp-content\/uploads\/2023\/09\/alberto-4.png","articleSection":["Ciudad\/Provincia"],"inLanguage":"es-AR"},{"@type":"WebPage","@id":"https:\/\/apuntesdesanluis.com\/index.php\/2023\/09\/25\/el-gobernador-anuncio-que-el-incremento-subsidiario-a-colegios-publicos-de-gestion-privada-llegara-al-90\/","url":"https:\/\/apuntesdesanluis.com\/index.php\/2023\/09\/25\/el-gobernador-anuncio-que-el-incremento-subsidiario-a-colegios-publicos-de-gestion-privada-llegara-al-90\/","name":"EL GOBERNADOR ANUNCI\u00d3 QUE EL INCREMENTO SUBSIDIARIO A COLEGIOS P\u00daBLICOS DE GESTI\u00d3N PRIVADA LLEGAR\u00c1 AL 90 % - Apuntes de San Luis","isPartOf":{"@id":"https:\/\/apuntesdesanluis.com\/#website"},"primaryImageOfPage":{"@id":"https:\/\/apuntesdesanluis.com\/index.php\/2023\/09\/25\/el-gobernador-anuncio-que-el-incremento-subsidiario-a-colegios-publicos-de-gestion-privada-llegara-al-90\/#primaryimage"},"image":{"@id":"https:\/\/apuntesdesanluis.com\/index.php\/2023\/09\/25\/el-gobernador-anuncio-que-el-incremento-subsidiario-a-colegios-publicos-de-gestion-privada-llegara-al-90\/#primaryimage"},"thumbnailUrl":"https:\/\/apuntesdesanluis.com\/wp-content\/uploads\/2023\/09\/alberto-4.png","datePublished":"2023-09-25T23:51:47+00:00","breadcrumb":{"@id":"https:\/\/apuntesdesanluis.com\/index.php\/2023\/09\/25\/el-gobernador-anuncio-que-el-incremento-subsidiario-a-colegios-publicos-de-gestion-privada-llegara-al-90\/#breadcrumb"},"inLanguage":"es-AR","potentialAction":[{"@type":"ReadAction","target":["https:\/\/apuntesdesanluis.com\/index.php\/2023\/09\/25\/el-gobernador-anuncio-que-el-incremento-subsidiario-a-colegios-publicos-de-gestion-privada-llegara-al-90\/"]}]},{"@type":"ImageObject","inLanguage":"es-AR","@id":"https:\/\/apuntesdesanluis.com\/index.php\/2023\/09\/25\/el-gobernador-anuncio-que-el-incremento-subsidiario-a-colegios-publicos-de-gestion-privada-llegara-al-90\/#primaryimage","url":"https:\/\/apuntesdesanluis.com\/wp-content\/uploads\/2023\/09\/alberto-4.png","contentUrl":"https:\/\/apuntesdesanluis.com\/wp-content\/uploads\/2023\/09\/alberto-4.png","width":600,"height":363},{"@type":"BreadcrumbList","@id":"https:\/\/apuntesdesanluis.com\/index.php\/2023\/09\/25\/el-gobernador-anuncio-que-el-incremento-subsidiario-a-colegios-publicos-de-gestion-privada-llegara-al-90\/#breadcrumb","itemListElement":[{"@type":"ListItem","position":1,"name":"Inicio","item":"https:\/\/apuntesdesanluis.com\/"},{"@type":"ListItem","position":2,"name":"EL GOBERNADOR ANUNCI\u00d3 QUE EL INCREMENTO SUBSIDIARIO A COLEGIOS P\u00daBLICOS DE GESTI\u00d3N PRIVADA LLEGAR\u00c1 AL 90 %"}]},{"@type":"WebSite","@id":"https:\/\/apuntesdesanluis.com\/#website","url":"https:\/\/apuntesdesanluis.com\/","name":"Apuntes de San Luis","description":"","publisher":{"@id":"https:\/\/apuntesdesanluis.com\/#\/schema\/person\/b55151d52296fcce64d1a72538a70b90"},"potentialAction":[{"@type":"SearchAction","target":{"@type":"EntryPoint","urlTemplate":"https:\/\/apuntesdesanluis.com\/?s={search_term_string}"},"query-input":{"@type":"PropertyValueSpecification","valueRequired":true,"valueName":"search_term_string"}}],"inLanguage":"es-AR"},{"@type":["Person","Organization"],"@id":"https:\/\/apuntesdesanluis.com\/#\/schema\/person\/b55151d52296fcce64d1a72538a70b90","name":"apuntesdesanluis.com","image":{"@type":"ImageObject","inLanguage":"es-AR","@id":"https:\/\/apuntesdesanluis.com\/#\/schema\/person\/image\/","url":"https:\/\/apuntesdesanluis.com\/wp-content\/uploads\/2023\/07\/cropped-apuntesdesanluis.png","contentUrl":"https:\/\/apuntesdesanluis.com\/wp-content\/uploads\/2023\/07\/cropped-apuntesdesanluis.png","width":450,"height":112,"caption":"apuntesdesanluis.com"},"logo":{"@id":"https:\/\/apuntesdesanluis.com\/#\/schema\/person\/image\/"},"sameAs":["https:\/\/apuntesdesanluis.com"],"url":"https:\/\/apuntesdesanluis.com\/index.php\/author\/apuntesdesanluis-com\/"}]}},"featured_image_urls":{"full":["https:\/\/apuntesdesanluis.com\/wp-content\/uploads\/2023\/09\/alberto-4.png",600,363,false],"thumbnail":["https:\/\/apuntesdesanluis.com\/wp-content\/uploads\/2023\/09\/alberto-4-150x150.png",150,150,true],"medium":["https:\/\/apuntesdesanluis.com\/wp-content\/uploads\/2023\/09\/alberto-4-300x182.png",300,182,true],"medium_large":["https:\/\/apuntesdesanluis.com\/wp-content\/uploads\/2023\/09\/alberto-4.png",600,363,false],"large":["https:\/\/apuntesdesanluis.com\/wp-content\/uploads\/2023\/09\/alberto-4.png",600,363,false],"1536x1536":["https:\/\/apuntesdesanluis.com\/wp-content\/uploads\/2023\/09\/alberto-4.png",600,363,false],"2048x2048":["https:\/\/apuntesdesanluis.com\/wp-content\/uploads\/2023\/09\/alberto-4.png",600,363,false],"newsever-slider-full":["https:\/\/apuntesdesanluis.com\/wp-content\/uploads\/2023\/09\/alberto-4.png",600,363,false],"newsever-featured":["https:\/\/apuntesdesanluis.com\/wp-content\/uploads\/2023\/09\/alberto-4.png",600,363,false],"newsever-medium":["https:\/\/apuntesdesanluis.com\/wp-content\/uploads\/2023\/09\/alberto-4.png",600,363,false]},"author_info":{"display_name":"apuntesdesanluis.com","author_link":"https:\/\/apuntesdesanluis.com\/index.php\/author\/apuntesdesanluis-com\/"},"category_info":"<a href=\"https:\/\/apuntesdesanluis.com\/index.php\/category\/ciudad-provincia\/\" rel=\"category tag\">Ciudad\/Provincia<\/a>","tag_info":"Ciudad\/Provincia","comment_count":"0","_links":{"self":[{"href":"https:\/\/apuntesdesanluis.com\/index.php\/wp-json\/wp\/v2\/posts\/4031","targetHints":{"allow":["GET"]}}],"collection":[{"href":"https:\/\/apuntesdesanluis.com\/index.php\/wp-json\/wp\/v2\/posts"}],"about":[{"href":"https:\/\/apuntesdesanluis.com\/index.php\/wp-json\/wp\/v2\/types\/post"}],"author":[{"embeddable":true,"href":"https:\/\/apuntesdesanluis.com\/index.php\/wp-json\/wp\/v2\/users\/1"}],"replies":[{"embeddable":true,"href":"https:\/\/apuntesdesanluis.com\/index.php\/wp-json\/wp\/v2\/comments?post=4031"}],"version-history":[{"count":1,"href":"https:\/\/apuntesdesanluis.com\/index.php\/wp-json\/wp\/v2\/posts\/4031\/revisions"}],"predecessor-version":[{"id":4033,"href":"https:\/\/apuntesdesanluis.com\/index.php\/wp-json\/wp\/v2\/posts\/4031\/revisions\/4033"}],"wp:featuredmedia":[{"embeddable":true,"href":"https:\/\/apuntesdesanluis.com\/index.php\/wp-json\/wp\/v2\/media\/4032"}],"wp:attachment":[{"href":"https:\/\/apuntesdesanluis.com\/index.php\/wp-json\/wp\/v2\/media?parent=4031"}],"wp:term":[{"taxonomy":"category","embeddable":true,"href":"https:\/\/apuntesdesanluis.com\/index.php\/wp-json\/wp\/v2\/categories?post=4031"},{"taxonomy":"post_tag","embeddable":true,"href":"https:\/\/apuntesdesanluis.com\/index.php\/wp-json\/wp\/v2\/tags?post=4031"}],"curies":[{"name":"wp","href":"https:\/\/api.w.org\/{rel}","templated":true}]}}