{"id":4035,"date":"2023-09-25T16:00:06","date_gmt":"2023-09-25T19:00:06","guid":{"rendered":"https:\/\/apuntesdesanluis.com\/?p=4035"},"modified":"2023-09-25T21:01:51","modified_gmt":"2023-09-26T00:01:51","slug":"encontraron-un-cuerpo-flotando-en-los-lagos-de-palermo","status":"publish","type":"post","link":"https:\/\/apuntesdesanluis.com\/index.php\/2023\/09\/25\/encontraron-un-cuerpo-flotando-en-los-lagos-de-palermo\/","title":{"rendered":"ENCONTRARON UN CUERPO FLOTANDO EN LOS LAGOS DE PALERMO"},"content":{"rendered":"<h3>El hallazgo ocurri\u00f3 durante la ma\u00f1ana de este lunes tras la denuncia por la aparici\u00f3n de una persona sin vida en lago Victoria Ocampo.<\/h3>\n<h3>Fuentes policiales informaron que Bomberos de la Ciudad &#8220;observaron a medio metro de la orilla un cuerpo sin vida de un masculino mayor de edad&#8221;.<\/h3>\n<h3>Adem\u00e1s, confirmaron que en primera instancia no se tratar\u00eda de un crimen ya que &#8220;no hay signos de violencia&#8221; en su cuerpo.<\/h3>\n<h3>&#8220;Lleva entre 8 y 12 horas de muerto, sin lesiones visibles y no ten\u00eda encima documentaci\u00f3n, pero s\u00ed una tarjeta que ser\u00e1 analizada&#8221;, se\u00f1alaron las fuentes.<\/h3>\n<h3>Tambi\u00e9n le destacaron a este medio que la persona, de unos 50 a\u00f1os, vest\u00eda al momento de su hallazgo un &#8220;buzo polar, pantal\u00f3n, campera y zapatillas&#8221;.<\/h3>\n<h3>Interviene la Fiscal\u00eda Criminal y Correccional 53, a cargo del fiscal Mat\u00edas Di Lello, que dispuso que acuda personal de la Unidad Criminal\u00edstica M\u00f3vil para la realizaci\u00f3n de las pericias.<\/h3>\n<h3>Por el momento las primeras actuaciones son por averiguaci\u00f3n de muerte por causas dudosas,\u00a0 y el trabajo de la Unidad Criminal\u00edstica determin\u00f3 que no se observaban lesiones visibles en el cuerpo. Adem\u00e1s se logr\u00f3 determinar que ten\u00eda tatuajes y encontraron una tarjeta S.U.B.E que pertenecer\u00eda al hombre, de quien a\u00fan se desconocen sus datos.<\/h3>\n<h3>El fiscal orden\u00f3 analizar las c\u00e1maras de seguridad de la zona ya que adem\u00e1s de ver los movimientos de esta personas, y siguen la pista de un veh\u00edculo que estaba en la zona y genera sospecha en los investigadores.<\/h3>\n<h3>El lago Victoria Ocampo se encuentra en el cruce de las avenidas Sarmiento y Berro y a pocos metros del lugar en el que fue asesinado el ingeniero Mariano Barbieri el 30 de agosto pasado.<\/h3>\n<p>&nbsp;<\/p>\n<p>&nbsp;<\/p>\n<p>&nbsp;<\/p>\n<p>&nbsp;<\/p>\n","protected":false},"excerpt":{"rendered":"<p>El hallazgo ocurri\u00f3 durante la ma\u00f1ana de este lunes tras la denuncia por la aparici\u00f3n&#8230;<\/p>\n","protected":false},"author":1,"featured_media":4036,"comment_status":"closed","ping_status":"closed","sticky":false,"template":"","format":"standard","meta":{"footnotes":""},"categories":[5],"tags":[],"class_list":["post-4035","post","type-post","status-publish","format-standard","has-post-thumbnail","hentry","category-nacionales-internacionales"],"yoast_head":"<!-- This site is optimized with the Yoast SEO plugin v26.1.1 - https:\/\/yoast.com\/wordpress\/plugins\/seo\/ -->\n<title>ENCONTRARON UN CUERPO FLOTANDO EN LOS LAGOS DE PALERMO - Apuntes de San Luis<\/title>\n<meta name=\"robots\" content=\"index, follow, max-snippet:-1, max-image-preview:large, max-video-preview:-1\" \/>\n<link rel=\"canonical\" href=\"https:\/\/apuntesdesanluis.com\/index.php\/2023\/09\/25\/encontraron-un-cuerpo-flotando-en-los-lagos-de-palermo\/\" \/>\n<meta property=\"og:locale\" content=\"es_ES\" \/>\n<meta property=\"og:type\" content=\"article\" \/>\n<meta property=\"og:title\" content=\"ENCONTRARON UN CUERPO FLOTANDO EN LOS LAGOS DE PALERMO - Apuntes de San Luis\" \/>\n<meta property=\"og:description\" content=\"El hallazgo ocurri\u00f3 durante la ma\u00f1ana de este lunes tras la denuncia por la aparici\u00f3n...\" \/>\n<meta property=\"og:url\" content=\"https:\/\/apuntesdesanluis.com\/index.php\/2023\/09\/25\/encontraron-un-cuerpo-flotando-en-los-lagos-de-palermo\/\" \/>\n<meta property=\"og:site_name\" content=\"Apuntes de San Luis\" \/>\n<meta property=\"article:published_time\" content=\"2023-09-25T19:00:06+00:00\" \/>\n<meta property=\"article:modified_time\" content=\"2023-09-26T00:01:51+00:00\" \/>\n<meta property=\"og:image\" content=\"https:\/\/apuntesdesanluis.com\/wp-content\/uploads\/2023\/09\/lagos-de-palermo.png\" \/>\n\t<meta property=\"og:image:width\" content=\"657\" \/>\n\t<meta property=\"og:image:height\" content=\"378\" \/>\n\t<meta property=\"og:image:type\" content=\"image\/png\" \/>\n<meta name=\"author\" content=\"apuntesdesanluis.com\" \/>\n<meta name=\"twitter:card\" content=\"summary_large_image\" \/>\n<meta name=\"twitter:label1\" content=\"Escrito por\" \/>\n\t<meta name=\"twitter:data1\" content=\"apuntesdesanluis.com\" \/>\n\t<meta name=\"twitter:label2\" content=\"Tiempo de lectura\" \/>\n\t<meta name=\"twitter:data2\" content=\"2 minutos\" \/>\n<script type=\"application\/ld+json\" class=\"yoast-schema-graph\">{\"@context\":\"https:\/\/schema.org\",\"@graph\":[{\"@type\":\"Article\",\"@id\":\"https:\/\/apuntesdesanluis.com\/index.php\/2023\/09\/25\/encontraron-un-cuerpo-flotando-en-los-lagos-de-palermo\/#article\",\"isPartOf\":{\"@id\":\"https:\/\/apuntesdesanluis.com\/index.php\/2023\/09\/25\/encontraron-un-cuerpo-flotando-en-los-lagos-de-palermo\/\"},\"author\":{\"name\":\"apuntesdesanluis.com\",\"@id\":\"https:\/\/apuntesdesanluis.com\/#\/schema\/person\/b55151d52296fcce64d1a72538a70b90\"},\"headline\":\"ENCONTRARON UN CUERPO FLOTANDO EN LOS LAGOS DE PALERMO\",\"datePublished\":\"2023-09-25T19:00:06+00:00\",\"dateModified\":\"2023-09-26T00:01:51+00:00\",\"mainEntityOfPage\":{\"@id\":\"https:\/\/apuntesdesanluis.com\/index.php\/2023\/09\/25\/encontraron-un-cuerpo-flotando-en-los-lagos-de-palermo\/\"},\"wordCount\":317,\"publisher\":{\"@id\":\"https:\/\/apuntesdesanluis.com\/#\/schema\/person\/b55151d52296fcce64d1a72538a70b90\"},\"image\":{\"@id\":\"https:\/\/apuntesdesanluis.com\/index.php\/2023\/09\/25\/encontraron-un-cuerpo-flotando-en-los-lagos-de-palermo\/#primaryimage\"},\"thumbnailUrl\":\"https:\/\/apuntesdesanluis.com\/wp-content\/uploads\/2023\/09\/lagos-de-palermo.png\",\"articleSection\":[\"Nacionales\/Internacionales\"],\"inLanguage\":\"es-AR\"},{\"@type\":\"WebPage\",\"@id\":\"https:\/\/apuntesdesanluis.com\/index.php\/2023\/09\/25\/encontraron-un-cuerpo-flotando-en-los-lagos-de-palermo\/\",\"url\":\"https:\/\/apuntesdesanluis.com\/index.php\/2023\/09\/25\/encontraron-un-cuerpo-flotando-en-los-lagos-de-palermo\/\",\"name\":\"ENCONTRARON UN CUERPO FLOTANDO EN LOS LAGOS DE PALERMO - Apuntes de San Luis\",\"isPartOf\":{\"@id\":\"https:\/\/apuntesdesanluis.com\/#website\"},\"primaryImageOfPage\":{\"@id\":\"https:\/\/apuntesdesanluis.com\/index.php\/2023\/09\/25\/encontraron-un-cuerpo-flotando-en-los-lagos-de-palermo\/#primaryimage\"},\"image\":{\"@id\":\"https:\/\/apuntesdesanluis.com\/index.php\/2023\/09\/25\/encontraron-un-cuerpo-flotando-en-los-lagos-de-palermo\/#primaryimage\"},\"thumbnailUrl\":\"https:\/\/apuntesdesanluis.com\/wp-content\/uploads\/2023\/09\/lagos-de-palermo.png\",\"datePublished\":\"2023-09-25T19:00:06+00:00\",\"dateModified\":\"2023-09-26T00:01:51+00:00\",\"breadcrumb\":{\"@id\":\"https:\/\/apuntesdesanluis.com\/index.php\/2023\/09\/25\/encontraron-un-cuerpo-flotando-en-los-lagos-de-palermo\/#breadcrumb\"},\"inLanguage\":\"es-AR\",\"potentialAction\":[{\"@type\":\"ReadAction\",\"target\":[\"https:\/\/apuntesdesanluis.com\/index.php\/2023\/09\/25\/encontraron-un-cuerpo-flotando-en-los-lagos-de-palermo\/\"]}]},{\"@type\":\"ImageObject\",\"inLanguage\":\"es-AR\",\"@id\":\"https:\/\/apuntesdesanluis.com\/index.php\/2023\/09\/25\/encontraron-un-cuerpo-flotando-en-los-lagos-de-palermo\/#primaryimage\",\"url\":\"https:\/\/apuntesdesanluis.com\/wp-content\/uploads\/2023\/09\/lagos-de-palermo.png\",\"contentUrl\":\"https:\/\/apuntesdesanluis.com\/wp-content\/uploads\/2023\/09\/lagos-de-palermo.png\",\"width\":657,\"height\":378},{\"@type\":\"BreadcrumbList\",\"@id\":\"https:\/\/apuntesdesanluis.com\/index.php\/2023\/09\/25\/encontraron-un-cuerpo-flotando-en-los-lagos-de-palermo\/#breadcrumb\",\"itemListElement\":[{\"@type\":\"ListItem\",\"position\":1,\"name\":\"Inicio\",\"item\":\"https:\/\/apuntesdesanluis.com\/\"},{\"@type\":\"ListItem\",\"position\":2,\"name\":\"ENCONTRARON UN CUERPO FLOTANDO EN LOS LAGOS DE PALERMO\"}]},{\"@type\":\"WebSite\",\"@id\":\"https:\/\/apuntesdesanluis.com\/#website\",\"url\":\"https:\/\/apuntesdesanluis.com\/\",\"name\":\"Apuntes de San Luis\",\"description\":\"\",\"publisher\":{\"@id\":\"https:\/\/apuntesdesanluis.com\/#\/schema\/person\/b55151d52296fcce64d1a72538a70b90\"},\"potentialAction\":[{\"@type\":\"SearchAction\",\"target\":{\"@type\":\"EntryPoint\",\"urlTemplate\":\"https:\/\/apuntesdesanluis.com\/?s={search_term_string}\"},\"query-input\":{\"@type\":\"PropertyValueSpecification\",\"valueRequired\":true,\"valueName\":\"search_term_string\"}}],\"inLanguage\":\"es-AR\"},{\"@type\":[\"Person\",\"Organization\"],\"@id\":\"https:\/\/apuntesdesanluis.com\/#\/schema\/person\/b55151d52296fcce64d1a72538a70b90\",\"name\":\"apuntesdesanluis.com\",\"image\":{\"@type\":\"ImageObject\",\"inLanguage\":\"es-AR\",\"@id\":\"https:\/\/apuntesdesanluis.com\/#\/schema\/person\/image\/\",\"url\":\"https:\/\/apuntesdesanluis.com\/wp-content\/uploads\/2023\/07\/cropped-apuntesdesanluis.png\",\"contentUrl\":\"https:\/\/apuntesdesanluis.com\/wp-content\/uploads\/2023\/07\/cropped-apuntesdesanluis.png\",\"width\":450,\"height\":112,\"caption\":\"apuntesdesanluis.com\"},\"logo\":{\"@id\":\"https:\/\/apuntesdesanluis.com\/#\/schema\/person\/image\/\"},\"sameAs\":[\"https:\/\/apuntesdesanluis.com\"],\"url\":\"https:\/\/apuntesdesanluis.com\/index.php\/author\/apuntesdesanluis-com\/\"}]}<\/script>\n<!-- \/ Yoast SEO plugin. -->","yoast_head_json":{"title":"ENCONTRARON UN CUERPO FLOTANDO EN LOS LAGOS DE PALERMO - Apuntes de San Luis","robots":{"index":"index","follow":"follow","max-snippet":"max-snippet:-1","max-image-preview":"max-image-preview:large","max-video-preview":"max-video-preview:-1"},"canonical":"https:\/\/apuntesdesanluis.com\/index.php\/2023\/09\/25\/encontraron-un-cuerpo-flotando-en-los-lagos-de-palermo\/","og_locale":"es_ES","og_type":"article","og_title":"ENCONTRARON UN CUERPO FLOTANDO EN LOS LAGOS DE PALERMO - Apuntes de San Luis","og_description":"El hallazgo ocurri\u00f3 durante la ma\u00f1ana de este lunes tras la denuncia por la aparici\u00f3n...","og_url":"https:\/\/apuntesdesanluis.com\/index.php\/2023\/09\/25\/encontraron-un-cuerpo-flotando-en-los-lagos-de-palermo\/","og_site_name":"Apuntes de San Luis","article_published_time":"2023-09-25T19:00:06+00:00","article_modified_time":"2023-09-26T00:01:51+00:00","og_image":[{"width":657,"height":378,"url":"https:\/\/apuntesdesanluis.com\/wp-content\/uploads\/2023\/09\/lagos-de-palermo.png","type":"image\/png"}],"author":"apuntesdesanluis.com","twitter_card":"summary_large_image","twitter_misc":{"Escrito por":"apuntesdesanluis.com","Tiempo de lectura":"2 minutos"},"schema":{"@context":"https:\/\/schema.org","@graph":[{"@type":"Article","@id":"https:\/\/apuntesdesanluis.com\/index.php\/2023\/09\/25\/encontraron-un-cuerpo-flotando-en-los-lagos-de-palermo\/#article","isPartOf":{"@id":"https:\/\/apuntesdesanluis.com\/index.php\/2023\/09\/25\/encontraron-un-cuerpo-flotando-en-los-lagos-de-palermo\/"},"author":{"name":"apuntesdesanluis.com","@id":"https:\/\/apuntesdesanluis.com\/#\/schema\/person\/b55151d52296fcce64d1a72538a70b90"},"headline":"ENCONTRARON UN CUERPO FLOTANDO EN LOS LAGOS DE PALERMO","datePublished":"2023-09-25T19:00:06+00:00","dateModified":"2023-09-26T00:01:51+00:00","mainEntityOfPage":{"@id":"https:\/\/apuntesdesanluis.com\/index.php\/2023\/09\/25\/encontraron-un-cuerpo-flotando-en-los-lagos-de-palermo\/"},"wordCount":317,"publisher":{"@id":"https:\/\/apuntesdesanluis.com\/#\/schema\/person\/b55151d52296fcce64d1a72538a70b90"},"image":{"@id":"https:\/\/apuntesdesanluis.com\/index.php\/2023\/09\/25\/encontraron-un-cuerpo-flotando-en-los-lagos-de-palermo\/#primaryimage"},"thumbnailUrl":"https:\/\/apuntesdesanluis.com\/wp-content\/uploads\/2023\/09\/lagos-de-palermo.png","articleSection":["Nacionales\/Internacionales"],"inLanguage":"es-AR"},{"@type":"WebPage","@id":"https:\/\/apuntesdesanluis.com\/index.php\/2023\/09\/25\/encontraron-un-cuerpo-flotando-en-los-lagos-de-palermo\/","url":"https:\/\/apuntesdesanluis.com\/index.php\/2023\/09\/25\/encontraron-un-cuerpo-flotando-en-los-lagos-de-palermo\/","name":"ENCONTRARON UN CUERPO FLOTANDO EN LOS LAGOS DE PALERMO - Apuntes de San Luis","isPartOf":{"@id":"https:\/\/apuntesdesanluis.com\/#website"},"primaryImageOfPage":{"@id":"https:\/\/apuntesdesanluis.com\/index.php\/2023\/09\/25\/encontraron-un-cuerpo-flotando-en-los-lagos-de-palermo\/#primaryimage"},"image":{"@id":"https:\/\/apuntesdesanluis.com\/index.php\/2023\/09\/25\/encontraron-un-cuerpo-flotando-en-los-lagos-de-palermo\/#primaryimage"},"thumbnailUrl":"https:\/\/apuntesdesanluis.com\/wp-content\/uploads\/2023\/09\/lagos-de-palermo.png","datePublished":"2023-09-25T19:00:06+00:00","dateModified":"2023-09-26T00:01:51+00:00","breadcrumb":{"@id":"https:\/\/apuntesdesanluis.com\/index.php\/2023\/09\/25\/encontraron-un-cuerpo-flotando-en-los-lagos-de-palermo\/#breadcrumb"},"inLanguage":"es-AR","potentialAction":[{"@type":"ReadAction","target":["https:\/\/apuntesdesanluis.com\/index.php\/2023\/09\/25\/encontraron-un-cuerpo-flotando-en-los-lagos-de-palermo\/"]}]},{"@type":"ImageObject","inLanguage":"es-AR","@id":"https:\/\/apuntesdesanluis.com\/index.php\/2023\/09\/25\/encontraron-un-cuerpo-flotando-en-los-lagos-de-palermo\/#primaryimage","url":"https:\/\/apuntesdesanluis.com\/wp-content\/uploads\/2023\/09\/lagos-de-palermo.png","contentUrl":"https:\/\/apuntesdesanluis.com\/wp-content\/uploads\/2023\/09\/lagos-de-palermo.png","width":657,"height":378},{"@type":"BreadcrumbList","@id":"https:\/\/apuntesdesanluis.com\/index.php\/2023\/09\/25\/encontraron-un-cuerpo-flotando-en-los-lagos-de-palermo\/#breadcrumb","itemListElement":[{"@type":"ListItem","position":1,"name":"Inicio","item":"https:\/\/apuntesdesanluis.com\/"},{"@type":"ListItem","position":2,"name":"ENCONTRARON UN CUERPO FLOTANDO EN LOS LAGOS DE PALERMO"}]},{"@type":"WebSite","@id":"https:\/\/apuntesdesanluis.com\/#website","url":"https:\/\/apuntesdesanluis.com\/","name":"Apuntes de San Luis","description":"","publisher":{"@id":"https:\/\/apuntesdesanluis.com\/#\/schema\/person\/b55151d52296fcce64d1a72538a70b90"},"potentialAction":[{"@type":"SearchAction","target":{"@type":"EntryPoint","urlTemplate":"https:\/\/apuntesdesanluis.com\/?s={search_term_string}"},"query-input":{"@type":"PropertyValueSpecification","valueRequired":true,"valueName":"search_term_string"}}],"inLanguage":"es-AR"},{"@type":["Person","Organization"],"@id":"https:\/\/apuntesdesanluis.com\/#\/schema\/person\/b55151d52296fcce64d1a72538a70b90","name":"apuntesdesanluis.com","image":{"@type":"ImageObject","inLanguage":"es-AR","@id":"https:\/\/apuntesdesanluis.com\/#\/schema\/person\/image\/","url":"https:\/\/apuntesdesanluis.com\/wp-content\/uploads\/2023\/07\/cropped-apuntesdesanluis.png","contentUrl":"https:\/\/apuntesdesanluis.com\/wp-content\/uploads\/2023\/07\/cropped-apuntesdesanluis.png","width":450,"height":112,"caption":"apuntesdesanluis.com"},"logo":{"@id":"https:\/\/apuntesdesanluis.com\/#\/schema\/person\/image\/"},"sameAs":["https:\/\/apuntesdesanluis.com"],"url":"https:\/\/apuntesdesanluis.com\/index.php\/author\/apuntesdesanluis-com\/"}]}},"featured_image_urls":{"full":["https:\/\/apuntesdesanluis.com\/wp-content\/uploads\/2023\/09\/lagos-de-palermo.png",657,378,false],"thumbnail":["https:\/\/apuntesdesanluis.com\/wp-content\/uploads\/2023\/09\/lagos-de-palermo-150x150.png",150,150,true],"medium":["https:\/\/apuntesdesanluis.com\/wp-content\/uploads\/2023\/09\/lagos-de-palermo-300x173.png",300,173,true],"medium_large":["https:\/\/apuntesdesanluis.com\/wp-content\/uploads\/2023\/09\/lagos-de-palermo.png",640,368,false],"large":["https:\/\/apuntesdesanluis.com\/wp-content\/uploads\/2023\/09\/lagos-de-palermo.png",640,368,false],"1536x1536":["https:\/\/apuntesdesanluis.com\/wp-content\/uploads\/2023\/09\/lagos-de-palermo.png",657,378,false],"2048x2048":["https:\/\/apuntesdesanluis.com\/wp-content\/uploads\/2023\/09\/lagos-de-palermo.png",657,378,false],"newsever-slider-full":["https:\/\/apuntesdesanluis.com\/wp-content\/uploads\/2023\/09\/lagos-de-palermo.png",657,378,false],"newsever-featured":["https:\/\/apuntesdesanluis.com\/wp-content\/uploads\/2023\/09\/lagos-de-palermo.png",657,378,false],"newsever-medium":["https:\/\/apuntesdesanluis.com\/wp-content\/uploads\/2023\/09\/lagos-de-palermo.png",657,378,false]},"author_info":{"display_name":"apuntesdesanluis.com","author_link":"https:\/\/apuntesdesanluis.com\/index.php\/author\/apuntesdesanluis-com\/"},"category_info":"<a href=\"https:\/\/apuntesdesanluis.com\/index.php\/category\/nacionales-internacionales\/\" rel=\"category tag\">Nacionales\/Internacionales<\/a>","tag_info":"Nacionales\/Internacionales","comment_count":"0","_links":{"self":[{"href":"https:\/\/apuntesdesanluis.com\/index.php\/wp-json\/wp\/v2\/posts\/4035","targetHints":{"allow":["GET"]}}],"collection":[{"href":"https:\/\/apuntesdesanluis.com\/index.php\/wp-json\/wp\/v2\/posts"}],"about":[{"href":"https:\/\/apuntesdesanluis.com\/index.php\/wp-json\/wp\/v2\/types\/post"}],"author":[{"embeddable":true,"href":"https:\/\/apuntesdesanluis.com\/index.php\/wp-json\/wp\/v2\/users\/1"}],"replies":[{"embeddable":true,"href":"https:\/\/apuntesdesanluis.com\/index.php\/wp-json\/wp\/v2\/comments?post=4035"}],"version-history":[{"count":1,"href":"https:\/\/apuntesdesanluis.com\/index.php\/wp-json\/wp\/v2\/posts\/4035\/revisions"}],"predecessor-version":[{"id":4037,"href":"https:\/\/apuntesdesanluis.com\/index.php\/wp-json\/wp\/v2\/posts\/4035\/revisions\/4037"}],"wp:featuredmedia":[{"embeddable":true,"href":"https:\/\/apuntesdesanluis.com\/index.php\/wp-json\/wp\/v2\/media\/4036"}],"wp:attachment":[{"href":"https:\/\/apuntesdesanluis.com\/index.php\/wp-json\/wp\/v2\/media?parent=4035"}],"wp:term":[{"taxonomy":"category","embeddable":true,"href":"https:\/\/apuntesdesanluis.com\/index.php\/wp-json\/wp\/v2\/categories?post=4035"},{"taxonomy":"post_tag","embeddable":true,"href":"https:\/\/apuntesdesanluis.com\/index.php\/wp-json\/wp\/v2\/tags?post=4035"}],"curies":[{"name":"wp","href":"https:\/\/api.w.org\/{rel}","templated":true}]}}