{"id":4047,"date":"2023-09-25T21:51:13","date_gmt":"2023-09-26T00:51:13","guid":{"rendered":"https:\/\/apuntesdesanluis.com\/?p=4047"},"modified":"2023-09-25T21:51:52","modified_gmt":"2023-09-26T00:51:52","slug":"llega-la-decima-edicion-de-la-fiesta-de-la-rosa-en-merlo","status":"publish","type":"post","link":"https:\/\/apuntesdesanluis.com\/index.php\/2023\/09\/25\/llega-la-decima-edicion-de-la-fiesta-de-la-rosa-en-merlo\/","title":{"rendered":"LLEGA LA D\u00c9CIMA EDICI\u00d3N DE LA FIESTA DE LA ROSA EN MERLO"},"content":{"rendered":"<h3>El Municipio de la Villa de Merlo acompa\u00f1a a las organizadoras de la Fiesta de la Rosa en su d\u00e9cima edici\u00f3n, que se realizar\u00e1 los d\u00edas 30 de septiembre y 1 de octubre.<\/h3>\n<h3>A trav\u00e9s de la Secretar\u00eda de Ambiente, Producci\u00f3n y Desarrollo Sustentable, se acompa\u00f1a al grupo Cha\u00f1ar Merlino integrado por mujeres que tienen por objetivo sostener la representatividad de la rosa como flor emblem\u00e1tica.<\/h3>\n<h3>Se invita a participar a la comunidad en esta d\u00e9cima edici\u00f3n, pueden hacerlo mediante una exposici\u00f3n de rosas, flores cortadas, jardines de rosas, fotos y pinturas de los mismos, entre otras muchas opciones.<\/h3>\n<h3>El d\u00eda <strong>s\u00e1bado 30 de septiembre<\/strong>, un jurado visitar\u00e1 los jardines participantes para realizar la evaluaci\u00f3n de los mismos.<\/h3>\n<h3>El <strong>domingo 01 de octubre<\/strong>, a partir de las <strong>13:30 hs hasta las 21:00 hs<\/strong>, en las instalaciones del Instituto Monse\u00f1or Orzali, se realizar\u00e1 la exposici\u00f3n de rosas, fotograf\u00edas, cuadros y otros rubros que est\u00e1n comprendidos en el programa del evento. Se conocer\u00e1n los ganadores de cada rubro y se har\u00e1 entrega de los premios.<\/h3>\n<h3>Quienes tengan inter\u00e9s en participar, pueden solicitar informaci\u00f3n y\/o inscribirse a trav\u00e9s del correo electr\u00f3nico grupocha\u00f1armerlino@hotmail.com \u00f3 a los tel\u00e9fonos (02656) 474595 \/ 475520 de 8 a 12 hs.<\/h3>\n<p><img fetchpriority=\"high\" decoding=\"async\" class=\"wp-image-4048 aligncenter\" src=\"https:\/\/apuntesdesanluis.com\/wp-content\/uploads\/2023\/09\/fiestade-las-rosas-240x300.jpg\" alt=\"\" width=\"780\" height=\"975\" srcset=\"https:\/\/apuntesdesanluis.com\/wp-content\/uploads\/2023\/09\/fiestade-las-rosas-240x300.jpg 240w, https:\/\/apuntesdesanluis.com\/wp-content\/uploads\/2023\/09\/fiestade-las-rosas.jpg 600w\" sizes=\"(max-width: 780px) 100vw, 780px\" \/><\/p>\n","protected":false},"excerpt":{"rendered":"<p>El Municipio de la Villa de Merlo acompa\u00f1a a las organizadoras de la Fiesta de&#8230;<\/p>\n","protected":false},"author":1,"featured_media":4049,"comment_status":"closed","ping_status":"closed","sticky":false,"template":"","format":"standard","meta":{"footnotes":""},"categories":[6],"tags":[],"class_list":["post-4047","post","type-post","status-publish","format-standard","has-post-thumbnail","hentry","category-ciudad-provincia"],"yoast_head":"<!-- This site is optimized with the Yoast SEO plugin v26.1.1 - https:\/\/yoast.com\/wordpress\/plugins\/seo\/ -->\n<title>LLEGA LA D\u00c9CIMA EDICI\u00d3N DE LA FIESTA DE LA ROSA EN MERLO - Apuntes de San Luis<\/title>\n<meta name=\"robots\" content=\"index, follow, max-snippet:-1, max-image-preview:large, max-video-preview:-1\" \/>\n<link rel=\"canonical\" href=\"https:\/\/apuntesdesanluis.com\/index.php\/2023\/09\/25\/llega-la-decima-edicion-de-la-fiesta-de-la-rosa-en-merlo\/\" \/>\n<meta property=\"og:locale\" content=\"es_ES\" \/>\n<meta property=\"og:type\" content=\"article\" \/>\n<meta property=\"og:title\" content=\"LLEGA LA D\u00c9CIMA EDICI\u00d3N DE LA FIESTA DE LA ROSA EN MERLO - Apuntes de San Luis\" \/>\n<meta property=\"og:description\" content=\"El Municipio de la Villa de Merlo acompa\u00f1a a las organizadoras de la Fiesta de...\" \/>\n<meta property=\"og:url\" content=\"https:\/\/apuntesdesanluis.com\/index.php\/2023\/09\/25\/llega-la-decima-edicion-de-la-fiesta-de-la-rosa-en-merlo\/\" \/>\n<meta property=\"og:site_name\" content=\"Apuntes de San Luis\" \/>\n<meta property=\"article:published_time\" content=\"2023-09-26T00:51:13+00:00\" \/>\n<meta property=\"article:modified_time\" content=\"2023-09-26T00:51:52+00:00\" \/>\n<meta property=\"og:image\" content=\"https:\/\/apuntesdesanluis.com\/wp-content\/uploads\/2023\/09\/FLOR-ROSAS.png\" \/>\n\t<meta property=\"og:image:width\" content=\"607\" \/>\n\t<meta property=\"og:image:height\" content=\"370\" \/>\n\t<meta property=\"og:image:type\" content=\"image\/png\" \/>\n<meta name=\"author\" content=\"apuntesdesanluis.com\" \/>\n<meta name=\"twitter:card\" content=\"summary_large_image\" \/>\n<meta name=\"twitter:label1\" content=\"Escrito por\" \/>\n\t<meta name=\"twitter:data1\" content=\"apuntesdesanluis.com\" \/>\n\t<meta name=\"twitter:label2\" content=\"Tiempo de lectura\" \/>\n\t<meta name=\"twitter:data2\" content=\"2 minutos\" \/>\n<script type=\"application\/ld+json\" class=\"yoast-schema-graph\">{\"@context\":\"https:\/\/schema.org\",\"@graph\":[{\"@type\":\"Article\",\"@id\":\"https:\/\/apuntesdesanluis.com\/index.php\/2023\/09\/25\/llega-la-decima-edicion-de-la-fiesta-de-la-rosa-en-merlo\/#article\",\"isPartOf\":{\"@id\":\"https:\/\/apuntesdesanluis.com\/index.php\/2023\/09\/25\/llega-la-decima-edicion-de-la-fiesta-de-la-rosa-en-merlo\/\"},\"author\":{\"name\":\"apuntesdesanluis.com\",\"@id\":\"https:\/\/apuntesdesanluis.com\/#\/schema\/person\/b55151d52296fcce64d1a72538a70b90\"},\"headline\":\"LLEGA LA D\u00c9CIMA EDICI\u00d3N DE LA FIESTA DE LA ROSA EN MERLO\",\"datePublished\":\"2023-09-26T00:51:13+00:00\",\"dateModified\":\"2023-09-26T00:51:52+00:00\",\"mainEntityOfPage\":{\"@id\":\"https:\/\/apuntesdesanluis.com\/index.php\/2023\/09\/25\/llega-la-decima-edicion-de-la-fiesta-de-la-rosa-en-merlo\/\"},\"wordCount\":233,\"publisher\":{\"@id\":\"https:\/\/apuntesdesanluis.com\/#\/schema\/person\/b55151d52296fcce64d1a72538a70b90\"},\"image\":{\"@id\":\"https:\/\/apuntesdesanluis.com\/index.php\/2023\/09\/25\/llega-la-decima-edicion-de-la-fiesta-de-la-rosa-en-merlo\/#primaryimage\"},\"thumbnailUrl\":\"https:\/\/apuntesdesanluis.com\/wp-content\/uploads\/2023\/09\/FLOR-ROSAS.png\",\"articleSection\":[\"Ciudad\/Provincia\"],\"inLanguage\":\"es-AR\"},{\"@type\":\"WebPage\",\"@id\":\"https:\/\/apuntesdesanluis.com\/index.php\/2023\/09\/25\/llega-la-decima-edicion-de-la-fiesta-de-la-rosa-en-merlo\/\",\"url\":\"https:\/\/apuntesdesanluis.com\/index.php\/2023\/09\/25\/llega-la-decima-edicion-de-la-fiesta-de-la-rosa-en-merlo\/\",\"name\":\"LLEGA LA D\u00c9CIMA EDICI\u00d3N DE LA FIESTA DE LA ROSA EN MERLO - Apuntes de San Luis\",\"isPartOf\":{\"@id\":\"https:\/\/apuntesdesanluis.com\/#website\"},\"primaryImageOfPage\":{\"@id\":\"https:\/\/apuntesdesanluis.com\/index.php\/2023\/09\/25\/llega-la-decima-edicion-de-la-fiesta-de-la-rosa-en-merlo\/#primaryimage\"},\"image\":{\"@id\":\"https:\/\/apuntesdesanluis.com\/index.php\/2023\/09\/25\/llega-la-decima-edicion-de-la-fiesta-de-la-rosa-en-merlo\/#primaryimage\"},\"thumbnailUrl\":\"https:\/\/apuntesdesanluis.com\/wp-content\/uploads\/2023\/09\/FLOR-ROSAS.png\",\"datePublished\":\"2023-09-26T00:51:13+00:00\",\"dateModified\":\"2023-09-26T00:51:52+00:00\",\"breadcrumb\":{\"@id\":\"https:\/\/apuntesdesanluis.com\/index.php\/2023\/09\/25\/llega-la-decima-edicion-de-la-fiesta-de-la-rosa-en-merlo\/#breadcrumb\"},\"inLanguage\":\"es-AR\",\"potentialAction\":[{\"@type\":\"ReadAction\",\"target\":[\"https:\/\/apuntesdesanluis.com\/index.php\/2023\/09\/25\/llega-la-decima-edicion-de-la-fiesta-de-la-rosa-en-merlo\/\"]}]},{\"@type\":\"ImageObject\",\"inLanguage\":\"es-AR\",\"@id\":\"https:\/\/apuntesdesanluis.com\/index.php\/2023\/09\/25\/llega-la-decima-edicion-de-la-fiesta-de-la-rosa-en-merlo\/#primaryimage\",\"url\":\"https:\/\/apuntesdesanluis.com\/wp-content\/uploads\/2023\/09\/FLOR-ROSAS.png\",\"contentUrl\":\"https:\/\/apuntesdesanluis.com\/wp-content\/uploads\/2023\/09\/FLOR-ROSAS.png\",\"width\":607,\"height\":370},{\"@type\":\"BreadcrumbList\",\"@id\":\"https:\/\/apuntesdesanluis.com\/index.php\/2023\/09\/25\/llega-la-decima-edicion-de-la-fiesta-de-la-rosa-en-merlo\/#breadcrumb\",\"itemListElement\":[{\"@type\":\"ListItem\",\"position\":1,\"name\":\"Inicio\",\"item\":\"https:\/\/apuntesdesanluis.com\/\"},{\"@type\":\"ListItem\",\"position\":2,\"name\":\"LLEGA LA D\u00c9CIMA EDICI\u00d3N DE LA FIESTA DE LA ROSA EN MERLO\"}]},{\"@type\":\"WebSite\",\"@id\":\"https:\/\/apuntesdesanluis.com\/#website\",\"url\":\"https:\/\/apuntesdesanluis.com\/\",\"name\":\"Apuntes de San Luis\",\"description\":\"\",\"publisher\":{\"@id\":\"https:\/\/apuntesdesanluis.com\/#\/schema\/person\/b55151d52296fcce64d1a72538a70b90\"},\"potentialAction\":[{\"@type\":\"SearchAction\",\"target\":{\"@type\":\"EntryPoint\",\"urlTemplate\":\"https:\/\/apuntesdesanluis.com\/?s={search_term_string}\"},\"query-input\":{\"@type\":\"PropertyValueSpecification\",\"valueRequired\":true,\"valueName\":\"search_term_string\"}}],\"inLanguage\":\"es-AR\"},{\"@type\":[\"Person\",\"Organization\"],\"@id\":\"https:\/\/apuntesdesanluis.com\/#\/schema\/person\/b55151d52296fcce64d1a72538a70b90\",\"name\":\"apuntesdesanluis.com\",\"image\":{\"@type\":\"ImageObject\",\"inLanguage\":\"es-AR\",\"@id\":\"https:\/\/apuntesdesanluis.com\/#\/schema\/person\/image\/\",\"url\":\"https:\/\/apuntesdesanluis.com\/wp-content\/uploads\/2023\/07\/cropped-apuntesdesanluis.png\",\"contentUrl\":\"https:\/\/apuntesdesanluis.com\/wp-content\/uploads\/2023\/07\/cropped-apuntesdesanluis.png\",\"width\":450,\"height\":112,\"caption\":\"apuntesdesanluis.com\"},\"logo\":{\"@id\":\"https:\/\/apuntesdesanluis.com\/#\/schema\/person\/image\/\"},\"sameAs\":[\"https:\/\/apuntesdesanluis.com\"],\"url\":\"https:\/\/apuntesdesanluis.com\/index.php\/author\/apuntesdesanluis-com\/\"}]}<\/script>\n<!-- \/ Yoast SEO plugin. -->","yoast_head_json":{"title":"LLEGA LA D\u00c9CIMA EDICI\u00d3N DE LA FIESTA DE LA ROSA EN MERLO - Apuntes de San Luis","robots":{"index":"index","follow":"follow","max-snippet":"max-snippet:-1","max-image-preview":"max-image-preview:large","max-video-preview":"max-video-preview:-1"},"canonical":"https:\/\/apuntesdesanluis.com\/index.php\/2023\/09\/25\/llega-la-decima-edicion-de-la-fiesta-de-la-rosa-en-merlo\/","og_locale":"es_ES","og_type":"article","og_title":"LLEGA LA D\u00c9CIMA EDICI\u00d3N DE LA FIESTA DE LA ROSA EN MERLO - Apuntes de San Luis","og_description":"El Municipio de la Villa de Merlo acompa\u00f1a a las organizadoras de la Fiesta de...","og_url":"https:\/\/apuntesdesanluis.com\/index.php\/2023\/09\/25\/llega-la-decima-edicion-de-la-fiesta-de-la-rosa-en-merlo\/","og_site_name":"Apuntes de San Luis","article_published_time":"2023-09-26T00:51:13+00:00","article_modified_time":"2023-09-26T00:51:52+00:00","og_image":[{"width":607,"height":370,"url":"https:\/\/apuntesdesanluis.com\/wp-content\/uploads\/2023\/09\/FLOR-ROSAS.png","type":"image\/png"}],"author":"apuntesdesanluis.com","twitter_card":"summary_large_image","twitter_misc":{"Escrito por":"apuntesdesanluis.com","Tiempo de lectura":"2 minutos"},"schema":{"@context":"https:\/\/schema.org","@graph":[{"@type":"Article","@id":"https:\/\/apuntesdesanluis.com\/index.php\/2023\/09\/25\/llega-la-decima-edicion-de-la-fiesta-de-la-rosa-en-merlo\/#article","isPartOf":{"@id":"https:\/\/apuntesdesanluis.com\/index.php\/2023\/09\/25\/llega-la-decima-edicion-de-la-fiesta-de-la-rosa-en-merlo\/"},"author":{"name":"apuntesdesanluis.com","@id":"https:\/\/apuntesdesanluis.com\/#\/schema\/person\/b55151d52296fcce64d1a72538a70b90"},"headline":"LLEGA LA D\u00c9CIMA EDICI\u00d3N DE LA FIESTA DE LA ROSA EN MERLO","datePublished":"2023-09-26T00:51:13+00:00","dateModified":"2023-09-26T00:51:52+00:00","mainEntityOfPage":{"@id":"https:\/\/apuntesdesanluis.com\/index.php\/2023\/09\/25\/llega-la-decima-edicion-de-la-fiesta-de-la-rosa-en-merlo\/"},"wordCount":233,"publisher":{"@id":"https:\/\/apuntesdesanluis.com\/#\/schema\/person\/b55151d52296fcce64d1a72538a70b90"},"image":{"@id":"https:\/\/apuntesdesanluis.com\/index.php\/2023\/09\/25\/llega-la-decima-edicion-de-la-fiesta-de-la-rosa-en-merlo\/#primaryimage"},"thumbnailUrl":"https:\/\/apuntesdesanluis.com\/wp-content\/uploads\/2023\/09\/FLOR-ROSAS.png","articleSection":["Ciudad\/Provincia"],"inLanguage":"es-AR"},{"@type":"WebPage","@id":"https:\/\/apuntesdesanluis.com\/index.php\/2023\/09\/25\/llega-la-decima-edicion-de-la-fiesta-de-la-rosa-en-merlo\/","url":"https:\/\/apuntesdesanluis.com\/index.php\/2023\/09\/25\/llega-la-decima-edicion-de-la-fiesta-de-la-rosa-en-merlo\/","name":"LLEGA LA D\u00c9CIMA EDICI\u00d3N DE LA FIESTA DE LA ROSA EN MERLO - Apuntes de San Luis","isPartOf":{"@id":"https:\/\/apuntesdesanluis.com\/#website"},"primaryImageOfPage":{"@id":"https:\/\/apuntesdesanluis.com\/index.php\/2023\/09\/25\/llega-la-decima-edicion-de-la-fiesta-de-la-rosa-en-merlo\/#primaryimage"},"image":{"@id":"https:\/\/apuntesdesanluis.com\/index.php\/2023\/09\/25\/llega-la-decima-edicion-de-la-fiesta-de-la-rosa-en-merlo\/#primaryimage"},"thumbnailUrl":"https:\/\/apuntesdesanluis.com\/wp-content\/uploads\/2023\/09\/FLOR-ROSAS.png","datePublished":"2023-09-26T00:51:13+00:00","dateModified":"2023-09-26T00:51:52+00:00","breadcrumb":{"@id":"https:\/\/apuntesdesanluis.com\/index.php\/2023\/09\/25\/llega-la-decima-edicion-de-la-fiesta-de-la-rosa-en-merlo\/#breadcrumb"},"inLanguage":"es-AR","potentialAction":[{"@type":"ReadAction","target":["https:\/\/apuntesdesanluis.com\/index.php\/2023\/09\/25\/llega-la-decima-edicion-de-la-fiesta-de-la-rosa-en-merlo\/"]}]},{"@type":"ImageObject","inLanguage":"es-AR","@id":"https:\/\/apuntesdesanluis.com\/index.php\/2023\/09\/25\/llega-la-decima-edicion-de-la-fiesta-de-la-rosa-en-merlo\/#primaryimage","url":"https:\/\/apuntesdesanluis.com\/wp-content\/uploads\/2023\/09\/FLOR-ROSAS.png","contentUrl":"https:\/\/apuntesdesanluis.com\/wp-content\/uploads\/2023\/09\/FLOR-ROSAS.png","width":607,"height":370},{"@type":"BreadcrumbList","@id":"https:\/\/apuntesdesanluis.com\/index.php\/2023\/09\/25\/llega-la-decima-edicion-de-la-fiesta-de-la-rosa-en-merlo\/#breadcrumb","itemListElement":[{"@type":"ListItem","position":1,"name":"Inicio","item":"https:\/\/apuntesdesanluis.com\/"},{"@type":"ListItem","position":2,"name":"LLEGA LA D\u00c9CIMA EDICI\u00d3N DE LA FIESTA DE LA ROSA EN MERLO"}]},{"@type":"WebSite","@id":"https:\/\/apuntesdesanluis.com\/#website","url":"https:\/\/apuntesdesanluis.com\/","name":"Apuntes de San Luis","description":"","publisher":{"@id":"https:\/\/apuntesdesanluis.com\/#\/schema\/person\/b55151d52296fcce64d1a72538a70b90"},"potentialAction":[{"@type":"SearchAction","target":{"@type":"EntryPoint","urlTemplate":"https:\/\/apuntesdesanluis.com\/?s={search_term_string}"},"query-input":{"@type":"PropertyValueSpecification","valueRequired":true,"valueName":"search_term_string"}}],"inLanguage":"es-AR"},{"@type":["Person","Organization"],"@id":"https:\/\/apuntesdesanluis.com\/#\/schema\/person\/b55151d52296fcce64d1a72538a70b90","name":"apuntesdesanluis.com","image":{"@type":"ImageObject","inLanguage":"es-AR","@id":"https:\/\/apuntesdesanluis.com\/#\/schema\/person\/image\/","url":"https:\/\/apuntesdesanluis.com\/wp-content\/uploads\/2023\/07\/cropped-apuntesdesanluis.png","contentUrl":"https:\/\/apuntesdesanluis.com\/wp-content\/uploads\/2023\/07\/cropped-apuntesdesanluis.png","width":450,"height":112,"caption":"apuntesdesanluis.com"},"logo":{"@id":"https:\/\/apuntesdesanluis.com\/#\/schema\/person\/image\/"},"sameAs":["https:\/\/apuntesdesanluis.com"],"url":"https:\/\/apuntesdesanluis.com\/index.php\/author\/apuntesdesanluis-com\/"}]}},"featured_image_urls":{"full":["https:\/\/apuntesdesanluis.com\/wp-content\/uploads\/2023\/09\/FLOR-ROSAS.png",607,370,false],"thumbnail":["https:\/\/apuntesdesanluis.com\/wp-content\/uploads\/2023\/09\/FLOR-ROSAS-150x150.png",150,150,true],"medium":["https:\/\/apuntesdesanluis.com\/wp-content\/uploads\/2023\/09\/FLOR-ROSAS-300x183.png",300,183,true],"medium_large":["https:\/\/apuntesdesanluis.com\/wp-content\/uploads\/2023\/09\/FLOR-ROSAS.png",607,370,false],"large":["https:\/\/apuntesdesanluis.com\/wp-content\/uploads\/2023\/09\/FLOR-ROSAS.png",607,370,false],"1536x1536":["https:\/\/apuntesdesanluis.com\/wp-content\/uploads\/2023\/09\/FLOR-ROSAS.png",607,370,false],"2048x2048":["https:\/\/apuntesdesanluis.com\/wp-content\/uploads\/2023\/09\/FLOR-ROSAS.png",607,370,false],"newsever-slider-full":["https:\/\/apuntesdesanluis.com\/wp-content\/uploads\/2023\/09\/FLOR-ROSAS.png",607,370,false],"newsever-featured":["https:\/\/apuntesdesanluis.com\/wp-content\/uploads\/2023\/09\/FLOR-ROSAS.png",607,370,false],"newsever-medium":["https:\/\/apuntesdesanluis.com\/wp-content\/uploads\/2023\/09\/FLOR-ROSAS.png",607,370,false]},"author_info":{"display_name":"apuntesdesanluis.com","author_link":"https:\/\/apuntesdesanluis.com\/index.php\/author\/apuntesdesanluis-com\/"},"category_info":"<a href=\"https:\/\/apuntesdesanluis.com\/index.php\/category\/ciudad-provincia\/\" rel=\"category tag\">Ciudad\/Provincia<\/a>","tag_info":"Ciudad\/Provincia","comment_count":"0","_links":{"self":[{"href":"https:\/\/apuntesdesanluis.com\/index.php\/wp-json\/wp\/v2\/posts\/4047","targetHints":{"allow":["GET"]}}],"collection":[{"href":"https:\/\/apuntesdesanluis.com\/index.php\/wp-json\/wp\/v2\/posts"}],"about":[{"href":"https:\/\/apuntesdesanluis.com\/index.php\/wp-json\/wp\/v2\/types\/post"}],"author":[{"embeddable":true,"href":"https:\/\/apuntesdesanluis.com\/index.php\/wp-json\/wp\/v2\/users\/1"}],"replies":[{"embeddable":true,"href":"https:\/\/apuntesdesanluis.com\/index.php\/wp-json\/wp\/v2\/comments?post=4047"}],"version-history":[{"count":2,"href":"https:\/\/apuntesdesanluis.com\/index.php\/wp-json\/wp\/v2\/posts\/4047\/revisions"}],"predecessor-version":[{"id":4051,"href":"https:\/\/apuntesdesanluis.com\/index.php\/wp-json\/wp\/v2\/posts\/4047\/revisions\/4051"}],"wp:featuredmedia":[{"embeddable":true,"href":"https:\/\/apuntesdesanluis.com\/index.php\/wp-json\/wp\/v2\/media\/4049"}],"wp:attachment":[{"href":"https:\/\/apuntesdesanluis.com\/index.php\/wp-json\/wp\/v2\/media?parent=4047"}],"wp:term":[{"taxonomy":"category","embeddable":true,"href":"https:\/\/apuntesdesanluis.com\/index.php\/wp-json\/wp\/v2\/categories?post=4047"},{"taxonomy":"post_tag","embeddable":true,"href":"https:\/\/apuntesdesanluis.com\/index.php\/wp-json\/wp\/v2\/tags?post=4047"}],"curies":[{"name":"wp","href":"https:\/\/api.w.org\/{rel}","templated":true}]}}