{"id":4069,"date":"2023-09-26T12:53:35","date_gmt":"2023-09-26T15:53:35","guid":{"rendered":"https:\/\/apuntesdesanluis.com\/?p=4069"},"modified":"2023-09-26T12:53:35","modified_gmt":"2023-09-26T15:53:35","slug":"condenaron-a-un-hombre-a-18-anos-de-prision-por-casos-de-abuso-sexual","status":"publish","type":"post","link":"https:\/\/apuntesdesanluis.com\/index.php\/2023\/09\/26\/condenaron-a-un-hombre-a-18-anos-de-prision-por-casos-de-abuso-sexual\/","title":{"rendered":"CONDENARON A UN HOMBRE A 18 A\u00d1OS DE PRISI\u00d3N POR CASOS DE ABUSO SEXUAL"},"content":{"rendered":"<h3>Este martes el tribunal integrado por la Dra. Virna Eguinoa, Sebastian Cadelago Filippi y Mauro Germ\u00e1n D`Agata Henriquez emiti\u00f3 el veredicto de pena para un hombre imputado por delitos contra la integridad sexual en perjuicio de dos v\u00edctimas. El acusado fue condenado a la pena de 18 a\u00f1os de prisi\u00f3n que deber\u00e1 cumplir en el Servicio Penitenciario Provincial.<\/h3>\n<h3>En la jornada de ayer se resolvi\u00f3 sobre la calificaci\u00f3n legal y se emiti\u00f3 el veredicto de culpabilidad, se declar\u00f3 al acusado autor penalmente responsable de los delitos de abuso sexual simple agravado por ser cometido por un ascendiente en perjuicio de una menor de edad aprovechando la situaci\u00f3n de convivencia preexistente \u2013en perjuicio de una v\u00edctima- en concurso real con el delito de\u00a0 -en perjuicio de otra v\u00edctima- abuso sexual con acceso carnal agravado por ser cometido por un ascendiente en perjuicio de una menor de edad, con aprovechamiento de la situaci\u00f3n de convivencia preexistente en concurso ideal con corrupci\u00f3n de menores agravada por ser cometida por el ascendiente.<\/h3>\n<h3>Antes de emitir el veredicto de pena, el tribunal recepcion\u00f3 los alegatos de cesura.<\/h3>\n<h3>El fiscal de juicio solicit\u00f3 19 a\u00f1os de prisi\u00f3n, como atenuantes tuvo en cuenta la falta de antecedentes y como agravantes la prolongaci\u00f3n en el tiempo, la cronicidad, la pluralidad de las v\u00edctimas y la mayor vulnerabilidad, la entidad de los actos, su gravedad y perversi\u00f3n.<\/h3>\n<h3>La Defensora de Ni\u00f1ez y Adolescencia expres\u00f3 que de acuerdo al delito endilgado como atenuantes la falta de antecedentes, como agravantes la extrema vulnerabilidad, el riesgo para la integridad f\u00edsica, la extensi\u00f3n del da\u00f1o, la conducta, el medio empleado y el impacto ps\u00edquico de las v\u00edctimas. Tambi\u00e9n solicit\u00f3 la pena de 19 a\u00f1os de prisi\u00f3n efectiva.<\/h3>\n<h3>La defensa del acusado pidi\u00f3 que se tengan en cuenta los atenuantes, la edad, el nivel de educaci\u00f3n, la posibilidad de reinserci\u00f3n. Solicitaron 10 a\u00f1os de pena.<\/h3>\n<h3>Como Fiscal de Juicio intervino el Dr. Ernesto Lutens, como Defensora de Ni\u00f1ez y Adolescencia la Dra. Yesica Ag\u00fcero. En representaci\u00f3n de la defensa del acusado la Dra. Silvana Alejandra Zunini y el procurador Adolfo Cafieri.<\/h3>\n<h3>Cabe mencionar que el art\u00edculo 184 del C\u00f3digo Procesal Penal establece la realizaci\u00f3n del debate en dos fases:<\/h3>\n<h3>ART\u00cdCULO 184.- REALIZACI\u00d3N EN DOS FASES. La realizaci\u00f3n del juicio ser\u00e1 dividida en DOS (2) partes. En la primera se tratar\u00e1 todo lo relativo a la existencia del hecho, la participaci\u00f3n criminal, su calificaci\u00f3n legal y si la persona juzgada es culpable o inocente.- Cuando haya veredicto de culpabilidad, en una segunda fase, las partes podr\u00e1n solicitar al Juez o al Tribunal un plazo m\u00e1ximo de CUARENTA Y OCHO (48) horas, luego del veredicto, para valorar las pruebas a fin de fijar la pena y su modalidad de cumplimiento, fij\u00e1ndose una audiencia a tales efectos.-<\/h3>\n<h4 style=\"text-align: center;\">\u2026&#8230;&#8230;&#8230;&#8230;&#8230;&#8230;&#8230;.<\/h4>\n<h4><em>Por tratarse de un delito contra la integridad sexual, dependiente de instancia privada, no se consignan los datos identificatorios de las partes a fin de preservar el derecho a la intimidad, privacidad y confidencialidad de la v\u00edctima.<\/em><\/h4>\n","protected":false},"excerpt":{"rendered":"<p>Este martes el tribunal integrado por la Dra. Virna Eguinoa, Sebastian Cadelago Filippi y Mauro&#8230;<\/p>\n","protected":false},"author":1,"featured_media":4070,"comment_status":"closed","ping_status":"closed","sticky":false,"template":"","format":"standard","meta":{"footnotes":""},"categories":[6],"tags":[],"class_list":["post-4069","post","type-post","status-publish","format-standard","has-post-thumbnail","hentry","category-ciudad-provincia"],"yoast_head":"<!-- This site is optimized with the Yoast SEO plugin v26.1.1 - https:\/\/yoast.com\/wordpress\/plugins\/seo\/ -->\n<title>CONDENARON A UN HOMBRE A 18 A\u00d1OS DE PRISI\u00d3N POR CASOS DE ABUSO SEXUAL - Apuntes de San Luis<\/title>\n<meta name=\"robots\" content=\"index, follow, max-snippet:-1, max-image-preview:large, max-video-preview:-1\" \/>\n<link rel=\"canonical\" href=\"https:\/\/apuntesdesanluis.com\/index.php\/2023\/09\/26\/condenaron-a-un-hombre-a-18-anos-de-prision-por-casos-de-abuso-sexual\/\" \/>\n<meta property=\"og:locale\" content=\"es_ES\" \/>\n<meta property=\"og:type\" content=\"article\" \/>\n<meta property=\"og:title\" content=\"CONDENARON A UN HOMBRE A 18 A\u00d1OS DE PRISI\u00d3N POR CASOS DE ABUSO SEXUAL - Apuntes de San Luis\" \/>\n<meta property=\"og:description\" content=\"Este martes el tribunal integrado por la Dra. Virna Eguinoa, Sebastian Cadelago Filippi y Mauro...\" \/>\n<meta property=\"og:url\" content=\"https:\/\/apuntesdesanluis.com\/index.php\/2023\/09\/26\/condenaron-a-un-hombre-a-18-anos-de-prision-por-casos-de-abuso-sexual\/\" \/>\n<meta property=\"og:site_name\" content=\"Apuntes de San Luis\" \/>\n<meta property=\"article:published_time\" content=\"2023-09-26T15:53:35+00:00\" \/>\n<meta property=\"og:image\" content=\"https:\/\/apuntesdesanluis.com\/wp-content\/uploads\/2023\/09\/JUICIO-5.png\" \/>\n\t<meta property=\"og:image:width\" content=\"629\" \/>\n\t<meta property=\"og:image:height\" content=\"339\" \/>\n\t<meta property=\"og:image:type\" content=\"image\/png\" \/>\n<meta name=\"author\" content=\"apuntesdesanluis.com\" \/>\n<meta name=\"twitter:card\" content=\"summary_large_image\" \/>\n<meta name=\"twitter:label1\" content=\"Escrito por\" \/>\n\t<meta name=\"twitter:data1\" content=\"apuntesdesanluis.com\" \/>\n\t<meta name=\"twitter:label2\" content=\"Tiempo de lectura\" \/>\n\t<meta name=\"twitter:data2\" content=\"3 minutos\" \/>\n<script type=\"application\/ld+json\" class=\"yoast-schema-graph\">{\"@context\":\"https:\/\/schema.org\",\"@graph\":[{\"@type\":\"Article\",\"@id\":\"https:\/\/apuntesdesanluis.com\/index.php\/2023\/09\/26\/condenaron-a-un-hombre-a-18-anos-de-prision-por-casos-de-abuso-sexual\/#article\",\"isPartOf\":{\"@id\":\"https:\/\/apuntesdesanluis.com\/index.php\/2023\/09\/26\/condenaron-a-un-hombre-a-18-anos-de-prision-por-casos-de-abuso-sexual\/\"},\"author\":{\"name\":\"apuntesdesanluis.com\",\"@id\":\"https:\/\/apuntesdesanluis.com\/#\/schema\/person\/b55151d52296fcce64d1a72538a70b90\"},\"headline\":\"CONDENARON A UN HOMBRE A 18 A\u00d1OS DE PRISI\u00d3N POR CASOS DE ABUSO SEXUAL\",\"datePublished\":\"2023-09-26T15:53:35+00:00\",\"mainEntityOfPage\":{\"@id\":\"https:\/\/apuntesdesanluis.com\/index.php\/2023\/09\/26\/condenaron-a-un-hombre-a-18-anos-de-prision-por-casos-de-abuso-sexual\/\"},\"wordCount\":550,\"publisher\":{\"@id\":\"https:\/\/apuntesdesanluis.com\/#\/schema\/person\/b55151d52296fcce64d1a72538a70b90\"},\"image\":{\"@id\":\"https:\/\/apuntesdesanluis.com\/index.php\/2023\/09\/26\/condenaron-a-un-hombre-a-18-anos-de-prision-por-casos-de-abuso-sexual\/#primaryimage\"},\"thumbnailUrl\":\"https:\/\/apuntesdesanluis.com\/wp-content\/uploads\/2023\/09\/JUICIO-5.png\",\"articleSection\":[\"Ciudad\/Provincia\"],\"inLanguage\":\"es-AR\"},{\"@type\":\"WebPage\",\"@id\":\"https:\/\/apuntesdesanluis.com\/index.php\/2023\/09\/26\/condenaron-a-un-hombre-a-18-anos-de-prision-por-casos-de-abuso-sexual\/\",\"url\":\"https:\/\/apuntesdesanluis.com\/index.php\/2023\/09\/26\/condenaron-a-un-hombre-a-18-anos-de-prision-por-casos-de-abuso-sexual\/\",\"name\":\"CONDENARON A UN HOMBRE A 18 A\u00d1OS DE PRISI\u00d3N POR CASOS DE ABUSO SEXUAL - Apuntes de San Luis\",\"isPartOf\":{\"@id\":\"https:\/\/apuntesdesanluis.com\/#website\"},\"primaryImageOfPage\":{\"@id\":\"https:\/\/apuntesdesanluis.com\/index.php\/2023\/09\/26\/condenaron-a-un-hombre-a-18-anos-de-prision-por-casos-de-abuso-sexual\/#primaryimage\"},\"image\":{\"@id\":\"https:\/\/apuntesdesanluis.com\/index.php\/2023\/09\/26\/condenaron-a-un-hombre-a-18-anos-de-prision-por-casos-de-abuso-sexual\/#primaryimage\"},\"thumbnailUrl\":\"https:\/\/apuntesdesanluis.com\/wp-content\/uploads\/2023\/09\/JUICIO-5.png\",\"datePublished\":\"2023-09-26T15:53:35+00:00\",\"breadcrumb\":{\"@id\":\"https:\/\/apuntesdesanluis.com\/index.php\/2023\/09\/26\/condenaron-a-un-hombre-a-18-anos-de-prision-por-casos-de-abuso-sexual\/#breadcrumb\"},\"inLanguage\":\"es-AR\",\"potentialAction\":[{\"@type\":\"ReadAction\",\"target\":[\"https:\/\/apuntesdesanluis.com\/index.php\/2023\/09\/26\/condenaron-a-un-hombre-a-18-anos-de-prision-por-casos-de-abuso-sexual\/\"]}]},{\"@type\":\"ImageObject\",\"inLanguage\":\"es-AR\",\"@id\":\"https:\/\/apuntesdesanluis.com\/index.php\/2023\/09\/26\/condenaron-a-un-hombre-a-18-anos-de-prision-por-casos-de-abuso-sexual\/#primaryimage\",\"url\":\"https:\/\/apuntesdesanluis.com\/wp-content\/uploads\/2023\/09\/JUICIO-5.png\",\"contentUrl\":\"https:\/\/apuntesdesanluis.com\/wp-content\/uploads\/2023\/09\/JUICIO-5.png\",\"width\":629,\"height\":339},{\"@type\":\"BreadcrumbList\",\"@id\":\"https:\/\/apuntesdesanluis.com\/index.php\/2023\/09\/26\/condenaron-a-un-hombre-a-18-anos-de-prision-por-casos-de-abuso-sexual\/#breadcrumb\",\"itemListElement\":[{\"@type\":\"ListItem\",\"position\":1,\"name\":\"Inicio\",\"item\":\"https:\/\/apuntesdesanluis.com\/\"},{\"@type\":\"ListItem\",\"position\":2,\"name\":\"CONDENARON A UN HOMBRE A 18 A\u00d1OS DE PRISI\u00d3N POR CASOS DE ABUSO SEXUAL\"}]},{\"@type\":\"WebSite\",\"@id\":\"https:\/\/apuntesdesanluis.com\/#website\",\"url\":\"https:\/\/apuntesdesanluis.com\/\",\"name\":\"Apuntes de San Luis\",\"description\":\"\",\"publisher\":{\"@id\":\"https:\/\/apuntesdesanluis.com\/#\/schema\/person\/b55151d52296fcce64d1a72538a70b90\"},\"potentialAction\":[{\"@type\":\"SearchAction\",\"target\":{\"@type\":\"EntryPoint\",\"urlTemplate\":\"https:\/\/apuntesdesanluis.com\/?s={search_term_string}\"},\"query-input\":{\"@type\":\"PropertyValueSpecification\",\"valueRequired\":true,\"valueName\":\"search_term_string\"}}],\"inLanguage\":\"es-AR\"},{\"@type\":[\"Person\",\"Organization\"],\"@id\":\"https:\/\/apuntesdesanluis.com\/#\/schema\/person\/b55151d52296fcce64d1a72538a70b90\",\"name\":\"apuntesdesanluis.com\",\"image\":{\"@type\":\"ImageObject\",\"inLanguage\":\"es-AR\",\"@id\":\"https:\/\/apuntesdesanluis.com\/#\/schema\/person\/image\/\",\"url\":\"https:\/\/apuntesdesanluis.com\/wp-content\/uploads\/2023\/07\/cropped-apuntesdesanluis.png\",\"contentUrl\":\"https:\/\/apuntesdesanluis.com\/wp-content\/uploads\/2023\/07\/cropped-apuntesdesanluis.png\",\"width\":450,\"height\":112,\"caption\":\"apuntesdesanluis.com\"},\"logo\":{\"@id\":\"https:\/\/apuntesdesanluis.com\/#\/schema\/person\/image\/\"},\"sameAs\":[\"https:\/\/apuntesdesanluis.com\"],\"url\":\"https:\/\/apuntesdesanluis.com\/index.php\/author\/apuntesdesanluis-com\/\"}]}<\/script>\n<!-- \/ Yoast SEO plugin. -->","yoast_head_json":{"title":"CONDENARON A UN HOMBRE A 18 A\u00d1OS DE PRISI\u00d3N POR CASOS DE ABUSO SEXUAL - Apuntes de San Luis","robots":{"index":"index","follow":"follow","max-snippet":"max-snippet:-1","max-image-preview":"max-image-preview:large","max-video-preview":"max-video-preview:-1"},"canonical":"https:\/\/apuntesdesanluis.com\/index.php\/2023\/09\/26\/condenaron-a-un-hombre-a-18-anos-de-prision-por-casos-de-abuso-sexual\/","og_locale":"es_ES","og_type":"article","og_title":"CONDENARON A UN HOMBRE A 18 A\u00d1OS DE PRISI\u00d3N POR CASOS DE ABUSO SEXUAL - Apuntes de San Luis","og_description":"Este martes el tribunal integrado por la Dra. Virna Eguinoa, Sebastian Cadelago Filippi y Mauro...","og_url":"https:\/\/apuntesdesanluis.com\/index.php\/2023\/09\/26\/condenaron-a-un-hombre-a-18-anos-de-prision-por-casos-de-abuso-sexual\/","og_site_name":"Apuntes de San Luis","article_published_time":"2023-09-26T15:53:35+00:00","og_image":[{"width":629,"height":339,"url":"https:\/\/apuntesdesanluis.com\/wp-content\/uploads\/2023\/09\/JUICIO-5.png","type":"image\/png"}],"author":"apuntesdesanluis.com","twitter_card":"summary_large_image","twitter_misc":{"Escrito por":"apuntesdesanluis.com","Tiempo de lectura":"3 minutos"},"schema":{"@context":"https:\/\/schema.org","@graph":[{"@type":"Article","@id":"https:\/\/apuntesdesanluis.com\/index.php\/2023\/09\/26\/condenaron-a-un-hombre-a-18-anos-de-prision-por-casos-de-abuso-sexual\/#article","isPartOf":{"@id":"https:\/\/apuntesdesanluis.com\/index.php\/2023\/09\/26\/condenaron-a-un-hombre-a-18-anos-de-prision-por-casos-de-abuso-sexual\/"},"author":{"name":"apuntesdesanluis.com","@id":"https:\/\/apuntesdesanluis.com\/#\/schema\/person\/b55151d52296fcce64d1a72538a70b90"},"headline":"CONDENARON A UN HOMBRE A 18 A\u00d1OS DE PRISI\u00d3N POR CASOS DE ABUSO SEXUAL","datePublished":"2023-09-26T15:53:35+00:00","mainEntityOfPage":{"@id":"https:\/\/apuntesdesanluis.com\/index.php\/2023\/09\/26\/condenaron-a-un-hombre-a-18-anos-de-prision-por-casos-de-abuso-sexual\/"},"wordCount":550,"publisher":{"@id":"https:\/\/apuntesdesanluis.com\/#\/schema\/person\/b55151d52296fcce64d1a72538a70b90"},"image":{"@id":"https:\/\/apuntesdesanluis.com\/index.php\/2023\/09\/26\/condenaron-a-un-hombre-a-18-anos-de-prision-por-casos-de-abuso-sexual\/#primaryimage"},"thumbnailUrl":"https:\/\/apuntesdesanluis.com\/wp-content\/uploads\/2023\/09\/JUICIO-5.png","articleSection":["Ciudad\/Provincia"],"inLanguage":"es-AR"},{"@type":"WebPage","@id":"https:\/\/apuntesdesanluis.com\/index.php\/2023\/09\/26\/condenaron-a-un-hombre-a-18-anos-de-prision-por-casos-de-abuso-sexual\/","url":"https:\/\/apuntesdesanluis.com\/index.php\/2023\/09\/26\/condenaron-a-un-hombre-a-18-anos-de-prision-por-casos-de-abuso-sexual\/","name":"CONDENARON A UN HOMBRE A 18 A\u00d1OS DE PRISI\u00d3N POR CASOS DE ABUSO SEXUAL - Apuntes de San Luis","isPartOf":{"@id":"https:\/\/apuntesdesanluis.com\/#website"},"primaryImageOfPage":{"@id":"https:\/\/apuntesdesanluis.com\/index.php\/2023\/09\/26\/condenaron-a-un-hombre-a-18-anos-de-prision-por-casos-de-abuso-sexual\/#primaryimage"},"image":{"@id":"https:\/\/apuntesdesanluis.com\/index.php\/2023\/09\/26\/condenaron-a-un-hombre-a-18-anos-de-prision-por-casos-de-abuso-sexual\/#primaryimage"},"thumbnailUrl":"https:\/\/apuntesdesanluis.com\/wp-content\/uploads\/2023\/09\/JUICIO-5.png","datePublished":"2023-09-26T15:53:35+00:00","breadcrumb":{"@id":"https:\/\/apuntesdesanluis.com\/index.php\/2023\/09\/26\/condenaron-a-un-hombre-a-18-anos-de-prision-por-casos-de-abuso-sexual\/#breadcrumb"},"inLanguage":"es-AR","potentialAction":[{"@type":"ReadAction","target":["https:\/\/apuntesdesanluis.com\/index.php\/2023\/09\/26\/condenaron-a-un-hombre-a-18-anos-de-prision-por-casos-de-abuso-sexual\/"]}]},{"@type":"ImageObject","inLanguage":"es-AR","@id":"https:\/\/apuntesdesanluis.com\/index.php\/2023\/09\/26\/condenaron-a-un-hombre-a-18-anos-de-prision-por-casos-de-abuso-sexual\/#primaryimage","url":"https:\/\/apuntesdesanluis.com\/wp-content\/uploads\/2023\/09\/JUICIO-5.png","contentUrl":"https:\/\/apuntesdesanluis.com\/wp-content\/uploads\/2023\/09\/JUICIO-5.png","width":629,"height":339},{"@type":"BreadcrumbList","@id":"https:\/\/apuntesdesanluis.com\/index.php\/2023\/09\/26\/condenaron-a-un-hombre-a-18-anos-de-prision-por-casos-de-abuso-sexual\/#breadcrumb","itemListElement":[{"@type":"ListItem","position":1,"name":"Inicio","item":"https:\/\/apuntesdesanluis.com\/"},{"@type":"ListItem","position":2,"name":"CONDENARON A UN HOMBRE A 18 A\u00d1OS DE PRISI\u00d3N POR CASOS DE ABUSO SEXUAL"}]},{"@type":"WebSite","@id":"https:\/\/apuntesdesanluis.com\/#website","url":"https:\/\/apuntesdesanluis.com\/","name":"Apuntes de San Luis","description":"","publisher":{"@id":"https:\/\/apuntesdesanluis.com\/#\/schema\/person\/b55151d52296fcce64d1a72538a70b90"},"potentialAction":[{"@type":"SearchAction","target":{"@type":"EntryPoint","urlTemplate":"https:\/\/apuntesdesanluis.com\/?s={search_term_string}"},"query-input":{"@type":"PropertyValueSpecification","valueRequired":true,"valueName":"search_term_string"}}],"inLanguage":"es-AR"},{"@type":["Person","Organization"],"@id":"https:\/\/apuntesdesanluis.com\/#\/schema\/person\/b55151d52296fcce64d1a72538a70b90","name":"apuntesdesanluis.com","image":{"@type":"ImageObject","inLanguage":"es-AR","@id":"https:\/\/apuntesdesanluis.com\/#\/schema\/person\/image\/","url":"https:\/\/apuntesdesanluis.com\/wp-content\/uploads\/2023\/07\/cropped-apuntesdesanluis.png","contentUrl":"https:\/\/apuntesdesanluis.com\/wp-content\/uploads\/2023\/07\/cropped-apuntesdesanluis.png","width":450,"height":112,"caption":"apuntesdesanluis.com"},"logo":{"@id":"https:\/\/apuntesdesanluis.com\/#\/schema\/person\/image\/"},"sameAs":["https:\/\/apuntesdesanluis.com"],"url":"https:\/\/apuntesdesanluis.com\/index.php\/author\/apuntesdesanluis-com\/"}]}},"featured_image_urls":{"full":["https:\/\/apuntesdesanluis.com\/wp-content\/uploads\/2023\/09\/JUICIO-5.png",629,339,false],"thumbnail":["https:\/\/apuntesdesanluis.com\/wp-content\/uploads\/2023\/09\/JUICIO-5-150x150.png",150,150,true],"medium":["https:\/\/apuntesdesanluis.com\/wp-content\/uploads\/2023\/09\/JUICIO-5-300x162.png",300,162,true],"medium_large":["https:\/\/apuntesdesanluis.com\/wp-content\/uploads\/2023\/09\/JUICIO-5.png",629,339,false],"large":["https:\/\/apuntesdesanluis.com\/wp-content\/uploads\/2023\/09\/JUICIO-5.png",629,339,false],"1536x1536":["https:\/\/apuntesdesanluis.com\/wp-content\/uploads\/2023\/09\/JUICIO-5.png",629,339,false],"2048x2048":["https:\/\/apuntesdesanluis.com\/wp-content\/uploads\/2023\/09\/JUICIO-5.png",629,339,false],"newsever-slider-full":["https:\/\/apuntesdesanluis.com\/wp-content\/uploads\/2023\/09\/JUICIO-5.png",629,339,false],"newsever-featured":["https:\/\/apuntesdesanluis.com\/wp-content\/uploads\/2023\/09\/JUICIO-5.png",629,339,false],"newsever-medium":["https:\/\/apuntesdesanluis.com\/wp-content\/uploads\/2023\/09\/JUICIO-5.png",629,339,false]},"author_info":{"display_name":"apuntesdesanluis.com","author_link":"https:\/\/apuntesdesanluis.com\/index.php\/author\/apuntesdesanluis-com\/"},"category_info":"<a href=\"https:\/\/apuntesdesanluis.com\/index.php\/category\/ciudad-provincia\/\" rel=\"category tag\">Ciudad\/Provincia<\/a>","tag_info":"Ciudad\/Provincia","comment_count":"0","_links":{"self":[{"href":"https:\/\/apuntesdesanluis.com\/index.php\/wp-json\/wp\/v2\/posts\/4069","targetHints":{"allow":["GET"]}}],"collection":[{"href":"https:\/\/apuntesdesanluis.com\/index.php\/wp-json\/wp\/v2\/posts"}],"about":[{"href":"https:\/\/apuntesdesanluis.com\/index.php\/wp-json\/wp\/v2\/types\/post"}],"author":[{"embeddable":true,"href":"https:\/\/apuntesdesanluis.com\/index.php\/wp-json\/wp\/v2\/users\/1"}],"replies":[{"embeddable":true,"href":"https:\/\/apuntesdesanluis.com\/index.php\/wp-json\/wp\/v2\/comments?post=4069"}],"version-history":[{"count":1,"href":"https:\/\/apuntesdesanluis.com\/index.php\/wp-json\/wp\/v2\/posts\/4069\/revisions"}],"predecessor-version":[{"id":4071,"href":"https:\/\/apuntesdesanluis.com\/index.php\/wp-json\/wp\/v2\/posts\/4069\/revisions\/4071"}],"wp:featuredmedia":[{"embeddable":true,"href":"https:\/\/apuntesdesanluis.com\/index.php\/wp-json\/wp\/v2\/media\/4070"}],"wp:attachment":[{"href":"https:\/\/apuntesdesanluis.com\/index.php\/wp-json\/wp\/v2\/media?parent=4069"}],"wp:term":[{"taxonomy":"category","embeddable":true,"href":"https:\/\/apuntesdesanluis.com\/index.php\/wp-json\/wp\/v2\/categories?post=4069"},{"taxonomy":"post_tag","embeddable":true,"href":"https:\/\/apuntesdesanluis.com\/index.php\/wp-json\/wp\/v2\/tags?post=4069"}],"curies":[{"name":"wp","href":"https:\/\/api.w.org\/{rel}","templated":true}]}}