{"id":4072,"date":"2023-09-26T13:43:45","date_gmt":"2023-09-26T16:43:45","guid":{"rendered":"https:\/\/apuntesdesanluis.com\/?p=4072"},"modified":"2023-09-26T13:43:45","modified_gmt":"2023-09-26T16:43:45","slug":"gracias-a-la-mediacion-un-grupo-de-hermanos-acordo-el-cuidado-compartido-de-sus-padres","status":"publish","type":"post","link":"https:\/\/apuntesdesanluis.com\/index.php\/2023\/09\/26\/gracias-a-la-mediacion-un-grupo-de-hermanos-acordo-el-cuidado-compartido-de-sus-padres\/","title":{"rendered":"GRACIAS A LA MEDIACI\u00d3N, UN GRUPO DE HERMANOS ACORD\u00d3 EL CUIDADO COMPARTIDO DE SUS PADRES"},"content":{"rendered":"<h3>En mayo de este a\u00f1o, el Juez de Familia, Ni\u00f1ez, Adolescencia y Violencia de la Tercera Circunscripci\u00f3n, <strong>Carlos Hugo Orozco<\/strong>, deriv\u00f3 una causa al <strong>Centro de Mediaci\u00f3n de Concar\u00e1n<\/strong> para que los hijos de un matrimonio de personas mayores en situaci\u00f3n de vulnerabilidad, acordaran un r\u00e9gimen de cuidado compartido.<\/h3>\n<h3>Por medio de audiencias virtuales, la mediadora Susana Schmid logr\u00f3 poner en contacto a los hermanos. Algunos resid\u00edan en la provincia de San Luis y, otros, en la ciudad de Buenos Aires. A trav\u00e9s de la plataforma Cisco Webex, las partes pudieron dialogar y llegar a un acuerdo en beneficio de sus padres.<\/h3>\n<h3>\u201cTodos los hijos participaron de las audiencias virtuales, pudieron escucharse, entenderse y, sobre todo, aclarar malos entendidos. Sin dudas la posibilidad de comunicaci\u00f3n que presta la mediaci\u00f3n, supera a toda instancia judicial cuando se trata de cuestiones en donde lo que hay que resolver no es algo simplemente a cumplir como una \u201ccarga\u201d, sino como un acto de afecto responsable. Afortunadamente, as\u00ed lo entendi\u00f3 el Juez que realiz\u00f3 la derivaci\u00f3n.<\/h3>\n<h3>Como profesional, es gratificante trabajar en un espacio donde la comunicaci\u00f3n y el entendimiento contribuyen de manera efectiva en la soluci\u00f3n, prevenci\u00f3n y disminuci\u00f3n de futuros conflictos\u201d, asegur\u00f3 la mediadora.<\/h3>\n<h3>Tambi\u00e9n una de las hijas del matrimonio hizo llegar su agradecimiento al Centro de Mediaci\u00f3n y, en especial, a la Dra. Schmid:<\/h3>\n<h3>\u201cQuiero agradecer a la Doctora Susana por haber sido mediadora para llegar a un acuerdo con mis hermanos en el cuidado de mis padres. Pudimos comunicarnos todos v\u00eda internet. \u00a1Gracias!\u201d, expres\u00f3 A.D.R.<\/h3>\n<p><img fetchpriority=\"high\" decoding=\"async\" class=\"wp-image-4073 aligncenter\" src=\"https:\/\/apuntesdesanluis.com\/wp-content\/uploads\/2023\/09\/CENTRO-DE-MEDIACION-CONCARAN-300x190.png\" alt=\"\" width=\"561\" height=\"355\" srcset=\"https:\/\/apuntesdesanluis.com\/wp-content\/uploads\/2023\/09\/CENTRO-DE-MEDIACION-CONCARAN-300x190.png 300w, https:\/\/apuntesdesanluis.com\/wp-content\/uploads\/2023\/09\/CENTRO-DE-MEDIACION-CONCARAN.png 600w\" sizes=\"(max-width: 561px) 100vw, 561px\" \/><\/p>\n<h3>Finalizada la instancia de mediaci\u00f3n, el acuerdo fue remitido al juzgado de origen y, este lunes 25 de septiembre, el Dr. Orozco dict\u00f3 la sentencia homologatoria. Para ello, consider\u00f3 que el acuerdo fue celebrado bajo el compromiso de cada una de las partes, quienes entendieron que el cuidado de sus padres es una tarea compartida que no s\u00f3lo implica cubrir sus necesidades b\u00e1sicas sino, tambi\u00e9n, compartir tiempo y afecto con ellos en la medida de sus posibilidades.<\/h3>\n<h3>\u201cLas causas de vulnerabilidad no se encuentran contempladas en el C\u00f3digo de Procedimiento de Familia. Por eso el criterio del juez de derivar la causa a mediaci\u00f3n, fue esencial para resolver este conflicto familiar de una manera pac\u00edfica y en un tiempo mucho menor que por medio de un proceso judicial. Sobre todo, porque las causas vulnerables tienen una gran cuota emocional, que va m\u00e1s all\u00e1 de las medidas judiciales que se pueden imponer\u201d, reflexion\u00f3 la Coordinadora del Centro de Mediaci\u00f3n, Marta Gonz\u00e1lez.<\/h3>\n<p>&nbsp;<\/p>\n","protected":false},"excerpt":{"rendered":"<p>En mayo de este a\u00f1o, el Juez de Familia, Ni\u00f1ez, Adolescencia y Violencia de la&#8230;<\/p>\n","protected":false},"author":1,"featured_media":4074,"comment_status":"closed","ping_status":"closed","sticky":false,"template":"","format":"standard","meta":{"footnotes":""},"categories":[6],"tags":[],"class_list":["post-4072","post","type-post","status-publish","format-standard","has-post-thumbnail","hentry","category-ciudad-provincia"],"yoast_head":"<!-- This site is optimized with the Yoast SEO plugin v26.1.1 - https:\/\/yoast.com\/wordpress\/plugins\/seo\/ -->\n<title>GRACIAS A LA MEDIACI\u00d3N, UN GRUPO DE HERMANOS ACORD\u00d3 EL CUIDADO COMPARTIDO DE SUS PADRES - Apuntes de San Luis<\/title>\n<meta name=\"robots\" content=\"index, follow, max-snippet:-1, max-image-preview:large, max-video-preview:-1\" \/>\n<link rel=\"canonical\" href=\"https:\/\/apuntesdesanluis.com\/index.php\/2023\/09\/26\/gracias-a-la-mediacion-un-grupo-de-hermanos-acordo-el-cuidado-compartido-de-sus-padres\/\" \/>\n<meta property=\"og:locale\" content=\"es_ES\" \/>\n<meta property=\"og:type\" content=\"article\" \/>\n<meta property=\"og:title\" content=\"GRACIAS A LA MEDIACI\u00d3N, UN GRUPO DE HERMANOS ACORD\u00d3 EL CUIDADO COMPARTIDO DE SUS PADRES - Apuntes de San Luis\" \/>\n<meta property=\"og:description\" content=\"En mayo de este a\u00f1o, el Juez de Familia, Ni\u00f1ez, Adolescencia y Violencia de la...\" \/>\n<meta property=\"og:url\" content=\"https:\/\/apuntesdesanluis.com\/index.php\/2023\/09\/26\/gracias-a-la-mediacion-un-grupo-de-hermanos-acordo-el-cuidado-compartido-de-sus-padres\/\" \/>\n<meta property=\"og:site_name\" content=\"Apuntes de San Luis\" \/>\n<meta property=\"article:published_time\" content=\"2023-09-26T16:43:45+00:00\" \/>\n<meta property=\"og:image\" content=\"https:\/\/apuntesdesanluis.com\/wp-content\/uploads\/2023\/09\/ANCIANA.png\" \/>\n\t<meta property=\"og:image:width\" content=\"601\" \/>\n\t<meta property=\"og:image:height\" content=\"330\" \/>\n\t<meta property=\"og:image:type\" content=\"image\/png\" \/>\n<meta name=\"author\" content=\"apuntesdesanluis.com\" \/>\n<meta name=\"twitter:card\" content=\"summary_large_image\" \/>\n<meta name=\"twitter:label1\" content=\"Escrito por\" \/>\n\t<meta name=\"twitter:data1\" content=\"apuntesdesanluis.com\" \/>\n\t<meta name=\"twitter:label2\" content=\"Tiempo de lectura\" \/>\n\t<meta name=\"twitter:data2\" content=\"3 minutos\" \/>\n<script type=\"application\/ld+json\" class=\"yoast-schema-graph\">{\"@context\":\"https:\/\/schema.org\",\"@graph\":[{\"@type\":\"Article\",\"@id\":\"https:\/\/apuntesdesanluis.com\/index.php\/2023\/09\/26\/gracias-a-la-mediacion-un-grupo-de-hermanos-acordo-el-cuidado-compartido-de-sus-padres\/#article\",\"isPartOf\":{\"@id\":\"https:\/\/apuntesdesanluis.com\/index.php\/2023\/09\/26\/gracias-a-la-mediacion-un-grupo-de-hermanos-acordo-el-cuidado-compartido-de-sus-padres\/\"},\"author\":{\"name\":\"apuntesdesanluis.com\",\"@id\":\"https:\/\/apuntesdesanluis.com\/#\/schema\/person\/b55151d52296fcce64d1a72538a70b90\"},\"headline\":\"GRACIAS A LA MEDIACI\u00d3N, UN GRUPO DE HERMANOS ACORD\u00d3 EL CUIDADO COMPARTIDO DE SUS PADRES\",\"datePublished\":\"2023-09-26T16:43:45+00:00\",\"mainEntityOfPage\":{\"@id\":\"https:\/\/apuntesdesanluis.com\/index.php\/2023\/09\/26\/gracias-a-la-mediacion-un-grupo-de-hermanos-acordo-el-cuidado-compartido-de-sus-padres\/\"},\"wordCount\":463,\"publisher\":{\"@id\":\"https:\/\/apuntesdesanluis.com\/#\/schema\/person\/b55151d52296fcce64d1a72538a70b90\"},\"image\":{\"@id\":\"https:\/\/apuntesdesanluis.com\/index.php\/2023\/09\/26\/gracias-a-la-mediacion-un-grupo-de-hermanos-acordo-el-cuidado-compartido-de-sus-padres\/#primaryimage\"},\"thumbnailUrl\":\"https:\/\/apuntesdesanluis.com\/wp-content\/uploads\/2023\/09\/ANCIANA.png\",\"articleSection\":[\"Ciudad\/Provincia\"],\"inLanguage\":\"es-AR\"},{\"@type\":\"WebPage\",\"@id\":\"https:\/\/apuntesdesanluis.com\/index.php\/2023\/09\/26\/gracias-a-la-mediacion-un-grupo-de-hermanos-acordo-el-cuidado-compartido-de-sus-padres\/\",\"url\":\"https:\/\/apuntesdesanluis.com\/index.php\/2023\/09\/26\/gracias-a-la-mediacion-un-grupo-de-hermanos-acordo-el-cuidado-compartido-de-sus-padres\/\",\"name\":\"GRACIAS A LA MEDIACI\u00d3N, UN GRUPO DE HERMANOS ACORD\u00d3 EL CUIDADO COMPARTIDO DE SUS PADRES - Apuntes de San Luis\",\"isPartOf\":{\"@id\":\"https:\/\/apuntesdesanluis.com\/#website\"},\"primaryImageOfPage\":{\"@id\":\"https:\/\/apuntesdesanluis.com\/index.php\/2023\/09\/26\/gracias-a-la-mediacion-un-grupo-de-hermanos-acordo-el-cuidado-compartido-de-sus-padres\/#primaryimage\"},\"image\":{\"@id\":\"https:\/\/apuntesdesanluis.com\/index.php\/2023\/09\/26\/gracias-a-la-mediacion-un-grupo-de-hermanos-acordo-el-cuidado-compartido-de-sus-padres\/#primaryimage\"},\"thumbnailUrl\":\"https:\/\/apuntesdesanluis.com\/wp-content\/uploads\/2023\/09\/ANCIANA.png\",\"datePublished\":\"2023-09-26T16:43:45+00:00\",\"breadcrumb\":{\"@id\":\"https:\/\/apuntesdesanluis.com\/index.php\/2023\/09\/26\/gracias-a-la-mediacion-un-grupo-de-hermanos-acordo-el-cuidado-compartido-de-sus-padres\/#breadcrumb\"},\"inLanguage\":\"es-AR\",\"potentialAction\":[{\"@type\":\"ReadAction\",\"target\":[\"https:\/\/apuntesdesanluis.com\/index.php\/2023\/09\/26\/gracias-a-la-mediacion-un-grupo-de-hermanos-acordo-el-cuidado-compartido-de-sus-padres\/\"]}]},{\"@type\":\"ImageObject\",\"inLanguage\":\"es-AR\",\"@id\":\"https:\/\/apuntesdesanluis.com\/index.php\/2023\/09\/26\/gracias-a-la-mediacion-un-grupo-de-hermanos-acordo-el-cuidado-compartido-de-sus-padres\/#primaryimage\",\"url\":\"https:\/\/apuntesdesanluis.com\/wp-content\/uploads\/2023\/09\/ANCIANA.png\",\"contentUrl\":\"https:\/\/apuntesdesanluis.com\/wp-content\/uploads\/2023\/09\/ANCIANA.png\",\"width\":601,\"height\":330},{\"@type\":\"BreadcrumbList\",\"@id\":\"https:\/\/apuntesdesanluis.com\/index.php\/2023\/09\/26\/gracias-a-la-mediacion-un-grupo-de-hermanos-acordo-el-cuidado-compartido-de-sus-padres\/#breadcrumb\",\"itemListElement\":[{\"@type\":\"ListItem\",\"position\":1,\"name\":\"Inicio\",\"item\":\"https:\/\/apuntesdesanluis.com\/\"},{\"@type\":\"ListItem\",\"position\":2,\"name\":\"GRACIAS A LA MEDIACI\u00d3N, UN GRUPO DE HERMANOS ACORD\u00d3 EL CUIDADO COMPARTIDO DE SUS PADRES\"}]},{\"@type\":\"WebSite\",\"@id\":\"https:\/\/apuntesdesanluis.com\/#website\",\"url\":\"https:\/\/apuntesdesanluis.com\/\",\"name\":\"Apuntes de San Luis\",\"description\":\"\",\"publisher\":{\"@id\":\"https:\/\/apuntesdesanluis.com\/#\/schema\/person\/b55151d52296fcce64d1a72538a70b90\"},\"potentialAction\":[{\"@type\":\"SearchAction\",\"target\":{\"@type\":\"EntryPoint\",\"urlTemplate\":\"https:\/\/apuntesdesanluis.com\/?s={search_term_string}\"},\"query-input\":{\"@type\":\"PropertyValueSpecification\",\"valueRequired\":true,\"valueName\":\"search_term_string\"}}],\"inLanguage\":\"es-AR\"},{\"@type\":[\"Person\",\"Organization\"],\"@id\":\"https:\/\/apuntesdesanluis.com\/#\/schema\/person\/b55151d52296fcce64d1a72538a70b90\",\"name\":\"apuntesdesanluis.com\",\"image\":{\"@type\":\"ImageObject\",\"inLanguage\":\"es-AR\",\"@id\":\"https:\/\/apuntesdesanluis.com\/#\/schema\/person\/image\/\",\"url\":\"https:\/\/apuntesdesanluis.com\/wp-content\/uploads\/2023\/07\/cropped-apuntesdesanluis.png\",\"contentUrl\":\"https:\/\/apuntesdesanluis.com\/wp-content\/uploads\/2023\/07\/cropped-apuntesdesanluis.png\",\"width\":450,\"height\":112,\"caption\":\"apuntesdesanluis.com\"},\"logo\":{\"@id\":\"https:\/\/apuntesdesanluis.com\/#\/schema\/person\/image\/\"},\"sameAs\":[\"https:\/\/apuntesdesanluis.com\"],\"url\":\"https:\/\/apuntesdesanluis.com\/index.php\/author\/apuntesdesanluis-com\/\"}]}<\/script>\n<!-- \/ Yoast SEO plugin. -->","yoast_head_json":{"title":"GRACIAS A LA MEDIACI\u00d3N, UN GRUPO DE HERMANOS ACORD\u00d3 EL CUIDADO COMPARTIDO DE SUS PADRES - Apuntes de San Luis","robots":{"index":"index","follow":"follow","max-snippet":"max-snippet:-1","max-image-preview":"max-image-preview:large","max-video-preview":"max-video-preview:-1"},"canonical":"https:\/\/apuntesdesanluis.com\/index.php\/2023\/09\/26\/gracias-a-la-mediacion-un-grupo-de-hermanos-acordo-el-cuidado-compartido-de-sus-padres\/","og_locale":"es_ES","og_type":"article","og_title":"GRACIAS A LA MEDIACI\u00d3N, UN GRUPO DE HERMANOS ACORD\u00d3 EL CUIDADO COMPARTIDO DE SUS PADRES - Apuntes de San Luis","og_description":"En mayo de este a\u00f1o, el Juez de Familia, Ni\u00f1ez, Adolescencia y Violencia de la...","og_url":"https:\/\/apuntesdesanluis.com\/index.php\/2023\/09\/26\/gracias-a-la-mediacion-un-grupo-de-hermanos-acordo-el-cuidado-compartido-de-sus-padres\/","og_site_name":"Apuntes de San Luis","article_published_time":"2023-09-26T16:43:45+00:00","og_image":[{"width":601,"height":330,"url":"https:\/\/apuntesdesanluis.com\/wp-content\/uploads\/2023\/09\/ANCIANA.png","type":"image\/png"}],"author":"apuntesdesanluis.com","twitter_card":"summary_large_image","twitter_misc":{"Escrito por":"apuntesdesanluis.com","Tiempo de lectura":"3 minutos"},"schema":{"@context":"https:\/\/schema.org","@graph":[{"@type":"Article","@id":"https:\/\/apuntesdesanluis.com\/index.php\/2023\/09\/26\/gracias-a-la-mediacion-un-grupo-de-hermanos-acordo-el-cuidado-compartido-de-sus-padres\/#article","isPartOf":{"@id":"https:\/\/apuntesdesanluis.com\/index.php\/2023\/09\/26\/gracias-a-la-mediacion-un-grupo-de-hermanos-acordo-el-cuidado-compartido-de-sus-padres\/"},"author":{"name":"apuntesdesanluis.com","@id":"https:\/\/apuntesdesanluis.com\/#\/schema\/person\/b55151d52296fcce64d1a72538a70b90"},"headline":"GRACIAS A LA MEDIACI\u00d3N, UN GRUPO DE HERMANOS ACORD\u00d3 EL CUIDADO COMPARTIDO DE SUS PADRES","datePublished":"2023-09-26T16:43:45+00:00","mainEntityOfPage":{"@id":"https:\/\/apuntesdesanluis.com\/index.php\/2023\/09\/26\/gracias-a-la-mediacion-un-grupo-de-hermanos-acordo-el-cuidado-compartido-de-sus-padres\/"},"wordCount":463,"publisher":{"@id":"https:\/\/apuntesdesanluis.com\/#\/schema\/person\/b55151d52296fcce64d1a72538a70b90"},"image":{"@id":"https:\/\/apuntesdesanluis.com\/index.php\/2023\/09\/26\/gracias-a-la-mediacion-un-grupo-de-hermanos-acordo-el-cuidado-compartido-de-sus-padres\/#primaryimage"},"thumbnailUrl":"https:\/\/apuntesdesanluis.com\/wp-content\/uploads\/2023\/09\/ANCIANA.png","articleSection":["Ciudad\/Provincia"],"inLanguage":"es-AR"},{"@type":"WebPage","@id":"https:\/\/apuntesdesanluis.com\/index.php\/2023\/09\/26\/gracias-a-la-mediacion-un-grupo-de-hermanos-acordo-el-cuidado-compartido-de-sus-padres\/","url":"https:\/\/apuntesdesanluis.com\/index.php\/2023\/09\/26\/gracias-a-la-mediacion-un-grupo-de-hermanos-acordo-el-cuidado-compartido-de-sus-padres\/","name":"GRACIAS A LA MEDIACI\u00d3N, UN GRUPO DE HERMANOS ACORD\u00d3 EL CUIDADO COMPARTIDO DE SUS PADRES - Apuntes de San Luis","isPartOf":{"@id":"https:\/\/apuntesdesanluis.com\/#website"},"primaryImageOfPage":{"@id":"https:\/\/apuntesdesanluis.com\/index.php\/2023\/09\/26\/gracias-a-la-mediacion-un-grupo-de-hermanos-acordo-el-cuidado-compartido-de-sus-padres\/#primaryimage"},"image":{"@id":"https:\/\/apuntesdesanluis.com\/index.php\/2023\/09\/26\/gracias-a-la-mediacion-un-grupo-de-hermanos-acordo-el-cuidado-compartido-de-sus-padres\/#primaryimage"},"thumbnailUrl":"https:\/\/apuntesdesanluis.com\/wp-content\/uploads\/2023\/09\/ANCIANA.png","datePublished":"2023-09-26T16:43:45+00:00","breadcrumb":{"@id":"https:\/\/apuntesdesanluis.com\/index.php\/2023\/09\/26\/gracias-a-la-mediacion-un-grupo-de-hermanos-acordo-el-cuidado-compartido-de-sus-padres\/#breadcrumb"},"inLanguage":"es-AR","potentialAction":[{"@type":"ReadAction","target":["https:\/\/apuntesdesanluis.com\/index.php\/2023\/09\/26\/gracias-a-la-mediacion-un-grupo-de-hermanos-acordo-el-cuidado-compartido-de-sus-padres\/"]}]},{"@type":"ImageObject","inLanguage":"es-AR","@id":"https:\/\/apuntesdesanluis.com\/index.php\/2023\/09\/26\/gracias-a-la-mediacion-un-grupo-de-hermanos-acordo-el-cuidado-compartido-de-sus-padres\/#primaryimage","url":"https:\/\/apuntesdesanluis.com\/wp-content\/uploads\/2023\/09\/ANCIANA.png","contentUrl":"https:\/\/apuntesdesanluis.com\/wp-content\/uploads\/2023\/09\/ANCIANA.png","width":601,"height":330},{"@type":"BreadcrumbList","@id":"https:\/\/apuntesdesanluis.com\/index.php\/2023\/09\/26\/gracias-a-la-mediacion-un-grupo-de-hermanos-acordo-el-cuidado-compartido-de-sus-padres\/#breadcrumb","itemListElement":[{"@type":"ListItem","position":1,"name":"Inicio","item":"https:\/\/apuntesdesanluis.com\/"},{"@type":"ListItem","position":2,"name":"GRACIAS A LA MEDIACI\u00d3N, UN GRUPO DE HERMANOS ACORD\u00d3 EL CUIDADO COMPARTIDO DE SUS PADRES"}]},{"@type":"WebSite","@id":"https:\/\/apuntesdesanluis.com\/#website","url":"https:\/\/apuntesdesanluis.com\/","name":"Apuntes de San Luis","description":"","publisher":{"@id":"https:\/\/apuntesdesanluis.com\/#\/schema\/person\/b55151d52296fcce64d1a72538a70b90"},"potentialAction":[{"@type":"SearchAction","target":{"@type":"EntryPoint","urlTemplate":"https:\/\/apuntesdesanluis.com\/?s={search_term_string}"},"query-input":{"@type":"PropertyValueSpecification","valueRequired":true,"valueName":"search_term_string"}}],"inLanguage":"es-AR"},{"@type":["Person","Organization"],"@id":"https:\/\/apuntesdesanluis.com\/#\/schema\/person\/b55151d52296fcce64d1a72538a70b90","name":"apuntesdesanluis.com","image":{"@type":"ImageObject","inLanguage":"es-AR","@id":"https:\/\/apuntesdesanluis.com\/#\/schema\/person\/image\/","url":"https:\/\/apuntesdesanluis.com\/wp-content\/uploads\/2023\/07\/cropped-apuntesdesanluis.png","contentUrl":"https:\/\/apuntesdesanluis.com\/wp-content\/uploads\/2023\/07\/cropped-apuntesdesanluis.png","width":450,"height":112,"caption":"apuntesdesanluis.com"},"logo":{"@id":"https:\/\/apuntesdesanluis.com\/#\/schema\/person\/image\/"},"sameAs":["https:\/\/apuntesdesanluis.com"],"url":"https:\/\/apuntesdesanluis.com\/index.php\/author\/apuntesdesanluis-com\/"}]}},"featured_image_urls":{"full":["https:\/\/apuntesdesanluis.com\/wp-content\/uploads\/2023\/09\/ANCIANA.png",601,330,false],"thumbnail":["https:\/\/apuntesdesanluis.com\/wp-content\/uploads\/2023\/09\/ANCIANA-150x150.png",150,150,true],"medium":["https:\/\/apuntesdesanluis.com\/wp-content\/uploads\/2023\/09\/ANCIANA-300x165.png",300,165,true],"medium_large":["https:\/\/apuntesdesanluis.com\/wp-content\/uploads\/2023\/09\/ANCIANA.png",601,330,false],"large":["https:\/\/apuntesdesanluis.com\/wp-content\/uploads\/2023\/09\/ANCIANA.png",601,330,false],"1536x1536":["https:\/\/apuntesdesanluis.com\/wp-content\/uploads\/2023\/09\/ANCIANA.png",601,330,false],"2048x2048":["https:\/\/apuntesdesanluis.com\/wp-content\/uploads\/2023\/09\/ANCIANA.png",601,330,false],"newsever-slider-full":["https:\/\/apuntesdesanluis.com\/wp-content\/uploads\/2023\/09\/ANCIANA.png",601,330,false],"newsever-featured":["https:\/\/apuntesdesanluis.com\/wp-content\/uploads\/2023\/09\/ANCIANA.png",601,330,false],"newsever-medium":["https:\/\/apuntesdesanluis.com\/wp-content\/uploads\/2023\/09\/ANCIANA.png",601,330,false]},"author_info":{"display_name":"apuntesdesanluis.com","author_link":"https:\/\/apuntesdesanluis.com\/index.php\/author\/apuntesdesanluis-com\/"},"category_info":"<a href=\"https:\/\/apuntesdesanluis.com\/index.php\/category\/ciudad-provincia\/\" rel=\"category tag\">Ciudad\/Provincia<\/a>","tag_info":"Ciudad\/Provincia","comment_count":"0","_links":{"self":[{"href":"https:\/\/apuntesdesanluis.com\/index.php\/wp-json\/wp\/v2\/posts\/4072","targetHints":{"allow":["GET"]}}],"collection":[{"href":"https:\/\/apuntesdesanluis.com\/index.php\/wp-json\/wp\/v2\/posts"}],"about":[{"href":"https:\/\/apuntesdesanluis.com\/index.php\/wp-json\/wp\/v2\/types\/post"}],"author":[{"embeddable":true,"href":"https:\/\/apuntesdesanluis.com\/index.php\/wp-json\/wp\/v2\/users\/1"}],"replies":[{"embeddable":true,"href":"https:\/\/apuntesdesanluis.com\/index.php\/wp-json\/wp\/v2\/comments?post=4072"}],"version-history":[{"count":1,"href":"https:\/\/apuntesdesanluis.com\/index.php\/wp-json\/wp\/v2\/posts\/4072\/revisions"}],"predecessor-version":[{"id":4075,"href":"https:\/\/apuntesdesanluis.com\/index.php\/wp-json\/wp\/v2\/posts\/4072\/revisions\/4075"}],"wp:featuredmedia":[{"embeddable":true,"href":"https:\/\/apuntesdesanluis.com\/index.php\/wp-json\/wp\/v2\/media\/4074"}],"wp:attachment":[{"href":"https:\/\/apuntesdesanluis.com\/index.php\/wp-json\/wp\/v2\/media?parent=4072"}],"wp:term":[{"taxonomy":"category","embeddable":true,"href":"https:\/\/apuntesdesanluis.com\/index.php\/wp-json\/wp\/v2\/categories?post=4072"},{"taxonomy":"post_tag","embeddable":true,"href":"https:\/\/apuntesdesanluis.com\/index.php\/wp-json\/wp\/v2\/tags?post=4072"}],"curies":[{"name":"wp","href":"https:\/\/api.w.org\/{rel}","templated":true}]}}