{"id":409,"date":"2023-07-26T01:58:32","date_gmt":"2023-07-26T04:58:32","guid":{"rendered":"https:\/\/apuntesdesanluis.com\/?p=409"},"modified":"2023-07-26T02:37:27","modified_gmt":"2023-07-26T05:37:27","slug":"el-senado-aprobo-engordar-las-camaras-de-diputados-y-senadores","status":"publish","type":"post","link":"https:\/\/apuntesdesanluis.com\/index.php\/2023\/07\/26\/el-senado-aprobo-engordar-las-camaras-de-diputados-y-senadores\/","title":{"rendered":"EL SENADO APROB\u00d3 \u201cENGORDAR\u201d LAS C\u00c1MARAS DE DIPUTADOS Y SENADORES"},"content":{"rendered":"<h3>Presidida por el Vicegobernador <strong>Eduardo Mones Ruiz (h)<\/strong>, el Senado de la provincia aprob\u00f3 por mayor\u00eda \u2013en tiempo r\u00e9cord, dado que ingres\u00f3 el lunes- el Proyecto de Ley <strong>Estructura Funcional de la C\u00e1mara de Senadores y de la C\u00e1mara de Diputados de la provincia de San Luis<\/strong>, por el cual se crean no menos de 50 nuevos cargos pol\u00edticos. Tras la media sanci\u00f3n, pas\u00f3 a la C\u00e1mara Baja para que le d\u00e9 tratamiento y aprobaci\u00f3n definitiva.<\/h3>\n<h3>La iniciativa se funda \u201cen la necesidad de revisi\u00f3n y actualizaci\u00f3n&#8221; de la citada estructura, &#8220;con el objeto de mejorarla y fortalecer la tarea legislativa de ambas C\u00e1maras\u201d.<\/h3>\n<h3>La gacetilla de prensa de los senadores del PJ indica que \u201cse establece en el presente proyecto de Ley, una serie de beneficios teniendo en cuenta el contexto econ\u00f3mico; con la recategorizaci\u00f3n de los empleados con cinco a\u00f1os o m\u00e1s de antig\u00fcedad, el pase a pase a planta permanente con m\u00e1s de tres meses de contratados y la adhesi\u00f3n a los aumentos que otorgue el Poder Ejecutivo. Tambi\u00e9n el proyecto de ley se refiere a los cargos pol\u00edticos con permanencia y transitorios\u201d.<\/h3>\n<h3>En la pr\u00e1ctica, seg\u00fan informa el sitio <strong>depol\u00edtica.com.ar<\/strong>, el proyecto de ley \u201ccrea nuevos cargos en el \u00e1mbito de la C\u00e1mara de Diputados y de la C\u00e1mara de Senadores de la provincia. Son un 38% m\u00e1s de cargos en el Senado, un 43% m\u00e1s en Diputados y otros 50 cargos de directores de Comisi\u00f3n en ambas c\u00e1maras\u201d. Se estima que el costo anual de la nueva carga salarial superar\u00e1 los 450 millones de pesos.<\/h3>\n<h3>Otro proyecto que pas\u00f3 a comisi\u00f3n modifica el \u201cPresupuesto General de Gastos y C\u00e1lculos de Recursos de la Administraci\u00f3n Provincial en el a\u00f1o 2023\u201d, lo cual se constituye en un cheque en blanco para nuevos nombramientos por parte del gobierno provincial.<\/h3>\n<h3>Por otro lado, modifica la constituci\u00f3n y estructura de la Universidad Provincial de Oficios UPRO -art\u00edculos de la Ley N\u00b0 II-0879-2014- asign\u00e1ndoles seis veces m\u00e1s de presupuesto (como m\u00ednimo el 3,5% de los recursos fiscales de la Provincia) y le reserva al gobernador la posibilidad de nombrar en esos cargos a funcionarios y dirigentes del oficialismo provincial. (Ver nota aparte)<\/h3>\n","protected":false},"excerpt":{"rendered":"<p>Presidida por el Vicegobernador Eduardo Mones Ruiz (h), el Senado de la provincia aprob\u00f3 por&#8230;<\/p>\n","protected":false},"author":1,"featured_media":410,"comment_status":"closed","ping_status":"closed","sticky":false,"template":"","format":"standard","meta":{"footnotes":""},"categories":[6],"tags":[],"class_list":["post-409","post","type-post","status-publish","format-standard","has-post-thumbnail","hentry","category-ciudad-provincia"],"yoast_head":"<!-- This site is optimized with the Yoast SEO plugin v26.1.1 - https:\/\/yoast.com\/wordpress\/plugins\/seo\/ -->\n<title>EL SENADO APROB\u00d3 \u201cENGORDAR\u201d LAS C\u00c1MARAS DE DIPUTADOS Y SENADORES - Apuntes de San Luis<\/title>\n<meta name=\"robots\" content=\"index, follow, max-snippet:-1, max-image-preview:large, max-video-preview:-1\" \/>\n<link rel=\"canonical\" href=\"https:\/\/apuntesdesanluis.com\/index.php\/2023\/07\/26\/el-senado-aprobo-engordar-las-camaras-de-diputados-y-senadores\/\" \/>\n<meta property=\"og:locale\" content=\"es_ES\" \/>\n<meta property=\"og:type\" content=\"article\" \/>\n<meta property=\"og:title\" content=\"EL SENADO APROB\u00d3 \u201cENGORDAR\u201d LAS C\u00c1MARAS DE DIPUTADOS Y SENADORES - Apuntes de San Luis\" \/>\n<meta property=\"og:description\" content=\"Presidida por el Vicegobernador Eduardo Mones Ruiz (h), el Senado de la provincia aprob\u00f3 por...\" \/>\n<meta property=\"og:url\" content=\"https:\/\/apuntesdesanluis.com\/index.php\/2023\/07\/26\/el-senado-aprobo-engordar-las-camaras-de-diputados-y-senadores\/\" \/>\n<meta property=\"og:site_name\" content=\"Apuntes de San Luis\" \/>\n<meta property=\"article:published_time\" content=\"2023-07-26T04:58:32+00:00\" \/>\n<meta property=\"article:modified_time\" content=\"2023-07-26T05:37:27+00:00\" \/>\n<meta property=\"og:image\" content=\"https:\/\/apuntesdesanluis.com\/wp-content\/uploads\/2023\/07\/mones-ruiz-senado.jpg\" \/>\n\t<meta property=\"og:image:width\" content=\"547\" \/>\n\t<meta property=\"og:image:height\" content=\"348\" \/>\n\t<meta property=\"og:image:type\" content=\"image\/jpeg\" \/>\n<meta name=\"author\" content=\"apuntesdesanluis.com\" \/>\n<meta name=\"twitter:card\" content=\"summary_large_image\" \/>\n<meta name=\"twitter:label1\" content=\"Escrito por\" \/>\n\t<meta name=\"twitter:data1\" content=\"apuntesdesanluis.com\" \/>\n\t<meta name=\"twitter:label2\" content=\"Tiempo de lectura\" \/>\n\t<meta name=\"twitter:data2\" content=\"2 minutos\" \/>\n<script type=\"application\/ld+json\" class=\"yoast-schema-graph\">{\"@context\":\"https:\/\/schema.org\",\"@graph\":[{\"@type\":\"Article\",\"@id\":\"https:\/\/apuntesdesanluis.com\/index.php\/2023\/07\/26\/el-senado-aprobo-engordar-las-camaras-de-diputados-y-senadores\/#article\",\"isPartOf\":{\"@id\":\"https:\/\/apuntesdesanluis.com\/index.php\/2023\/07\/26\/el-senado-aprobo-engordar-las-camaras-de-diputados-y-senadores\/\"},\"author\":{\"name\":\"apuntesdesanluis.com\",\"@id\":\"https:\/\/apuntesdesanluis.com\/#\/schema\/person\/b55151d52296fcce64d1a72538a70b90\"},\"headline\":\"EL SENADO APROB\u00d3 \u201cENGORDAR\u201d LAS C\u00c1MARAS DE DIPUTADOS Y SENADORES\",\"datePublished\":\"2023-07-26T04:58:32+00:00\",\"dateModified\":\"2023-07-26T05:37:27+00:00\",\"mainEntityOfPage\":{\"@id\":\"https:\/\/apuntesdesanluis.com\/index.php\/2023\/07\/26\/el-senado-aprobo-engordar-las-camaras-de-diputados-y-senadores\/\"},\"wordCount\":407,\"publisher\":{\"@id\":\"https:\/\/apuntesdesanluis.com\/#\/schema\/person\/b55151d52296fcce64d1a72538a70b90\"},\"image\":{\"@id\":\"https:\/\/apuntesdesanluis.com\/index.php\/2023\/07\/26\/el-senado-aprobo-engordar-las-camaras-de-diputados-y-senadores\/#primaryimage\"},\"thumbnailUrl\":\"https:\/\/apuntesdesanluis.com\/wp-content\/uploads\/2023\/07\/mones-ruiz-senado.jpg\",\"articleSection\":[\"Ciudad\/Provincia\"],\"inLanguage\":\"es-AR\"},{\"@type\":\"WebPage\",\"@id\":\"https:\/\/apuntesdesanluis.com\/index.php\/2023\/07\/26\/el-senado-aprobo-engordar-las-camaras-de-diputados-y-senadores\/\",\"url\":\"https:\/\/apuntesdesanluis.com\/index.php\/2023\/07\/26\/el-senado-aprobo-engordar-las-camaras-de-diputados-y-senadores\/\",\"name\":\"EL SENADO APROB\u00d3 \u201cENGORDAR\u201d LAS C\u00c1MARAS DE DIPUTADOS Y SENADORES - Apuntes de San Luis\",\"isPartOf\":{\"@id\":\"https:\/\/apuntesdesanluis.com\/#website\"},\"primaryImageOfPage\":{\"@id\":\"https:\/\/apuntesdesanluis.com\/index.php\/2023\/07\/26\/el-senado-aprobo-engordar-las-camaras-de-diputados-y-senadores\/#primaryimage\"},\"image\":{\"@id\":\"https:\/\/apuntesdesanluis.com\/index.php\/2023\/07\/26\/el-senado-aprobo-engordar-las-camaras-de-diputados-y-senadores\/#primaryimage\"},\"thumbnailUrl\":\"https:\/\/apuntesdesanluis.com\/wp-content\/uploads\/2023\/07\/mones-ruiz-senado.jpg\",\"datePublished\":\"2023-07-26T04:58:32+00:00\",\"dateModified\":\"2023-07-26T05:37:27+00:00\",\"breadcrumb\":{\"@id\":\"https:\/\/apuntesdesanluis.com\/index.php\/2023\/07\/26\/el-senado-aprobo-engordar-las-camaras-de-diputados-y-senadores\/#breadcrumb\"},\"inLanguage\":\"es-AR\",\"potentialAction\":[{\"@type\":\"ReadAction\",\"target\":[\"https:\/\/apuntesdesanluis.com\/index.php\/2023\/07\/26\/el-senado-aprobo-engordar-las-camaras-de-diputados-y-senadores\/\"]}]},{\"@type\":\"ImageObject\",\"inLanguage\":\"es-AR\",\"@id\":\"https:\/\/apuntesdesanluis.com\/index.php\/2023\/07\/26\/el-senado-aprobo-engordar-las-camaras-de-diputados-y-senadores\/#primaryimage\",\"url\":\"https:\/\/apuntesdesanluis.com\/wp-content\/uploads\/2023\/07\/mones-ruiz-senado.jpg\",\"contentUrl\":\"https:\/\/apuntesdesanluis.com\/wp-content\/uploads\/2023\/07\/mones-ruiz-senado.jpg\",\"width\":547,\"height\":348},{\"@type\":\"BreadcrumbList\",\"@id\":\"https:\/\/apuntesdesanluis.com\/index.php\/2023\/07\/26\/el-senado-aprobo-engordar-las-camaras-de-diputados-y-senadores\/#breadcrumb\",\"itemListElement\":[{\"@type\":\"ListItem\",\"position\":1,\"name\":\"Inicio\",\"item\":\"https:\/\/apuntesdesanluis.com\/\"},{\"@type\":\"ListItem\",\"position\":2,\"name\":\"EL SENADO APROB\u00d3 \u201cENGORDAR\u201d LAS C\u00c1MARAS DE DIPUTADOS Y SENADORES\"}]},{\"@type\":\"WebSite\",\"@id\":\"https:\/\/apuntesdesanluis.com\/#website\",\"url\":\"https:\/\/apuntesdesanluis.com\/\",\"name\":\"Apuntes de San Luis\",\"description\":\"\",\"publisher\":{\"@id\":\"https:\/\/apuntesdesanluis.com\/#\/schema\/person\/b55151d52296fcce64d1a72538a70b90\"},\"potentialAction\":[{\"@type\":\"SearchAction\",\"target\":{\"@type\":\"EntryPoint\",\"urlTemplate\":\"https:\/\/apuntesdesanluis.com\/?s={search_term_string}\"},\"query-input\":{\"@type\":\"PropertyValueSpecification\",\"valueRequired\":true,\"valueName\":\"search_term_string\"}}],\"inLanguage\":\"es-AR\"},{\"@type\":[\"Person\",\"Organization\"],\"@id\":\"https:\/\/apuntesdesanluis.com\/#\/schema\/person\/b55151d52296fcce64d1a72538a70b90\",\"name\":\"apuntesdesanluis.com\",\"image\":{\"@type\":\"ImageObject\",\"inLanguage\":\"es-AR\",\"@id\":\"https:\/\/apuntesdesanluis.com\/#\/schema\/person\/image\/\",\"url\":\"https:\/\/apuntesdesanluis.com\/wp-content\/uploads\/2023\/07\/cropped-apuntesdesanluis.png\",\"contentUrl\":\"https:\/\/apuntesdesanluis.com\/wp-content\/uploads\/2023\/07\/cropped-apuntesdesanluis.png\",\"width\":450,\"height\":112,\"caption\":\"apuntesdesanluis.com\"},\"logo\":{\"@id\":\"https:\/\/apuntesdesanluis.com\/#\/schema\/person\/image\/\"},\"sameAs\":[\"https:\/\/apuntesdesanluis.com\"],\"url\":\"https:\/\/apuntesdesanluis.com\/index.php\/author\/apuntesdesanluis-com\/\"}]}<\/script>\n<!-- \/ Yoast SEO plugin. -->","yoast_head_json":{"title":"EL SENADO APROB\u00d3 \u201cENGORDAR\u201d LAS C\u00c1MARAS DE DIPUTADOS Y SENADORES - Apuntes de San Luis","robots":{"index":"index","follow":"follow","max-snippet":"max-snippet:-1","max-image-preview":"max-image-preview:large","max-video-preview":"max-video-preview:-1"},"canonical":"https:\/\/apuntesdesanluis.com\/index.php\/2023\/07\/26\/el-senado-aprobo-engordar-las-camaras-de-diputados-y-senadores\/","og_locale":"es_ES","og_type":"article","og_title":"EL SENADO APROB\u00d3 \u201cENGORDAR\u201d LAS C\u00c1MARAS DE DIPUTADOS Y SENADORES - Apuntes de San Luis","og_description":"Presidida por el Vicegobernador Eduardo Mones Ruiz (h), el Senado de la provincia aprob\u00f3 por...","og_url":"https:\/\/apuntesdesanluis.com\/index.php\/2023\/07\/26\/el-senado-aprobo-engordar-las-camaras-de-diputados-y-senadores\/","og_site_name":"Apuntes de San Luis","article_published_time":"2023-07-26T04:58:32+00:00","article_modified_time":"2023-07-26T05:37:27+00:00","og_image":[{"width":547,"height":348,"url":"https:\/\/apuntesdesanluis.com\/wp-content\/uploads\/2023\/07\/mones-ruiz-senado.jpg","type":"image\/jpeg"}],"author":"apuntesdesanluis.com","twitter_card":"summary_large_image","twitter_misc":{"Escrito por":"apuntesdesanluis.com","Tiempo de lectura":"2 minutos"},"schema":{"@context":"https:\/\/schema.org","@graph":[{"@type":"Article","@id":"https:\/\/apuntesdesanluis.com\/index.php\/2023\/07\/26\/el-senado-aprobo-engordar-las-camaras-de-diputados-y-senadores\/#article","isPartOf":{"@id":"https:\/\/apuntesdesanluis.com\/index.php\/2023\/07\/26\/el-senado-aprobo-engordar-las-camaras-de-diputados-y-senadores\/"},"author":{"name":"apuntesdesanluis.com","@id":"https:\/\/apuntesdesanluis.com\/#\/schema\/person\/b55151d52296fcce64d1a72538a70b90"},"headline":"EL SENADO APROB\u00d3 \u201cENGORDAR\u201d LAS C\u00c1MARAS DE DIPUTADOS Y SENADORES","datePublished":"2023-07-26T04:58:32+00:00","dateModified":"2023-07-26T05:37:27+00:00","mainEntityOfPage":{"@id":"https:\/\/apuntesdesanluis.com\/index.php\/2023\/07\/26\/el-senado-aprobo-engordar-las-camaras-de-diputados-y-senadores\/"},"wordCount":407,"publisher":{"@id":"https:\/\/apuntesdesanluis.com\/#\/schema\/person\/b55151d52296fcce64d1a72538a70b90"},"image":{"@id":"https:\/\/apuntesdesanluis.com\/index.php\/2023\/07\/26\/el-senado-aprobo-engordar-las-camaras-de-diputados-y-senadores\/#primaryimage"},"thumbnailUrl":"https:\/\/apuntesdesanluis.com\/wp-content\/uploads\/2023\/07\/mones-ruiz-senado.jpg","articleSection":["Ciudad\/Provincia"],"inLanguage":"es-AR"},{"@type":"WebPage","@id":"https:\/\/apuntesdesanluis.com\/index.php\/2023\/07\/26\/el-senado-aprobo-engordar-las-camaras-de-diputados-y-senadores\/","url":"https:\/\/apuntesdesanluis.com\/index.php\/2023\/07\/26\/el-senado-aprobo-engordar-las-camaras-de-diputados-y-senadores\/","name":"EL SENADO APROB\u00d3 \u201cENGORDAR\u201d LAS C\u00c1MARAS DE DIPUTADOS Y SENADORES - Apuntes de San Luis","isPartOf":{"@id":"https:\/\/apuntesdesanluis.com\/#website"},"primaryImageOfPage":{"@id":"https:\/\/apuntesdesanluis.com\/index.php\/2023\/07\/26\/el-senado-aprobo-engordar-las-camaras-de-diputados-y-senadores\/#primaryimage"},"image":{"@id":"https:\/\/apuntesdesanluis.com\/index.php\/2023\/07\/26\/el-senado-aprobo-engordar-las-camaras-de-diputados-y-senadores\/#primaryimage"},"thumbnailUrl":"https:\/\/apuntesdesanluis.com\/wp-content\/uploads\/2023\/07\/mones-ruiz-senado.jpg","datePublished":"2023-07-26T04:58:32+00:00","dateModified":"2023-07-26T05:37:27+00:00","breadcrumb":{"@id":"https:\/\/apuntesdesanluis.com\/index.php\/2023\/07\/26\/el-senado-aprobo-engordar-las-camaras-de-diputados-y-senadores\/#breadcrumb"},"inLanguage":"es-AR","potentialAction":[{"@type":"ReadAction","target":["https:\/\/apuntesdesanluis.com\/index.php\/2023\/07\/26\/el-senado-aprobo-engordar-las-camaras-de-diputados-y-senadores\/"]}]},{"@type":"ImageObject","inLanguage":"es-AR","@id":"https:\/\/apuntesdesanluis.com\/index.php\/2023\/07\/26\/el-senado-aprobo-engordar-las-camaras-de-diputados-y-senadores\/#primaryimage","url":"https:\/\/apuntesdesanluis.com\/wp-content\/uploads\/2023\/07\/mones-ruiz-senado.jpg","contentUrl":"https:\/\/apuntesdesanluis.com\/wp-content\/uploads\/2023\/07\/mones-ruiz-senado.jpg","width":547,"height":348},{"@type":"BreadcrumbList","@id":"https:\/\/apuntesdesanluis.com\/index.php\/2023\/07\/26\/el-senado-aprobo-engordar-las-camaras-de-diputados-y-senadores\/#breadcrumb","itemListElement":[{"@type":"ListItem","position":1,"name":"Inicio","item":"https:\/\/apuntesdesanluis.com\/"},{"@type":"ListItem","position":2,"name":"EL SENADO APROB\u00d3 \u201cENGORDAR\u201d LAS C\u00c1MARAS DE DIPUTADOS Y SENADORES"}]},{"@type":"WebSite","@id":"https:\/\/apuntesdesanluis.com\/#website","url":"https:\/\/apuntesdesanluis.com\/","name":"Apuntes de San Luis","description":"","publisher":{"@id":"https:\/\/apuntesdesanluis.com\/#\/schema\/person\/b55151d52296fcce64d1a72538a70b90"},"potentialAction":[{"@type":"SearchAction","target":{"@type":"EntryPoint","urlTemplate":"https:\/\/apuntesdesanluis.com\/?s={search_term_string}"},"query-input":{"@type":"PropertyValueSpecification","valueRequired":true,"valueName":"search_term_string"}}],"inLanguage":"es-AR"},{"@type":["Person","Organization"],"@id":"https:\/\/apuntesdesanluis.com\/#\/schema\/person\/b55151d52296fcce64d1a72538a70b90","name":"apuntesdesanluis.com","image":{"@type":"ImageObject","inLanguage":"es-AR","@id":"https:\/\/apuntesdesanluis.com\/#\/schema\/person\/image\/","url":"https:\/\/apuntesdesanluis.com\/wp-content\/uploads\/2023\/07\/cropped-apuntesdesanluis.png","contentUrl":"https:\/\/apuntesdesanluis.com\/wp-content\/uploads\/2023\/07\/cropped-apuntesdesanluis.png","width":450,"height":112,"caption":"apuntesdesanluis.com"},"logo":{"@id":"https:\/\/apuntesdesanluis.com\/#\/schema\/person\/image\/"},"sameAs":["https:\/\/apuntesdesanluis.com"],"url":"https:\/\/apuntesdesanluis.com\/index.php\/author\/apuntesdesanluis-com\/"}]}},"featured_image_urls":{"full":["https:\/\/apuntesdesanluis.com\/wp-content\/uploads\/2023\/07\/mones-ruiz-senado.jpg",547,348,false],"thumbnail":["https:\/\/apuntesdesanluis.com\/wp-content\/uploads\/2023\/07\/mones-ruiz-senado-150x150.jpg",150,150,true],"medium":["https:\/\/apuntesdesanluis.com\/wp-content\/uploads\/2023\/07\/mones-ruiz-senado-300x191.jpg",300,191,true],"medium_large":["https:\/\/apuntesdesanluis.com\/wp-content\/uploads\/2023\/07\/mones-ruiz-senado.jpg",547,348,false],"large":["https:\/\/apuntesdesanluis.com\/wp-content\/uploads\/2023\/07\/mones-ruiz-senado.jpg",547,348,false],"1536x1536":["https:\/\/apuntesdesanluis.com\/wp-content\/uploads\/2023\/07\/mones-ruiz-senado.jpg",547,348,false],"2048x2048":["https:\/\/apuntesdesanluis.com\/wp-content\/uploads\/2023\/07\/mones-ruiz-senado.jpg",547,348,false],"newsever-slider-full":["https:\/\/apuntesdesanluis.com\/wp-content\/uploads\/2023\/07\/mones-ruiz-senado.jpg",547,348,false],"newsever-featured":["https:\/\/apuntesdesanluis.com\/wp-content\/uploads\/2023\/07\/mones-ruiz-senado.jpg",547,348,false],"newsever-medium":["https:\/\/apuntesdesanluis.com\/wp-content\/uploads\/2023\/07\/mones-ruiz-senado.jpg",547,348,false]},"author_info":{"display_name":"apuntesdesanluis.com","author_link":"https:\/\/apuntesdesanluis.com\/index.php\/author\/apuntesdesanluis-com\/"},"category_info":"<a href=\"https:\/\/apuntesdesanluis.com\/index.php\/category\/ciudad-provincia\/\" rel=\"category tag\">Ciudad\/Provincia<\/a>","tag_info":"Ciudad\/Provincia","comment_count":"0","_links":{"self":[{"href":"https:\/\/apuntesdesanluis.com\/index.php\/wp-json\/wp\/v2\/posts\/409","targetHints":{"allow":["GET"]}}],"collection":[{"href":"https:\/\/apuntesdesanluis.com\/index.php\/wp-json\/wp\/v2\/posts"}],"about":[{"href":"https:\/\/apuntesdesanluis.com\/index.php\/wp-json\/wp\/v2\/types\/post"}],"author":[{"embeddable":true,"href":"https:\/\/apuntesdesanluis.com\/index.php\/wp-json\/wp\/v2\/users\/1"}],"replies":[{"embeddable":true,"href":"https:\/\/apuntesdesanluis.com\/index.php\/wp-json\/wp\/v2\/comments?post=409"}],"version-history":[{"count":3,"href":"https:\/\/apuntesdesanluis.com\/index.php\/wp-json\/wp\/v2\/posts\/409\/revisions"}],"predecessor-version":[{"id":417,"href":"https:\/\/apuntesdesanluis.com\/index.php\/wp-json\/wp\/v2\/posts\/409\/revisions\/417"}],"wp:featuredmedia":[{"embeddable":true,"href":"https:\/\/apuntesdesanluis.com\/index.php\/wp-json\/wp\/v2\/media\/410"}],"wp:attachment":[{"href":"https:\/\/apuntesdesanluis.com\/index.php\/wp-json\/wp\/v2\/media?parent=409"}],"wp:term":[{"taxonomy":"category","embeddable":true,"href":"https:\/\/apuntesdesanluis.com\/index.php\/wp-json\/wp\/v2\/categories?post=409"},{"taxonomy":"post_tag","embeddable":true,"href":"https:\/\/apuntesdesanluis.com\/index.php\/wp-json\/wp\/v2\/tags?post=409"}],"curies":[{"name":"wp","href":"https:\/\/api.w.org\/{rel}","templated":true}]}}