{"id":4098,"date":"2023-09-26T18:24:08","date_gmt":"2023-09-26T21:24:08","guid":{"rendered":"https:\/\/apuntesdesanluis.com\/?p=4098"},"modified":"2023-09-26T18:27:02","modified_gmt":"2023-09-26T21:27:02","slug":"upro-global-firmara-su-primer-acuerdo-internacional","status":"publish","type":"post","link":"https:\/\/apuntesdesanluis.com\/index.php\/2023\/09\/26\/upro-global-firmara-su-primer-acuerdo-internacional\/","title":{"rendered":"UPRO GLOBAL FIRMAR\u00c1 SU PRIMER ACUERDO INTERNACIONAL"},"content":{"rendered":"<h3>Este mi\u00e9rcoles 27 de septiembre a las 12:00, el rector de la Universidad Provincial de Oficios,<strong> Joaqu\u00edn Surroca<\/strong>, y el director general de IFSE Italia, <strong>Raffaele Trovato<\/strong>, firmar\u00e1n un convenio de intercambio relacionado a alumnos y egresados de Cocina Internacional y Gerenciamiento Gastron\u00f3mico, marcando el hito de ser la primera incursi\u00f3n de la universidad de oficios en el plano mundial.<\/h3>\n<h3>La Italian Food Style Education es la \u00fanica escuela reconocida como de excelencia educativa por el secretariado general de la Rep\u00fablica de Italia y es la m\u00e1s innovadora escuela de alta cocina y pasteler\u00eda peninsular. Actualmente tiene firmados acuerdos con m\u00e1s de 30 pa\u00edses y en Argentina, UPrO ser\u00e1 su primera referencia.<\/h3>\n<p><img fetchpriority=\"high\" decoding=\"async\" class=\"wp-image-4102 aligncenter\" src=\"https:\/\/apuntesdesanluis.com\/wp-content\/uploads\/2023\/09\/cocina-de-upro-300x177.png\" alt=\"\" width=\"764\" height=\"451\" srcset=\"https:\/\/apuntesdesanluis.com\/wp-content\/uploads\/2023\/09\/cocina-de-upro-300x177.png 300w, https:\/\/apuntesdesanluis.com\/wp-content\/uploads\/2023\/09\/cocina-de-upro.png 600w\" sizes=\"(max-width: 764px) 100vw, 764px\" \/><\/p>\n<h3>\u201cTrabajaremos en un intercambio de experiencias y vamos a planificar para que nuestros estudiantes, egresados e instructores a futuro puedan realizar los intercambios. La especializaci\u00f3n en los cursos de Cocina Internacional es un valor agregado que tendr\u00e1n los integrantes de nuestra universidad, en este caso, ser\u00e1 en cocina italiana y de la mano de los mejores. IFSE tiene prestigio mundial\u201d, coment\u00f3 Joaqu\u00edn Surroca.<\/h3>\n<h3>La firma del acuerdo se llevar\u00e1 a cabo en la sala de reuniones de la nave t\u00e9cnica y contar\u00e1 con la presencia de las autoridades universitarias y el plantel t\u00e9cnico de los cursos de Cocina Internacional y Gerenciamiento Gastron\u00f3mico.<\/h3>\n<h3>Surroca finaliz\u00f3: \u201cEste es el primero de una serie de acuerdos internacionales. En los pr\u00f3ximos d\u00edas, cerraremos con una importante instituci\u00f3n espa\u00f1ola\u201d.<\/h3>\n<p>&nbsp;<\/p>\n<p>&nbsp;<\/p>\n<p>&nbsp;<\/p>\n","protected":false},"excerpt":{"rendered":"<p>Este mi\u00e9rcoles 27 de septiembre a las 12:00, el rector de la Universidad Provincial de&#8230;<\/p>\n","protected":false},"author":1,"featured_media":4099,"comment_status":"closed","ping_status":"closed","sticky":false,"template":"","format":"standard","meta":{"footnotes":""},"categories":[6],"tags":[],"class_list":["post-4098","post","type-post","status-publish","format-standard","has-post-thumbnail","hentry","category-ciudad-provincia"],"yoast_head":"<!-- This site is optimized with the Yoast SEO plugin v26.1.1 - https:\/\/yoast.com\/wordpress\/plugins\/seo\/ -->\n<title>UPRO GLOBAL FIRMAR\u00c1 SU PRIMER ACUERDO INTERNACIONAL - Apuntes de San Luis<\/title>\n<meta name=\"robots\" content=\"index, follow, max-snippet:-1, max-image-preview:large, max-video-preview:-1\" \/>\n<link rel=\"canonical\" href=\"https:\/\/apuntesdesanluis.com\/index.php\/2023\/09\/26\/upro-global-firmara-su-primer-acuerdo-internacional\/\" \/>\n<meta property=\"og:locale\" content=\"es_ES\" \/>\n<meta property=\"og:type\" content=\"article\" \/>\n<meta property=\"og:title\" content=\"UPRO GLOBAL FIRMAR\u00c1 SU PRIMER ACUERDO INTERNACIONAL - Apuntes de San Luis\" \/>\n<meta property=\"og:description\" content=\"Este mi\u00e9rcoles 27 de septiembre a las 12:00, el rector de la Universidad Provincial de...\" \/>\n<meta property=\"og:url\" content=\"https:\/\/apuntesdesanluis.com\/index.php\/2023\/09\/26\/upro-global-firmara-su-primer-acuerdo-internacional\/\" \/>\n<meta property=\"og:site_name\" content=\"Apuntes de San Luis\" \/>\n<meta property=\"article:published_time\" content=\"2023-09-26T21:24:08+00:00\" \/>\n<meta property=\"article:modified_time\" content=\"2023-09-26T21:27:02+00:00\" \/>\n<meta property=\"og:image\" content=\"https:\/\/apuntesdesanluis.com\/wp-content\/uploads\/2023\/09\/UPRO-GLOBAL.png\" \/>\n\t<meta property=\"og:image:width\" content=\"745\" \/>\n\t<meta property=\"og:image:height\" content=\"469\" \/>\n\t<meta property=\"og:image:type\" content=\"image\/png\" \/>\n<meta name=\"author\" content=\"apuntesdesanluis.com\" \/>\n<meta name=\"twitter:card\" content=\"summary_large_image\" \/>\n<meta name=\"twitter:label1\" content=\"Escrito por\" \/>\n\t<meta name=\"twitter:data1\" content=\"apuntesdesanluis.com\" \/>\n\t<meta name=\"twitter:label2\" content=\"Tiempo de lectura\" \/>\n\t<meta name=\"twitter:data2\" content=\"2 minutos\" \/>\n<script type=\"application\/ld+json\" class=\"yoast-schema-graph\">{\"@context\":\"https:\/\/schema.org\",\"@graph\":[{\"@type\":\"Article\",\"@id\":\"https:\/\/apuntesdesanluis.com\/index.php\/2023\/09\/26\/upro-global-firmara-su-primer-acuerdo-internacional\/#article\",\"isPartOf\":{\"@id\":\"https:\/\/apuntesdesanluis.com\/index.php\/2023\/09\/26\/upro-global-firmara-su-primer-acuerdo-internacional\/\"},\"author\":{\"name\":\"apuntesdesanluis.com\",\"@id\":\"https:\/\/apuntesdesanluis.com\/#\/schema\/person\/b55151d52296fcce64d1a72538a70b90\"},\"headline\":\"UPRO GLOBAL FIRMAR\u00c1 SU PRIMER ACUERDO INTERNACIONAL\",\"datePublished\":\"2023-09-26T21:24:08+00:00\",\"dateModified\":\"2023-09-26T21:27:02+00:00\",\"mainEntityOfPage\":{\"@id\":\"https:\/\/apuntesdesanluis.com\/index.php\/2023\/09\/26\/upro-global-firmara-su-primer-acuerdo-internacional\/\"},\"wordCount\":263,\"publisher\":{\"@id\":\"https:\/\/apuntesdesanluis.com\/#\/schema\/person\/b55151d52296fcce64d1a72538a70b90\"},\"image\":{\"@id\":\"https:\/\/apuntesdesanluis.com\/index.php\/2023\/09\/26\/upro-global-firmara-su-primer-acuerdo-internacional\/#primaryimage\"},\"thumbnailUrl\":\"https:\/\/apuntesdesanluis.com\/wp-content\/uploads\/2023\/09\/UPRO-GLOBAL.png\",\"articleSection\":[\"Ciudad\/Provincia\"],\"inLanguage\":\"es-AR\"},{\"@type\":\"WebPage\",\"@id\":\"https:\/\/apuntesdesanluis.com\/index.php\/2023\/09\/26\/upro-global-firmara-su-primer-acuerdo-internacional\/\",\"url\":\"https:\/\/apuntesdesanluis.com\/index.php\/2023\/09\/26\/upro-global-firmara-su-primer-acuerdo-internacional\/\",\"name\":\"UPRO GLOBAL FIRMAR\u00c1 SU PRIMER ACUERDO INTERNACIONAL - Apuntes de San Luis\",\"isPartOf\":{\"@id\":\"https:\/\/apuntesdesanluis.com\/#website\"},\"primaryImageOfPage\":{\"@id\":\"https:\/\/apuntesdesanluis.com\/index.php\/2023\/09\/26\/upro-global-firmara-su-primer-acuerdo-internacional\/#primaryimage\"},\"image\":{\"@id\":\"https:\/\/apuntesdesanluis.com\/index.php\/2023\/09\/26\/upro-global-firmara-su-primer-acuerdo-internacional\/#primaryimage\"},\"thumbnailUrl\":\"https:\/\/apuntesdesanluis.com\/wp-content\/uploads\/2023\/09\/UPRO-GLOBAL.png\",\"datePublished\":\"2023-09-26T21:24:08+00:00\",\"dateModified\":\"2023-09-26T21:27:02+00:00\",\"breadcrumb\":{\"@id\":\"https:\/\/apuntesdesanluis.com\/index.php\/2023\/09\/26\/upro-global-firmara-su-primer-acuerdo-internacional\/#breadcrumb\"},\"inLanguage\":\"es-AR\",\"potentialAction\":[{\"@type\":\"ReadAction\",\"target\":[\"https:\/\/apuntesdesanluis.com\/index.php\/2023\/09\/26\/upro-global-firmara-su-primer-acuerdo-internacional\/\"]}]},{\"@type\":\"ImageObject\",\"inLanguage\":\"es-AR\",\"@id\":\"https:\/\/apuntesdesanluis.com\/index.php\/2023\/09\/26\/upro-global-firmara-su-primer-acuerdo-internacional\/#primaryimage\",\"url\":\"https:\/\/apuntesdesanluis.com\/wp-content\/uploads\/2023\/09\/UPRO-GLOBAL.png\",\"contentUrl\":\"https:\/\/apuntesdesanluis.com\/wp-content\/uploads\/2023\/09\/UPRO-GLOBAL.png\",\"width\":745,\"height\":469},{\"@type\":\"BreadcrumbList\",\"@id\":\"https:\/\/apuntesdesanluis.com\/index.php\/2023\/09\/26\/upro-global-firmara-su-primer-acuerdo-internacional\/#breadcrumb\",\"itemListElement\":[{\"@type\":\"ListItem\",\"position\":1,\"name\":\"Inicio\",\"item\":\"https:\/\/apuntesdesanluis.com\/\"},{\"@type\":\"ListItem\",\"position\":2,\"name\":\"UPRO GLOBAL FIRMAR\u00c1 SU PRIMER ACUERDO INTERNACIONAL\"}]},{\"@type\":\"WebSite\",\"@id\":\"https:\/\/apuntesdesanluis.com\/#website\",\"url\":\"https:\/\/apuntesdesanluis.com\/\",\"name\":\"Apuntes de San Luis\",\"description\":\"\",\"publisher\":{\"@id\":\"https:\/\/apuntesdesanluis.com\/#\/schema\/person\/b55151d52296fcce64d1a72538a70b90\"},\"potentialAction\":[{\"@type\":\"SearchAction\",\"target\":{\"@type\":\"EntryPoint\",\"urlTemplate\":\"https:\/\/apuntesdesanluis.com\/?s={search_term_string}\"},\"query-input\":{\"@type\":\"PropertyValueSpecification\",\"valueRequired\":true,\"valueName\":\"search_term_string\"}}],\"inLanguage\":\"es-AR\"},{\"@type\":[\"Person\",\"Organization\"],\"@id\":\"https:\/\/apuntesdesanluis.com\/#\/schema\/person\/b55151d52296fcce64d1a72538a70b90\",\"name\":\"apuntesdesanluis.com\",\"image\":{\"@type\":\"ImageObject\",\"inLanguage\":\"es-AR\",\"@id\":\"https:\/\/apuntesdesanluis.com\/#\/schema\/person\/image\/\",\"url\":\"https:\/\/apuntesdesanluis.com\/wp-content\/uploads\/2023\/07\/cropped-apuntesdesanluis.png\",\"contentUrl\":\"https:\/\/apuntesdesanluis.com\/wp-content\/uploads\/2023\/07\/cropped-apuntesdesanluis.png\",\"width\":450,\"height\":112,\"caption\":\"apuntesdesanluis.com\"},\"logo\":{\"@id\":\"https:\/\/apuntesdesanluis.com\/#\/schema\/person\/image\/\"},\"sameAs\":[\"https:\/\/apuntesdesanluis.com\"],\"url\":\"https:\/\/apuntesdesanluis.com\/index.php\/author\/apuntesdesanluis-com\/\"}]}<\/script>\n<!-- \/ Yoast SEO plugin. -->","yoast_head_json":{"title":"UPRO GLOBAL FIRMAR\u00c1 SU PRIMER ACUERDO INTERNACIONAL - Apuntes de San Luis","robots":{"index":"index","follow":"follow","max-snippet":"max-snippet:-1","max-image-preview":"max-image-preview:large","max-video-preview":"max-video-preview:-1"},"canonical":"https:\/\/apuntesdesanluis.com\/index.php\/2023\/09\/26\/upro-global-firmara-su-primer-acuerdo-internacional\/","og_locale":"es_ES","og_type":"article","og_title":"UPRO GLOBAL FIRMAR\u00c1 SU PRIMER ACUERDO INTERNACIONAL - Apuntes de San Luis","og_description":"Este mi\u00e9rcoles 27 de septiembre a las 12:00, el rector de la Universidad Provincial de...","og_url":"https:\/\/apuntesdesanluis.com\/index.php\/2023\/09\/26\/upro-global-firmara-su-primer-acuerdo-internacional\/","og_site_name":"Apuntes de San Luis","article_published_time":"2023-09-26T21:24:08+00:00","article_modified_time":"2023-09-26T21:27:02+00:00","og_image":[{"width":745,"height":469,"url":"https:\/\/apuntesdesanluis.com\/wp-content\/uploads\/2023\/09\/UPRO-GLOBAL.png","type":"image\/png"}],"author":"apuntesdesanluis.com","twitter_card":"summary_large_image","twitter_misc":{"Escrito por":"apuntesdesanluis.com","Tiempo de lectura":"2 minutos"},"schema":{"@context":"https:\/\/schema.org","@graph":[{"@type":"Article","@id":"https:\/\/apuntesdesanluis.com\/index.php\/2023\/09\/26\/upro-global-firmara-su-primer-acuerdo-internacional\/#article","isPartOf":{"@id":"https:\/\/apuntesdesanluis.com\/index.php\/2023\/09\/26\/upro-global-firmara-su-primer-acuerdo-internacional\/"},"author":{"name":"apuntesdesanluis.com","@id":"https:\/\/apuntesdesanluis.com\/#\/schema\/person\/b55151d52296fcce64d1a72538a70b90"},"headline":"UPRO GLOBAL FIRMAR\u00c1 SU PRIMER ACUERDO INTERNACIONAL","datePublished":"2023-09-26T21:24:08+00:00","dateModified":"2023-09-26T21:27:02+00:00","mainEntityOfPage":{"@id":"https:\/\/apuntesdesanluis.com\/index.php\/2023\/09\/26\/upro-global-firmara-su-primer-acuerdo-internacional\/"},"wordCount":263,"publisher":{"@id":"https:\/\/apuntesdesanluis.com\/#\/schema\/person\/b55151d52296fcce64d1a72538a70b90"},"image":{"@id":"https:\/\/apuntesdesanluis.com\/index.php\/2023\/09\/26\/upro-global-firmara-su-primer-acuerdo-internacional\/#primaryimage"},"thumbnailUrl":"https:\/\/apuntesdesanluis.com\/wp-content\/uploads\/2023\/09\/UPRO-GLOBAL.png","articleSection":["Ciudad\/Provincia"],"inLanguage":"es-AR"},{"@type":"WebPage","@id":"https:\/\/apuntesdesanluis.com\/index.php\/2023\/09\/26\/upro-global-firmara-su-primer-acuerdo-internacional\/","url":"https:\/\/apuntesdesanluis.com\/index.php\/2023\/09\/26\/upro-global-firmara-su-primer-acuerdo-internacional\/","name":"UPRO GLOBAL FIRMAR\u00c1 SU PRIMER ACUERDO INTERNACIONAL - Apuntes de San Luis","isPartOf":{"@id":"https:\/\/apuntesdesanluis.com\/#website"},"primaryImageOfPage":{"@id":"https:\/\/apuntesdesanluis.com\/index.php\/2023\/09\/26\/upro-global-firmara-su-primer-acuerdo-internacional\/#primaryimage"},"image":{"@id":"https:\/\/apuntesdesanluis.com\/index.php\/2023\/09\/26\/upro-global-firmara-su-primer-acuerdo-internacional\/#primaryimage"},"thumbnailUrl":"https:\/\/apuntesdesanluis.com\/wp-content\/uploads\/2023\/09\/UPRO-GLOBAL.png","datePublished":"2023-09-26T21:24:08+00:00","dateModified":"2023-09-26T21:27:02+00:00","breadcrumb":{"@id":"https:\/\/apuntesdesanluis.com\/index.php\/2023\/09\/26\/upro-global-firmara-su-primer-acuerdo-internacional\/#breadcrumb"},"inLanguage":"es-AR","potentialAction":[{"@type":"ReadAction","target":["https:\/\/apuntesdesanluis.com\/index.php\/2023\/09\/26\/upro-global-firmara-su-primer-acuerdo-internacional\/"]}]},{"@type":"ImageObject","inLanguage":"es-AR","@id":"https:\/\/apuntesdesanluis.com\/index.php\/2023\/09\/26\/upro-global-firmara-su-primer-acuerdo-internacional\/#primaryimage","url":"https:\/\/apuntesdesanluis.com\/wp-content\/uploads\/2023\/09\/UPRO-GLOBAL.png","contentUrl":"https:\/\/apuntesdesanluis.com\/wp-content\/uploads\/2023\/09\/UPRO-GLOBAL.png","width":745,"height":469},{"@type":"BreadcrumbList","@id":"https:\/\/apuntesdesanluis.com\/index.php\/2023\/09\/26\/upro-global-firmara-su-primer-acuerdo-internacional\/#breadcrumb","itemListElement":[{"@type":"ListItem","position":1,"name":"Inicio","item":"https:\/\/apuntesdesanluis.com\/"},{"@type":"ListItem","position":2,"name":"UPRO GLOBAL FIRMAR\u00c1 SU PRIMER ACUERDO INTERNACIONAL"}]},{"@type":"WebSite","@id":"https:\/\/apuntesdesanluis.com\/#website","url":"https:\/\/apuntesdesanluis.com\/","name":"Apuntes de San Luis","description":"","publisher":{"@id":"https:\/\/apuntesdesanluis.com\/#\/schema\/person\/b55151d52296fcce64d1a72538a70b90"},"potentialAction":[{"@type":"SearchAction","target":{"@type":"EntryPoint","urlTemplate":"https:\/\/apuntesdesanluis.com\/?s={search_term_string}"},"query-input":{"@type":"PropertyValueSpecification","valueRequired":true,"valueName":"search_term_string"}}],"inLanguage":"es-AR"},{"@type":["Person","Organization"],"@id":"https:\/\/apuntesdesanluis.com\/#\/schema\/person\/b55151d52296fcce64d1a72538a70b90","name":"apuntesdesanluis.com","image":{"@type":"ImageObject","inLanguage":"es-AR","@id":"https:\/\/apuntesdesanluis.com\/#\/schema\/person\/image\/","url":"https:\/\/apuntesdesanluis.com\/wp-content\/uploads\/2023\/07\/cropped-apuntesdesanluis.png","contentUrl":"https:\/\/apuntesdesanluis.com\/wp-content\/uploads\/2023\/07\/cropped-apuntesdesanluis.png","width":450,"height":112,"caption":"apuntesdesanluis.com"},"logo":{"@id":"https:\/\/apuntesdesanluis.com\/#\/schema\/person\/image\/"},"sameAs":["https:\/\/apuntesdesanluis.com"],"url":"https:\/\/apuntesdesanluis.com\/index.php\/author\/apuntesdesanluis-com\/"}]}},"featured_image_urls":{"full":["https:\/\/apuntesdesanluis.com\/wp-content\/uploads\/2023\/09\/UPRO-GLOBAL.png",745,469,false],"thumbnail":["https:\/\/apuntesdesanluis.com\/wp-content\/uploads\/2023\/09\/UPRO-GLOBAL-150x150.png",150,150,true],"medium":["https:\/\/apuntesdesanluis.com\/wp-content\/uploads\/2023\/09\/UPRO-GLOBAL-300x189.png",300,189,true],"medium_large":["https:\/\/apuntesdesanluis.com\/wp-content\/uploads\/2023\/09\/UPRO-GLOBAL.png",640,403,false],"large":["https:\/\/apuntesdesanluis.com\/wp-content\/uploads\/2023\/09\/UPRO-GLOBAL.png",640,403,false],"1536x1536":["https:\/\/apuntesdesanluis.com\/wp-content\/uploads\/2023\/09\/UPRO-GLOBAL.png",745,469,false],"2048x2048":["https:\/\/apuntesdesanluis.com\/wp-content\/uploads\/2023\/09\/UPRO-GLOBAL.png",745,469,false],"newsever-slider-full":["https:\/\/apuntesdesanluis.com\/wp-content\/uploads\/2023\/09\/UPRO-GLOBAL.png",745,469,false],"newsever-featured":["https:\/\/apuntesdesanluis.com\/wp-content\/uploads\/2023\/09\/UPRO-GLOBAL.png",745,469,false],"newsever-medium":["https:\/\/apuntesdesanluis.com\/wp-content\/uploads\/2023\/09\/UPRO-GLOBAL-720x469.png",720,469,true]},"author_info":{"display_name":"apuntesdesanluis.com","author_link":"https:\/\/apuntesdesanluis.com\/index.php\/author\/apuntesdesanluis-com\/"},"category_info":"<a href=\"https:\/\/apuntesdesanluis.com\/index.php\/category\/ciudad-provincia\/\" rel=\"category tag\">Ciudad\/Provincia<\/a>","tag_info":"Ciudad\/Provincia","comment_count":"0","_links":{"self":[{"href":"https:\/\/apuntesdesanluis.com\/index.php\/wp-json\/wp\/v2\/posts\/4098","targetHints":{"allow":["GET"]}}],"collection":[{"href":"https:\/\/apuntesdesanluis.com\/index.php\/wp-json\/wp\/v2\/posts"}],"about":[{"href":"https:\/\/apuntesdesanluis.com\/index.php\/wp-json\/wp\/v2\/types\/post"}],"author":[{"embeddable":true,"href":"https:\/\/apuntesdesanluis.com\/index.php\/wp-json\/wp\/v2\/users\/1"}],"replies":[{"embeddable":true,"href":"https:\/\/apuntesdesanluis.com\/index.php\/wp-json\/wp\/v2\/comments?post=4098"}],"version-history":[{"count":4,"href":"https:\/\/apuntesdesanluis.com\/index.php\/wp-json\/wp\/v2\/posts\/4098\/revisions"}],"predecessor-version":[{"id":4104,"href":"https:\/\/apuntesdesanluis.com\/index.php\/wp-json\/wp\/v2\/posts\/4098\/revisions\/4104"}],"wp:featuredmedia":[{"embeddable":true,"href":"https:\/\/apuntesdesanluis.com\/index.php\/wp-json\/wp\/v2\/media\/4099"}],"wp:attachment":[{"href":"https:\/\/apuntesdesanluis.com\/index.php\/wp-json\/wp\/v2\/media?parent=4098"}],"wp:term":[{"taxonomy":"category","embeddable":true,"href":"https:\/\/apuntesdesanluis.com\/index.php\/wp-json\/wp\/v2\/categories?post=4098"},{"taxonomy":"post_tag","embeddable":true,"href":"https:\/\/apuntesdesanluis.com\/index.php\/wp-json\/wp\/v2\/tags?post=4098"}],"curies":[{"name":"wp","href":"https:\/\/api.w.org\/{rel}","templated":true}]}}