{"id":4111,"date":"2023-09-26T08:44:31","date_gmt":"2023-09-26T11:44:31","guid":{"rendered":"https:\/\/apuntesdesanluis.com\/?p=4111"},"modified":"2023-09-26T20:03:13","modified_gmt":"2023-09-26T23:03:13","slug":"morinigo-ratifico-el-compromiso-socioambiental-y-del-uso-etico-de-la-inteligencia-artificial-de-la-unsl","status":"publish","type":"post","link":"https:\/\/apuntesdesanluis.com\/index.php\/2023\/09\/26\/morinigo-ratifico-el-compromiso-socioambiental-y-del-uso-etico-de-la-inteligencia-artificial-de-la-unsl\/","title":{"rendered":"MORI\u00d1IGO RATIFIC\u00d3 EL COMPROMISO SOCIOAMBIENTAL Y DEL USO \u00c9TICO DE LA INTELIGENCIA ARTIFICIAL DE LA UNSL"},"content":{"rendered":"<h3>Fueron dos de los temas que puso en valor el Rector de la Universidad Nacional de San Luis, CPN <strong>V\u00edctor Mori\u00f1igo<\/strong>, tras la visita que efectu\u00f3 la semana pasada al Vaticano, junto a m\u00e1s de 200 rectores de Latinoam\u00e9rica y El Caribe, oportunidad en que mantuvo un emotivo encuentro con el <strong>Papa Francisco<\/strong>.<\/h3>\n<h3>El acad\u00e9mico fue parte del encuentro \u201cOrganizando la Esperanza\u201d, convocado por la Red de Universidades para el Cuidado de la Casa Com\u00fan (RUC) junto con la Pontificia Comisi\u00f3n para Am\u00e9rica Latina del Vaticano (PCAL), que se llev\u00f3 a cabo entre el 20 y el 21 de septiembre en la sede vaticana.<\/h3>\n<h3>Entre los temas abordados, se trat\u00f3 el aporte que la educaci\u00f3n superior de la regi\u00f3n podr\u00eda realizar en temas de cuidado del ambiente, nuevos paradigmas econ\u00f3micos y sociales, tecnocracias y nuevas tecnolog\u00edas, en el marco de la Enc\u00edclica Laudato Si\u00b4, se\u00f1al\u00f3 Mori\u00f1igo.<\/h3>\n<h3>Resalt\u00f3 asimismo que \u201cm\u00e1s all\u00e1 de la gran experiencia que significa en t\u00e9rminos personales, uno acude a este tipo de encuentros no en funci\u00f3n de quien uno es sino por qui\u00e9n representa\u201d, al tiempo que manifest\u00f3 su benepl\u00e1cito porque la UNSL estuvo presente entre otras 216 universidades de Am\u00e9rica Latina, y le pudo entregar en mano \u201clas obras completas de nuestro poeta Antonio Esteban Ag\u00fcero, sobre las cuales la universidad tiene sus derechos. Saber que estos libros estar\u00e1n en la biblioteca del Vaticano nos pone muy contentos, y seguramente tambi\u00e9n a los familiares de nuestro gran poeta\u201d.<\/h3>\n<p><img fetchpriority=\"high\" decoding=\"async\" class=\"wp-image-4113 aligncenter\" src=\"https:\/\/apuntesdesanluis.com\/wp-content\/uploads\/2023\/09\/morinigo-entrega-300x241.png\" alt=\"\" width=\"713\" height=\"573\" srcset=\"https:\/\/apuntesdesanluis.com\/wp-content\/uploads\/2023\/09\/morinigo-entrega-300x241.png 300w, https:\/\/apuntesdesanluis.com\/wp-content\/uploads\/2023\/09\/morinigo-entrega-768x616.png 768w, https:\/\/apuntesdesanluis.com\/wp-content\/uploads\/2023\/09\/morinigo-entrega.png 779w\" sizes=\"(max-width: 713px) 100vw, 713px\" \/><\/p>\n<h3>En el contexto del encuentro, el rector puntualiz\u00f3: \u201cVemos una posibilidad cierta para que las universidades argentinas y la UNSL particularmente puedan poner a disposici\u00f3n sus equipos t\u00e9cnicos para tratar de establecer distintos asesoramientos a nivel de medio ambiente, la cuesti\u00f3n econ\u00f3mico-social, etc. para el cuidado de nuestro planeta, estrechando v\u00ednculos para poder colaborar en estos temas\u201d.<\/h3>\n<h3>Consultado sobre la firma que hizo para el uso con \u00e9tica de la Inteligencia Artificial, Mori\u00f1igo afirm\u00f3 que \u201ceso fue una gran sorpresa, porque el Papa Francisco les anticip\u00f3 que en 15 d\u00edas estar\u00e1 saliendo una nueva enc\u00edclica Laudato S\u00ed, nos coment\u00f3 que est\u00e1 en una cruzada que yo entiendo es muy pertinente e importante, como parte de un llamado de Roma al uso de la IA con \u00e9tica y responsabilidad\u201d.<\/h3>\n<h3>Francisco anunci\u00f3 el nombre de su pr\u00f3xima Exhortaci\u00f3n Apost\u00f3lica: \u201cLaudate Deum\u201d, que ser\u00e1 publicada el d\u00eda de San Francisco de As\u00eds el 4 de octubre: \u201cUn mirar lo que pas\u00f3 y decir qu\u00e9 cosa hay que funcionar\u201d.<\/h3>\n<h3>\u201cNos coment\u00f3 que este compromiso lo hab\u00edan firmado ya 15 empresas tecnol\u00f3gicas multinacionales, las m\u00e1s importantes del mundo, y tambi\u00e9n lo est\u00e1n firmando los primeros mandatarios de todo el mundo, invit\u00e1ndonos a los rectores a sumarnos a este manifiesto\u201d, sostuvo.<\/h3>\n<h3>En este sentido, indic\u00f3: \u201cNos vinimos de este encuentro con esos dos temas que son relevantes, la cuesti\u00f3n del cuidado socioambiental y el uso \u00e9tico y responsable de la Inteligencia Artificial. Creo que es muy importante que la universidad se involucre, y me sentir\u00eda orgulloso de haber podido colaborar para que nuestra universidad genere en un futuro este tipo de v\u00ednculos que antes no ten\u00eda\u201d.<\/h3>\n<h3>El conductor de la UNSL tambi\u00e9n particip\u00f3 como Vicepresidente del Consejo Interuniversitario Nacional (CIN) de una reuni\u00f3n con la Conferencia de Rectores de Universidades Italianas (CRUI). Asimismo, form\u00f3 parte de un encuentro con la embajada argentina en Roma, y de una primera reuni\u00f3n con la RUC.<\/h3>\n<p><img decoding=\"async\" class=\"wp-image-4114 aligncenter\" src=\"https:\/\/apuntesdesanluis.com\/wp-content\/uploads\/2023\/09\/morinigo-reunion-300x155.png\" alt=\"\" width=\"747\" height=\"386\" srcset=\"https:\/\/apuntesdesanluis.com\/wp-content\/uploads\/2023\/09\/morinigo-reunion-300x155.png 300w, https:\/\/apuntesdesanluis.com\/wp-content\/uploads\/2023\/09\/morinigo-reunion.png 720w\" sizes=\"(max-width: 747px) 100vw, 747px\" \/><\/p>\n<h3>\u201cLa idea \u2013precis\u00f3- es generar v\u00ednculos de movilidad de docentes y alumnos. Eso es importante porque nos permite medirnos con otras universidades. En segundo lugar, para poder formar a nuestros estudiantes y alumnos, para generar perfiles de egresados de car\u00e1cter mundial, que se puedan integrar al resto del mundo\u201d.<\/h3>\n<h3>Por otro lado, se refiri\u00f3 a la agenda que cumplir\u00e1 este martes en el Centro Cultural N\u00e9stor Kirchner y al contexto electoral, en el que se instal\u00f3 en forma \u201cins\u00f3lita\u201d el car\u00e1cter de la educaci\u00f3n y la salud p\u00fablicas y gratuitas. \u201cLo miro con mucha preocupaci\u00f3n y tambi\u00e9n con esperanza, de que la gente no salte al vac\u00edo\u201d, expres\u00f3.<\/h3>\n<h3>Al final de la extensa entrevista concedida a <strong>Apuntes de San Luis<\/strong>, el Rector V\u00edctor Mori\u00f1igo ratific\u00f3 su vocaci\u00f3n de que la UNSL \u201ctrabaje y se vincule con la problem\u00e1tica social\u201d, al comentar el compromiso asumido semanas atr\u00e1s, cuando los equipos t\u00e9cnicos de la universidad se reunieron con el gobernador electo <strong>Claudio Poggi<\/strong>, para acordar acciones encaminadas a un plan de lucha contra la pobreza.<\/h3>\n<p>&nbsp;<\/p>\n<!--[if lt IE 9]><script>document.createElement('audio');<\/script><![endif]-->\n<audio class=\"wp-audio-shortcode\" id=\"audio-4111-1\" preload=\"none\" style=\"width: 100%;\" controls=\"controls\"><source type=\"audio\/mpeg\" src=\"https:\/\/apuntesdesanluis.com\/wp-content\/uploads\/2023\/09\/MORINIGO.mp3?_=1\" \/><a href=\"https:\/\/apuntesdesanluis.com\/wp-content\/uploads\/2023\/09\/MORINIGO.mp3\">https:\/\/apuntesdesanluis.com\/wp-content\/uploads\/2023\/09\/MORINIGO.mp3<\/a><\/audio>\n<h3><span style=\"color: #000000;\">NOTICIA RELACIONADA:<\/span><\/h3>\n<p><a href=\"https:\/\/apuntesdesanluis.com\/index.php\/2023\/09\/25\/morinigo-y-otros-rectores-de-america-latina-visitaron-al-papa-francisco\/\"><img decoding=\"async\" class=\"alignnone wp-image-4117\" src=\"https:\/\/apuntesdesanluis.com\/wp-content\/uploads\/2023\/09\/posteo-2-300x226.png\" alt=\"\" width=\"558\" height=\"420\" srcset=\"https:\/\/apuntesdesanluis.com\/wp-content\/uploads\/2023\/09\/posteo-2-300x226.png 300w, https:\/\/apuntesdesanluis.com\/wp-content\/uploads\/2023\/09\/posteo-2.png 649w\" sizes=\"(max-width: 558px) 100vw, 558px\" \/><\/a><\/p>\n","protected":false},"excerpt":{"rendered":"<p>Fueron dos de los temas que puso en valor el Rector de la Universidad Nacional&#8230;<\/p>\n","protected":false},"author":1,"featured_media":4112,"comment_status":"closed","ping_status":"closed","sticky":false,"template":"","format":"standard","meta":{"footnotes":""},"categories":[6],"tags":[],"class_list":["post-4111","post","type-post","status-publish","format-standard","has-post-thumbnail","hentry","category-ciudad-provincia"],"yoast_head":"<!-- This site is optimized with the Yoast SEO plugin v26.1.1 - https:\/\/yoast.com\/wordpress\/plugins\/seo\/ -->\n<title>MORI\u00d1IGO RATIFIC\u00d3 EL COMPROMISO SOCIOAMBIENTAL Y DEL USO \u00c9TICO DE LA INTELIGENCIA ARTIFICIAL DE LA UNSL - Apuntes de San Luis<\/title>\n<meta name=\"robots\" content=\"index, follow, max-snippet:-1, max-image-preview:large, max-video-preview:-1\" \/>\n<link rel=\"canonical\" href=\"https:\/\/apuntesdesanluis.com\/index.php\/2023\/09\/26\/morinigo-ratifico-el-compromiso-socioambiental-y-del-uso-etico-de-la-inteligencia-artificial-de-la-unsl\/\" \/>\n<meta property=\"og:locale\" content=\"es_ES\" \/>\n<meta property=\"og:type\" content=\"article\" \/>\n<meta property=\"og:title\" content=\"MORI\u00d1IGO RATIFIC\u00d3 EL COMPROMISO SOCIOAMBIENTAL Y DEL USO \u00c9TICO DE LA INTELIGENCIA ARTIFICIAL DE LA UNSL - Apuntes de San Luis\" \/>\n<meta property=\"og:description\" content=\"Fueron dos de los temas que puso en valor el Rector de la Universidad Nacional...\" \/>\n<meta property=\"og:url\" content=\"https:\/\/apuntesdesanluis.com\/index.php\/2023\/09\/26\/morinigo-ratifico-el-compromiso-socioambiental-y-del-uso-etico-de-la-inteligencia-artificial-de-la-unsl\/\" \/>\n<meta property=\"og:site_name\" content=\"Apuntes de San Luis\" \/>\n<meta property=\"article:published_time\" content=\"2023-09-26T11:44:31+00:00\" \/>\n<meta property=\"article:modified_time\" content=\"2023-09-26T23:03:13+00:00\" \/>\n<meta property=\"og:image\" content=\"https:\/\/apuntesdesanluis.com\/wp-content\/uploads\/2023\/09\/papa-1.png\" \/>\n\t<meta property=\"og:image:width\" content=\"691\" \/>\n\t<meta property=\"og:image:height\" content=\"402\" \/>\n\t<meta property=\"og:image:type\" content=\"image\/png\" \/>\n<meta name=\"author\" content=\"apuntesdesanluis.com\" \/>\n<meta name=\"twitter:card\" content=\"summary_large_image\" \/>\n<meta name=\"twitter:label1\" content=\"Escrito por\" \/>\n\t<meta name=\"twitter:data1\" content=\"apuntesdesanluis.com\" \/>\n\t<meta name=\"twitter:label2\" content=\"Tiempo de lectura\" \/>\n\t<meta name=\"twitter:data2\" content=\"4 minutos\" \/>\n<script type=\"application\/ld+json\" class=\"yoast-schema-graph\">{\"@context\":\"https:\/\/schema.org\",\"@graph\":[{\"@type\":\"Article\",\"@id\":\"https:\/\/apuntesdesanluis.com\/index.php\/2023\/09\/26\/morinigo-ratifico-el-compromiso-socioambiental-y-del-uso-etico-de-la-inteligencia-artificial-de-la-unsl\/#article\",\"isPartOf\":{\"@id\":\"https:\/\/apuntesdesanluis.com\/index.php\/2023\/09\/26\/morinigo-ratifico-el-compromiso-socioambiental-y-del-uso-etico-de-la-inteligencia-artificial-de-la-unsl\/\"},\"author\":{\"name\":\"apuntesdesanluis.com\",\"@id\":\"https:\/\/apuntesdesanluis.com\/#\/schema\/person\/b55151d52296fcce64d1a72538a70b90\"},\"headline\":\"MORI\u00d1IGO RATIFIC\u00d3 EL COMPROMISO SOCIOAMBIENTAL Y DEL USO \u00c9TICO DE LA INTELIGENCIA ARTIFICIAL DE LA UNSL\",\"datePublished\":\"2023-09-26T11:44:31+00:00\",\"dateModified\":\"2023-09-26T23:03:13+00:00\",\"mainEntityOfPage\":{\"@id\":\"https:\/\/apuntesdesanluis.com\/index.php\/2023\/09\/26\/morinigo-ratifico-el-compromiso-socioambiental-y-del-uso-etico-de-la-inteligencia-artificial-de-la-unsl\/\"},\"wordCount\":823,\"publisher\":{\"@id\":\"https:\/\/apuntesdesanluis.com\/#\/schema\/person\/b55151d52296fcce64d1a72538a70b90\"},\"image\":{\"@id\":\"https:\/\/apuntesdesanluis.com\/index.php\/2023\/09\/26\/morinigo-ratifico-el-compromiso-socioambiental-y-del-uso-etico-de-la-inteligencia-artificial-de-la-unsl\/#primaryimage\"},\"thumbnailUrl\":\"https:\/\/apuntesdesanluis.com\/wp-content\/uploads\/2023\/09\/papa-1.png\",\"articleSection\":[\"Ciudad\/Provincia\"],\"inLanguage\":\"es-AR\"},{\"@type\":\"WebPage\",\"@id\":\"https:\/\/apuntesdesanluis.com\/index.php\/2023\/09\/26\/morinigo-ratifico-el-compromiso-socioambiental-y-del-uso-etico-de-la-inteligencia-artificial-de-la-unsl\/\",\"url\":\"https:\/\/apuntesdesanluis.com\/index.php\/2023\/09\/26\/morinigo-ratifico-el-compromiso-socioambiental-y-del-uso-etico-de-la-inteligencia-artificial-de-la-unsl\/\",\"name\":\"MORI\u00d1IGO RATIFIC\u00d3 EL COMPROMISO SOCIOAMBIENTAL Y DEL USO \u00c9TICO DE LA INTELIGENCIA ARTIFICIAL DE LA UNSL - Apuntes de San Luis\",\"isPartOf\":{\"@id\":\"https:\/\/apuntesdesanluis.com\/#website\"},\"primaryImageOfPage\":{\"@id\":\"https:\/\/apuntesdesanluis.com\/index.php\/2023\/09\/26\/morinigo-ratifico-el-compromiso-socioambiental-y-del-uso-etico-de-la-inteligencia-artificial-de-la-unsl\/#primaryimage\"},\"image\":{\"@id\":\"https:\/\/apuntesdesanluis.com\/index.php\/2023\/09\/26\/morinigo-ratifico-el-compromiso-socioambiental-y-del-uso-etico-de-la-inteligencia-artificial-de-la-unsl\/#primaryimage\"},\"thumbnailUrl\":\"https:\/\/apuntesdesanluis.com\/wp-content\/uploads\/2023\/09\/papa-1.png\",\"datePublished\":\"2023-09-26T11:44:31+00:00\",\"dateModified\":\"2023-09-26T23:03:13+00:00\",\"breadcrumb\":{\"@id\":\"https:\/\/apuntesdesanluis.com\/index.php\/2023\/09\/26\/morinigo-ratifico-el-compromiso-socioambiental-y-del-uso-etico-de-la-inteligencia-artificial-de-la-unsl\/#breadcrumb\"},\"inLanguage\":\"es-AR\",\"potentialAction\":[{\"@type\":\"ReadAction\",\"target\":[\"https:\/\/apuntesdesanluis.com\/index.php\/2023\/09\/26\/morinigo-ratifico-el-compromiso-socioambiental-y-del-uso-etico-de-la-inteligencia-artificial-de-la-unsl\/\"]}]},{\"@type\":\"ImageObject\",\"inLanguage\":\"es-AR\",\"@id\":\"https:\/\/apuntesdesanluis.com\/index.php\/2023\/09\/26\/morinigo-ratifico-el-compromiso-socioambiental-y-del-uso-etico-de-la-inteligencia-artificial-de-la-unsl\/#primaryimage\",\"url\":\"https:\/\/apuntesdesanluis.com\/wp-content\/uploads\/2023\/09\/papa-1.png\",\"contentUrl\":\"https:\/\/apuntesdesanluis.com\/wp-content\/uploads\/2023\/09\/papa-1.png\",\"width\":691,\"height\":402},{\"@type\":\"BreadcrumbList\",\"@id\":\"https:\/\/apuntesdesanluis.com\/index.php\/2023\/09\/26\/morinigo-ratifico-el-compromiso-socioambiental-y-del-uso-etico-de-la-inteligencia-artificial-de-la-unsl\/#breadcrumb\",\"itemListElement\":[{\"@type\":\"ListItem\",\"position\":1,\"name\":\"Inicio\",\"item\":\"https:\/\/apuntesdesanluis.com\/\"},{\"@type\":\"ListItem\",\"position\":2,\"name\":\"MORI\u00d1IGO RATIFIC\u00d3 EL COMPROMISO SOCIOAMBIENTAL Y DEL USO \u00c9TICO DE LA INTELIGENCIA ARTIFICIAL DE LA UNSL\"}]},{\"@type\":\"WebSite\",\"@id\":\"https:\/\/apuntesdesanluis.com\/#website\",\"url\":\"https:\/\/apuntesdesanluis.com\/\",\"name\":\"Apuntes de San Luis\",\"description\":\"\",\"publisher\":{\"@id\":\"https:\/\/apuntesdesanluis.com\/#\/schema\/person\/b55151d52296fcce64d1a72538a70b90\"},\"potentialAction\":[{\"@type\":\"SearchAction\",\"target\":{\"@type\":\"EntryPoint\",\"urlTemplate\":\"https:\/\/apuntesdesanluis.com\/?s={search_term_string}\"},\"query-input\":{\"@type\":\"PropertyValueSpecification\",\"valueRequired\":true,\"valueName\":\"search_term_string\"}}],\"inLanguage\":\"es-AR\"},{\"@type\":[\"Person\",\"Organization\"],\"@id\":\"https:\/\/apuntesdesanluis.com\/#\/schema\/person\/b55151d52296fcce64d1a72538a70b90\",\"name\":\"apuntesdesanluis.com\",\"image\":{\"@type\":\"ImageObject\",\"inLanguage\":\"es-AR\",\"@id\":\"https:\/\/apuntesdesanluis.com\/#\/schema\/person\/image\/\",\"url\":\"https:\/\/apuntesdesanluis.com\/wp-content\/uploads\/2023\/07\/cropped-apuntesdesanluis.png\",\"contentUrl\":\"https:\/\/apuntesdesanluis.com\/wp-content\/uploads\/2023\/07\/cropped-apuntesdesanluis.png\",\"width\":450,\"height\":112,\"caption\":\"apuntesdesanluis.com\"},\"logo\":{\"@id\":\"https:\/\/apuntesdesanluis.com\/#\/schema\/person\/image\/\"},\"sameAs\":[\"https:\/\/apuntesdesanluis.com\"],\"url\":\"https:\/\/apuntesdesanluis.com\/index.php\/author\/apuntesdesanluis-com\/\"}]}<\/script>\n<!-- \/ Yoast SEO plugin. -->","yoast_head_json":{"title":"MORI\u00d1IGO RATIFIC\u00d3 EL COMPROMISO SOCIOAMBIENTAL Y DEL USO \u00c9TICO DE LA INTELIGENCIA ARTIFICIAL DE LA UNSL - Apuntes de San Luis","robots":{"index":"index","follow":"follow","max-snippet":"max-snippet:-1","max-image-preview":"max-image-preview:large","max-video-preview":"max-video-preview:-1"},"canonical":"https:\/\/apuntesdesanluis.com\/index.php\/2023\/09\/26\/morinigo-ratifico-el-compromiso-socioambiental-y-del-uso-etico-de-la-inteligencia-artificial-de-la-unsl\/","og_locale":"es_ES","og_type":"article","og_title":"MORI\u00d1IGO RATIFIC\u00d3 EL COMPROMISO SOCIOAMBIENTAL Y DEL USO \u00c9TICO DE LA INTELIGENCIA ARTIFICIAL DE LA UNSL - Apuntes de San Luis","og_description":"Fueron dos de los temas que puso en valor el Rector de la Universidad Nacional...","og_url":"https:\/\/apuntesdesanluis.com\/index.php\/2023\/09\/26\/morinigo-ratifico-el-compromiso-socioambiental-y-del-uso-etico-de-la-inteligencia-artificial-de-la-unsl\/","og_site_name":"Apuntes de San Luis","article_published_time":"2023-09-26T11:44:31+00:00","article_modified_time":"2023-09-26T23:03:13+00:00","og_image":[{"width":691,"height":402,"url":"https:\/\/apuntesdesanluis.com\/wp-content\/uploads\/2023\/09\/papa-1.png","type":"image\/png"}],"author":"apuntesdesanluis.com","twitter_card":"summary_large_image","twitter_misc":{"Escrito por":"apuntesdesanluis.com","Tiempo de lectura":"4 minutos"},"schema":{"@context":"https:\/\/schema.org","@graph":[{"@type":"Article","@id":"https:\/\/apuntesdesanluis.com\/index.php\/2023\/09\/26\/morinigo-ratifico-el-compromiso-socioambiental-y-del-uso-etico-de-la-inteligencia-artificial-de-la-unsl\/#article","isPartOf":{"@id":"https:\/\/apuntesdesanluis.com\/index.php\/2023\/09\/26\/morinigo-ratifico-el-compromiso-socioambiental-y-del-uso-etico-de-la-inteligencia-artificial-de-la-unsl\/"},"author":{"name":"apuntesdesanluis.com","@id":"https:\/\/apuntesdesanluis.com\/#\/schema\/person\/b55151d52296fcce64d1a72538a70b90"},"headline":"MORI\u00d1IGO RATIFIC\u00d3 EL COMPROMISO SOCIOAMBIENTAL Y DEL USO \u00c9TICO DE LA INTELIGENCIA ARTIFICIAL DE LA UNSL","datePublished":"2023-09-26T11:44:31+00:00","dateModified":"2023-09-26T23:03:13+00:00","mainEntityOfPage":{"@id":"https:\/\/apuntesdesanluis.com\/index.php\/2023\/09\/26\/morinigo-ratifico-el-compromiso-socioambiental-y-del-uso-etico-de-la-inteligencia-artificial-de-la-unsl\/"},"wordCount":823,"publisher":{"@id":"https:\/\/apuntesdesanluis.com\/#\/schema\/person\/b55151d52296fcce64d1a72538a70b90"},"image":{"@id":"https:\/\/apuntesdesanluis.com\/index.php\/2023\/09\/26\/morinigo-ratifico-el-compromiso-socioambiental-y-del-uso-etico-de-la-inteligencia-artificial-de-la-unsl\/#primaryimage"},"thumbnailUrl":"https:\/\/apuntesdesanluis.com\/wp-content\/uploads\/2023\/09\/papa-1.png","articleSection":["Ciudad\/Provincia"],"inLanguage":"es-AR"},{"@type":"WebPage","@id":"https:\/\/apuntesdesanluis.com\/index.php\/2023\/09\/26\/morinigo-ratifico-el-compromiso-socioambiental-y-del-uso-etico-de-la-inteligencia-artificial-de-la-unsl\/","url":"https:\/\/apuntesdesanluis.com\/index.php\/2023\/09\/26\/morinigo-ratifico-el-compromiso-socioambiental-y-del-uso-etico-de-la-inteligencia-artificial-de-la-unsl\/","name":"MORI\u00d1IGO RATIFIC\u00d3 EL COMPROMISO SOCIOAMBIENTAL Y DEL USO \u00c9TICO DE LA INTELIGENCIA ARTIFICIAL DE LA UNSL - Apuntes de San Luis","isPartOf":{"@id":"https:\/\/apuntesdesanluis.com\/#website"},"primaryImageOfPage":{"@id":"https:\/\/apuntesdesanluis.com\/index.php\/2023\/09\/26\/morinigo-ratifico-el-compromiso-socioambiental-y-del-uso-etico-de-la-inteligencia-artificial-de-la-unsl\/#primaryimage"},"image":{"@id":"https:\/\/apuntesdesanluis.com\/index.php\/2023\/09\/26\/morinigo-ratifico-el-compromiso-socioambiental-y-del-uso-etico-de-la-inteligencia-artificial-de-la-unsl\/#primaryimage"},"thumbnailUrl":"https:\/\/apuntesdesanluis.com\/wp-content\/uploads\/2023\/09\/papa-1.png","datePublished":"2023-09-26T11:44:31+00:00","dateModified":"2023-09-26T23:03:13+00:00","breadcrumb":{"@id":"https:\/\/apuntesdesanluis.com\/index.php\/2023\/09\/26\/morinigo-ratifico-el-compromiso-socioambiental-y-del-uso-etico-de-la-inteligencia-artificial-de-la-unsl\/#breadcrumb"},"inLanguage":"es-AR","potentialAction":[{"@type":"ReadAction","target":["https:\/\/apuntesdesanluis.com\/index.php\/2023\/09\/26\/morinigo-ratifico-el-compromiso-socioambiental-y-del-uso-etico-de-la-inteligencia-artificial-de-la-unsl\/"]}]},{"@type":"ImageObject","inLanguage":"es-AR","@id":"https:\/\/apuntesdesanluis.com\/index.php\/2023\/09\/26\/morinigo-ratifico-el-compromiso-socioambiental-y-del-uso-etico-de-la-inteligencia-artificial-de-la-unsl\/#primaryimage","url":"https:\/\/apuntesdesanluis.com\/wp-content\/uploads\/2023\/09\/papa-1.png","contentUrl":"https:\/\/apuntesdesanluis.com\/wp-content\/uploads\/2023\/09\/papa-1.png","width":691,"height":402},{"@type":"BreadcrumbList","@id":"https:\/\/apuntesdesanluis.com\/index.php\/2023\/09\/26\/morinigo-ratifico-el-compromiso-socioambiental-y-del-uso-etico-de-la-inteligencia-artificial-de-la-unsl\/#breadcrumb","itemListElement":[{"@type":"ListItem","position":1,"name":"Inicio","item":"https:\/\/apuntesdesanluis.com\/"},{"@type":"ListItem","position":2,"name":"MORI\u00d1IGO RATIFIC\u00d3 EL COMPROMISO SOCIOAMBIENTAL Y DEL USO \u00c9TICO DE LA INTELIGENCIA ARTIFICIAL DE LA UNSL"}]},{"@type":"WebSite","@id":"https:\/\/apuntesdesanluis.com\/#website","url":"https:\/\/apuntesdesanluis.com\/","name":"Apuntes de San Luis","description":"","publisher":{"@id":"https:\/\/apuntesdesanluis.com\/#\/schema\/person\/b55151d52296fcce64d1a72538a70b90"},"potentialAction":[{"@type":"SearchAction","target":{"@type":"EntryPoint","urlTemplate":"https:\/\/apuntesdesanluis.com\/?s={search_term_string}"},"query-input":{"@type":"PropertyValueSpecification","valueRequired":true,"valueName":"search_term_string"}}],"inLanguage":"es-AR"},{"@type":["Person","Organization"],"@id":"https:\/\/apuntesdesanluis.com\/#\/schema\/person\/b55151d52296fcce64d1a72538a70b90","name":"apuntesdesanluis.com","image":{"@type":"ImageObject","inLanguage":"es-AR","@id":"https:\/\/apuntesdesanluis.com\/#\/schema\/person\/image\/","url":"https:\/\/apuntesdesanluis.com\/wp-content\/uploads\/2023\/07\/cropped-apuntesdesanluis.png","contentUrl":"https:\/\/apuntesdesanluis.com\/wp-content\/uploads\/2023\/07\/cropped-apuntesdesanluis.png","width":450,"height":112,"caption":"apuntesdesanluis.com"},"logo":{"@id":"https:\/\/apuntesdesanluis.com\/#\/schema\/person\/image\/"},"sameAs":["https:\/\/apuntesdesanluis.com"],"url":"https:\/\/apuntesdesanluis.com\/index.php\/author\/apuntesdesanluis-com\/"}]}},"featured_image_urls":{"full":["https:\/\/apuntesdesanluis.com\/wp-content\/uploads\/2023\/09\/papa-1.png",691,402,false],"thumbnail":["https:\/\/apuntesdesanluis.com\/wp-content\/uploads\/2023\/09\/papa-1-150x150.png",150,150,true],"medium":["https:\/\/apuntesdesanluis.com\/wp-content\/uploads\/2023\/09\/papa-1-300x175.png",300,175,true],"medium_large":["https:\/\/apuntesdesanluis.com\/wp-content\/uploads\/2023\/09\/papa-1.png",640,372,false],"large":["https:\/\/apuntesdesanluis.com\/wp-content\/uploads\/2023\/09\/papa-1.png",640,372,false],"1536x1536":["https:\/\/apuntesdesanluis.com\/wp-content\/uploads\/2023\/09\/papa-1.png",691,402,false],"2048x2048":["https:\/\/apuntesdesanluis.com\/wp-content\/uploads\/2023\/09\/papa-1.png",691,402,false],"newsever-slider-full":["https:\/\/apuntesdesanluis.com\/wp-content\/uploads\/2023\/09\/papa-1.png",691,402,false],"newsever-featured":["https:\/\/apuntesdesanluis.com\/wp-content\/uploads\/2023\/09\/papa-1.png",691,402,false],"newsever-medium":["https:\/\/apuntesdesanluis.com\/wp-content\/uploads\/2023\/09\/papa-1.png",691,402,false]},"author_info":{"display_name":"apuntesdesanluis.com","author_link":"https:\/\/apuntesdesanluis.com\/index.php\/author\/apuntesdesanluis-com\/"},"category_info":"<a href=\"https:\/\/apuntesdesanluis.com\/index.php\/category\/ciudad-provincia\/\" rel=\"category tag\">Ciudad\/Provincia<\/a>","tag_info":"Ciudad\/Provincia","comment_count":"0","_links":{"self":[{"href":"https:\/\/apuntesdesanluis.com\/index.php\/wp-json\/wp\/v2\/posts\/4111","targetHints":{"allow":["GET"]}}],"collection":[{"href":"https:\/\/apuntesdesanluis.com\/index.php\/wp-json\/wp\/v2\/posts"}],"about":[{"href":"https:\/\/apuntesdesanluis.com\/index.php\/wp-json\/wp\/v2\/types\/post"}],"author":[{"embeddable":true,"href":"https:\/\/apuntesdesanluis.com\/index.php\/wp-json\/wp\/v2\/users\/1"}],"replies":[{"embeddable":true,"href":"https:\/\/apuntesdesanluis.com\/index.php\/wp-json\/wp\/v2\/comments?post=4111"}],"version-history":[{"count":6,"href":"https:\/\/apuntesdesanluis.com\/index.php\/wp-json\/wp\/v2\/posts\/4111\/revisions"}],"predecessor-version":[{"id":4122,"href":"https:\/\/apuntesdesanluis.com\/index.php\/wp-json\/wp\/v2\/posts\/4111\/revisions\/4122"}],"wp:featuredmedia":[{"embeddable":true,"href":"https:\/\/apuntesdesanluis.com\/index.php\/wp-json\/wp\/v2\/media\/4112"}],"wp:attachment":[{"href":"https:\/\/apuntesdesanluis.com\/index.php\/wp-json\/wp\/v2\/media?parent=4111"}],"wp:term":[{"taxonomy":"category","embeddable":true,"href":"https:\/\/apuntesdesanluis.com\/index.php\/wp-json\/wp\/v2\/categories?post=4111"},{"taxonomy":"post_tag","embeddable":true,"href":"https:\/\/apuntesdesanluis.com\/index.php\/wp-json\/wp\/v2\/tags?post=4111"}],"curies":[{"name":"wp","href":"https:\/\/api.w.org\/{rel}","templated":true}]}}