{"id":4125,"date":"2023-09-26T21:18:00","date_gmt":"2023-09-27T00:18:00","guid":{"rendered":"https:\/\/apuntesdesanluis.com\/?p=4125"},"modified":"2023-09-26T21:22:50","modified_gmt":"2023-09-27T00:22:50","slug":"se-continua-deshilachando-el-oficialismo-en-la-camara-de-diputados","status":"publish","type":"post","link":"https:\/\/apuntesdesanluis.com\/index.php\/2023\/09\/26\/se-continua-deshilachando-el-oficialismo-en-la-camara-de-diputados\/","title":{"rendered":"SE CONTIN\u00daA DESHILACHANDO EL OFICIALISMO EN LA C\u00c1MARA DE DIPUTADOS"},"content":{"rendered":"<h3>Este martes el diputado provincial por el departamento Pueyrred\u00f3n, <strong>Humberto Ariel Far\u00edas<\/strong>, quien integraba las filas del PJ y aliados, comunic\u00f3 a las autoridades de la C\u00e1mara Baja su decisi\u00f3n de conformar un nuevo bloque legislativo llamado \u201cTrabajo por el Pueblo\u201d.<\/h3>\n<h3>El legislador hab\u00eda prestado juramento en mayo del a\u00f1o pasado en reemplazo de <strong>Nicol\u00e1s Anzulovich<\/strong>, quien renunci\u00f3 para asumir como ministro de Desarrollo Social de la provincia.<\/h3>\n<h3>\u201cM\u00e1s firme que nunca en la lucha por la justicia social y la defensa de los que menos tienen y m\u00e1s necesitan, entiendo que conformar un bloque que llevar\u00e1 por nombre \u201cTrabajo por el Pueblo\u201d me permitir\u00e1 actuar con la libertad necesaria y en un marco de respeto en la representaci\u00f3n de los ciudadanos que me han confiado su mandato\u201d se\u00f1ala la nota que Far\u00edas present\u00f3 ante las autoridades de la C\u00e1mara de Diputados.<\/h3>\n<h3>Far\u00edas ha sido dos veces jefe comunal en Zanjitas, por lo cual en su asunci\u00f3n estuvo acompa\u00f1ado de vecinos de Alto Pencoso, Balde, Cazador y la propia Zanjitas.<\/h3>\n<h3>Como se recordar\u00e1, el 12 de setiembre pasado otros cuatro legisladores oficialistas &#8211; <strong>Adri\u00e1n Ag\u00fcero<\/strong> y <strong>Ver\u00f3nica Garro<\/strong> (Departamento San Martin), <strong>Francisco \u201cTengo\u201d Irusta<\/strong> (Departamento Pedernera) y <strong>Ram\u00f3n Leyes<\/strong> (Departamento Belgrano) \u2013 se hab\u00edan escindido de su bancada, para conformar un bloque propio, al que denominaron \u201cFuerza Independiente\u201d.<\/h3>\n<h3>Far\u00edas tiene mandato hasta diciembre de 2025, al igual que Leyes.<\/h3>\n<h3>Con estas bajas, el gobierno ha perdido el control de Diputados, al quedarse sin mayor\u00eda ni qu\u00f3rum.<\/h3>\n<h3>Seg\u00fan dej\u00f3 transcender una fuente del peronismo disidente, no ser\u00eda de extra\u00f1ar que tambi\u00e9n en el Senado se produzca la deserci\u00f3n de alg\u00fan legislador oficialista, a tono con los nuevos realineamientos que se producir\u00e1n hasta el 10 de diciembre, cuando asuma el gobernador electo Claudio Poggi.<\/h3>\n<p>&nbsp;<\/p>\n<h3><span style=\"color: #3366ff;\"><strong>NOTICIA RELACIONADA:<\/strong><\/span><\/h3>\n<p><a href=\"https:\/\/apuntesdesanluis.com\/index.php\/2023\/09\/12\/ultimo-momento-se-partio-el-bloque-oficialista-en-diputados-y-pierde-el-quorum\/\"><img fetchpriority=\"high\" decoding=\"async\" class=\"alignnone wp-image-4126\" src=\"https:\/\/apuntesdesanluis.com\/wp-content\/uploads\/2023\/09\/POSTEO-3-300x217.png\" alt=\"\" width=\"492\" height=\"356\" srcset=\"https:\/\/apuntesdesanluis.com\/wp-content\/uploads\/2023\/09\/POSTEO-3-300x217.png 300w, https:\/\/apuntesdesanluis.com\/wp-content\/uploads\/2023\/09\/POSTEO-3.png 679w\" sizes=\"(max-width: 492px) 100vw, 492px\" \/><\/a><\/p>\n<p>&nbsp;<\/p>\n<p>&nbsp;<\/p>\n<p>&nbsp;<\/p>\n","protected":false},"excerpt":{"rendered":"<p>Este martes el diputado provincial por el departamento Pueyrred\u00f3n, Humberto Ariel Far\u00edas, quien integraba las&#8230;<\/p>\n","protected":false},"author":1,"featured_media":4127,"comment_status":"closed","ping_status":"closed","sticky":false,"template":"","format":"standard","meta":{"footnotes":""},"categories":[6],"tags":[],"class_list":["post-4125","post","type-post","status-publish","format-standard","has-post-thumbnail","hentry","category-ciudad-provincia"],"yoast_head":"<!-- This site is optimized with the Yoast SEO plugin v26.1.1 - https:\/\/yoast.com\/wordpress\/plugins\/seo\/ -->\n<title>SE CONTIN\u00daA DESHILACHANDO EL OFICIALISMO EN LA C\u00c1MARA DE DIPUTADOS - Apuntes de San Luis<\/title>\n<meta name=\"robots\" content=\"index, follow, max-snippet:-1, max-image-preview:large, max-video-preview:-1\" \/>\n<link rel=\"canonical\" href=\"https:\/\/apuntesdesanluis.com\/index.php\/2023\/09\/26\/se-continua-deshilachando-el-oficialismo-en-la-camara-de-diputados\/\" \/>\n<meta property=\"og:locale\" content=\"es_ES\" \/>\n<meta property=\"og:type\" content=\"article\" \/>\n<meta property=\"og:title\" content=\"SE CONTIN\u00daA DESHILACHANDO EL OFICIALISMO EN LA C\u00c1MARA DE DIPUTADOS - Apuntes de San Luis\" \/>\n<meta property=\"og:description\" content=\"Este martes el diputado provincial por el departamento Pueyrred\u00f3n, Humberto Ariel Far\u00edas, quien integraba las...\" \/>\n<meta property=\"og:url\" content=\"https:\/\/apuntesdesanluis.com\/index.php\/2023\/09\/26\/se-continua-deshilachando-el-oficialismo-en-la-camara-de-diputados\/\" \/>\n<meta property=\"og:site_name\" content=\"Apuntes de San Luis\" \/>\n<meta property=\"article:published_time\" content=\"2023-09-27T00:18:00+00:00\" \/>\n<meta property=\"article:modified_time\" content=\"2023-09-27T00:22:50+00:00\" \/>\n<meta property=\"og:image\" content=\"https:\/\/apuntesdesanluis.com\/wp-content\/uploads\/2023\/09\/humberto-farias.png\" \/>\n\t<meta property=\"og:image:width\" content=\"662\" \/>\n\t<meta property=\"og:image:height\" content=\"437\" \/>\n\t<meta property=\"og:image:type\" content=\"image\/png\" \/>\n<meta name=\"author\" content=\"apuntesdesanluis.com\" \/>\n<meta name=\"twitter:card\" content=\"summary_large_image\" \/>\n<meta name=\"twitter:label1\" content=\"Escrito por\" \/>\n\t<meta name=\"twitter:data1\" content=\"apuntesdesanluis.com\" \/>\n\t<meta name=\"twitter:label2\" content=\"Tiempo de lectura\" \/>\n\t<meta name=\"twitter:data2\" content=\"2 minutos\" \/>\n<script type=\"application\/ld+json\" class=\"yoast-schema-graph\">{\"@context\":\"https:\/\/schema.org\",\"@graph\":[{\"@type\":\"Article\",\"@id\":\"https:\/\/apuntesdesanluis.com\/index.php\/2023\/09\/26\/se-continua-deshilachando-el-oficialismo-en-la-camara-de-diputados\/#article\",\"isPartOf\":{\"@id\":\"https:\/\/apuntesdesanluis.com\/index.php\/2023\/09\/26\/se-continua-deshilachando-el-oficialismo-en-la-camara-de-diputados\/\"},\"author\":{\"name\":\"apuntesdesanluis.com\",\"@id\":\"https:\/\/apuntesdesanluis.com\/#\/schema\/person\/b55151d52296fcce64d1a72538a70b90\"},\"headline\":\"SE CONTIN\u00daA DESHILACHANDO EL OFICIALISMO EN LA C\u00c1MARA DE DIPUTADOS\",\"datePublished\":\"2023-09-27T00:18:00+00:00\",\"dateModified\":\"2023-09-27T00:22:50+00:00\",\"mainEntityOfPage\":{\"@id\":\"https:\/\/apuntesdesanluis.com\/index.php\/2023\/09\/26\/se-continua-deshilachando-el-oficialismo-en-la-camara-de-diputados\/\"},\"wordCount\":337,\"publisher\":{\"@id\":\"https:\/\/apuntesdesanluis.com\/#\/schema\/person\/b55151d52296fcce64d1a72538a70b90\"},\"image\":{\"@id\":\"https:\/\/apuntesdesanluis.com\/index.php\/2023\/09\/26\/se-continua-deshilachando-el-oficialismo-en-la-camara-de-diputados\/#primaryimage\"},\"thumbnailUrl\":\"https:\/\/apuntesdesanluis.com\/wp-content\/uploads\/2023\/09\/humberto-farias.png\",\"articleSection\":[\"Ciudad\/Provincia\"],\"inLanguage\":\"es-AR\"},{\"@type\":\"WebPage\",\"@id\":\"https:\/\/apuntesdesanluis.com\/index.php\/2023\/09\/26\/se-continua-deshilachando-el-oficialismo-en-la-camara-de-diputados\/\",\"url\":\"https:\/\/apuntesdesanluis.com\/index.php\/2023\/09\/26\/se-continua-deshilachando-el-oficialismo-en-la-camara-de-diputados\/\",\"name\":\"SE CONTIN\u00daA DESHILACHANDO EL OFICIALISMO EN LA C\u00c1MARA DE DIPUTADOS - Apuntes de San Luis\",\"isPartOf\":{\"@id\":\"https:\/\/apuntesdesanluis.com\/#website\"},\"primaryImageOfPage\":{\"@id\":\"https:\/\/apuntesdesanluis.com\/index.php\/2023\/09\/26\/se-continua-deshilachando-el-oficialismo-en-la-camara-de-diputados\/#primaryimage\"},\"image\":{\"@id\":\"https:\/\/apuntesdesanluis.com\/index.php\/2023\/09\/26\/se-continua-deshilachando-el-oficialismo-en-la-camara-de-diputados\/#primaryimage\"},\"thumbnailUrl\":\"https:\/\/apuntesdesanluis.com\/wp-content\/uploads\/2023\/09\/humberto-farias.png\",\"datePublished\":\"2023-09-27T00:18:00+00:00\",\"dateModified\":\"2023-09-27T00:22:50+00:00\",\"breadcrumb\":{\"@id\":\"https:\/\/apuntesdesanluis.com\/index.php\/2023\/09\/26\/se-continua-deshilachando-el-oficialismo-en-la-camara-de-diputados\/#breadcrumb\"},\"inLanguage\":\"es-AR\",\"potentialAction\":[{\"@type\":\"ReadAction\",\"target\":[\"https:\/\/apuntesdesanluis.com\/index.php\/2023\/09\/26\/se-continua-deshilachando-el-oficialismo-en-la-camara-de-diputados\/\"]}]},{\"@type\":\"ImageObject\",\"inLanguage\":\"es-AR\",\"@id\":\"https:\/\/apuntesdesanluis.com\/index.php\/2023\/09\/26\/se-continua-deshilachando-el-oficialismo-en-la-camara-de-diputados\/#primaryimage\",\"url\":\"https:\/\/apuntesdesanluis.com\/wp-content\/uploads\/2023\/09\/humberto-farias.png\",\"contentUrl\":\"https:\/\/apuntesdesanluis.com\/wp-content\/uploads\/2023\/09\/humberto-farias.png\",\"width\":662,\"height\":437},{\"@type\":\"BreadcrumbList\",\"@id\":\"https:\/\/apuntesdesanluis.com\/index.php\/2023\/09\/26\/se-continua-deshilachando-el-oficialismo-en-la-camara-de-diputados\/#breadcrumb\",\"itemListElement\":[{\"@type\":\"ListItem\",\"position\":1,\"name\":\"Inicio\",\"item\":\"https:\/\/apuntesdesanluis.com\/\"},{\"@type\":\"ListItem\",\"position\":2,\"name\":\"SE CONTIN\u00daA DESHILACHANDO EL OFICIALISMO EN LA C\u00c1MARA DE DIPUTADOS\"}]},{\"@type\":\"WebSite\",\"@id\":\"https:\/\/apuntesdesanluis.com\/#website\",\"url\":\"https:\/\/apuntesdesanluis.com\/\",\"name\":\"Apuntes de San Luis\",\"description\":\"\",\"publisher\":{\"@id\":\"https:\/\/apuntesdesanluis.com\/#\/schema\/person\/b55151d52296fcce64d1a72538a70b90\"},\"potentialAction\":[{\"@type\":\"SearchAction\",\"target\":{\"@type\":\"EntryPoint\",\"urlTemplate\":\"https:\/\/apuntesdesanluis.com\/?s={search_term_string}\"},\"query-input\":{\"@type\":\"PropertyValueSpecification\",\"valueRequired\":true,\"valueName\":\"search_term_string\"}}],\"inLanguage\":\"es-AR\"},{\"@type\":[\"Person\",\"Organization\"],\"@id\":\"https:\/\/apuntesdesanluis.com\/#\/schema\/person\/b55151d52296fcce64d1a72538a70b90\",\"name\":\"apuntesdesanluis.com\",\"image\":{\"@type\":\"ImageObject\",\"inLanguage\":\"es-AR\",\"@id\":\"https:\/\/apuntesdesanluis.com\/#\/schema\/person\/image\/\",\"url\":\"https:\/\/apuntesdesanluis.com\/wp-content\/uploads\/2023\/07\/cropped-apuntesdesanluis.png\",\"contentUrl\":\"https:\/\/apuntesdesanluis.com\/wp-content\/uploads\/2023\/07\/cropped-apuntesdesanluis.png\",\"width\":450,\"height\":112,\"caption\":\"apuntesdesanluis.com\"},\"logo\":{\"@id\":\"https:\/\/apuntesdesanluis.com\/#\/schema\/person\/image\/\"},\"sameAs\":[\"https:\/\/apuntesdesanluis.com\"],\"url\":\"https:\/\/apuntesdesanluis.com\/index.php\/author\/apuntesdesanluis-com\/\"}]}<\/script>\n<!-- \/ Yoast SEO plugin. -->","yoast_head_json":{"title":"SE CONTIN\u00daA DESHILACHANDO EL OFICIALISMO EN LA C\u00c1MARA DE DIPUTADOS - Apuntes de San Luis","robots":{"index":"index","follow":"follow","max-snippet":"max-snippet:-1","max-image-preview":"max-image-preview:large","max-video-preview":"max-video-preview:-1"},"canonical":"https:\/\/apuntesdesanluis.com\/index.php\/2023\/09\/26\/se-continua-deshilachando-el-oficialismo-en-la-camara-de-diputados\/","og_locale":"es_ES","og_type":"article","og_title":"SE CONTIN\u00daA DESHILACHANDO EL OFICIALISMO EN LA C\u00c1MARA DE DIPUTADOS - Apuntes de San Luis","og_description":"Este martes el diputado provincial por el departamento Pueyrred\u00f3n, Humberto Ariel Far\u00edas, quien integraba las...","og_url":"https:\/\/apuntesdesanluis.com\/index.php\/2023\/09\/26\/se-continua-deshilachando-el-oficialismo-en-la-camara-de-diputados\/","og_site_name":"Apuntes de San Luis","article_published_time":"2023-09-27T00:18:00+00:00","article_modified_time":"2023-09-27T00:22:50+00:00","og_image":[{"width":662,"height":437,"url":"https:\/\/apuntesdesanluis.com\/wp-content\/uploads\/2023\/09\/humberto-farias.png","type":"image\/png"}],"author":"apuntesdesanluis.com","twitter_card":"summary_large_image","twitter_misc":{"Escrito por":"apuntesdesanluis.com","Tiempo de lectura":"2 minutos"},"schema":{"@context":"https:\/\/schema.org","@graph":[{"@type":"Article","@id":"https:\/\/apuntesdesanluis.com\/index.php\/2023\/09\/26\/se-continua-deshilachando-el-oficialismo-en-la-camara-de-diputados\/#article","isPartOf":{"@id":"https:\/\/apuntesdesanluis.com\/index.php\/2023\/09\/26\/se-continua-deshilachando-el-oficialismo-en-la-camara-de-diputados\/"},"author":{"name":"apuntesdesanluis.com","@id":"https:\/\/apuntesdesanluis.com\/#\/schema\/person\/b55151d52296fcce64d1a72538a70b90"},"headline":"SE CONTIN\u00daA DESHILACHANDO EL OFICIALISMO EN LA C\u00c1MARA DE DIPUTADOS","datePublished":"2023-09-27T00:18:00+00:00","dateModified":"2023-09-27T00:22:50+00:00","mainEntityOfPage":{"@id":"https:\/\/apuntesdesanluis.com\/index.php\/2023\/09\/26\/se-continua-deshilachando-el-oficialismo-en-la-camara-de-diputados\/"},"wordCount":337,"publisher":{"@id":"https:\/\/apuntesdesanluis.com\/#\/schema\/person\/b55151d52296fcce64d1a72538a70b90"},"image":{"@id":"https:\/\/apuntesdesanluis.com\/index.php\/2023\/09\/26\/se-continua-deshilachando-el-oficialismo-en-la-camara-de-diputados\/#primaryimage"},"thumbnailUrl":"https:\/\/apuntesdesanluis.com\/wp-content\/uploads\/2023\/09\/humberto-farias.png","articleSection":["Ciudad\/Provincia"],"inLanguage":"es-AR"},{"@type":"WebPage","@id":"https:\/\/apuntesdesanluis.com\/index.php\/2023\/09\/26\/se-continua-deshilachando-el-oficialismo-en-la-camara-de-diputados\/","url":"https:\/\/apuntesdesanluis.com\/index.php\/2023\/09\/26\/se-continua-deshilachando-el-oficialismo-en-la-camara-de-diputados\/","name":"SE CONTIN\u00daA DESHILACHANDO EL OFICIALISMO EN LA C\u00c1MARA DE DIPUTADOS - Apuntes de San Luis","isPartOf":{"@id":"https:\/\/apuntesdesanluis.com\/#website"},"primaryImageOfPage":{"@id":"https:\/\/apuntesdesanluis.com\/index.php\/2023\/09\/26\/se-continua-deshilachando-el-oficialismo-en-la-camara-de-diputados\/#primaryimage"},"image":{"@id":"https:\/\/apuntesdesanluis.com\/index.php\/2023\/09\/26\/se-continua-deshilachando-el-oficialismo-en-la-camara-de-diputados\/#primaryimage"},"thumbnailUrl":"https:\/\/apuntesdesanluis.com\/wp-content\/uploads\/2023\/09\/humberto-farias.png","datePublished":"2023-09-27T00:18:00+00:00","dateModified":"2023-09-27T00:22:50+00:00","breadcrumb":{"@id":"https:\/\/apuntesdesanluis.com\/index.php\/2023\/09\/26\/se-continua-deshilachando-el-oficialismo-en-la-camara-de-diputados\/#breadcrumb"},"inLanguage":"es-AR","potentialAction":[{"@type":"ReadAction","target":["https:\/\/apuntesdesanluis.com\/index.php\/2023\/09\/26\/se-continua-deshilachando-el-oficialismo-en-la-camara-de-diputados\/"]}]},{"@type":"ImageObject","inLanguage":"es-AR","@id":"https:\/\/apuntesdesanluis.com\/index.php\/2023\/09\/26\/se-continua-deshilachando-el-oficialismo-en-la-camara-de-diputados\/#primaryimage","url":"https:\/\/apuntesdesanluis.com\/wp-content\/uploads\/2023\/09\/humberto-farias.png","contentUrl":"https:\/\/apuntesdesanluis.com\/wp-content\/uploads\/2023\/09\/humberto-farias.png","width":662,"height":437},{"@type":"BreadcrumbList","@id":"https:\/\/apuntesdesanluis.com\/index.php\/2023\/09\/26\/se-continua-deshilachando-el-oficialismo-en-la-camara-de-diputados\/#breadcrumb","itemListElement":[{"@type":"ListItem","position":1,"name":"Inicio","item":"https:\/\/apuntesdesanluis.com\/"},{"@type":"ListItem","position":2,"name":"SE CONTIN\u00daA DESHILACHANDO EL OFICIALISMO EN LA C\u00c1MARA DE DIPUTADOS"}]},{"@type":"WebSite","@id":"https:\/\/apuntesdesanluis.com\/#website","url":"https:\/\/apuntesdesanluis.com\/","name":"Apuntes de San Luis","description":"","publisher":{"@id":"https:\/\/apuntesdesanluis.com\/#\/schema\/person\/b55151d52296fcce64d1a72538a70b90"},"potentialAction":[{"@type":"SearchAction","target":{"@type":"EntryPoint","urlTemplate":"https:\/\/apuntesdesanluis.com\/?s={search_term_string}"},"query-input":{"@type":"PropertyValueSpecification","valueRequired":true,"valueName":"search_term_string"}}],"inLanguage":"es-AR"},{"@type":["Person","Organization"],"@id":"https:\/\/apuntesdesanluis.com\/#\/schema\/person\/b55151d52296fcce64d1a72538a70b90","name":"apuntesdesanluis.com","image":{"@type":"ImageObject","inLanguage":"es-AR","@id":"https:\/\/apuntesdesanluis.com\/#\/schema\/person\/image\/","url":"https:\/\/apuntesdesanluis.com\/wp-content\/uploads\/2023\/07\/cropped-apuntesdesanluis.png","contentUrl":"https:\/\/apuntesdesanluis.com\/wp-content\/uploads\/2023\/07\/cropped-apuntesdesanluis.png","width":450,"height":112,"caption":"apuntesdesanluis.com"},"logo":{"@id":"https:\/\/apuntesdesanluis.com\/#\/schema\/person\/image\/"},"sameAs":["https:\/\/apuntesdesanluis.com"],"url":"https:\/\/apuntesdesanluis.com\/index.php\/author\/apuntesdesanluis-com\/"}]}},"featured_image_urls":{"full":["https:\/\/apuntesdesanluis.com\/wp-content\/uploads\/2023\/09\/humberto-farias.png",662,437,false],"thumbnail":["https:\/\/apuntesdesanluis.com\/wp-content\/uploads\/2023\/09\/humberto-farias-150x150.png",150,150,true],"medium":["https:\/\/apuntesdesanluis.com\/wp-content\/uploads\/2023\/09\/humberto-farias-300x198.png",300,198,true],"medium_large":["https:\/\/apuntesdesanluis.com\/wp-content\/uploads\/2023\/09\/humberto-farias.png",640,422,false],"large":["https:\/\/apuntesdesanluis.com\/wp-content\/uploads\/2023\/09\/humberto-farias.png",640,422,false],"1536x1536":["https:\/\/apuntesdesanluis.com\/wp-content\/uploads\/2023\/09\/humberto-farias.png",662,437,false],"2048x2048":["https:\/\/apuntesdesanluis.com\/wp-content\/uploads\/2023\/09\/humberto-farias.png",662,437,false],"newsever-slider-full":["https:\/\/apuntesdesanluis.com\/wp-content\/uploads\/2023\/09\/humberto-farias.png",662,437,false],"newsever-featured":["https:\/\/apuntesdesanluis.com\/wp-content\/uploads\/2023\/09\/humberto-farias.png",662,437,false],"newsever-medium":["https:\/\/apuntesdesanluis.com\/wp-content\/uploads\/2023\/09\/humberto-farias.png",662,437,false]},"author_info":{"display_name":"apuntesdesanluis.com","author_link":"https:\/\/apuntesdesanluis.com\/index.php\/author\/apuntesdesanluis-com\/"},"category_info":"<a href=\"https:\/\/apuntesdesanluis.com\/index.php\/category\/ciudad-provincia\/\" rel=\"category tag\">Ciudad\/Provincia<\/a>","tag_info":"Ciudad\/Provincia","comment_count":"0","_links":{"self":[{"href":"https:\/\/apuntesdesanluis.com\/index.php\/wp-json\/wp\/v2\/posts\/4125","targetHints":{"allow":["GET"]}}],"collection":[{"href":"https:\/\/apuntesdesanluis.com\/index.php\/wp-json\/wp\/v2\/posts"}],"about":[{"href":"https:\/\/apuntesdesanluis.com\/index.php\/wp-json\/wp\/v2\/types\/post"}],"author":[{"embeddable":true,"href":"https:\/\/apuntesdesanluis.com\/index.php\/wp-json\/wp\/v2\/users\/1"}],"replies":[{"embeddable":true,"href":"https:\/\/apuntesdesanluis.com\/index.php\/wp-json\/wp\/v2\/comments?post=4125"}],"version-history":[{"count":7,"href":"https:\/\/apuntesdesanluis.com\/index.php\/wp-json\/wp\/v2\/posts\/4125\/revisions"}],"predecessor-version":[{"id":4134,"href":"https:\/\/apuntesdesanluis.com\/index.php\/wp-json\/wp\/v2\/posts\/4125\/revisions\/4134"}],"wp:featuredmedia":[{"embeddable":true,"href":"https:\/\/apuntesdesanluis.com\/index.php\/wp-json\/wp\/v2\/media\/4127"}],"wp:attachment":[{"href":"https:\/\/apuntesdesanluis.com\/index.php\/wp-json\/wp\/v2\/media?parent=4125"}],"wp:term":[{"taxonomy":"category","embeddable":true,"href":"https:\/\/apuntesdesanluis.com\/index.php\/wp-json\/wp\/v2\/categories?post=4125"},{"taxonomy":"post_tag","embeddable":true,"href":"https:\/\/apuntesdesanluis.com\/index.php\/wp-json\/wp\/v2\/tags?post=4125"}],"curies":[{"name":"wp","href":"https:\/\/api.w.org\/{rel}","templated":true}]}}