{"id":4151,"date":"2023-09-27T09:40:24","date_gmt":"2023-09-27T12:40:24","guid":{"rendered":"https:\/\/apuntesdesanluis.com\/?p=4151"},"modified":"2023-09-27T09:41:20","modified_gmt":"2023-09-27T12:41:20","slug":"se-descomprimio-el-conflicto-con-los-municipales-de-merlo","status":"publish","type":"post","link":"https:\/\/apuntesdesanluis.com\/index.php\/2023\/09\/27\/se-descomprimio-el-conflicto-con-los-municipales-de-merlo\/","title":{"rendered":"SE DESCOMPRIMI\u00d3 EL CONFLICTO CON LOS MUNICIPALES DE MERLO"},"content":{"rendered":"<h3>Los empleados municipales de la Villa de Merlo se hab\u00edan declarado este martes en asamblea permanente con quita de colaboraci\u00f3n, luego de haberse cancelado una reuni\u00f3n que algunos dirigentes gremiales pretend\u00edan tener con el intendente <strong>Juan \u00c1lvarez Pinto<\/strong>.<\/h3>\n<h3>Fuentes gremiales informaron que en el encuentro pensaban analizar distintas aristas del convenio firmado entre el Municipio y la Provincia, que aport\u00f3 un monto extraordinario de la coparticipaci\u00f3n para que los trabajadores municipales no queden por debajo de la l\u00ednea de la probreza.<\/h3>\n<h3>La Intendencia Municipal hab\u00eda informado previamente la entrega de un bono de 120 mil pesos, pero la dirigencia gremial lo consider\u00f3 \u201cinsuficiente\u201d, pugnando por la obtenci\u00f3n del piso salarial de $300 mil.<\/h3>\n<h3>La protesta afect\u00f3 algunos servicios como recolecci\u00f3n, Bromatolog\u00eda, Espacios Verdes, entre otros.<\/h3>\n<h3>En horas de la tarde <strong>ATE Merlo<\/strong> comunic\u00f3 el levantamiento de la Asamblea luego de que se lograra restablecer el di\u00e1logo con las autoridades municipales.<\/h3>\n<p><img fetchpriority=\"high\" decoding=\"async\" class=\"wp-image-4152 aligncenter\" src=\"https:\/\/apuntesdesanluis.com\/wp-content\/uploads\/2023\/09\/mensaje-ate-300x202.png\" alt=\"\" width=\"550\" height=\"370\" srcset=\"https:\/\/apuntesdesanluis.com\/wp-content\/uploads\/2023\/09\/mensaje-ate-300x202.png 300w, https:\/\/apuntesdesanluis.com\/wp-content\/uploads\/2023\/09\/mensaje-ate.png 443w\" sizes=\"(max-width: 550px) 100vw, 550px\" \/><\/p>\n<p>&nbsp;<\/p>\n<p>&nbsp;<\/p>\n<p>&nbsp;<\/p>\n","protected":false},"excerpt":{"rendered":"<p>Los empleados municipales de la Villa de Merlo se hab\u00edan declarado este martes en asamblea&#8230;<\/p>\n","protected":false},"author":1,"featured_media":3002,"comment_status":"closed","ping_status":"closed","sticky":false,"template":"","format":"standard","meta":{"footnotes":""},"categories":[6],"tags":[],"class_list":["post-4151","post","type-post","status-publish","format-standard","has-post-thumbnail","hentry","category-ciudad-provincia"],"yoast_head":"<!-- This site is optimized with the Yoast SEO plugin v26.1.1 - https:\/\/yoast.com\/wordpress\/plugins\/seo\/ -->\n<title>SE DESCOMPRIMI\u00d3 EL CONFLICTO CON LOS MUNICIPALES DE MERLO - Apuntes de San Luis<\/title>\n<meta name=\"robots\" content=\"index, follow, max-snippet:-1, max-image-preview:large, max-video-preview:-1\" \/>\n<link rel=\"canonical\" href=\"https:\/\/apuntesdesanluis.com\/index.php\/2023\/09\/27\/se-descomprimio-el-conflicto-con-los-municipales-de-merlo\/\" \/>\n<meta property=\"og:locale\" content=\"es_ES\" \/>\n<meta property=\"og:type\" content=\"article\" \/>\n<meta property=\"og:title\" content=\"SE DESCOMPRIMI\u00d3 EL CONFLICTO CON LOS MUNICIPALES DE MERLO - Apuntes de San Luis\" \/>\n<meta property=\"og:description\" content=\"Los empleados municipales de la Villa de Merlo se hab\u00edan declarado este martes en asamblea...\" \/>\n<meta property=\"og:url\" content=\"https:\/\/apuntesdesanluis.com\/index.php\/2023\/09\/27\/se-descomprimio-el-conflicto-con-los-municipales-de-merlo\/\" \/>\n<meta property=\"og:site_name\" content=\"Apuntes de San Luis\" \/>\n<meta property=\"article:published_time\" content=\"2023-09-27T12:40:24+00:00\" \/>\n<meta property=\"article:modified_time\" content=\"2023-09-27T12:41:20+00:00\" \/>\n<meta property=\"og:image\" content=\"https:\/\/apuntesdesanluis.com\/wp-content\/uploads\/2023\/09\/MUNICIPALIDAD-DE-MERLO.png\" \/>\n\t<meta property=\"og:image:width\" content=\"629\" \/>\n\t<meta property=\"og:image:height\" content=\"377\" \/>\n\t<meta property=\"og:image:type\" content=\"image\/png\" \/>\n<meta name=\"author\" content=\"apuntesdesanluis.com\" \/>\n<meta name=\"twitter:card\" content=\"summary_large_image\" \/>\n<meta name=\"twitter:label1\" content=\"Escrito por\" \/>\n\t<meta name=\"twitter:data1\" content=\"apuntesdesanluis.com\" \/>\n\t<meta name=\"twitter:label2\" content=\"Tiempo de lectura\" \/>\n\t<meta name=\"twitter:data2\" content=\"1 minuto\" \/>\n<script type=\"application\/ld+json\" class=\"yoast-schema-graph\">{\"@context\":\"https:\/\/schema.org\",\"@graph\":[{\"@type\":\"Article\",\"@id\":\"https:\/\/apuntesdesanluis.com\/index.php\/2023\/09\/27\/se-descomprimio-el-conflicto-con-los-municipales-de-merlo\/#article\",\"isPartOf\":{\"@id\":\"https:\/\/apuntesdesanluis.com\/index.php\/2023\/09\/27\/se-descomprimio-el-conflicto-con-los-municipales-de-merlo\/\"},\"author\":{\"name\":\"apuntesdesanluis.com\",\"@id\":\"https:\/\/apuntesdesanluis.com\/#\/schema\/person\/b55151d52296fcce64d1a72538a70b90\"},\"headline\":\"SE DESCOMPRIMI\u00d3 EL CONFLICTO CON LOS MUNICIPALES DE MERLO\",\"datePublished\":\"2023-09-27T12:40:24+00:00\",\"dateModified\":\"2023-09-27T12:41:20+00:00\",\"mainEntityOfPage\":{\"@id\":\"https:\/\/apuntesdesanluis.com\/index.php\/2023\/09\/27\/se-descomprimio-el-conflicto-con-los-municipales-de-merlo\/\"},\"wordCount\":171,\"publisher\":{\"@id\":\"https:\/\/apuntesdesanluis.com\/#\/schema\/person\/b55151d52296fcce64d1a72538a70b90\"},\"image\":{\"@id\":\"https:\/\/apuntesdesanluis.com\/index.php\/2023\/09\/27\/se-descomprimio-el-conflicto-con-los-municipales-de-merlo\/#primaryimage\"},\"thumbnailUrl\":\"https:\/\/apuntesdesanluis.com\/wp-content\/uploads\/2023\/09\/MUNICIPALIDAD-DE-MERLO.png\",\"articleSection\":[\"Ciudad\/Provincia\"],\"inLanguage\":\"es-AR\"},{\"@type\":\"WebPage\",\"@id\":\"https:\/\/apuntesdesanluis.com\/index.php\/2023\/09\/27\/se-descomprimio-el-conflicto-con-los-municipales-de-merlo\/\",\"url\":\"https:\/\/apuntesdesanluis.com\/index.php\/2023\/09\/27\/se-descomprimio-el-conflicto-con-los-municipales-de-merlo\/\",\"name\":\"SE DESCOMPRIMI\u00d3 EL CONFLICTO CON LOS MUNICIPALES DE MERLO - Apuntes de San Luis\",\"isPartOf\":{\"@id\":\"https:\/\/apuntesdesanluis.com\/#website\"},\"primaryImageOfPage\":{\"@id\":\"https:\/\/apuntesdesanluis.com\/index.php\/2023\/09\/27\/se-descomprimio-el-conflicto-con-los-municipales-de-merlo\/#primaryimage\"},\"image\":{\"@id\":\"https:\/\/apuntesdesanluis.com\/index.php\/2023\/09\/27\/se-descomprimio-el-conflicto-con-los-municipales-de-merlo\/#primaryimage\"},\"thumbnailUrl\":\"https:\/\/apuntesdesanluis.com\/wp-content\/uploads\/2023\/09\/MUNICIPALIDAD-DE-MERLO.png\",\"datePublished\":\"2023-09-27T12:40:24+00:00\",\"dateModified\":\"2023-09-27T12:41:20+00:00\",\"breadcrumb\":{\"@id\":\"https:\/\/apuntesdesanluis.com\/index.php\/2023\/09\/27\/se-descomprimio-el-conflicto-con-los-municipales-de-merlo\/#breadcrumb\"},\"inLanguage\":\"es-AR\",\"potentialAction\":[{\"@type\":\"ReadAction\",\"target\":[\"https:\/\/apuntesdesanluis.com\/index.php\/2023\/09\/27\/se-descomprimio-el-conflicto-con-los-municipales-de-merlo\/\"]}]},{\"@type\":\"ImageObject\",\"inLanguage\":\"es-AR\",\"@id\":\"https:\/\/apuntesdesanluis.com\/index.php\/2023\/09\/27\/se-descomprimio-el-conflicto-con-los-municipales-de-merlo\/#primaryimage\",\"url\":\"https:\/\/apuntesdesanluis.com\/wp-content\/uploads\/2023\/09\/MUNICIPALIDAD-DE-MERLO.png\",\"contentUrl\":\"https:\/\/apuntesdesanluis.com\/wp-content\/uploads\/2023\/09\/MUNICIPALIDAD-DE-MERLO.png\",\"width\":629,\"height\":377},{\"@type\":\"BreadcrumbList\",\"@id\":\"https:\/\/apuntesdesanluis.com\/index.php\/2023\/09\/27\/se-descomprimio-el-conflicto-con-los-municipales-de-merlo\/#breadcrumb\",\"itemListElement\":[{\"@type\":\"ListItem\",\"position\":1,\"name\":\"Inicio\",\"item\":\"https:\/\/apuntesdesanluis.com\/\"},{\"@type\":\"ListItem\",\"position\":2,\"name\":\"SE DESCOMPRIMI\u00d3 EL CONFLICTO CON LOS MUNICIPALES DE MERLO\"}]},{\"@type\":\"WebSite\",\"@id\":\"https:\/\/apuntesdesanluis.com\/#website\",\"url\":\"https:\/\/apuntesdesanluis.com\/\",\"name\":\"Apuntes de San Luis\",\"description\":\"\",\"publisher\":{\"@id\":\"https:\/\/apuntesdesanluis.com\/#\/schema\/person\/b55151d52296fcce64d1a72538a70b90\"},\"potentialAction\":[{\"@type\":\"SearchAction\",\"target\":{\"@type\":\"EntryPoint\",\"urlTemplate\":\"https:\/\/apuntesdesanluis.com\/?s={search_term_string}\"},\"query-input\":{\"@type\":\"PropertyValueSpecification\",\"valueRequired\":true,\"valueName\":\"search_term_string\"}}],\"inLanguage\":\"es-AR\"},{\"@type\":[\"Person\",\"Organization\"],\"@id\":\"https:\/\/apuntesdesanluis.com\/#\/schema\/person\/b55151d52296fcce64d1a72538a70b90\",\"name\":\"apuntesdesanluis.com\",\"image\":{\"@type\":\"ImageObject\",\"inLanguage\":\"es-AR\",\"@id\":\"https:\/\/apuntesdesanluis.com\/#\/schema\/person\/image\/\",\"url\":\"https:\/\/apuntesdesanluis.com\/wp-content\/uploads\/2023\/07\/cropped-apuntesdesanluis.png\",\"contentUrl\":\"https:\/\/apuntesdesanluis.com\/wp-content\/uploads\/2023\/07\/cropped-apuntesdesanluis.png\",\"width\":450,\"height\":112,\"caption\":\"apuntesdesanluis.com\"},\"logo\":{\"@id\":\"https:\/\/apuntesdesanluis.com\/#\/schema\/person\/image\/\"},\"sameAs\":[\"https:\/\/apuntesdesanluis.com\"],\"url\":\"https:\/\/apuntesdesanluis.com\/index.php\/author\/apuntesdesanluis-com\/\"}]}<\/script>\n<!-- \/ Yoast SEO plugin. -->","yoast_head_json":{"title":"SE DESCOMPRIMI\u00d3 EL CONFLICTO CON LOS MUNICIPALES DE MERLO - Apuntes de San Luis","robots":{"index":"index","follow":"follow","max-snippet":"max-snippet:-1","max-image-preview":"max-image-preview:large","max-video-preview":"max-video-preview:-1"},"canonical":"https:\/\/apuntesdesanluis.com\/index.php\/2023\/09\/27\/se-descomprimio-el-conflicto-con-los-municipales-de-merlo\/","og_locale":"es_ES","og_type":"article","og_title":"SE DESCOMPRIMI\u00d3 EL CONFLICTO CON LOS MUNICIPALES DE MERLO - Apuntes de San Luis","og_description":"Los empleados municipales de la Villa de Merlo se hab\u00edan declarado este martes en asamblea...","og_url":"https:\/\/apuntesdesanluis.com\/index.php\/2023\/09\/27\/se-descomprimio-el-conflicto-con-los-municipales-de-merlo\/","og_site_name":"Apuntes de San Luis","article_published_time":"2023-09-27T12:40:24+00:00","article_modified_time":"2023-09-27T12:41:20+00:00","og_image":[{"width":629,"height":377,"url":"https:\/\/apuntesdesanluis.com\/wp-content\/uploads\/2023\/09\/MUNICIPALIDAD-DE-MERLO.png","type":"image\/png"}],"author":"apuntesdesanluis.com","twitter_card":"summary_large_image","twitter_misc":{"Escrito por":"apuntesdesanluis.com","Tiempo de lectura":"1 minuto"},"schema":{"@context":"https:\/\/schema.org","@graph":[{"@type":"Article","@id":"https:\/\/apuntesdesanluis.com\/index.php\/2023\/09\/27\/se-descomprimio-el-conflicto-con-los-municipales-de-merlo\/#article","isPartOf":{"@id":"https:\/\/apuntesdesanluis.com\/index.php\/2023\/09\/27\/se-descomprimio-el-conflicto-con-los-municipales-de-merlo\/"},"author":{"name":"apuntesdesanluis.com","@id":"https:\/\/apuntesdesanluis.com\/#\/schema\/person\/b55151d52296fcce64d1a72538a70b90"},"headline":"SE DESCOMPRIMI\u00d3 EL CONFLICTO CON LOS MUNICIPALES DE MERLO","datePublished":"2023-09-27T12:40:24+00:00","dateModified":"2023-09-27T12:41:20+00:00","mainEntityOfPage":{"@id":"https:\/\/apuntesdesanluis.com\/index.php\/2023\/09\/27\/se-descomprimio-el-conflicto-con-los-municipales-de-merlo\/"},"wordCount":171,"publisher":{"@id":"https:\/\/apuntesdesanluis.com\/#\/schema\/person\/b55151d52296fcce64d1a72538a70b90"},"image":{"@id":"https:\/\/apuntesdesanluis.com\/index.php\/2023\/09\/27\/se-descomprimio-el-conflicto-con-los-municipales-de-merlo\/#primaryimage"},"thumbnailUrl":"https:\/\/apuntesdesanluis.com\/wp-content\/uploads\/2023\/09\/MUNICIPALIDAD-DE-MERLO.png","articleSection":["Ciudad\/Provincia"],"inLanguage":"es-AR"},{"@type":"WebPage","@id":"https:\/\/apuntesdesanluis.com\/index.php\/2023\/09\/27\/se-descomprimio-el-conflicto-con-los-municipales-de-merlo\/","url":"https:\/\/apuntesdesanluis.com\/index.php\/2023\/09\/27\/se-descomprimio-el-conflicto-con-los-municipales-de-merlo\/","name":"SE DESCOMPRIMI\u00d3 EL CONFLICTO CON LOS MUNICIPALES DE MERLO - Apuntes de San Luis","isPartOf":{"@id":"https:\/\/apuntesdesanluis.com\/#website"},"primaryImageOfPage":{"@id":"https:\/\/apuntesdesanluis.com\/index.php\/2023\/09\/27\/se-descomprimio-el-conflicto-con-los-municipales-de-merlo\/#primaryimage"},"image":{"@id":"https:\/\/apuntesdesanluis.com\/index.php\/2023\/09\/27\/se-descomprimio-el-conflicto-con-los-municipales-de-merlo\/#primaryimage"},"thumbnailUrl":"https:\/\/apuntesdesanluis.com\/wp-content\/uploads\/2023\/09\/MUNICIPALIDAD-DE-MERLO.png","datePublished":"2023-09-27T12:40:24+00:00","dateModified":"2023-09-27T12:41:20+00:00","breadcrumb":{"@id":"https:\/\/apuntesdesanluis.com\/index.php\/2023\/09\/27\/se-descomprimio-el-conflicto-con-los-municipales-de-merlo\/#breadcrumb"},"inLanguage":"es-AR","potentialAction":[{"@type":"ReadAction","target":["https:\/\/apuntesdesanluis.com\/index.php\/2023\/09\/27\/se-descomprimio-el-conflicto-con-los-municipales-de-merlo\/"]}]},{"@type":"ImageObject","inLanguage":"es-AR","@id":"https:\/\/apuntesdesanluis.com\/index.php\/2023\/09\/27\/se-descomprimio-el-conflicto-con-los-municipales-de-merlo\/#primaryimage","url":"https:\/\/apuntesdesanluis.com\/wp-content\/uploads\/2023\/09\/MUNICIPALIDAD-DE-MERLO.png","contentUrl":"https:\/\/apuntesdesanluis.com\/wp-content\/uploads\/2023\/09\/MUNICIPALIDAD-DE-MERLO.png","width":629,"height":377},{"@type":"BreadcrumbList","@id":"https:\/\/apuntesdesanluis.com\/index.php\/2023\/09\/27\/se-descomprimio-el-conflicto-con-los-municipales-de-merlo\/#breadcrumb","itemListElement":[{"@type":"ListItem","position":1,"name":"Inicio","item":"https:\/\/apuntesdesanluis.com\/"},{"@type":"ListItem","position":2,"name":"SE DESCOMPRIMI\u00d3 EL CONFLICTO CON LOS MUNICIPALES DE MERLO"}]},{"@type":"WebSite","@id":"https:\/\/apuntesdesanluis.com\/#website","url":"https:\/\/apuntesdesanluis.com\/","name":"Apuntes de San Luis","description":"","publisher":{"@id":"https:\/\/apuntesdesanluis.com\/#\/schema\/person\/b55151d52296fcce64d1a72538a70b90"},"potentialAction":[{"@type":"SearchAction","target":{"@type":"EntryPoint","urlTemplate":"https:\/\/apuntesdesanluis.com\/?s={search_term_string}"},"query-input":{"@type":"PropertyValueSpecification","valueRequired":true,"valueName":"search_term_string"}}],"inLanguage":"es-AR"},{"@type":["Person","Organization"],"@id":"https:\/\/apuntesdesanluis.com\/#\/schema\/person\/b55151d52296fcce64d1a72538a70b90","name":"apuntesdesanluis.com","image":{"@type":"ImageObject","inLanguage":"es-AR","@id":"https:\/\/apuntesdesanluis.com\/#\/schema\/person\/image\/","url":"https:\/\/apuntesdesanluis.com\/wp-content\/uploads\/2023\/07\/cropped-apuntesdesanluis.png","contentUrl":"https:\/\/apuntesdesanluis.com\/wp-content\/uploads\/2023\/07\/cropped-apuntesdesanluis.png","width":450,"height":112,"caption":"apuntesdesanluis.com"},"logo":{"@id":"https:\/\/apuntesdesanluis.com\/#\/schema\/person\/image\/"},"sameAs":["https:\/\/apuntesdesanluis.com"],"url":"https:\/\/apuntesdesanluis.com\/index.php\/author\/apuntesdesanluis-com\/"}]}},"featured_image_urls":{"full":["https:\/\/apuntesdesanluis.com\/wp-content\/uploads\/2023\/09\/MUNICIPALIDAD-DE-MERLO.png",629,377,false],"thumbnail":["https:\/\/apuntesdesanluis.com\/wp-content\/uploads\/2023\/09\/MUNICIPALIDAD-DE-MERLO-150x150.png",150,150,true],"medium":["https:\/\/apuntesdesanluis.com\/wp-content\/uploads\/2023\/09\/MUNICIPALIDAD-DE-MERLO-300x180.png",300,180,true],"medium_large":["https:\/\/apuntesdesanluis.com\/wp-content\/uploads\/2023\/09\/MUNICIPALIDAD-DE-MERLO.png",629,377,false],"large":["https:\/\/apuntesdesanluis.com\/wp-content\/uploads\/2023\/09\/MUNICIPALIDAD-DE-MERLO.png",629,377,false],"1536x1536":["https:\/\/apuntesdesanluis.com\/wp-content\/uploads\/2023\/09\/MUNICIPALIDAD-DE-MERLO.png",629,377,false],"2048x2048":["https:\/\/apuntesdesanluis.com\/wp-content\/uploads\/2023\/09\/MUNICIPALIDAD-DE-MERLO.png",629,377,false],"newsever-slider-full":["https:\/\/apuntesdesanluis.com\/wp-content\/uploads\/2023\/09\/MUNICIPALIDAD-DE-MERLO.png",629,377,false],"newsever-featured":["https:\/\/apuntesdesanluis.com\/wp-content\/uploads\/2023\/09\/MUNICIPALIDAD-DE-MERLO.png",629,377,false],"newsever-medium":["https:\/\/apuntesdesanluis.com\/wp-content\/uploads\/2023\/09\/MUNICIPALIDAD-DE-MERLO.png",629,377,false]},"author_info":{"display_name":"apuntesdesanluis.com","author_link":"https:\/\/apuntesdesanluis.com\/index.php\/author\/apuntesdesanluis-com\/"},"category_info":"<a href=\"https:\/\/apuntesdesanluis.com\/index.php\/category\/ciudad-provincia\/\" rel=\"category tag\">Ciudad\/Provincia<\/a>","tag_info":"Ciudad\/Provincia","comment_count":"0","_links":{"self":[{"href":"https:\/\/apuntesdesanluis.com\/index.php\/wp-json\/wp\/v2\/posts\/4151","targetHints":{"allow":["GET"]}}],"collection":[{"href":"https:\/\/apuntesdesanluis.com\/index.php\/wp-json\/wp\/v2\/posts"}],"about":[{"href":"https:\/\/apuntesdesanluis.com\/index.php\/wp-json\/wp\/v2\/types\/post"}],"author":[{"embeddable":true,"href":"https:\/\/apuntesdesanluis.com\/index.php\/wp-json\/wp\/v2\/users\/1"}],"replies":[{"embeddable":true,"href":"https:\/\/apuntesdesanluis.com\/index.php\/wp-json\/wp\/v2\/comments?post=4151"}],"version-history":[{"count":2,"href":"https:\/\/apuntesdesanluis.com\/index.php\/wp-json\/wp\/v2\/posts\/4151\/revisions"}],"predecessor-version":[{"id":4154,"href":"https:\/\/apuntesdesanluis.com\/index.php\/wp-json\/wp\/v2\/posts\/4151\/revisions\/4154"}],"wp:featuredmedia":[{"embeddable":true,"href":"https:\/\/apuntesdesanluis.com\/index.php\/wp-json\/wp\/v2\/media\/3002"}],"wp:attachment":[{"href":"https:\/\/apuntesdesanluis.com\/index.php\/wp-json\/wp\/v2\/media?parent=4151"}],"wp:term":[{"taxonomy":"category","embeddable":true,"href":"https:\/\/apuntesdesanluis.com\/index.php\/wp-json\/wp\/v2\/categories?post=4151"},{"taxonomy":"post_tag","embeddable":true,"href":"https:\/\/apuntesdesanluis.com\/index.php\/wp-json\/wp\/v2\/tags?post=4151"}],"curies":[{"name":"wp","href":"https:\/\/api.w.org\/{rel}","templated":true}]}}