{"id":4157,"date":"2023-09-27T14:02:51","date_gmt":"2023-09-27T17:02:51","guid":{"rendered":"https:\/\/apuntesdesanluis.com\/?p=4157"},"modified":"2023-09-27T14:02:51","modified_gmt":"2023-09-27T17:02:51","slug":"se-creo-el-consejo-federal-de-radios-publicas","status":"publish","type":"post","link":"https:\/\/apuntesdesanluis.com\/index.php\/2023\/09\/27\/se-creo-el-consejo-federal-de-radios-publicas\/","title":{"rendered":"SE CRE\u00d3 EL CONSEJO FEDERAL DE RADIOS P\u00daBLICAS"},"content":{"rendered":"<h3>Del acto fundacional participaron el Jefe de Gabinete de Ministros de la Naci\u00f3n, Agust\u00edn Rossi; el secretario de Medios y Comunicaci\u00f3n P\u00fablica, Juan Ross; la subsecretaria de Medios P\u00fablicos, Rosaura Audi, la Presidenta de Radio y Televisi\u00f3n Argentina, Rosario Lufrano; y el Director ejecutivo de Nacional, Alejandro Pont Lezica.<\/h3>\n<h3>Se constituy\u00f3 este martes la Asociaci\u00f3n Civil que nuclea a las emisoras dependientes del Estado nacional, las provincias, los municipios y las universidades nacionales, y que tendr\u00e1 entre sus objetivos potenciar el desarrollo de los medios p\u00fablicos, planificar pol\u00edticas conjuntas de gesti\u00f3n e intercambiar experiencias de trabajo. El documento fundacional fue suscripto por Rosario Lufrano, Alejandro Pont Lezica, y los apoderados de Medios P\u00fablicos del Chaco, Juli\u00e1n Ceballos, y La Rioja, Guillermo Meg\u00edas, en un acto realizado en el Auditorio de Radio Nacional, junto a directoras y directores de las emisoras nacionales, radios provinciales y universitarias.<\/h3>\n<p><img fetchpriority=\"high\" decoding=\"async\" class=\"wp-image-4159 aligncenter\" src=\"https:\/\/apuntesdesanluis.com\/wp-content\/uploads\/2023\/09\/autoridades-300x211.png\" alt=\"\" width=\"594\" height=\"418\" srcset=\"https:\/\/apuntesdesanluis.com\/wp-content\/uploads\/2023\/09\/autoridades-300x211.png 300w, https:\/\/apuntesdesanluis.com\/wp-content\/uploads\/2023\/09\/autoridades.png 749w\" sizes=\"(max-width: 594px) 100vw, 594px\" \/><\/p>\n<h3>Agust\u00edn Rossi expres\u00f3 que &#8221; la decisi\u00f3n de crear este Consejo Federal de Radios P\u00fablicas de la Argentina es muy buena, invitar a todo el resto de las radios universitarias, las radios municipales, las expresiones provinciales que pudiesen existir, es absolutamente necesario y est\u00e1 bueno el momento. \u00bfPor qu\u00e9 est\u00e1 bueno el momento? Porque yo creo que cuando te atacan no hay que retroceder, ten\u00e9s que salir para adelante sin agachar la cabeza, y dar debate con tus valores y creencias&#8221;.<\/h3>\n<h3>&#8220;No sirve el debate de Estado chico o Estado grande, existe el debate de Estado presente o Estado ausente. El Estado presente es el Estado que nosotros defendemos. El Estado ausente es el Estado que le sirve solamente a un sector de la sociedad y no a los sectores populares&#8221; aseguro el Jefe de Gabinete de Ministros de la Naci\u00f3n.<\/h3>\n<h3>Por su parte, el secretario Juan Ross destac\u00f3 \u201cla enorme potencialidad de Radio Nacional. Quienes somos del interior, sabemos de la importancia que tiene Radio Nacional\u201d, dijo y destac\u00f3 que \u201ces indispensable darle vida jur\u00eddica a una instituci\u00f3n como el Consejo Federal\u201d.<\/h3>\n<h3>Del acto participaron emisoras dependientes del Estado nacional, y diversas provincias, municipios y universidades nacionales.<\/h3>\n<h3>A su tiempo, Rosario Lufrano se\u00f1al\u00f3 que \u201cestamos muy felices de seguir haciendo Radio P\u00fablica y de que se unan todas las radios p\u00fablicas de la Rep\u00fablica Argentina\u201d. En este sentido, anticip\u00f3 que \u201cvamos a ir por la personalidad jur\u00eddica, porque es una herramienta para tomar decisiones\u201d.<\/h3>\n<h3>La presidenta de RTA asegur\u00f3 que \u201cen esos momentos es donde m\u00e1s Radio P\u00fablica tenemos que hacer, donde Radio Nacional tiene que estar m\u00e1s conectada. La respuesta es la gesti\u00f3n, lo que venimos haciendo todos los d\u00edas. Tenemos que comunicarlo m\u00e1s, que decirlo m\u00e1s fuerte\u201d.<\/h3>\n<h3>Lufrano record\u00f3 tambi\u00e9n que la idea surgi\u00f3 en La Rioja durante el a\u00f1o pasado durante el encuentro del Consejo Federal de Televisoras P\u00fablicas; all\u00ed dijimos \u2018qu\u00e9 interesante ser\u00eda poder hacer lo mismo con las radios p\u00fablicas\u2019. La emoci\u00f3n de hoy es que se ha hecho realidad\u201d.<\/h3>\n<h3>De izquierda a derecha: miembro del directorio de RTA, Alejandro Verano; director ejecutivo de Radio Nacional, Alejandro Pont Lezica; Presidenta de Radio y Televisi\u00f3n Argentina, Rosario Lufrano; Jefe de Gabinete de Ministros de la Naci\u00f3n, Agust\u00edn Rossi; secretario de Medios y Comunicaci\u00f3n P\u00fablica, Juan Ross; subsecretaria de Medios P\u00fablicos, Rosaura Audi.<\/h3>\n<h3>De izquierda a derecha: miembro del directorio de RTA, Alejandro Verano; director ejecutivo de Radio Nacional, Alejandro Pont Lezica; Presidenta de Radio y Televisi\u00f3n Argentina, Rosario Lufrano; Jefe de Gabinete de Ministros de la Naci\u00f3n, Agust\u00edn Rossi; secretario de Medios y Comunicaci\u00f3n P\u00fablica, Juan Ross; subsecretaria de Medios P\u00fablicos, Rosaura Audi.<\/h3>\n<h3>Al darle la bienvenida a las y los asistentes, Pont Lezica dijo estar emocionado porque \u201ces un trabajo que se viene so\u00f1ando desde hace ya bastante tiempo\u201d.<\/h3>\n<h3>\u201cDesde nuestras radios \u2013continu\u00f3\u2013, conocemos la misi\u00f3n que tenemos, pero esto va a permitir que amplifiquemos, que nos conozcamos m\u00e1s, que compartamos ideas y que pensemos en seguir creciendo y brind\u00e1ndole a nuestra gente la posibilidad de tener una radio con otras miradas de informaci\u00f3n, sobre la realidad y particularmente, para defender la argentinidad que se construye cada d\u00eda a trav\u00e9s de la cultura, del trabajo, de la producci\u00f3n\u201d.<\/h3>\n<p><iframe title=\"Qued\u00f3 constituido el Consejo Federal de Radios P\u00fablicas\" width=\"640\" height=\"360\" src=\"https:\/\/www.youtube.com\/embed\/2Zn9yM8lTiE?feature=oembed\" frameborder=\"0\" allow=\"accelerometer; autoplay; clipboard-write; encrypted-media; gyroscope; picture-in-picture; web-share\" referrerpolicy=\"strict-origin-when-cross-origin\" allowfullscreen><\/iframe><\/p>\n<h3>INTENSA AGENDA DE TRABAJO<\/h3>\n<h3>Durante las dos jornadas de este encuentro directoras y directores de las 50 estaciones de Radio Nacional de todo el pa\u00eds, junto a responsables de emisoras provinciales y universitarias desarrollaron un programa de trabajo orientado a la construcci\u00f3n de una comunicaci\u00f3n federal.<\/h3>\n<h3>En el panel de apertura, sobre el rol de los medios p\u00fablicos, disertaron Lufrano, el director de Radio Universidad de La Plata, Gabriel Morini, la directora de LRA14 Nacional Santa Fe, Mariana Steckler, con la moderaci\u00f3n de la subsecretar\u00eda de Medios P\u00fablicos, Rosaura Audi.<\/h3>\n<h3>Luego, los periodistas Alfredo Zaiat, Mario Giorgi y Dar\u00edo Villarruel, junto a Luisa Valmaggia, hablaron sobre \u201cHistoria y econom\u00eda\u201d. M\u00e1s tarde, hubo una mesa sobre \u201cDemocracia, Cultura y Derechos Humanos\u201d, con Pedro Saborido y el subdirector de Radio Nacional, Gustavo Campana.<\/h3>\n<h3>Este mi\u00e9rcoles tuvo lugar el conversatorio sobre \u201cHistoria del f\u00fatbol\u201d con Miguel Tit\u00ed Fern\u00e1ndez y Felipe Pigna. All\u00ed el periodista deportivo recibir\u00e1 el Premio Pallarols a su trayectoria. Finalmente, se abordar\u00e1 el tema \u201cLa radio, emociones intensas\u201d con la palabra de Sandra Mihanovich, Carlos Ulanovsky y Eduardo Aliverti, moderados por la directora de Nacional Rock 93.7, Mikki Lusardi.<\/h3>\n<p>&nbsp;<\/p>\n","protected":false},"excerpt":{"rendered":"<p>Del acto fundacional participaron el Jefe de Gabinete de Ministros de la Naci\u00f3n, Agust\u00edn Rossi;&#8230;<\/p>\n","protected":false},"author":1,"featured_media":4158,"comment_status":"closed","ping_status":"closed","sticky":false,"template":"","format":"standard","meta":{"footnotes":""},"categories":[5],"tags":[],"class_list":["post-4157","post","type-post","status-publish","format-standard","has-post-thumbnail","hentry","category-nacionales-internacionales"],"yoast_head":"<!-- This site is optimized with the Yoast SEO plugin v26.1.1 - https:\/\/yoast.com\/wordpress\/plugins\/seo\/ -->\n<title>SE CRE\u00d3 EL CONSEJO FEDERAL DE RADIOS P\u00daBLICAS - Apuntes de San Luis<\/title>\n<meta name=\"robots\" content=\"index, follow, max-snippet:-1, max-image-preview:large, max-video-preview:-1\" \/>\n<link rel=\"canonical\" href=\"https:\/\/apuntesdesanluis.com\/index.php\/2023\/09\/27\/se-creo-el-consejo-federal-de-radios-publicas\/\" \/>\n<meta property=\"og:locale\" content=\"es_ES\" \/>\n<meta property=\"og:type\" content=\"article\" \/>\n<meta property=\"og:title\" content=\"SE CRE\u00d3 EL CONSEJO FEDERAL DE RADIOS P\u00daBLICAS - Apuntes de San Luis\" \/>\n<meta property=\"og:description\" content=\"Del acto fundacional participaron el Jefe de Gabinete de Ministros de la Naci\u00f3n, Agust\u00edn Rossi;...\" \/>\n<meta property=\"og:url\" content=\"https:\/\/apuntesdesanluis.com\/index.php\/2023\/09\/27\/se-creo-el-consejo-federal-de-radios-publicas\/\" \/>\n<meta property=\"og:site_name\" content=\"Apuntes de San Luis\" \/>\n<meta property=\"article:published_time\" content=\"2023-09-27T17:02:51+00:00\" \/>\n<meta property=\"og:image\" content=\"https:\/\/apuntesdesanluis.com\/wp-content\/uploads\/2023\/09\/Consejo-federal-radios-publicas-unvime.png\" \/>\n\t<meta property=\"og:image:width\" content=\"700\" \/>\n\t<meta property=\"og:image:height\" content=\"397\" \/>\n\t<meta property=\"og:image:type\" content=\"image\/png\" \/>\n<meta name=\"author\" content=\"apuntesdesanluis.com\" \/>\n<meta name=\"twitter:card\" content=\"summary_large_image\" \/>\n<meta name=\"twitter:label1\" content=\"Escrito por\" \/>\n\t<meta name=\"twitter:data1\" content=\"apuntesdesanluis.com\" \/>\n\t<meta name=\"twitter:label2\" content=\"Tiempo de lectura\" \/>\n\t<meta name=\"twitter:data2\" content=\"5 minutos\" \/>\n<script type=\"application\/ld+json\" class=\"yoast-schema-graph\">{\"@context\":\"https:\/\/schema.org\",\"@graph\":[{\"@type\":\"Article\",\"@id\":\"https:\/\/apuntesdesanluis.com\/index.php\/2023\/09\/27\/se-creo-el-consejo-federal-de-radios-publicas\/#article\",\"isPartOf\":{\"@id\":\"https:\/\/apuntesdesanluis.com\/index.php\/2023\/09\/27\/se-creo-el-consejo-federal-de-radios-publicas\/\"},\"author\":{\"name\":\"apuntesdesanluis.com\",\"@id\":\"https:\/\/apuntesdesanluis.com\/#\/schema\/person\/b55151d52296fcce64d1a72538a70b90\"},\"headline\":\"SE CRE\u00d3 EL CONSEJO FEDERAL DE RADIOS P\u00daBLICAS\",\"datePublished\":\"2023-09-27T17:02:51+00:00\",\"mainEntityOfPage\":{\"@id\":\"https:\/\/apuntesdesanluis.com\/index.php\/2023\/09\/27\/se-creo-el-consejo-federal-de-radios-publicas\/\"},\"wordCount\":957,\"publisher\":{\"@id\":\"https:\/\/apuntesdesanluis.com\/#\/schema\/person\/b55151d52296fcce64d1a72538a70b90\"},\"image\":{\"@id\":\"https:\/\/apuntesdesanluis.com\/index.php\/2023\/09\/27\/se-creo-el-consejo-federal-de-radios-publicas\/#primaryimage\"},\"thumbnailUrl\":\"https:\/\/apuntesdesanluis.com\/wp-content\/uploads\/2023\/09\/Consejo-federal-radios-publicas-unvime.png\",\"articleSection\":[\"Nacionales\/Internacionales\"],\"inLanguage\":\"es-AR\"},{\"@type\":\"WebPage\",\"@id\":\"https:\/\/apuntesdesanluis.com\/index.php\/2023\/09\/27\/se-creo-el-consejo-federal-de-radios-publicas\/\",\"url\":\"https:\/\/apuntesdesanluis.com\/index.php\/2023\/09\/27\/se-creo-el-consejo-federal-de-radios-publicas\/\",\"name\":\"SE CRE\u00d3 EL CONSEJO FEDERAL DE RADIOS P\u00daBLICAS - Apuntes de San Luis\",\"isPartOf\":{\"@id\":\"https:\/\/apuntesdesanluis.com\/#website\"},\"primaryImageOfPage\":{\"@id\":\"https:\/\/apuntesdesanluis.com\/index.php\/2023\/09\/27\/se-creo-el-consejo-federal-de-radios-publicas\/#primaryimage\"},\"image\":{\"@id\":\"https:\/\/apuntesdesanluis.com\/index.php\/2023\/09\/27\/se-creo-el-consejo-federal-de-radios-publicas\/#primaryimage\"},\"thumbnailUrl\":\"https:\/\/apuntesdesanluis.com\/wp-content\/uploads\/2023\/09\/Consejo-federal-radios-publicas-unvime.png\",\"datePublished\":\"2023-09-27T17:02:51+00:00\",\"breadcrumb\":{\"@id\":\"https:\/\/apuntesdesanluis.com\/index.php\/2023\/09\/27\/se-creo-el-consejo-federal-de-radios-publicas\/#breadcrumb\"},\"inLanguage\":\"es-AR\",\"potentialAction\":[{\"@type\":\"ReadAction\",\"target\":[\"https:\/\/apuntesdesanluis.com\/index.php\/2023\/09\/27\/se-creo-el-consejo-federal-de-radios-publicas\/\"]}]},{\"@type\":\"ImageObject\",\"inLanguage\":\"es-AR\",\"@id\":\"https:\/\/apuntesdesanluis.com\/index.php\/2023\/09\/27\/se-creo-el-consejo-federal-de-radios-publicas\/#primaryimage\",\"url\":\"https:\/\/apuntesdesanluis.com\/wp-content\/uploads\/2023\/09\/Consejo-federal-radios-publicas-unvime.png\",\"contentUrl\":\"https:\/\/apuntesdesanluis.com\/wp-content\/uploads\/2023\/09\/Consejo-federal-radios-publicas-unvime.png\",\"width\":700,\"height\":397},{\"@type\":\"BreadcrumbList\",\"@id\":\"https:\/\/apuntesdesanluis.com\/index.php\/2023\/09\/27\/se-creo-el-consejo-federal-de-radios-publicas\/#breadcrumb\",\"itemListElement\":[{\"@type\":\"ListItem\",\"position\":1,\"name\":\"Inicio\",\"item\":\"https:\/\/apuntesdesanluis.com\/\"},{\"@type\":\"ListItem\",\"position\":2,\"name\":\"SE CRE\u00d3 EL CONSEJO FEDERAL DE RADIOS P\u00daBLICAS\"}]},{\"@type\":\"WebSite\",\"@id\":\"https:\/\/apuntesdesanluis.com\/#website\",\"url\":\"https:\/\/apuntesdesanluis.com\/\",\"name\":\"Apuntes de San Luis\",\"description\":\"\",\"publisher\":{\"@id\":\"https:\/\/apuntesdesanluis.com\/#\/schema\/person\/b55151d52296fcce64d1a72538a70b90\"},\"potentialAction\":[{\"@type\":\"SearchAction\",\"target\":{\"@type\":\"EntryPoint\",\"urlTemplate\":\"https:\/\/apuntesdesanluis.com\/?s={search_term_string}\"},\"query-input\":{\"@type\":\"PropertyValueSpecification\",\"valueRequired\":true,\"valueName\":\"search_term_string\"}}],\"inLanguage\":\"es-AR\"},{\"@type\":[\"Person\",\"Organization\"],\"@id\":\"https:\/\/apuntesdesanluis.com\/#\/schema\/person\/b55151d52296fcce64d1a72538a70b90\",\"name\":\"apuntesdesanluis.com\",\"image\":{\"@type\":\"ImageObject\",\"inLanguage\":\"es-AR\",\"@id\":\"https:\/\/apuntesdesanluis.com\/#\/schema\/person\/image\/\",\"url\":\"https:\/\/apuntesdesanluis.com\/wp-content\/uploads\/2023\/07\/cropped-apuntesdesanluis.png\",\"contentUrl\":\"https:\/\/apuntesdesanluis.com\/wp-content\/uploads\/2023\/07\/cropped-apuntesdesanluis.png\",\"width\":450,\"height\":112,\"caption\":\"apuntesdesanluis.com\"},\"logo\":{\"@id\":\"https:\/\/apuntesdesanluis.com\/#\/schema\/person\/image\/\"},\"sameAs\":[\"https:\/\/apuntesdesanluis.com\"],\"url\":\"https:\/\/apuntesdesanluis.com\/index.php\/author\/apuntesdesanluis-com\/\"}]}<\/script>\n<!-- \/ Yoast SEO plugin. -->","yoast_head_json":{"title":"SE CRE\u00d3 EL CONSEJO FEDERAL DE RADIOS P\u00daBLICAS - Apuntes de San Luis","robots":{"index":"index","follow":"follow","max-snippet":"max-snippet:-1","max-image-preview":"max-image-preview:large","max-video-preview":"max-video-preview:-1"},"canonical":"https:\/\/apuntesdesanluis.com\/index.php\/2023\/09\/27\/se-creo-el-consejo-federal-de-radios-publicas\/","og_locale":"es_ES","og_type":"article","og_title":"SE CRE\u00d3 EL CONSEJO FEDERAL DE RADIOS P\u00daBLICAS - Apuntes de San Luis","og_description":"Del acto fundacional participaron el Jefe de Gabinete de Ministros de la Naci\u00f3n, Agust\u00edn Rossi;...","og_url":"https:\/\/apuntesdesanluis.com\/index.php\/2023\/09\/27\/se-creo-el-consejo-federal-de-radios-publicas\/","og_site_name":"Apuntes de San Luis","article_published_time":"2023-09-27T17:02:51+00:00","og_image":[{"width":700,"height":397,"url":"https:\/\/apuntesdesanluis.com\/wp-content\/uploads\/2023\/09\/Consejo-federal-radios-publicas-unvime.png","type":"image\/png"}],"author":"apuntesdesanluis.com","twitter_card":"summary_large_image","twitter_misc":{"Escrito por":"apuntesdesanluis.com","Tiempo de lectura":"5 minutos"},"schema":{"@context":"https:\/\/schema.org","@graph":[{"@type":"Article","@id":"https:\/\/apuntesdesanluis.com\/index.php\/2023\/09\/27\/se-creo-el-consejo-federal-de-radios-publicas\/#article","isPartOf":{"@id":"https:\/\/apuntesdesanluis.com\/index.php\/2023\/09\/27\/se-creo-el-consejo-federal-de-radios-publicas\/"},"author":{"name":"apuntesdesanluis.com","@id":"https:\/\/apuntesdesanluis.com\/#\/schema\/person\/b55151d52296fcce64d1a72538a70b90"},"headline":"SE CRE\u00d3 EL CONSEJO FEDERAL DE RADIOS P\u00daBLICAS","datePublished":"2023-09-27T17:02:51+00:00","mainEntityOfPage":{"@id":"https:\/\/apuntesdesanluis.com\/index.php\/2023\/09\/27\/se-creo-el-consejo-federal-de-radios-publicas\/"},"wordCount":957,"publisher":{"@id":"https:\/\/apuntesdesanluis.com\/#\/schema\/person\/b55151d52296fcce64d1a72538a70b90"},"image":{"@id":"https:\/\/apuntesdesanluis.com\/index.php\/2023\/09\/27\/se-creo-el-consejo-federal-de-radios-publicas\/#primaryimage"},"thumbnailUrl":"https:\/\/apuntesdesanluis.com\/wp-content\/uploads\/2023\/09\/Consejo-federal-radios-publicas-unvime.png","articleSection":["Nacionales\/Internacionales"],"inLanguage":"es-AR"},{"@type":"WebPage","@id":"https:\/\/apuntesdesanluis.com\/index.php\/2023\/09\/27\/se-creo-el-consejo-federal-de-radios-publicas\/","url":"https:\/\/apuntesdesanluis.com\/index.php\/2023\/09\/27\/se-creo-el-consejo-federal-de-radios-publicas\/","name":"SE CRE\u00d3 EL CONSEJO FEDERAL DE RADIOS P\u00daBLICAS - Apuntes de San Luis","isPartOf":{"@id":"https:\/\/apuntesdesanluis.com\/#website"},"primaryImageOfPage":{"@id":"https:\/\/apuntesdesanluis.com\/index.php\/2023\/09\/27\/se-creo-el-consejo-federal-de-radios-publicas\/#primaryimage"},"image":{"@id":"https:\/\/apuntesdesanluis.com\/index.php\/2023\/09\/27\/se-creo-el-consejo-federal-de-radios-publicas\/#primaryimage"},"thumbnailUrl":"https:\/\/apuntesdesanluis.com\/wp-content\/uploads\/2023\/09\/Consejo-federal-radios-publicas-unvime.png","datePublished":"2023-09-27T17:02:51+00:00","breadcrumb":{"@id":"https:\/\/apuntesdesanluis.com\/index.php\/2023\/09\/27\/se-creo-el-consejo-federal-de-radios-publicas\/#breadcrumb"},"inLanguage":"es-AR","potentialAction":[{"@type":"ReadAction","target":["https:\/\/apuntesdesanluis.com\/index.php\/2023\/09\/27\/se-creo-el-consejo-federal-de-radios-publicas\/"]}]},{"@type":"ImageObject","inLanguage":"es-AR","@id":"https:\/\/apuntesdesanluis.com\/index.php\/2023\/09\/27\/se-creo-el-consejo-federal-de-radios-publicas\/#primaryimage","url":"https:\/\/apuntesdesanluis.com\/wp-content\/uploads\/2023\/09\/Consejo-federal-radios-publicas-unvime.png","contentUrl":"https:\/\/apuntesdesanluis.com\/wp-content\/uploads\/2023\/09\/Consejo-federal-radios-publicas-unvime.png","width":700,"height":397},{"@type":"BreadcrumbList","@id":"https:\/\/apuntesdesanluis.com\/index.php\/2023\/09\/27\/se-creo-el-consejo-federal-de-radios-publicas\/#breadcrumb","itemListElement":[{"@type":"ListItem","position":1,"name":"Inicio","item":"https:\/\/apuntesdesanluis.com\/"},{"@type":"ListItem","position":2,"name":"SE CRE\u00d3 EL CONSEJO FEDERAL DE RADIOS P\u00daBLICAS"}]},{"@type":"WebSite","@id":"https:\/\/apuntesdesanluis.com\/#website","url":"https:\/\/apuntesdesanluis.com\/","name":"Apuntes de San Luis","description":"","publisher":{"@id":"https:\/\/apuntesdesanluis.com\/#\/schema\/person\/b55151d52296fcce64d1a72538a70b90"},"potentialAction":[{"@type":"SearchAction","target":{"@type":"EntryPoint","urlTemplate":"https:\/\/apuntesdesanluis.com\/?s={search_term_string}"},"query-input":{"@type":"PropertyValueSpecification","valueRequired":true,"valueName":"search_term_string"}}],"inLanguage":"es-AR"},{"@type":["Person","Organization"],"@id":"https:\/\/apuntesdesanluis.com\/#\/schema\/person\/b55151d52296fcce64d1a72538a70b90","name":"apuntesdesanluis.com","image":{"@type":"ImageObject","inLanguage":"es-AR","@id":"https:\/\/apuntesdesanluis.com\/#\/schema\/person\/image\/","url":"https:\/\/apuntesdesanluis.com\/wp-content\/uploads\/2023\/07\/cropped-apuntesdesanluis.png","contentUrl":"https:\/\/apuntesdesanluis.com\/wp-content\/uploads\/2023\/07\/cropped-apuntesdesanluis.png","width":450,"height":112,"caption":"apuntesdesanluis.com"},"logo":{"@id":"https:\/\/apuntesdesanluis.com\/#\/schema\/person\/image\/"},"sameAs":["https:\/\/apuntesdesanluis.com"],"url":"https:\/\/apuntesdesanluis.com\/index.php\/author\/apuntesdesanluis-com\/"}]}},"featured_image_urls":{"full":["https:\/\/apuntesdesanluis.com\/wp-content\/uploads\/2023\/09\/Consejo-federal-radios-publicas-unvime.png",700,397,false],"thumbnail":["https:\/\/apuntesdesanluis.com\/wp-content\/uploads\/2023\/09\/Consejo-federal-radios-publicas-unvime-150x150.png",150,150,true],"medium":["https:\/\/apuntesdesanluis.com\/wp-content\/uploads\/2023\/09\/Consejo-federal-radios-publicas-unvime-300x170.png",300,170,true],"medium_large":["https:\/\/apuntesdesanluis.com\/wp-content\/uploads\/2023\/09\/Consejo-federal-radios-publicas-unvime.png",640,363,false],"large":["https:\/\/apuntesdesanluis.com\/wp-content\/uploads\/2023\/09\/Consejo-federal-radios-publicas-unvime.png",640,363,false],"1536x1536":["https:\/\/apuntesdesanluis.com\/wp-content\/uploads\/2023\/09\/Consejo-federal-radios-publicas-unvime.png",700,397,false],"2048x2048":["https:\/\/apuntesdesanluis.com\/wp-content\/uploads\/2023\/09\/Consejo-federal-radios-publicas-unvime.png",700,397,false],"newsever-slider-full":["https:\/\/apuntesdesanluis.com\/wp-content\/uploads\/2023\/09\/Consejo-federal-radios-publicas-unvime.png",700,397,false],"newsever-featured":["https:\/\/apuntesdesanluis.com\/wp-content\/uploads\/2023\/09\/Consejo-federal-radios-publicas-unvime.png",700,397,false],"newsever-medium":["https:\/\/apuntesdesanluis.com\/wp-content\/uploads\/2023\/09\/Consejo-federal-radios-publicas-unvime.png",700,397,false]},"author_info":{"display_name":"apuntesdesanluis.com","author_link":"https:\/\/apuntesdesanluis.com\/index.php\/author\/apuntesdesanluis-com\/"},"category_info":"<a href=\"https:\/\/apuntesdesanluis.com\/index.php\/category\/nacionales-internacionales\/\" rel=\"category tag\">Nacionales\/Internacionales<\/a>","tag_info":"Nacionales\/Internacionales","comment_count":"0","_links":{"self":[{"href":"https:\/\/apuntesdesanluis.com\/index.php\/wp-json\/wp\/v2\/posts\/4157","targetHints":{"allow":["GET"]}}],"collection":[{"href":"https:\/\/apuntesdesanluis.com\/index.php\/wp-json\/wp\/v2\/posts"}],"about":[{"href":"https:\/\/apuntesdesanluis.com\/index.php\/wp-json\/wp\/v2\/types\/post"}],"author":[{"embeddable":true,"href":"https:\/\/apuntesdesanluis.com\/index.php\/wp-json\/wp\/v2\/users\/1"}],"replies":[{"embeddable":true,"href":"https:\/\/apuntesdesanluis.com\/index.php\/wp-json\/wp\/v2\/comments?post=4157"}],"version-history":[{"count":1,"href":"https:\/\/apuntesdesanluis.com\/index.php\/wp-json\/wp\/v2\/posts\/4157\/revisions"}],"predecessor-version":[{"id":4160,"href":"https:\/\/apuntesdesanluis.com\/index.php\/wp-json\/wp\/v2\/posts\/4157\/revisions\/4160"}],"wp:featuredmedia":[{"embeddable":true,"href":"https:\/\/apuntesdesanluis.com\/index.php\/wp-json\/wp\/v2\/media\/4158"}],"wp:attachment":[{"href":"https:\/\/apuntesdesanluis.com\/index.php\/wp-json\/wp\/v2\/media?parent=4157"}],"wp:term":[{"taxonomy":"category","embeddable":true,"href":"https:\/\/apuntesdesanluis.com\/index.php\/wp-json\/wp\/v2\/categories?post=4157"},{"taxonomy":"post_tag","embeddable":true,"href":"https:\/\/apuntesdesanluis.com\/index.php\/wp-json\/wp\/v2\/tags?post=4157"}],"curies":[{"name":"wp","href":"https:\/\/api.w.org\/{rel}","templated":true}]}}