{"id":4161,"date":"2023-09-27T14:44:37","date_gmt":"2023-09-27T17:44:37","guid":{"rendered":"https:\/\/apuntesdesanluis.com\/?p=4161"},"modified":"2023-09-27T18:13:19","modified_gmt":"2023-09-27T21:13:19","slug":"el-viernes-se-realiza-la-avant-premiere-de-asalto-al-banco-nacion","status":"publish","type":"post","link":"https:\/\/apuntesdesanluis.com\/index.php\/2023\/09\/27\/el-viernes-se-realiza-la-avant-premiere-de-asalto-al-banco-nacion\/","title":{"rendered":"EL VIERNES SE REALIZA LA AVANT PREMIERE DE \u201cASALTO AL BANCO NACI\u00d3N\u201d"},"content":{"rendered":"<h3>Este audiovisual fue seleccionado en la segunda convocatoria de Documentales Tem\u00e1ticos \u201cGerardo Vallejos\u201d, de la Secretar\u00eda de Cultura del gobierno provincial.<\/h3>\n<h3>La obra est\u00e1 inspirada en el asalto de la banda de Butch Cassidy al Banco Naci\u00f3n de Villa Mercedes, en un sonado hecho ocurrido en 1905, y ser\u00e1 presentada el pr\u00f3ximo viernes 29 a las 21:00 h, en la Sala 1 del Complejo Cines F\u00e9nix.<\/h3>\n<p>&nbsp;<\/p>\n<p><img fetchpriority=\"high\" decoding=\"async\" class=\"wp-image-4163 aligncenter\" src=\"https:\/\/apuntesdesanluis.com\/wp-content\/uploads\/2023\/09\/avant-premier-169x300.jpg\" alt=\"\" width=\"489\" height=\"868\" srcset=\"https:\/\/apuntesdesanluis.com\/wp-content\/uploads\/2023\/09\/avant-premier-169x300.jpg 169w, https:\/\/apuntesdesanluis.com\/wp-content\/uploads\/2023\/09\/avant-premier-576x1024.jpg 576w, https:\/\/apuntesdesanluis.com\/wp-content\/uploads\/2023\/09\/avant-premier.jpg 600w\" sizes=\"(max-width: 489px) 100vw, 489px\" \/><\/p>\n<h3>El director del documental audiovisual \u201c<strong>Asalto al Banco Naci\u00f3n<\/strong>\u201d fue el realizador <strong>Mart\u00edn Ochoa<\/strong>, quien en di\u00e1logo con Radio UNViMe 93.7 MHz cont\u00f3 que para elaborar el gui\u00f3n debi\u00f3 efectuar una investigaci\u00f3n previa, que lo llev\u00f3 a entrevistar a historiadores de Villa Mercedes, a nietas y bisnietas de personas que fueron contempor\u00e1neas de aqu\u00e9l hist\u00f3rico robo a la sucusal bancaria, que era la \u00fanica que ten\u00eda el Naci\u00f3n en el interior del pa\u00eds.<\/h3>\n<h3>El robo se recre\u00f3 en instalaciones del Museo Nativista H\u00e9ctor Aubert, que est\u00e1 en Villa Mercedes, en tanto que las escenas de persecuci\u00f3n se hicieron en la estancia \u201cPaine\u201d de la familia Casale, en Juan Jorba.<\/h3>\n<h3>El realizador tambi\u00e9n destac\u00f3 el trabajo que efectu\u00f3 todo el equipo de t\u00e9cnicos que participaron de este documental, que tiene una extensi\u00f3n de 38\u00b4, y consider\u00f3 que el mismo constituye \u201cun aporte para el conocimiento de nuestra historia y la cultura de nuestra provincia\u201d.<\/h3>\n<h3>Ochoa agradeci\u00f3 a ambos por el apoyo, como asimismo a la Municipalidad de Villa Mercedes y la colaboraci\u00f3n de algunos comerciantes.<\/h3>\n<h3><strong>EQUIPO T\u00c9CNICO<\/strong><\/h3>\n<h3>La productora fue la Contadora Eleonora Olgu\u00edn, en tanto que la direcci\u00f3n y el guion estuvo a cargo del director Mart\u00edn Ochoa.<\/h3>\n<h3>C\u00e1mara Fernando Peralta; asistente de c\u00e1mara y sonido Fernando Ledesma; jefe de producci\u00f3n Carlos Vera Da Souza; asistencia de producci\u00f3n Luciana Arias; director de arte Patricio Rudavetz; Alexis Guzm\u00e1n, como asistente de arte; en el vestuario Roxana Ledesma; a cargo del maquillaje y peinado Dora Roldan; Fx Jorge Godoy; en foto fija Ciro Nicola; en post producci\u00f3n de sonido Mauro Franzen; tambi\u00e9n fue parte el dise\u00f1ador gr\u00e1fico Juan Pablo Giusepponi y en la edici\u00f3n Fernando Peralta.<\/h3>\n<h3>Adem\u00e1s, realizaron aportes fotogr\u00e1ficos Luciana Arias, Fernando Peralta y Candela Peralta.<\/h3>\n<h3>Actuaron en este audiovisual Nicol\u00e1s S\u00e1nchez Harriet; Emanuel Olagaray; Lis Schmidt; Diego Nicola; Brenda Nicola y Giorgio Alan\u00edz.<\/h3>\n<p>&nbsp;<\/p>\n<p><iframe title=\"#UNViMe Informa - Martin Ochoa\" width=\"640\" height=\"360\" src=\"https:\/\/www.youtube.com\/embed\/gcAI_5ZduVw?feature=oembed\" frameborder=\"0\" allow=\"accelerometer; autoplay; clipboard-write; encrypted-media; gyroscope; picture-in-picture; web-share\" referrerpolicy=\"strict-origin-when-cross-origin\" allowfullscreen><\/iframe><\/p>\n<p>&nbsp;<\/p>\n","protected":false},"excerpt":{"rendered":"<p>Este audiovisual fue seleccionado en la segunda convocatoria de Documentales Tem\u00e1ticos \u201cGerardo Vallejos\u201d, de la&#8230;<\/p>\n","protected":false},"author":1,"featured_media":4162,"comment_status":"closed","ping_status":"closed","sticky":false,"template":"","format":"standard","meta":{"footnotes":""},"categories":[6],"tags":[],"class_list":["post-4161","post","type-post","status-publish","format-standard","has-post-thumbnail","hentry","category-ciudad-provincia"],"yoast_head":"<!-- This site is optimized with the Yoast SEO plugin v26.1.1 - https:\/\/yoast.com\/wordpress\/plugins\/seo\/ -->\n<title>EL VIERNES SE REALIZA LA AVANT PREMIERE DE \u201cASALTO AL BANCO NACI\u00d3N\u201d - Apuntes de San Luis<\/title>\n<meta name=\"robots\" content=\"index, follow, max-snippet:-1, max-image-preview:large, max-video-preview:-1\" \/>\n<link rel=\"canonical\" href=\"https:\/\/apuntesdesanluis.com\/index.php\/2023\/09\/27\/el-viernes-se-realiza-la-avant-premiere-de-asalto-al-banco-nacion\/\" \/>\n<meta property=\"og:locale\" content=\"es_ES\" \/>\n<meta property=\"og:type\" content=\"article\" \/>\n<meta property=\"og:title\" content=\"EL VIERNES SE REALIZA LA AVANT PREMIERE DE \u201cASALTO AL BANCO NACI\u00d3N\u201d - Apuntes de San Luis\" \/>\n<meta property=\"og:description\" content=\"Este audiovisual fue seleccionado en la segunda convocatoria de Documentales Tem\u00e1ticos \u201cGerardo Vallejos\u201d, de la...\" \/>\n<meta property=\"og:url\" content=\"https:\/\/apuntesdesanluis.com\/index.php\/2023\/09\/27\/el-viernes-se-realiza-la-avant-premiere-de-asalto-al-banco-nacion\/\" \/>\n<meta property=\"og:site_name\" content=\"Apuntes de San Luis\" \/>\n<meta property=\"article:published_time\" content=\"2023-09-27T17:44:37+00:00\" \/>\n<meta property=\"article:modified_time\" content=\"2023-09-27T21:13:19+00:00\" \/>\n<meta property=\"og:image\" content=\"https:\/\/apuntesdesanluis.com\/wp-content\/uploads\/2023\/09\/ochoa-tapa.png\" \/>\n\t<meta property=\"og:image:width\" content=\"558\" \/>\n\t<meta property=\"og:image:height\" content=\"327\" \/>\n\t<meta property=\"og:image:type\" content=\"image\/png\" \/>\n<meta name=\"author\" content=\"apuntesdesanluis.com\" \/>\n<meta name=\"twitter:card\" content=\"summary_large_image\" \/>\n<meta name=\"twitter:label1\" content=\"Escrito por\" \/>\n\t<meta name=\"twitter:data1\" content=\"apuntesdesanluis.com\" \/>\n\t<meta name=\"twitter:label2\" content=\"Tiempo de lectura\" \/>\n\t<meta name=\"twitter:data2\" content=\"2 minutos\" \/>\n<script type=\"application\/ld+json\" class=\"yoast-schema-graph\">{\"@context\":\"https:\/\/schema.org\",\"@graph\":[{\"@type\":\"Article\",\"@id\":\"https:\/\/apuntesdesanluis.com\/index.php\/2023\/09\/27\/el-viernes-se-realiza-la-avant-premiere-de-asalto-al-banco-nacion\/#article\",\"isPartOf\":{\"@id\":\"https:\/\/apuntesdesanluis.com\/index.php\/2023\/09\/27\/el-viernes-se-realiza-la-avant-premiere-de-asalto-al-banco-nacion\/\"},\"author\":{\"name\":\"apuntesdesanluis.com\",\"@id\":\"https:\/\/apuntesdesanluis.com\/#\/schema\/person\/b55151d52296fcce64d1a72538a70b90\"},\"headline\":\"EL VIERNES SE REALIZA LA AVANT PREMIERE DE \u201cASALTO AL BANCO NACI\u00d3N\u201d\",\"datePublished\":\"2023-09-27T17:44:37+00:00\",\"dateModified\":\"2023-09-27T21:13:19+00:00\",\"mainEntityOfPage\":{\"@id\":\"https:\/\/apuntesdesanluis.com\/index.php\/2023\/09\/27\/el-viernes-se-realiza-la-avant-premiere-de-asalto-al-banco-nacion\/\"},\"wordCount\":430,\"publisher\":{\"@id\":\"https:\/\/apuntesdesanluis.com\/#\/schema\/person\/b55151d52296fcce64d1a72538a70b90\"},\"image\":{\"@id\":\"https:\/\/apuntesdesanluis.com\/index.php\/2023\/09\/27\/el-viernes-se-realiza-la-avant-premiere-de-asalto-al-banco-nacion\/#primaryimage\"},\"thumbnailUrl\":\"https:\/\/apuntesdesanluis.com\/wp-content\/uploads\/2023\/09\/ochoa-tapa.png\",\"articleSection\":[\"Ciudad\/Provincia\"],\"inLanguage\":\"es-AR\"},{\"@type\":\"WebPage\",\"@id\":\"https:\/\/apuntesdesanluis.com\/index.php\/2023\/09\/27\/el-viernes-se-realiza-la-avant-premiere-de-asalto-al-banco-nacion\/\",\"url\":\"https:\/\/apuntesdesanluis.com\/index.php\/2023\/09\/27\/el-viernes-se-realiza-la-avant-premiere-de-asalto-al-banco-nacion\/\",\"name\":\"EL VIERNES SE REALIZA LA AVANT PREMIERE DE \u201cASALTO AL BANCO NACI\u00d3N\u201d - Apuntes de San Luis\",\"isPartOf\":{\"@id\":\"https:\/\/apuntesdesanluis.com\/#website\"},\"primaryImageOfPage\":{\"@id\":\"https:\/\/apuntesdesanluis.com\/index.php\/2023\/09\/27\/el-viernes-se-realiza-la-avant-premiere-de-asalto-al-banco-nacion\/#primaryimage\"},\"image\":{\"@id\":\"https:\/\/apuntesdesanluis.com\/index.php\/2023\/09\/27\/el-viernes-se-realiza-la-avant-premiere-de-asalto-al-banco-nacion\/#primaryimage\"},\"thumbnailUrl\":\"https:\/\/apuntesdesanluis.com\/wp-content\/uploads\/2023\/09\/ochoa-tapa.png\",\"datePublished\":\"2023-09-27T17:44:37+00:00\",\"dateModified\":\"2023-09-27T21:13:19+00:00\",\"breadcrumb\":{\"@id\":\"https:\/\/apuntesdesanluis.com\/index.php\/2023\/09\/27\/el-viernes-se-realiza-la-avant-premiere-de-asalto-al-banco-nacion\/#breadcrumb\"},\"inLanguage\":\"es-AR\",\"potentialAction\":[{\"@type\":\"ReadAction\",\"target\":[\"https:\/\/apuntesdesanluis.com\/index.php\/2023\/09\/27\/el-viernes-se-realiza-la-avant-premiere-de-asalto-al-banco-nacion\/\"]}]},{\"@type\":\"ImageObject\",\"inLanguage\":\"es-AR\",\"@id\":\"https:\/\/apuntesdesanluis.com\/index.php\/2023\/09\/27\/el-viernes-se-realiza-la-avant-premiere-de-asalto-al-banco-nacion\/#primaryimage\",\"url\":\"https:\/\/apuntesdesanluis.com\/wp-content\/uploads\/2023\/09\/ochoa-tapa.png\",\"contentUrl\":\"https:\/\/apuntesdesanluis.com\/wp-content\/uploads\/2023\/09\/ochoa-tapa.png\",\"width\":558,\"height\":327},{\"@type\":\"BreadcrumbList\",\"@id\":\"https:\/\/apuntesdesanluis.com\/index.php\/2023\/09\/27\/el-viernes-se-realiza-la-avant-premiere-de-asalto-al-banco-nacion\/#breadcrumb\",\"itemListElement\":[{\"@type\":\"ListItem\",\"position\":1,\"name\":\"Inicio\",\"item\":\"https:\/\/apuntesdesanluis.com\/\"},{\"@type\":\"ListItem\",\"position\":2,\"name\":\"EL VIERNES SE REALIZA LA AVANT PREMIERE DE \u201cASALTO AL BANCO NACI\u00d3N\u201d\"}]},{\"@type\":\"WebSite\",\"@id\":\"https:\/\/apuntesdesanluis.com\/#website\",\"url\":\"https:\/\/apuntesdesanluis.com\/\",\"name\":\"Apuntes de San Luis\",\"description\":\"\",\"publisher\":{\"@id\":\"https:\/\/apuntesdesanluis.com\/#\/schema\/person\/b55151d52296fcce64d1a72538a70b90\"},\"potentialAction\":[{\"@type\":\"SearchAction\",\"target\":{\"@type\":\"EntryPoint\",\"urlTemplate\":\"https:\/\/apuntesdesanluis.com\/?s={search_term_string}\"},\"query-input\":{\"@type\":\"PropertyValueSpecification\",\"valueRequired\":true,\"valueName\":\"search_term_string\"}}],\"inLanguage\":\"es-AR\"},{\"@type\":[\"Person\",\"Organization\"],\"@id\":\"https:\/\/apuntesdesanluis.com\/#\/schema\/person\/b55151d52296fcce64d1a72538a70b90\",\"name\":\"apuntesdesanluis.com\",\"image\":{\"@type\":\"ImageObject\",\"inLanguage\":\"es-AR\",\"@id\":\"https:\/\/apuntesdesanluis.com\/#\/schema\/person\/image\/\",\"url\":\"https:\/\/apuntesdesanluis.com\/wp-content\/uploads\/2023\/07\/cropped-apuntesdesanluis.png\",\"contentUrl\":\"https:\/\/apuntesdesanluis.com\/wp-content\/uploads\/2023\/07\/cropped-apuntesdesanluis.png\",\"width\":450,\"height\":112,\"caption\":\"apuntesdesanluis.com\"},\"logo\":{\"@id\":\"https:\/\/apuntesdesanluis.com\/#\/schema\/person\/image\/\"},\"sameAs\":[\"https:\/\/apuntesdesanluis.com\"],\"url\":\"https:\/\/apuntesdesanluis.com\/index.php\/author\/apuntesdesanluis-com\/\"}]}<\/script>\n<!-- \/ Yoast SEO plugin. -->","yoast_head_json":{"title":"EL VIERNES SE REALIZA LA AVANT PREMIERE DE \u201cASALTO AL BANCO NACI\u00d3N\u201d - Apuntes de San Luis","robots":{"index":"index","follow":"follow","max-snippet":"max-snippet:-1","max-image-preview":"max-image-preview:large","max-video-preview":"max-video-preview:-1"},"canonical":"https:\/\/apuntesdesanluis.com\/index.php\/2023\/09\/27\/el-viernes-se-realiza-la-avant-premiere-de-asalto-al-banco-nacion\/","og_locale":"es_ES","og_type":"article","og_title":"EL VIERNES SE REALIZA LA AVANT PREMIERE DE \u201cASALTO AL BANCO NACI\u00d3N\u201d - Apuntes de San Luis","og_description":"Este audiovisual fue seleccionado en la segunda convocatoria de Documentales Tem\u00e1ticos \u201cGerardo Vallejos\u201d, de la...","og_url":"https:\/\/apuntesdesanluis.com\/index.php\/2023\/09\/27\/el-viernes-se-realiza-la-avant-premiere-de-asalto-al-banco-nacion\/","og_site_name":"Apuntes de San Luis","article_published_time":"2023-09-27T17:44:37+00:00","article_modified_time":"2023-09-27T21:13:19+00:00","og_image":[{"width":558,"height":327,"url":"https:\/\/apuntesdesanluis.com\/wp-content\/uploads\/2023\/09\/ochoa-tapa.png","type":"image\/png"}],"author":"apuntesdesanluis.com","twitter_card":"summary_large_image","twitter_misc":{"Escrito por":"apuntesdesanluis.com","Tiempo de lectura":"2 minutos"},"schema":{"@context":"https:\/\/schema.org","@graph":[{"@type":"Article","@id":"https:\/\/apuntesdesanluis.com\/index.php\/2023\/09\/27\/el-viernes-se-realiza-la-avant-premiere-de-asalto-al-banco-nacion\/#article","isPartOf":{"@id":"https:\/\/apuntesdesanluis.com\/index.php\/2023\/09\/27\/el-viernes-se-realiza-la-avant-premiere-de-asalto-al-banco-nacion\/"},"author":{"name":"apuntesdesanluis.com","@id":"https:\/\/apuntesdesanluis.com\/#\/schema\/person\/b55151d52296fcce64d1a72538a70b90"},"headline":"EL VIERNES SE REALIZA LA AVANT PREMIERE DE \u201cASALTO AL BANCO NACI\u00d3N\u201d","datePublished":"2023-09-27T17:44:37+00:00","dateModified":"2023-09-27T21:13:19+00:00","mainEntityOfPage":{"@id":"https:\/\/apuntesdesanluis.com\/index.php\/2023\/09\/27\/el-viernes-se-realiza-la-avant-premiere-de-asalto-al-banco-nacion\/"},"wordCount":430,"publisher":{"@id":"https:\/\/apuntesdesanluis.com\/#\/schema\/person\/b55151d52296fcce64d1a72538a70b90"},"image":{"@id":"https:\/\/apuntesdesanluis.com\/index.php\/2023\/09\/27\/el-viernes-se-realiza-la-avant-premiere-de-asalto-al-banco-nacion\/#primaryimage"},"thumbnailUrl":"https:\/\/apuntesdesanluis.com\/wp-content\/uploads\/2023\/09\/ochoa-tapa.png","articleSection":["Ciudad\/Provincia"],"inLanguage":"es-AR"},{"@type":"WebPage","@id":"https:\/\/apuntesdesanluis.com\/index.php\/2023\/09\/27\/el-viernes-se-realiza-la-avant-premiere-de-asalto-al-banco-nacion\/","url":"https:\/\/apuntesdesanluis.com\/index.php\/2023\/09\/27\/el-viernes-se-realiza-la-avant-premiere-de-asalto-al-banco-nacion\/","name":"EL VIERNES SE REALIZA LA AVANT PREMIERE DE \u201cASALTO AL BANCO NACI\u00d3N\u201d - Apuntes de San Luis","isPartOf":{"@id":"https:\/\/apuntesdesanluis.com\/#website"},"primaryImageOfPage":{"@id":"https:\/\/apuntesdesanluis.com\/index.php\/2023\/09\/27\/el-viernes-se-realiza-la-avant-premiere-de-asalto-al-banco-nacion\/#primaryimage"},"image":{"@id":"https:\/\/apuntesdesanluis.com\/index.php\/2023\/09\/27\/el-viernes-se-realiza-la-avant-premiere-de-asalto-al-banco-nacion\/#primaryimage"},"thumbnailUrl":"https:\/\/apuntesdesanluis.com\/wp-content\/uploads\/2023\/09\/ochoa-tapa.png","datePublished":"2023-09-27T17:44:37+00:00","dateModified":"2023-09-27T21:13:19+00:00","breadcrumb":{"@id":"https:\/\/apuntesdesanluis.com\/index.php\/2023\/09\/27\/el-viernes-se-realiza-la-avant-premiere-de-asalto-al-banco-nacion\/#breadcrumb"},"inLanguage":"es-AR","potentialAction":[{"@type":"ReadAction","target":["https:\/\/apuntesdesanluis.com\/index.php\/2023\/09\/27\/el-viernes-se-realiza-la-avant-premiere-de-asalto-al-banco-nacion\/"]}]},{"@type":"ImageObject","inLanguage":"es-AR","@id":"https:\/\/apuntesdesanluis.com\/index.php\/2023\/09\/27\/el-viernes-se-realiza-la-avant-premiere-de-asalto-al-banco-nacion\/#primaryimage","url":"https:\/\/apuntesdesanluis.com\/wp-content\/uploads\/2023\/09\/ochoa-tapa.png","contentUrl":"https:\/\/apuntesdesanluis.com\/wp-content\/uploads\/2023\/09\/ochoa-tapa.png","width":558,"height":327},{"@type":"BreadcrumbList","@id":"https:\/\/apuntesdesanluis.com\/index.php\/2023\/09\/27\/el-viernes-se-realiza-la-avant-premiere-de-asalto-al-banco-nacion\/#breadcrumb","itemListElement":[{"@type":"ListItem","position":1,"name":"Inicio","item":"https:\/\/apuntesdesanluis.com\/"},{"@type":"ListItem","position":2,"name":"EL VIERNES SE REALIZA LA AVANT PREMIERE DE \u201cASALTO AL BANCO NACI\u00d3N\u201d"}]},{"@type":"WebSite","@id":"https:\/\/apuntesdesanluis.com\/#website","url":"https:\/\/apuntesdesanluis.com\/","name":"Apuntes de San Luis","description":"","publisher":{"@id":"https:\/\/apuntesdesanluis.com\/#\/schema\/person\/b55151d52296fcce64d1a72538a70b90"},"potentialAction":[{"@type":"SearchAction","target":{"@type":"EntryPoint","urlTemplate":"https:\/\/apuntesdesanluis.com\/?s={search_term_string}"},"query-input":{"@type":"PropertyValueSpecification","valueRequired":true,"valueName":"search_term_string"}}],"inLanguage":"es-AR"},{"@type":["Person","Organization"],"@id":"https:\/\/apuntesdesanluis.com\/#\/schema\/person\/b55151d52296fcce64d1a72538a70b90","name":"apuntesdesanluis.com","image":{"@type":"ImageObject","inLanguage":"es-AR","@id":"https:\/\/apuntesdesanluis.com\/#\/schema\/person\/image\/","url":"https:\/\/apuntesdesanluis.com\/wp-content\/uploads\/2023\/07\/cropped-apuntesdesanluis.png","contentUrl":"https:\/\/apuntesdesanluis.com\/wp-content\/uploads\/2023\/07\/cropped-apuntesdesanluis.png","width":450,"height":112,"caption":"apuntesdesanluis.com"},"logo":{"@id":"https:\/\/apuntesdesanluis.com\/#\/schema\/person\/image\/"},"sameAs":["https:\/\/apuntesdesanluis.com"],"url":"https:\/\/apuntesdesanluis.com\/index.php\/author\/apuntesdesanluis-com\/"}]}},"featured_image_urls":{"full":["https:\/\/apuntesdesanluis.com\/wp-content\/uploads\/2023\/09\/ochoa-tapa.png",558,327,false],"thumbnail":["https:\/\/apuntesdesanluis.com\/wp-content\/uploads\/2023\/09\/ochoa-tapa-150x150.png",150,150,true],"medium":["https:\/\/apuntesdesanluis.com\/wp-content\/uploads\/2023\/09\/ochoa-tapa-300x176.png",300,176,true],"medium_large":["https:\/\/apuntesdesanluis.com\/wp-content\/uploads\/2023\/09\/ochoa-tapa.png",558,327,false],"large":["https:\/\/apuntesdesanluis.com\/wp-content\/uploads\/2023\/09\/ochoa-tapa.png",558,327,false],"1536x1536":["https:\/\/apuntesdesanluis.com\/wp-content\/uploads\/2023\/09\/ochoa-tapa.png",558,327,false],"2048x2048":["https:\/\/apuntesdesanluis.com\/wp-content\/uploads\/2023\/09\/ochoa-tapa.png",558,327,false],"newsever-slider-full":["https:\/\/apuntesdesanluis.com\/wp-content\/uploads\/2023\/09\/ochoa-tapa.png",558,327,false],"newsever-featured":["https:\/\/apuntesdesanluis.com\/wp-content\/uploads\/2023\/09\/ochoa-tapa.png",558,327,false],"newsever-medium":["https:\/\/apuntesdesanluis.com\/wp-content\/uploads\/2023\/09\/ochoa-tapa.png",558,327,false]},"author_info":{"display_name":"apuntesdesanluis.com","author_link":"https:\/\/apuntesdesanluis.com\/index.php\/author\/apuntesdesanluis-com\/"},"category_info":"<a href=\"https:\/\/apuntesdesanluis.com\/index.php\/category\/ciudad-provincia\/\" rel=\"category tag\">Ciudad\/Provincia<\/a>","tag_info":"Ciudad\/Provincia","comment_count":"0","_links":{"self":[{"href":"https:\/\/apuntesdesanluis.com\/index.php\/wp-json\/wp\/v2\/posts\/4161","targetHints":{"allow":["GET"]}}],"collection":[{"href":"https:\/\/apuntesdesanluis.com\/index.php\/wp-json\/wp\/v2\/posts"}],"about":[{"href":"https:\/\/apuntesdesanluis.com\/index.php\/wp-json\/wp\/v2\/types\/post"}],"author":[{"embeddable":true,"href":"https:\/\/apuntesdesanluis.com\/index.php\/wp-json\/wp\/v2\/users\/1"}],"replies":[{"embeddable":true,"href":"https:\/\/apuntesdesanluis.com\/index.php\/wp-json\/wp\/v2\/comments?post=4161"}],"version-history":[{"count":5,"href":"https:\/\/apuntesdesanluis.com\/index.php\/wp-json\/wp\/v2\/posts\/4161\/revisions"}],"predecessor-version":[{"id":4176,"href":"https:\/\/apuntesdesanluis.com\/index.php\/wp-json\/wp\/v2\/posts\/4161\/revisions\/4176"}],"wp:featuredmedia":[{"embeddable":true,"href":"https:\/\/apuntesdesanluis.com\/index.php\/wp-json\/wp\/v2\/media\/4162"}],"wp:attachment":[{"href":"https:\/\/apuntesdesanluis.com\/index.php\/wp-json\/wp\/v2\/media?parent=4161"}],"wp:term":[{"taxonomy":"category","embeddable":true,"href":"https:\/\/apuntesdesanluis.com\/index.php\/wp-json\/wp\/v2\/categories?post=4161"},{"taxonomy":"post_tag","embeddable":true,"href":"https:\/\/apuntesdesanluis.com\/index.php\/wp-json\/wp\/v2\/tags?post=4161"}],"curies":[{"name":"wp","href":"https:\/\/api.w.org\/{rel}","templated":true}]}}