{"id":4167,"date":"2023-09-27T17:50:06","date_gmt":"2023-09-27T20:50:06","guid":{"rendered":"https:\/\/apuntesdesanluis.com\/?p=4167"},"modified":"2023-09-27T18:16:04","modified_gmt":"2023-09-27T21:16:04","slug":"un-detenido-imputado-por-robo-en-una-quinta-de-villa-mercedes","status":"publish","type":"post","link":"https:\/\/apuntesdesanluis.com\/index.php\/2023\/09\/27\/un-detenido-imputado-por-robo-en-una-quinta-de-villa-mercedes\/","title":{"rendered":"UN DETENIDO IMPUTADO POR ROBO EN UNA QUINTA DE VILLA MERCEDES"},"content":{"rendered":"<h3>En la ma\u00f1ana de este mi\u00e9rcoles se le formularon cargos por el delito de robo doblemente calificado\u00a0 por un hecho registrado en una quinta ubicada en la Ex Ruta 7.<\/h3>\n<h3>El Dr. Santiago Ortiz, subrogando en el Juzgado de Garant\u00eda N\u00ba 3 de la Segunda Circunscripci\u00f3n Judicial, formul\u00f3 cargos provisorios hoy contra un hombre como co autor del delito de robo doblemente calificado \u2013 por ser cometido en despoblado y por efracci\u00f3n \u2013 y concedi\u00f3, atento lo solicitado por la defensa, la pr\u00f3rroga de detenci\u00f3n por el plazo de 5 d\u00edas.<\/h3>\n<h3>Seg\u00fan relat\u00f3 el Fiscal Adjunto, Dr. Marcelo Salda\u00f1o, el hecho investigado ocurri\u00f3 entre la noche del 19 de septiembre y la ma\u00f1ana del 20 de septiembre pasados en una quinta ubicada en la Ex Ruta 7, en cercan\u00edas de los Espejos de Agua, en una vivienda existente en un predio de aproximadamente 20 hect\u00e1reas.<\/h3>\n<h3>Detall\u00f3 que el hijo del propietario, al llegar al lugar, not\u00f3 que forzaron una cerradura y que le sustrajeron diversos elementos, entre ellos un par de estribos, dos recados, dos frenos para caballo, una pava el\u00e9ctrica y\u00a0 una guitarra criolla, entre otros.<\/h3>\n<h3>Algunos de los elementos sustra\u00eddos habr\u00edan sido ofrecidos por el imputado y por otra persona en un comercio de la ciudad, explic\u00f3 el fiscal. En un procedimiento realizado en el domicilio del imputado se logr\u00f3 encontrar algunos elementos, los cuales fueron reconocidos como propios por el damnificado.<\/h3>\n<h3>El Fiscal Adjunto mencion\u00f3 las evidencias recolectadas y calific\u00f3 al hecho como un robo doblemente calificado \u2013 por ser lugar despoblado y por efracci\u00f3n \u2013 en calidad de coautor.<\/h3>\n<h3>Mientras tanto, el Dr. Carlos Antonio Carranza, en representaci\u00f3n del imputado solicit\u00f3 una pr\u00f3rroga de detenci\u00f3n por el plazo de 5 d\u00edas. Cedida la palabra al imputado, explic\u00f3 el origen de uno de los elementos encontrados en su domicilio y asegur\u00f3 que el d\u00eda del hecho no se encontraba en la ciudad.<\/h3>\n<h3>Luego de escuchar a las partes, el Dr. Ortiz tuvo por formulados cargos en los t\u00e9rminos solicitados por el Ministerio P\u00fablico Fiscal, concedi\u00f3 la pr\u00f3rroga de detenci\u00f3n y fij\u00f3 una nueva audiencia para el pr\u00f3ximo 2 de octubre. Intervino como secretario el Dr. Mart\u00edn Palma Zabala.<\/h3>\n<h3><strong>OTRO SIGUE EN PRISI\u00d3N<\/strong><\/h3>\n<h3>En otra audiencia, el Dr. Alfredo Cuello, Juez de Garant\u00eda N\u00ba 1 de la Segunda Circunscripci\u00f3n Judicial, rechaz\u00f3 un pedido de la defensa y orden\u00f3\u00a0 la pr\u00f3rroga de la prisi\u00f3n preventiva por el plazo de cuatro meses para\u00a0 un joven imputado en una causa por robo. Asimismo, concedi\u00f3 la pr\u00f3rroga de la Investigaci\u00f3n Penal Preparatoria (IPP) por el mismo plazo.<\/h3>\n<h3>En la audiencia estuvieron presentes el Dr. Maximiliano Bazla Cassina y el Dr. Marcelo Salda\u00f1o en representaci\u00f3n del Ministerio P\u00fablico Fiscal, quienes expusieron sus motivos y solicitaron la pr\u00f3rroga de la medida de coerci\u00f3n \u2013 prisi\u00f3n preventiva \u2013, como as\u00ed tambi\u00e9n de la investigaci\u00f3n penal preparatoria.<\/h3>\n<h3>Mientras que, en representaci\u00f3n del imputado, los Dres. Germ\u00e1n Anabitarte y Victor Villegas sostuvieron que su defendido tiene arraigo en la ciudad, que ha estado a derecho y en este sentido, se opusieron a lo solicitado por el Ministerio P\u00fablico, solicitando de manera alternativa prisi\u00f3n domiciliaria.<\/h3>\n<h3>Luego de escuchar a las partes, el Dr. Cuello resolvi\u00f3 no hacer lugar a la prisi\u00f3n domiciliaria ofrecida por la defensa, conceder la pr\u00f3rroga de prisi\u00f3n preventiva por el t\u00e9rmino de cuatro meses, como as\u00ed tambi\u00e9n de la investigaci\u00f3n penal preparatoria.\u00a0 Asimismo, frente al pedido de encuesta socio ambiental formulado, orden\u00f3 que la defensa deber\u00e1 agotar la v\u00eda correspondiente.<\/h3>\n<h3>La defensa dej\u00f3 planteado recurso de revisi\u00f3n frente a lo resuelto. Intervino como secretario en esta audiencia el Dr. Fabi\u00e1n Aguilar.<\/h3>\n<h3>El hecho investigado se produjo\u00a0 el pasado 13 de diciembre, aproximadamente a las 3.40 de la madrugada, en una quinta ubicada en las afueras de la ciudad, por la ex Ruta 7, en direcci\u00f3n a Liborio Luna.<\/h3>\n<p>&nbsp;<\/p>\n<p>&nbsp;<\/p>\n<p>&nbsp;<\/p>\n","protected":false},"excerpt":{"rendered":"<p>En la ma\u00f1ana de este mi\u00e9rcoles se le formularon cargos por el delito de robo&#8230;<\/p>\n","protected":false},"author":1,"featured_media":4168,"comment_status":"closed","ping_status":"closed","sticky":false,"template":"","format":"standard","meta":{"footnotes":""},"categories":[6],"tags":[],"class_list":["post-4167","post","type-post","status-publish","format-standard","has-post-thumbnail","hentry","category-ciudad-provincia"],"yoast_head":"<!-- This site is optimized with the Yoast SEO plugin v26.1.1 - https:\/\/yoast.com\/wordpress\/plugins\/seo\/ -->\n<title>UN DETENIDO IMPUTADO POR ROBO EN UNA QUINTA DE VILLA MERCEDES - Apuntes de San Luis<\/title>\n<meta name=\"robots\" content=\"index, follow, max-snippet:-1, max-image-preview:large, max-video-preview:-1\" \/>\n<link rel=\"canonical\" href=\"https:\/\/apuntesdesanluis.com\/index.php\/2023\/09\/27\/un-detenido-imputado-por-robo-en-una-quinta-de-villa-mercedes\/\" \/>\n<meta property=\"og:locale\" content=\"es_ES\" \/>\n<meta property=\"og:type\" content=\"article\" \/>\n<meta property=\"og:title\" content=\"UN DETENIDO IMPUTADO POR ROBO EN UNA QUINTA DE VILLA MERCEDES - Apuntes de San Luis\" \/>\n<meta property=\"og:description\" content=\"En la ma\u00f1ana de este mi\u00e9rcoles se le formularon cargos por el delito de robo...\" \/>\n<meta property=\"og:url\" content=\"https:\/\/apuntesdesanluis.com\/index.php\/2023\/09\/27\/un-detenido-imputado-por-robo-en-una-quinta-de-villa-mercedes\/\" \/>\n<meta property=\"og:site_name\" content=\"Apuntes de San Luis\" \/>\n<meta property=\"article:published_time\" content=\"2023-09-27T20:50:06+00:00\" \/>\n<meta property=\"article:modified_time\" content=\"2023-09-27T21:16:04+00:00\" \/>\n<meta property=\"og:image\" content=\"https:\/\/apuntesdesanluis.com\/wp-content\/uploads\/2023\/09\/ortiz-1.png\" \/>\n\t<meta property=\"og:image:width\" content=\"719\" \/>\n\t<meta property=\"og:image:height\" content=\"481\" \/>\n\t<meta property=\"og:image:type\" content=\"image\/png\" \/>\n<meta name=\"author\" content=\"apuntesdesanluis.com\" \/>\n<meta name=\"twitter:card\" content=\"summary_large_image\" \/>\n<meta name=\"twitter:label1\" content=\"Escrito por\" \/>\n\t<meta name=\"twitter:data1\" content=\"apuntesdesanluis.com\" \/>\n\t<meta name=\"twitter:label2\" content=\"Tiempo de lectura\" \/>\n\t<meta name=\"twitter:data2\" content=\"3 minutos\" \/>\n<script type=\"application\/ld+json\" class=\"yoast-schema-graph\">{\"@context\":\"https:\/\/schema.org\",\"@graph\":[{\"@type\":\"Article\",\"@id\":\"https:\/\/apuntesdesanluis.com\/index.php\/2023\/09\/27\/un-detenido-imputado-por-robo-en-una-quinta-de-villa-mercedes\/#article\",\"isPartOf\":{\"@id\":\"https:\/\/apuntesdesanluis.com\/index.php\/2023\/09\/27\/un-detenido-imputado-por-robo-en-una-quinta-de-villa-mercedes\/\"},\"author\":{\"name\":\"apuntesdesanluis.com\",\"@id\":\"https:\/\/apuntesdesanluis.com\/#\/schema\/person\/b55151d52296fcce64d1a72538a70b90\"},\"headline\":\"UN DETENIDO IMPUTADO POR ROBO EN UNA QUINTA DE VILLA MERCEDES\",\"datePublished\":\"2023-09-27T20:50:06+00:00\",\"dateModified\":\"2023-09-27T21:16:04+00:00\",\"mainEntityOfPage\":{\"@id\":\"https:\/\/apuntesdesanluis.com\/index.php\/2023\/09\/27\/un-detenido-imputado-por-robo-en-una-quinta-de-villa-mercedes\/\"},\"wordCount\":686,\"publisher\":{\"@id\":\"https:\/\/apuntesdesanluis.com\/#\/schema\/person\/b55151d52296fcce64d1a72538a70b90\"},\"image\":{\"@id\":\"https:\/\/apuntesdesanluis.com\/index.php\/2023\/09\/27\/un-detenido-imputado-por-robo-en-una-quinta-de-villa-mercedes\/#primaryimage\"},\"thumbnailUrl\":\"https:\/\/apuntesdesanluis.com\/wp-content\/uploads\/2023\/09\/ortiz-1.png\",\"articleSection\":[\"Ciudad\/Provincia\"],\"inLanguage\":\"es-AR\"},{\"@type\":\"WebPage\",\"@id\":\"https:\/\/apuntesdesanluis.com\/index.php\/2023\/09\/27\/un-detenido-imputado-por-robo-en-una-quinta-de-villa-mercedes\/\",\"url\":\"https:\/\/apuntesdesanluis.com\/index.php\/2023\/09\/27\/un-detenido-imputado-por-robo-en-una-quinta-de-villa-mercedes\/\",\"name\":\"UN DETENIDO IMPUTADO POR ROBO EN UNA QUINTA DE VILLA MERCEDES - Apuntes de San Luis\",\"isPartOf\":{\"@id\":\"https:\/\/apuntesdesanluis.com\/#website\"},\"primaryImageOfPage\":{\"@id\":\"https:\/\/apuntesdesanluis.com\/index.php\/2023\/09\/27\/un-detenido-imputado-por-robo-en-una-quinta-de-villa-mercedes\/#primaryimage\"},\"image\":{\"@id\":\"https:\/\/apuntesdesanluis.com\/index.php\/2023\/09\/27\/un-detenido-imputado-por-robo-en-una-quinta-de-villa-mercedes\/#primaryimage\"},\"thumbnailUrl\":\"https:\/\/apuntesdesanluis.com\/wp-content\/uploads\/2023\/09\/ortiz-1.png\",\"datePublished\":\"2023-09-27T20:50:06+00:00\",\"dateModified\":\"2023-09-27T21:16:04+00:00\",\"breadcrumb\":{\"@id\":\"https:\/\/apuntesdesanluis.com\/index.php\/2023\/09\/27\/un-detenido-imputado-por-robo-en-una-quinta-de-villa-mercedes\/#breadcrumb\"},\"inLanguage\":\"es-AR\",\"potentialAction\":[{\"@type\":\"ReadAction\",\"target\":[\"https:\/\/apuntesdesanluis.com\/index.php\/2023\/09\/27\/un-detenido-imputado-por-robo-en-una-quinta-de-villa-mercedes\/\"]}]},{\"@type\":\"ImageObject\",\"inLanguage\":\"es-AR\",\"@id\":\"https:\/\/apuntesdesanluis.com\/index.php\/2023\/09\/27\/un-detenido-imputado-por-robo-en-una-quinta-de-villa-mercedes\/#primaryimage\",\"url\":\"https:\/\/apuntesdesanluis.com\/wp-content\/uploads\/2023\/09\/ortiz-1.png\",\"contentUrl\":\"https:\/\/apuntesdesanluis.com\/wp-content\/uploads\/2023\/09\/ortiz-1.png\",\"width\":719,\"height\":481},{\"@type\":\"BreadcrumbList\",\"@id\":\"https:\/\/apuntesdesanluis.com\/index.php\/2023\/09\/27\/un-detenido-imputado-por-robo-en-una-quinta-de-villa-mercedes\/#breadcrumb\",\"itemListElement\":[{\"@type\":\"ListItem\",\"position\":1,\"name\":\"Inicio\",\"item\":\"https:\/\/apuntesdesanluis.com\/\"},{\"@type\":\"ListItem\",\"position\":2,\"name\":\"UN DETENIDO IMPUTADO POR ROBO EN UNA QUINTA DE VILLA MERCEDES\"}]},{\"@type\":\"WebSite\",\"@id\":\"https:\/\/apuntesdesanluis.com\/#website\",\"url\":\"https:\/\/apuntesdesanluis.com\/\",\"name\":\"Apuntes de San Luis\",\"description\":\"\",\"publisher\":{\"@id\":\"https:\/\/apuntesdesanluis.com\/#\/schema\/person\/b55151d52296fcce64d1a72538a70b90\"},\"potentialAction\":[{\"@type\":\"SearchAction\",\"target\":{\"@type\":\"EntryPoint\",\"urlTemplate\":\"https:\/\/apuntesdesanluis.com\/?s={search_term_string}\"},\"query-input\":{\"@type\":\"PropertyValueSpecification\",\"valueRequired\":true,\"valueName\":\"search_term_string\"}}],\"inLanguage\":\"es-AR\"},{\"@type\":[\"Person\",\"Organization\"],\"@id\":\"https:\/\/apuntesdesanluis.com\/#\/schema\/person\/b55151d52296fcce64d1a72538a70b90\",\"name\":\"apuntesdesanluis.com\",\"image\":{\"@type\":\"ImageObject\",\"inLanguage\":\"es-AR\",\"@id\":\"https:\/\/apuntesdesanluis.com\/#\/schema\/person\/image\/\",\"url\":\"https:\/\/apuntesdesanluis.com\/wp-content\/uploads\/2023\/07\/cropped-apuntesdesanluis.png\",\"contentUrl\":\"https:\/\/apuntesdesanluis.com\/wp-content\/uploads\/2023\/07\/cropped-apuntesdesanluis.png\",\"width\":450,\"height\":112,\"caption\":\"apuntesdesanluis.com\"},\"logo\":{\"@id\":\"https:\/\/apuntesdesanluis.com\/#\/schema\/person\/image\/\"},\"sameAs\":[\"https:\/\/apuntesdesanluis.com\"],\"url\":\"https:\/\/apuntesdesanluis.com\/index.php\/author\/apuntesdesanluis-com\/\"}]}<\/script>\n<!-- \/ Yoast SEO plugin. -->","yoast_head_json":{"title":"UN DETENIDO IMPUTADO POR ROBO EN UNA QUINTA DE VILLA MERCEDES - Apuntes de San Luis","robots":{"index":"index","follow":"follow","max-snippet":"max-snippet:-1","max-image-preview":"max-image-preview:large","max-video-preview":"max-video-preview:-1"},"canonical":"https:\/\/apuntesdesanluis.com\/index.php\/2023\/09\/27\/un-detenido-imputado-por-robo-en-una-quinta-de-villa-mercedes\/","og_locale":"es_ES","og_type":"article","og_title":"UN DETENIDO IMPUTADO POR ROBO EN UNA QUINTA DE VILLA MERCEDES - Apuntes de San Luis","og_description":"En la ma\u00f1ana de este mi\u00e9rcoles se le formularon cargos por el delito de robo...","og_url":"https:\/\/apuntesdesanluis.com\/index.php\/2023\/09\/27\/un-detenido-imputado-por-robo-en-una-quinta-de-villa-mercedes\/","og_site_name":"Apuntes de San Luis","article_published_time":"2023-09-27T20:50:06+00:00","article_modified_time":"2023-09-27T21:16:04+00:00","og_image":[{"width":719,"height":481,"url":"https:\/\/apuntesdesanluis.com\/wp-content\/uploads\/2023\/09\/ortiz-1.png","type":"image\/png"}],"author":"apuntesdesanluis.com","twitter_card":"summary_large_image","twitter_misc":{"Escrito por":"apuntesdesanluis.com","Tiempo de lectura":"3 minutos"},"schema":{"@context":"https:\/\/schema.org","@graph":[{"@type":"Article","@id":"https:\/\/apuntesdesanluis.com\/index.php\/2023\/09\/27\/un-detenido-imputado-por-robo-en-una-quinta-de-villa-mercedes\/#article","isPartOf":{"@id":"https:\/\/apuntesdesanluis.com\/index.php\/2023\/09\/27\/un-detenido-imputado-por-robo-en-una-quinta-de-villa-mercedes\/"},"author":{"name":"apuntesdesanluis.com","@id":"https:\/\/apuntesdesanluis.com\/#\/schema\/person\/b55151d52296fcce64d1a72538a70b90"},"headline":"UN DETENIDO IMPUTADO POR ROBO EN UNA QUINTA DE VILLA MERCEDES","datePublished":"2023-09-27T20:50:06+00:00","dateModified":"2023-09-27T21:16:04+00:00","mainEntityOfPage":{"@id":"https:\/\/apuntesdesanluis.com\/index.php\/2023\/09\/27\/un-detenido-imputado-por-robo-en-una-quinta-de-villa-mercedes\/"},"wordCount":686,"publisher":{"@id":"https:\/\/apuntesdesanluis.com\/#\/schema\/person\/b55151d52296fcce64d1a72538a70b90"},"image":{"@id":"https:\/\/apuntesdesanluis.com\/index.php\/2023\/09\/27\/un-detenido-imputado-por-robo-en-una-quinta-de-villa-mercedes\/#primaryimage"},"thumbnailUrl":"https:\/\/apuntesdesanluis.com\/wp-content\/uploads\/2023\/09\/ortiz-1.png","articleSection":["Ciudad\/Provincia"],"inLanguage":"es-AR"},{"@type":"WebPage","@id":"https:\/\/apuntesdesanluis.com\/index.php\/2023\/09\/27\/un-detenido-imputado-por-robo-en-una-quinta-de-villa-mercedes\/","url":"https:\/\/apuntesdesanluis.com\/index.php\/2023\/09\/27\/un-detenido-imputado-por-robo-en-una-quinta-de-villa-mercedes\/","name":"UN DETENIDO IMPUTADO POR ROBO EN UNA QUINTA DE VILLA MERCEDES - Apuntes de San Luis","isPartOf":{"@id":"https:\/\/apuntesdesanluis.com\/#website"},"primaryImageOfPage":{"@id":"https:\/\/apuntesdesanluis.com\/index.php\/2023\/09\/27\/un-detenido-imputado-por-robo-en-una-quinta-de-villa-mercedes\/#primaryimage"},"image":{"@id":"https:\/\/apuntesdesanluis.com\/index.php\/2023\/09\/27\/un-detenido-imputado-por-robo-en-una-quinta-de-villa-mercedes\/#primaryimage"},"thumbnailUrl":"https:\/\/apuntesdesanluis.com\/wp-content\/uploads\/2023\/09\/ortiz-1.png","datePublished":"2023-09-27T20:50:06+00:00","dateModified":"2023-09-27T21:16:04+00:00","breadcrumb":{"@id":"https:\/\/apuntesdesanluis.com\/index.php\/2023\/09\/27\/un-detenido-imputado-por-robo-en-una-quinta-de-villa-mercedes\/#breadcrumb"},"inLanguage":"es-AR","potentialAction":[{"@type":"ReadAction","target":["https:\/\/apuntesdesanluis.com\/index.php\/2023\/09\/27\/un-detenido-imputado-por-robo-en-una-quinta-de-villa-mercedes\/"]}]},{"@type":"ImageObject","inLanguage":"es-AR","@id":"https:\/\/apuntesdesanluis.com\/index.php\/2023\/09\/27\/un-detenido-imputado-por-robo-en-una-quinta-de-villa-mercedes\/#primaryimage","url":"https:\/\/apuntesdesanluis.com\/wp-content\/uploads\/2023\/09\/ortiz-1.png","contentUrl":"https:\/\/apuntesdesanluis.com\/wp-content\/uploads\/2023\/09\/ortiz-1.png","width":719,"height":481},{"@type":"BreadcrumbList","@id":"https:\/\/apuntesdesanluis.com\/index.php\/2023\/09\/27\/un-detenido-imputado-por-robo-en-una-quinta-de-villa-mercedes\/#breadcrumb","itemListElement":[{"@type":"ListItem","position":1,"name":"Inicio","item":"https:\/\/apuntesdesanluis.com\/"},{"@type":"ListItem","position":2,"name":"UN DETENIDO IMPUTADO POR ROBO EN UNA QUINTA DE VILLA MERCEDES"}]},{"@type":"WebSite","@id":"https:\/\/apuntesdesanluis.com\/#website","url":"https:\/\/apuntesdesanluis.com\/","name":"Apuntes de San Luis","description":"","publisher":{"@id":"https:\/\/apuntesdesanluis.com\/#\/schema\/person\/b55151d52296fcce64d1a72538a70b90"},"potentialAction":[{"@type":"SearchAction","target":{"@type":"EntryPoint","urlTemplate":"https:\/\/apuntesdesanluis.com\/?s={search_term_string}"},"query-input":{"@type":"PropertyValueSpecification","valueRequired":true,"valueName":"search_term_string"}}],"inLanguage":"es-AR"},{"@type":["Person","Organization"],"@id":"https:\/\/apuntesdesanluis.com\/#\/schema\/person\/b55151d52296fcce64d1a72538a70b90","name":"apuntesdesanluis.com","image":{"@type":"ImageObject","inLanguage":"es-AR","@id":"https:\/\/apuntesdesanluis.com\/#\/schema\/person\/image\/","url":"https:\/\/apuntesdesanluis.com\/wp-content\/uploads\/2023\/07\/cropped-apuntesdesanluis.png","contentUrl":"https:\/\/apuntesdesanluis.com\/wp-content\/uploads\/2023\/07\/cropped-apuntesdesanluis.png","width":450,"height":112,"caption":"apuntesdesanluis.com"},"logo":{"@id":"https:\/\/apuntesdesanluis.com\/#\/schema\/person\/image\/"},"sameAs":["https:\/\/apuntesdesanluis.com"],"url":"https:\/\/apuntesdesanluis.com\/index.php\/author\/apuntesdesanluis-com\/"}]}},"featured_image_urls":{"full":["https:\/\/apuntesdesanluis.com\/wp-content\/uploads\/2023\/09\/ortiz-1.png",719,481,false],"thumbnail":["https:\/\/apuntesdesanluis.com\/wp-content\/uploads\/2023\/09\/ortiz-1-150x150.png",150,150,true],"medium":["https:\/\/apuntesdesanluis.com\/wp-content\/uploads\/2023\/09\/ortiz-1-300x201.png",300,201,true],"medium_large":["https:\/\/apuntesdesanluis.com\/wp-content\/uploads\/2023\/09\/ortiz-1.png",640,428,false],"large":["https:\/\/apuntesdesanluis.com\/wp-content\/uploads\/2023\/09\/ortiz-1.png",640,428,false],"1536x1536":["https:\/\/apuntesdesanluis.com\/wp-content\/uploads\/2023\/09\/ortiz-1.png",719,481,false],"2048x2048":["https:\/\/apuntesdesanluis.com\/wp-content\/uploads\/2023\/09\/ortiz-1.png",719,481,false],"newsever-slider-full":["https:\/\/apuntesdesanluis.com\/wp-content\/uploads\/2023\/09\/ortiz-1.png",719,481,false],"newsever-featured":["https:\/\/apuntesdesanluis.com\/wp-content\/uploads\/2023\/09\/ortiz-1.png",719,481,false],"newsever-medium":["https:\/\/apuntesdesanluis.com\/wp-content\/uploads\/2023\/09\/ortiz-1-719x475.png",719,475,true]},"author_info":{"display_name":"apuntesdesanluis.com","author_link":"https:\/\/apuntesdesanluis.com\/index.php\/author\/apuntesdesanluis-com\/"},"category_info":"<a href=\"https:\/\/apuntesdesanluis.com\/index.php\/category\/ciudad-provincia\/\" rel=\"category tag\">Ciudad\/Provincia<\/a>","tag_info":"Ciudad\/Provincia","comment_count":"0","_links":{"self":[{"href":"https:\/\/apuntesdesanluis.com\/index.php\/wp-json\/wp\/v2\/posts\/4167","targetHints":{"allow":["GET"]}}],"collection":[{"href":"https:\/\/apuntesdesanluis.com\/index.php\/wp-json\/wp\/v2\/posts"}],"about":[{"href":"https:\/\/apuntesdesanluis.com\/index.php\/wp-json\/wp\/v2\/types\/post"}],"author":[{"embeddable":true,"href":"https:\/\/apuntesdesanluis.com\/index.php\/wp-json\/wp\/v2\/users\/1"}],"replies":[{"embeddable":true,"href":"https:\/\/apuntesdesanluis.com\/index.php\/wp-json\/wp\/v2\/comments?post=4167"}],"version-history":[{"count":2,"href":"https:\/\/apuntesdesanluis.com\/index.php\/wp-json\/wp\/v2\/posts\/4167\/revisions"}],"predecessor-version":[{"id":4177,"href":"https:\/\/apuntesdesanluis.com\/index.php\/wp-json\/wp\/v2\/posts\/4167\/revisions\/4177"}],"wp:featuredmedia":[{"embeddable":true,"href":"https:\/\/apuntesdesanluis.com\/index.php\/wp-json\/wp\/v2\/media\/4168"}],"wp:attachment":[{"href":"https:\/\/apuntesdesanluis.com\/index.php\/wp-json\/wp\/v2\/media?parent=4167"}],"wp:term":[{"taxonomy":"category","embeddable":true,"href":"https:\/\/apuntesdesanluis.com\/index.php\/wp-json\/wp\/v2\/categories?post=4167"},{"taxonomy":"post_tag","embeddable":true,"href":"https:\/\/apuntesdesanluis.com\/index.php\/wp-json\/wp\/v2\/tags?post=4167"}],"curies":[{"name":"wp","href":"https:\/\/api.w.org\/{rel}","templated":true}]}}