{"id":4170,"date":"2023-09-27T18:03:14","date_gmt":"2023-09-27T21:03:14","guid":{"rendered":"https:\/\/apuntesdesanluis.com\/?p=4170"},"modified":"2023-09-27T18:40:36","modified_gmt":"2023-09-27T21:40:36","slug":"causa-calumnias-por-un-tecnicismo-rechazan-planteo-y-la-causa-va-a-juicio-oral","status":"publish","type":"post","link":"https:\/\/apuntesdesanluis.com\/index.php\/2023\/09\/27\/causa-calumnias-por-un-tecnicismo-rechazan-planteo-y-la-causa-va-a-juicio-oral\/","title":{"rendered":"CAUSA CALUMNIAS: POR UN TECNICISMO, RECHAZAN PLANTEO Y LA CAUSA VA A JUICIO ORAL"},"content":{"rendered":"<h3>El Tribunal de Impugnaci\u00f3n consider\u00f3 extempor\u00e1nea la excepci\u00f3n de falta de acci\u00f3n penal interpuesta por la defensa de<strong> Javier Bosco<\/strong>, por lo que la causa por calumnias que le promovi\u00f3 la diputada provincial <strong>Anabela Lucero<\/strong> ir\u00e1 a juicio oral y p\u00fablico.<\/h3>\n<h3>Como se recordar\u00e1, el hecho tuvo lugar en mayo de este a\u00f1o, cuando Javier Bosco efectu\u00f3 un posteo en Facebook sobre un banner que promocionaba la postulaci\u00f3n de la entonces candidata a intendente de Villa Mercedes, Anabela Lucero, reclam\u00e1ndole el supuesto pago de cuatro meses adeudados, por una propiedad que alquilaba a su abuelo.<\/h3>\n<h3>La actual candidata a Parlamentaria del Mercosur se sinti\u00f3 agraviada y le envi\u00f3 una carta documento, exigi\u00e9ndole que se retractara. Como aqu\u00e9l ratific\u00f3 sus dichos, Lucero le inici\u00f3 una demanda por calumnias e injurias.<\/h3>\n<h3>En el marco de la querella por calumnias e injurias, mediante el Auto Interlocutorio N\u00ba 73, este mi\u00e9rcoles se dio a conocer que el Tribunal de Impugnaci\u00f3n de la Segunda y Tercera Circunscripci\u00f3n Judicial, rechaz\u00f3 por extempor\u00e1nea la excepci\u00f3n de falta de acci\u00f3n penal planteada por el querellado\u2013 representado por los Dres. Jos\u00e9 Giraudo y Miguel Angel Ferrero-.<\/h3>\n<h3>Entre otros aspectos, el Tribunal de Impugnaci\u00f3n \u2013 integrado por las Dras. Mar\u00eda Monserrath Bocca, Cintia Paola Mart\u00edn y Yanina Vanesa del Viso consider\u00f3 que la mencionada excepci\u00f3n debi\u00f3 ser interpuesta en la primera oportunidad en la que compareci\u00f3 el querellado, esto es en fecha 06\/07\/2023, o dentro del t\u00e9rmino establecido en el art. 120 del C\u00f3digo Procesal Penal.<\/h3>\n<h3>Cabe mencionar que el pasado seis de julio se llev\u00f3 a cabo por ante el Juzgado de Garant\u00edas N\u00b0 2, subrogado por el Dr. Alfredo Cuello, la audiencia prevista en el art\u00edculo 241 del C\u00f3digo Procesal Penal, no arribando las partes a una conciliaci\u00f3n.<\/h3>\n<h3><strong>DESACUERDO<\/strong><\/h3>\n<h3>Consultado por el fallo, el abogado <strong>Jos\u00e9 Giraudo<\/strong> expuso su desacuerdo, al entender que \u201cde ninguna manera es extempor\u00e1nea\u201d la presentaci\u00f3n que hizo planteando la excepci\u00f3n de falta de acci\u00f3n, porque \u201c\u00e9sta se debe hacer luego de que se ha hecho la imputaci\u00f3n. Cuando concurrimos a la primera audiencia mi defendido no lo hizo en car\u00e1cter de imputado, entonces mal se pueden hacer correr los plazos desde ese momento\u201d, explic\u00f3.<\/h3>\n<h3>Agreg\u00f3 que \u201cm\u00e1s all\u00e1 de este tecnicismo o a mi juicio interpretaci\u00f3n err\u00f3nea, sabiendo en las aguas en las que nos movemos, era previsible que algo as\u00ed pudiera ocurrir. En nuestro fuero \u00edntimo, nos preparamos para ir a juicio oral y tambi\u00e9n a la Suprema Corte de Justicia de la Naci\u00f3n. Teniendo en cuenta lo que se le hizo al periodista Diego Masci, ceo que vamos por el mismo camino\u201d, presagi\u00f3.<\/h3>\n<h3>\u201cLo que m\u00e1s molesta es que una cuesti\u00f3n menor est\u00e9 demandando tanto trabajo a la justicia. Como si no hubiera cosas m\u00e1s trascendentes de las que debiera ocuparse. Pero esto no es nuevo, lamentablemente en algunas cuestiones hay que llegar al m\u00e1ximo \u00f3rgano de justicia de la naci\u00f3n para que all\u00ed pongan sensatez y otorguen lo que aqu\u00ed escasea, que es precisamente justicia\u201d, concluy\u00f3.<\/h3>\n<h3 style=\"text-align: center;\">\u2026\u2026\u2026\u2026.<\/h3>\n<h3><strong>ART\u00cdCULO 120.- EXCEPCIONES Y NULIDADES.<\/strong> La defensa, dentro de los <strong>DIEZ (10) d\u00edas de formalizada la imputaci\u00f3n<\/strong>, podr\u00e1 solicitar al Juez una audiencia para plantear las excepciones y nulidades que considere procedentes. La audiencia se celebrar\u00e1 dentro de los CINCO (5) d\u00edas de solicitada.- Si el imputado hubiere hecho uso de la pr\u00f3rroga prevista en el Art\u00edculo 40 de la Constituci\u00f3n Provincial, los plazos correr\u00e1n paralelamente<\/h3>\n<h3><span style=\"color: #3366ff;\">NOTICIA RELACIONADA:<\/span><\/h3>\n<p><img fetchpriority=\"high\" decoding=\"async\" class=\"alignnone wp-image-4171\" src=\"https:\/\/apuntesdesanluis.com\/wp-content\/uploads\/2023\/09\/POSTEO-NOTA-300x201.png\" alt=\"\" width=\"399\" height=\"267\" srcset=\"https:\/\/apuntesdesanluis.com\/wp-content\/uploads\/2023\/09\/POSTEO-NOTA-300x201.png 300w, https:\/\/apuntesdesanluis.com\/wp-content\/uploads\/2023\/09\/POSTEO-NOTA.png 637w\" sizes=\"(max-width: 399px) 100vw, 399px\" \/><\/p>\n<p>&nbsp;<\/p>\n<p>&nbsp;<\/p>\n<p>&nbsp;<\/p>\n","protected":false},"excerpt":{"rendered":"<p>El Tribunal de Impugnaci\u00f3n consider\u00f3 extempor\u00e1nea la excepci\u00f3n de falta de acci\u00f3n penal interpuesta por&#8230;<\/p>\n","protected":false},"author":1,"featured_media":4172,"comment_status":"closed","ping_status":"closed","sticky":false,"template":"","format":"standard","meta":{"footnotes":""},"categories":[6],"tags":[],"class_list":["post-4170","post","type-post","status-publish","format-standard","has-post-thumbnail","hentry","category-ciudad-provincia"],"yoast_head":"<!-- This site is optimized with the Yoast SEO plugin v26.1.1 - https:\/\/yoast.com\/wordpress\/plugins\/seo\/ -->\n<title>CAUSA CALUMNIAS: POR UN TECNICISMO, RECHAZAN PLANTEO Y LA CAUSA VA A JUICIO ORAL - Apuntes de San Luis<\/title>\n<meta name=\"robots\" content=\"index, follow, max-snippet:-1, max-image-preview:large, max-video-preview:-1\" \/>\n<link rel=\"canonical\" href=\"https:\/\/apuntesdesanluis.com\/index.php\/2023\/09\/27\/causa-calumnias-por-un-tecnicismo-rechazan-planteo-y-la-causa-va-a-juicio-oral\/\" \/>\n<meta property=\"og:locale\" content=\"es_ES\" \/>\n<meta property=\"og:type\" content=\"article\" \/>\n<meta property=\"og:title\" content=\"CAUSA CALUMNIAS: POR UN TECNICISMO, RECHAZAN PLANTEO Y LA CAUSA VA A JUICIO ORAL - Apuntes de San Luis\" \/>\n<meta property=\"og:description\" content=\"El Tribunal de Impugnaci\u00f3n consider\u00f3 extempor\u00e1nea la excepci\u00f3n de falta de acci\u00f3n penal interpuesta por...\" \/>\n<meta property=\"og:url\" content=\"https:\/\/apuntesdesanluis.com\/index.php\/2023\/09\/27\/causa-calumnias-por-un-tecnicismo-rechazan-planteo-y-la-causa-va-a-juicio-oral\/\" \/>\n<meta property=\"og:site_name\" content=\"Apuntes de San Luis\" \/>\n<meta property=\"article:published_time\" content=\"2023-09-27T21:03:14+00:00\" \/>\n<meta property=\"article:modified_time\" content=\"2023-09-27T21:40:36+00:00\" \/>\n<meta property=\"og:image\" content=\"https:\/\/apuntesdesanluis.com\/wp-content\/uploads\/2023\/09\/tribunales.png\" \/>\n\t<meta property=\"og:image:width\" content=\"600\" \/>\n\t<meta property=\"og:image:height\" content=\"345\" \/>\n\t<meta property=\"og:image:type\" content=\"image\/png\" \/>\n<meta name=\"author\" content=\"apuntesdesanluis.com\" \/>\n<meta name=\"twitter:card\" content=\"summary_large_image\" \/>\n<meta name=\"twitter:label1\" content=\"Escrito por\" \/>\n\t<meta name=\"twitter:data1\" content=\"apuntesdesanluis.com\" \/>\n\t<meta name=\"twitter:label2\" content=\"Tiempo de lectura\" \/>\n\t<meta name=\"twitter:data2\" content=\"3 minutos\" \/>\n<script type=\"application\/ld+json\" class=\"yoast-schema-graph\">{\"@context\":\"https:\/\/schema.org\",\"@graph\":[{\"@type\":\"Article\",\"@id\":\"https:\/\/apuntesdesanluis.com\/index.php\/2023\/09\/27\/causa-calumnias-por-un-tecnicismo-rechazan-planteo-y-la-causa-va-a-juicio-oral\/#article\",\"isPartOf\":{\"@id\":\"https:\/\/apuntesdesanluis.com\/index.php\/2023\/09\/27\/causa-calumnias-por-un-tecnicismo-rechazan-planteo-y-la-causa-va-a-juicio-oral\/\"},\"author\":{\"name\":\"apuntesdesanluis.com\",\"@id\":\"https:\/\/apuntesdesanluis.com\/#\/schema\/person\/b55151d52296fcce64d1a72538a70b90\"},\"headline\":\"CAUSA CALUMNIAS: POR UN TECNICISMO, RECHAZAN PLANTEO Y LA CAUSA VA A JUICIO ORAL\",\"datePublished\":\"2023-09-27T21:03:14+00:00\",\"dateModified\":\"2023-09-27T21:40:36+00:00\",\"mainEntityOfPage\":{\"@id\":\"https:\/\/apuntesdesanluis.com\/index.php\/2023\/09\/27\/causa-calumnias-por-un-tecnicismo-rechazan-planteo-y-la-causa-va-a-juicio-oral\/\"},\"wordCount\":623,\"publisher\":{\"@id\":\"https:\/\/apuntesdesanluis.com\/#\/schema\/person\/b55151d52296fcce64d1a72538a70b90\"},\"image\":{\"@id\":\"https:\/\/apuntesdesanluis.com\/index.php\/2023\/09\/27\/causa-calumnias-por-un-tecnicismo-rechazan-planteo-y-la-causa-va-a-juicio-oral\/#primaryimage\"},\"thumbnailUrl\":\"https:\/\/apuntesdesanluis.com\/wp-content\/uploads\/2023\/09\/tribunales.png\",\"articleSection\":[\"Ciudad\/Provincia\"],\"inLanguage\":\"es-AR\"},{\"@type\":\"WebPage\",\"@id\":\"https:\/\/apuntesdesanluis.com\/index.php\/2023\/09\/27\/causa-calumnias-por-un-tecnicismo-rechazan-planteo-y-la-causa-va-a-juicio-oral\/\",\"url\":\"https:\/\/apuntesdesanluis.com\/index.php\/2023\/09\/27\/causa-calumnias-por-un-tecnicismo-rechazan-planteo-y-la-causa-va-a-juicio-oral\/\",\"name\":\"CAUSA CALUMNIAS: POR UN TECNICISMO, RECHAZAN PLANTEO Y LA CAUSA VA A JUICIO ORAL - Apuntes de San Luis\",\"isPartOf\":{\"@id\":\"https:\/\/apuntesdesanluis.com\/#website\"},\"primaryImageOfPage\":{\"@id\":\"https:\/\/apuntesdesanluis.com\/index.php\/2023\/09\/27\/causa-calumnias-por-un-tecnicismo-rechazan-planteo-y-la-causa-va-a-juicio-oral\/#primaryimage\"},\"image\":{\"@id\":\"https:\/\/apuntesdesanluis.com\/index.php\/2023\/09\/27\/causa-calumnias-por-un-tecnicismo-rechazan-planteo-y-la-causa-va-a-juicio-oral\/#primaryimage\"},\"thumbnailUrl\":\"https:\/\/apuntesdesanluis.com\/wp-content\/uploads\/2023\/09\/tribunales.png\",\"datePublished\":\"2023-09-27T21:03:14+00:00\",\"dateModified\":\"2023-09-27T21:40:36+00:00\",\"breadcrumb\":{\"@id\":\"https:\/\/apuntesdesanluis.com\/index.php\/2023\/09\/27\/causa-calumnias-por-un-tecnicismo-rechazan-planteo-y-la-causa-va-a-juicio-oral\/#breadcrumb\"},\"inLanguage\":\"es-AR\",\"potentialAction\":[{\"@type\":\"ReadAction\",\"target\":[\"https:\/\/apuntesdesanluis.com\/index.php\/2023\/09\/27\/causa-calumnias-por-un-tecnicismo-rechazan-planteo-y-la-causa-va-a-juicio-oral\/\"]}]},{\"@type\":\"ImageObject\",\"inLanguage\":\"es-AR\",\"@id\":\"https:\/\/apuntesdesanluis.com\/index.php\/2023\/09\/27\/causa-calumnias-por-un-tecnicismo-rechazan-planteo-y-la-causa-va-a-juicio-oral\/#primaryimage\",\"url\":\"https:\/\/apuntesdesanluis.com\/wp-content\/uploads\/2023\/09\/tribunales.png\",\"contentUrl\":\"https:\/\/apuntesdesanluis.com\/wp-content\/uploads\/2023\/09\/tribunales.png\",\"width\":600,\"height\":345},{\"@type\":\"BreadcrumbList\",\"@id\":\"https:\/\/apuntesdesanluis.com\/index.php\/2023\/09\/27\/causa-calumnias-por-un-tecnicismo-rechazan-planteo-y-la-causa-va-a-juicio-oral\/#breadcrumb\",\"itemListElement\":[{\"@type\":\"ListItem\",\"position\":1,\"name\":\"Inicio\",\"item\":\"https:\/\/apuntesdesanluis.com\/\"},{\"@type\":\"ListItem\",\"position\":2,\"name\":\"CAUSA CALUMNIAS: POR UN TECNICISMO, RECHAZAN PLANTEO Y LA CAUSA VA A JUICIO ORAL\"}]},{\"@type\":\"WebSite\",\"@id\":\"https:\/\/apuntesdesanluis.com\/#website\",\"url\":\"https:\/\/apuntesdesanluis.com\/\",\"name\":\"Apuntes de San Luis\",\"description\":\"\",\"publisher\":{\"@id\":\"https:\/\/apuntesdesanluis.com\/#\/schema\/person\/b55151d52296fcce64d1a72538a70b90\"},\"potentialAction\":[{\"@type\":\"SearchAction\",\"target\":{\"@type\":\"EntryPoint\",\"urlTemplate\":\"https:\/\/apuntesdesanluis.com\/?s={search_term_string}\"},\"query-input\":{\"@type\":\"PropertyValueSpecification\",\"valueRequired\":true,\"valueName\":\"search_term_string\"}}],\"inLanguage\":\"es-AR\"},{\"@type\":[\"Person\",\"Organization\"],\"@id\":\"https:\/\/apuntesdesanluis.com\/#\/schema\/person\/b55151d52296fcce64d1a72538a70b90\",\"name\":\"apuntesdesanluis.com\",\"image\":{\"@type\":\"ImageObject\",\"inLanguage\":\"es-AR\",\"@id\":\"https:\/\/apuntesdesanluis.com\/#\/schema\/person\/image\/\",\"url\":\"https:\/\/apuntesdesanluis.com\/wp-content\/uploads\/2023\/07\/cropped-apuntesdesanluis.png\",\"contentUrl\":\"https:\/\/apuntesdesanluis.com\/wp-content\/uploads\/2023\/07\/cropped-apuntesdesanluis.png\",\"width\":450,\"height\":112,\"caption\":\"apuntesdesanluis.com\"},\"logo\":{\"@id\":\"https:\/\/apuntesdesanluis.com\/#\/schema\/person\/image\/\"},\"sameAs\":[\"https:\/\/apuntesdesanluis.com\"],\"url\":\"https:\/\/apuntesdesanluis.com\/index.php\/author\/apuntesdesanluis-com\/\"}]}<\/script>\n<!-- \/ Yoast SEO plugin. -->","yoast_head_json":{"title":"CAUSA CALUMNIAS: POR UN TECNICISMO, RECHAZAN PLANTEO Y LA CAUSA VA A JUICIO ORAL - Apuntes de San Luis","robots":{"index":"index","follow":"follow","max-snippet":"max-snippet:-1","max-image-preview":"max-image-preview:large","max-video-preview":"max-video-preview:-1"},"canonical":"https:\/\/apuntesdesanluis.com\/index.php\/2023\/09\/27\/causa-calumnias-por-un-tecnicismo-rechazan-planteo-y-la-causa-va-a-juicio-oral\/","og_locale":"es_ES","og_type":"article","og_title":"CAUSA CALUMNIAS: POR UN TECNICISMO, RECHAZAN PLANTEO Y LA CAUSA VA A JUICIO ORAL - Apuntes de San Luis","og_description":"El Tribunal de Impugnaci\u00f3n consider\u00f3 extempor\u00e1nea la excepci\u00f3n de falta de acci\u00f3n penal interpuesta por...","og_url":"https:\/\/apuntesdesanluis.com\/index.php\/2023\/09\/27\/causa-calumnias-por-un-tecnicismo-rechazan-planteo-y-la-causa-va-a-juicio-oral\/","og_site_name":"Apuntes de San Luis","article_published_time":"2023-09-27T21:03:14+00:00","article_modified_time":"2023-09-27T21:40:36+00:00","og_image":[{"width":600,"height":345,"url":"https:\/\/apuntesdesanluis.com\/wp-content\/uploads\/2023\/09\/tribunales.png","type":"image\/png"}],"author":"apuntesdesanluis.com","twitter_card":"summary_large_image","twitter_misc":{"Escrito por":"apuntesdesanluis.com","Tiempo de lectura":"3 minutos"},"schema":{"@context":"https:\/\/schema.org","@graph":[{"@type":"Article","@id":"https:\/\/apuntesdesanluis.com\/index.php\/2023\/09\/27\/causa-calumnias-por-un-tecnicismo-rechazan-planteo-y-la-causa-va-a-juicio-oral\/#article","isPartOf":{"@id":"https:\/\/apuntesdesanluis.com\/index.php\/2023\/09\/27\/causa-calumnias-por-un-tecnicismo-rechazan-planteo-y-la-causa-va-a-juicio-oral\/"},"author":{"name":"apuntesdesanluis.com","@id":"https:\/\/apuntesdesanluis.com\/#\/schema\/person\/b55151d52296fcce64d1a72538a70b90"},"headline":"CAUSA CALUMNIAS: POR UN TECNICISMO, RECHAZAN PLANTEO Y LA CAUSA VA A JUICIO ORAL","datePublished":"2023-09-27T21:03:14+00:00","dateModified":"2023-09-27T21:40:36+00:00","mainEntityOfPage":{"@id":"https:\/\/apuntesdesanluis.com\/index.php\/2023\/09\/27\/causa-calumnias-por-un-tecnicismo-rechazan-planteo-y-la-causa-va-a-juicio-oral\/"},"wordCount":623,"publisher":{"@id":"https:\/\/apuntesdesanluis.com\/#\/schema\/person\/b55151d52296fcce64d1a72538a70b90"},"image":{"@id":"https:\/\/apuntesdesanluis.com\/index.php\/2023\/09\/27\/causa-calumnias-por-un-tecnicismo-rechazan-planteo-y-la-causa-va-a-juicio-oral\/#primaryimage"},"thumbnailUrl":"https:\/\/apuntesdesanluis.com\/wp-content\/uploads\/2023\/09\/tribunales.png","articleSection":["Ciudad\/Provincia"],"inLanguage":"es-AR"},{"@type":"WebPage","@id":"https:\/\/apuntesdesanluis.com\/index.php\/2023\/09\/27\/causa-calumnias-por-un-tecnicismo-rechazan-planteo-y-la-causa-va-a-juicio-oral\/","url":"https:\/\/apuntesdesanluis.com\/index.php\/2023\/09\/27\/causa-calumnias-por-un-tecnicismo-rechazan-planteo-y-la-causa-va-a-juicio-oral\/","name":"CAUSA CALUMNIAS: POR UN TECNICISMO, RECHAZAN PLANTEO Y LA CAUSA VA A JUICIO ORAL - Apuntes de San Luis","isPartOf":{"@id":"https:\/\/apuntesdesanluis.com\/#website"},"primaryImageOfPage":{"@id":"https:\/\/apuntesdesanluis.com\/index.php\/2023\/09\/27\/causa-calumnias-por-un-tecnicismo-rechazan-planteo-y-la-causa-va-a-juicio-oral\/#primaryimage"},"image":{"@id":"https:\/\/apuntesdesanluis.com\/index.php\/2023\/09\/27\/causa-calumnias-por-un-tecnicismo-rechazan-planteo-y-la-causa-va-a-juicio-oral\/#primaryimage"},"thumbnailUrl":"https:\/\/apuntesdesanluis.com\/wp-content\/uploads\/2023\/09\/tribunales.png","datePublished":"2023-09-27T21:03:14+00:00","dateModified":"2023-09-27T21:40:36+00:00","breadcrumb":{"@id":"https:\/\/apuntesdesanluis.com\/index.php\/2023\/09\/27\/causa-calumnias-por-un-tecnicismo-rechazan-planteo-y-la-causa-va-a-juicio-oral\/#breadcrumb"},"inLanguage":"es-AR","potentialAction":[{"@type":"ReadAction","target":["https:\/\/apuntesdesanluis.com\/index.php\/2023\/09\/27\/causa-calumnias-por-un-tecnicismo-rechazan-planteo-y-la-causa-va-a-juicio-oral\/"]}]},{"@type":"ImageObject","inLanguage":"es-AR","@id":"https:\/\/apuntesdesanluis.com\/index.php\/2023\/09\/27\/causa-calumnias-por-un-tecnicismo-rechazan-planteo-y-la-causa-va-a-juicio-oral\/#primaryimage","url":"https:\/\/apuntesdesanluis.com\/wp-content\/uploads\/2023\/09\/tribunales.png","contentUrl":"https:\/\/apuntesdesanluis.com\/wp-content\/uploads\/2023\/09\/tribunales.png","width":600,"height":345},{"@type":"BreadcrumbList","@id":"https:\/\/apuntesdesanluis.com\/index.php\/2023\/09\/27\/causa-calumnias-por-un-tecnicismo-rechazan-planteo-y-la-causa-va-a-juicio-oral\/#breadcrumb","itemListElement":[{"@type":"ListItem","position":1,"name":"Inicio","item":"https:\/\/apuntesdesanluis.com\/"},{"@type":"ListItem","position":2,"name":"CAUSA CALUMNIAS: POR UN TECNICISMO, RECHAZAN PLANTEO Y LA CAUSA VA A JUICIO ORAL"}]},{"@type":"WebSite","@id":"https:\/\/apuntesdesanluis.com\/#website","url":"https:\/\/apuntesdesanluis.com\/","name":"Apuntes de San Luis","description":"","publisher":{"@id":"https:\/\/apuntesdesanluis.com\/#\/schema\/person\/b55151d52296fcce64d1a72538a70b90"},"potentialAction":[{"@type":"SearchAction","target":{"@type":"EntryPoint","urlTemplate":"https:\/\/apuntesdesanluis.com\/?s={search_term_string}"},"query-input":{"@type":"PropertyValueSpecification","valueRequired":true,"valueName":"search_term_string"}}],"inLanguage":"es-AR"},{"@type":["Person","Organization"],"@id":"https:\/\/apuntesdesanluis.com\/#\/schema\/person\/b55151d52296fcce64d1a72538a70b90","name":"apuntesdesanluis.com","image":{"@type":"ImageObject","inLanguage":"es-AR","@id":"https:\/\/apuntesdesanluis.com\/#\/schema\/person\/image\/","url":"https:\/\/apuntesdesanluis.com\/wp-content\/uploads\/2023\/07\/cropped-apuntesdesanluis.png","contentUrl":"https:\/\/apuntesdesanluis.com\/wp-content\/uploads\/2023\/07\/cropped-apuntesdesanluis.png","width":450,"height":112,"caption":"apuntesdesanluis.com"},"logo":{"@id":"https:\/\/apuntesdesanluis.com\/#\/schema\/person\/image\/"},"sameAs":["https:\/\/apuntesdesanluis.com"],"url":"https:\/\/apuntesdesanluis.com\/index.php\/author\/apuntesdesanluis-com\/"}]}},"featured_image_urls":{"full":["https:\/\/apuntesdesanluis.com\/wp-content\/uploads\/2023\/09\/tribunales.png",600,345,false],"thumbnail":["https:\/\/apuntesdesanluis.com\/wp-content\/uploads\/2023\/09\/tribunales-150x150.png",150,150,true],"medium":["https:\/\/apuntesdesanluis.com\/wp-content\/uploads\/2023\/09\/tribunales-300x173.png",300,173,true],"medium_large":["https:\/\/apuntesdesanluis.com\/wp-content\/uploads\/2023\/09\/tribunales.png",600,345,false],"large":["https:\/\/apuntesdesanluis.com\/wp-content\/uploads\/2023\/09\/tribunales.png",600,345,false],"1536x1536":["https:\/\/apuntesdesanluis.com\/wp-content\/uploads\/2023\/09\/tribunales.png",600,345,false],"2048x2048":["https:\/\/apuntesdesanluis.com\/wp-content\/uploads\/2023\/09\/tribunales.png",600,345,false],"newsever-slider-full":["https:\/\/apuntesdesanluis.com\/wp-content\/uploads\/2023\/09\/tribunales.png",600,345,false],"newsever-featured":["https:\/\/apuntesdesanluis.com\/wp-content\/uploads\/2023\/09\/tribunales.png",600,345,false],"newsever-medium":["https:\/\/apuntesdesanluis.com\/wp-content\/uploads\/2023\/09\/tribunales.png",600,345,false]},"author_info":{"display_name":"apuntesdesanluis.com","author_link":"https:\/\/apuntesdesanluis.com\/index.php\/author\/apuntesdesanluis-com\/"},"category_info":"<a href=\"https:\/\/apuntesdesanluis.com\/index.php\/category\/ciudad-provincia\/\" rel=\"category tag\">Ciudad\/Provincia<\/a>","tag_info":"Ciudad\/Provincia","comment_count":"0","_links":{"self":[{"href":"https:\/\/apuntesdesanluis.com\/index.php\/wp-json\/wp\/v2\/posts\/4170","targetHints":{"allow":["GET"]}}],"collection":[{"href":"https:\/\/apuntesdesanluis.com\/index.php\/wp-json\/wp\/v2\/posts"}],"about":[{"href":"https:\/\/apuntesdesanluis.com\/index.php\/wp-json\/wp\/v2\/types\/post"}],"author":[{"embeddable":true,"href":"https:\/\/apuntesdesanluis.com\/index.php\/wp-json\/wp\/v2\/users\/1"}],"replies":[{"embeddable":true,"href":"https:\/\/apuntesdesanluis.com\/index.php\/wp-json\/wp\/v2\/comments?post=4170"}],"version-history":[{"count":3,"href":"https:\/\/apuntesdesanluis.com\/index.php\/wp-json\/wp\/v2\/posts\/4170\/revisions"}],"predecessor-version":[{"id":4182,"href":"https:\/\/apuntesdesanluis.com\/index.php\/wp-json\/wp\/v2\/posts\/4170\/revisions\/4182"}],"wp:featuredmedia":[{"embeddable":true,"href":"https:\/\/apuntesdesanluis.com\/index.php\/wp-json\/wp\/v2\/media\/4172"}],"wp:attachment":[{"href":"https:\/\/apuntesdesanluis.com\/index.php\/wp-json\/wp\/v2\/media?parent=4170"}],"wp:term":[{"taxonomy":"category","embeddable":true,"href":"https:\/\/apuntesdesanluis.com\/index.php\/wp-json\/wp\/v2\/categories?post=4170"},{"taxonomy":"post_tag","embeddable":true,"href":"https:\/\/apuntesdesanluis.com\/index.php\/wp-json\/wp\/v2\/tags?post=4170"}],"curies":[{"name":"wp","href":"https:\/\/api.w.org\/{rel}","templated":true}]}}