{"id":4178,"date":"2023-09-27T18:23:39","date_gmt":"2023-09-27T21:23:39","guid":{"rendered":"https:\/\/apuntesdesanluis.com\/?p=4178"},"modified":"2023-09-27T18:23:39","modified_gmt":"2023-09-27T21:23:39","slug":"combaten-un-incendio-en-la-zona-sur-de-la-ciudad-de-san-luis","status":"publish","type":"post","link":"https:\/\/apuntesdesanluis.com\/index.php\/2023\/09\/27\/combaten-un-incendio-en-la-zona-sur-de-la-ciudad-de-san-luis\/","title":{"rendered":"COMBATEN UN INCENDIO EN LA ZONA SUR DE LA CIUDAD DE SAN LUIS"},"content":{"rendered":"<h3>El jefe de Bomberos de la Polic\u00eda provincial, Rafael Godoy, explic\u00f3 que el siniestro se origin\u00f3 en la banquina de la Ruta Provincial N\u00ba 3, pasando la Autopista de las Serran\u00edas Puntanas, y se extendi\u00f3 por el viento en direcci\u00f3n sur, afectando la vegetaci\u00f3n.<\/h3>\n<h3>Est\u00e1n trabajando bomberos voluntarios de San Luis Capital, Defensa Civil del Municipio, San Luis Solidario y Bomberos de la Polic\u00eda.<\/h3>\n<p><img fetchpriority=\"high\" decoding=\"async\" class=\"wp-image-4180 aligncenter\" src=\"https:\/\/apuntesdesanluis.com\/wp-content\/uploads\/2023\/09\/incendio-tapa-300x170.png\" alt=\"\" width=\"646\" height=\"366\" srcset=\"https:\/\/apuntesdesanluis.com\/wp-content\/uploads\/2023\/09\/incendio-tapa-300x170.png 300w, https:\/\/apuntesdesanluis.com\/wp-content\/uploads\/2023\/09\/incendio-tapa.png 600w\" sizes=\"(max-width: 646px) 100vw, 646px\" \/><\/p>\n<h3>Mart\u00edn Oroz, jefe de San Luis Solidario, agreg\u00f3 que el incendio se encuentra descontrolado, en una zona de dif\u00edcil acceso por la vegetaci\u00f3n. Actualmente, est\u00e1n trabajando para cortar el avance hacia el sector sur. Se espera que a las 19:00 disminuya la fuerza del viento, lo que favorecer\u00e1 las tareas de los combatientes.<\/h3>\n","protected":false},"excerpt":{"rendered":"<p>El jefe de Bomberos de la Polic\u00eda provincial, Rafael Godoy, explic\u00f3 que el siniestro se&#8230;<\/p>\n","protected":false},"author":1,"featured_media":4179,"comment_status":"closed","ping_status":"closed","sticky":false,"template":"","format":"standard","meta":{"footnotes":""},"categories":[6],"tags":[],"class_list":["post-4178","post","type-post","status-publish","format-standard","has-post-thumbnail","hentry","category-ciudad-provincia"],"yoast_head":"<!-- This site is optimized with the Yoast SEO plugin v26.1.1 - https:\/\/yoast.com\/wordpress\/plugins\/seo\/ -->\n<title>COMBATEN UN INCENDIO EN LA ZONA SUR DE LA CIUDAD DE SAN LUIS - Apuntes de San Luis<\/title>\n<meta name=\"robots\" content=\"index, follow, max-snippet:-1, max-image-preview:large, max-video-preview:-1\" \/>\n<link rel=\"canonical\" href=\"https:\/\/apuntesdesanluis.com\/index.php\/2023\/09\/27\/combaten-un-incendio-en-la-zona-sur-de-la-ciudad-de-san-luis\/\" \/>\n<meta property=\"og:locale\" content=\"es_ES\" \/>\n<meta property=\"og:type\" content=\"article\" \/>\n<meta property=\"og:title\" content=\"COMBATEN UN INCENDIO EN LA ZONA SUR DE LA CIUDAD DE SAN LUIS - Apuntes de San Luis\" \/>\n<meta property=\"og:description\" content=\"El jefe de Bomberos de la Polic\u00eda provincial, Rafael Godoy, explic\u00f3 que el siniestro se...\" \/>\n<meta property=\"og:url\" content=\"https:\/\/apuntesdesanluis.com\/index.php\/2023\/09\/27\/combaten-un-incendio-en-la-zona-sur-de-la-ciudad-de-san-luis\/\" \/>\n<meta property=\"og:site_name\" content=\"Apuntes de San Luis\" \/>\n<meta property=\"article:published_time\" content=\"2023-09-27T21:23:39+00:00\" \/>\n<meta property=\"og:image\" content=\"https:\/\/apuntesdesanluis.com\/wp-content\/uploads\/2023\/09\/incendio-terrazas.png\" \/>\n\t<meta property=\"og:image:width\" content=\"600\" \/>\n\t<meta property=\"og:image:height\" content=\"352\" \/>\n\t<meta property=\"og:image:type\" content=\"image\/png\" \/>\n<meta name=\"author\" content=\"apuntesdesanluis.com\" \/>\n<meta name=\"twitter:card\" content=\"summary_large_image\" \/>\n<meta name=\"twitter:label1\" content=\"Escrito por\" \/>\n\t<meta name=\"twitter:data1\" content=\"apuntesdesanluis.com\" \/>\n\t<meta name=\"twitter:label2\" content=\"Tiempo de lectura\" \/>\n\t<meta name=\"twitter:data2\" content=\"1 minuto\" \/>\n<script type=\"application\/ld+json\" class=\"yoast-schema-graph\">{\"@context\":\"https:\/\/schema.org\",\"@graph\":[{\"@type\":\"Article\",\"@id\":\"https:\/\/apuntesdesanluis.com\/index.php\/2023\/09\/27\/combaten-un-incendio-en-la-zona-sur-de-la-ciudad-de-san-luis\/#article\",\"isPartOf\":{\"@id\":\"https:\/\/apuntesdesanluis.com\/index.php\/2023\/09\/27\/combaten-un-incendio-en-la-zona-sur-de-la-ciudad-de-san-luis\/\"},\"author\":{\"name\":\"apuntesdesanluis.com\",\"@id\":\"https:\/\/apuntesdesanluis.com\/#\/schema\/person\/b55151d52296fcce64d1a72538a70b90\"},\"headline\":\"COMBATEN UN INCENDIO EN LA ZONA SUR DE LA CIUDAD DE SAN LUIS\",\"datePublished\":\"2023-09-27T21:23:39+00:00\",\"mainEntityOfPage\":{\"@id\":\"https:\/\/apuntesdesanluis.com\/index.php\/2023\/09\/27\/combaten-un-incendio-en-la-zona-sur-de-la-ciudad-de-san-luis\/\"},\"wordCount\":138,\"publisher\":{\"@id\":\"https:\/\/apuntesdesanluis.com\/#\/schema\/person\/b55151d52296fcce64d1a72538a70b90\"},\"image\":{\"@id\":\"https:\/\/apuntesdesanluis.com\/index.php\/2023\/09\/27\/combaten-un-incendio-en-la-zona-sur-de-la-ciudad-de-san-luis\/#primaryimage\"},\"thumbnailUrl\":\"https:\/\/apuntesdesanluis.com\/wp-content\/uploads\/2023\/09\/incendio-terrazas.png\",\"articleSection\":[\"Ciudad\/Provincia\"],\"inLanguage\":\"es-AR\"},{\"@type\":\"WebPage\",\"@id\":\"https:\/\/apuntesdesanluis.com\/index.php\/2023\/09\/27\/combaten-un-incendio-en-la-zona-sur-de-la-ciudad-de-san-luis\/\",\"url\":\"https:\/\/apuntesdesanluis.com\/index.php\/2023\/09\/27\/combaten-un-incendio-en-la-zona-sur-de-la-ciudad-de-san-luis\/\",\"name\":\"COMBATEN UN INCENDIO EN LA ZONA SUR DE LA CIUDAD DE SAN LUIS - Apuntes de San Luis\",\"isPartOf\":{\"@id\":\"https:\/\/apuntesdesanluis.com\/#website\"},\"primaryImageOfPage\":{\"@id\":\"https:\/\/apuntesdesanluis.com\/index.php\/2023\/09\/27\/combaten-un-incendio-en-la-zona-sur-de-la-ciudad-de-san-luis\/#primaryimage\"},\"image\":{\"@id\":\"https:\/\/apuntesdesanluis.com\/index.php\/2023\/09\/27\/combaten-un-incendio-en-la-zona-sur-de-la-ciudad-de-san-luis\/#primaryimage\"},\"thumbnailUrl\":\"https:\/\/apuntesdesanluis.com\/wp-content\/uploads\/2023\/09\/incendio-terrazas.png\",\"datePublished\":\"2023-09-27T21:23:39+00:00\",\"breadcrumb\":{\"@id\":\"https:\/\/apuntesdesanluis.com\/index.php\/2023\/09\/27\/combaten-un-incendio-en-la-zona-sur-de-la-ciudad-de-san-luis\/#breadcrumb\"},\"inLanguage\":\"es-AR\",\"potentialAction\":[{\"@type\":\"ReadAction\",\"target\":[\"https:\/\/apuntesdesanluis.com\/index.php\/2023\/09\/27\/combaten-un-incendio-en-la-zona-sur-de-la-ciudad-de-san-luis\/\"]}]},{\"@type\":\"ImageObject\",\"inLanguage\":\"es-AR\",\"@id\":\"https:\/\/apuntesdesanluis.com\/index.php\/2023\/09\/27\/combaten-un-incendio-en-la-zona-sur-de-la-ciudad-de-san-luis\/#primaryimage\",\"url\":\"https:\/\/apuntesdesanluis.com\/wp-content\/uploads\/2023\/09\/incendio-terrazas.png\",\"contentUrl\":\"https:\/\/apuntesdesanluis.com\/wp-content\/uploads\/2023\/09\/incendio-terrazas.png\",\"width\":600,\"height\":352},{\"@type\":\"BreadcrumbList\",\"@id\":\"https:\/\/apuntesdesanluis.com\/index.php\/2023\/09\/27\/combaten-un-incendio-en-la-zona-sur-de-la-ciudad-de-san-luis\/#breadcrumb\",\"itemListElement\":[{\"@type\":\"ListItem\",\"position\":1,\"name\":\"Inicio\",\"item\":\"https:\/\/apuntesdesanluis.com\/\"},{\"@type\":\"ListItem\",\"position\":2,\"name\":\"COMBATEN UN INCENDIO EN LA ZONA SUR DE LA CIUDAD DE SAN LUIS\"}]},{\"@type\":\"WebSite\",\"@id\":\"https:\/\/apuntesdesanluis.com\/#website\",\"url\":\"https:\/\/apuntesdesanluis.com\/\",\"name\":\"Apuntes de San Luis\",\"description\":\"\",\"publisher\":{\"@id\":\"https:\/\/apuntesdesanluis.com\/#\/schema\/person\/b55151d52296fcce64d1a72538a70b90\"},\"potentialAction\":[{\"@type\":\"SearchAction\",\"target\":{\"@type\":\"EntryPoint\",\"urlTemplate\":\"https:\/\/apuntesdesanluis.com\/?s={search_term_string}\"},\"query-input\":{\"@type\":\"PropertyValueSpecification\",\"valueRequired\":true,\"valueName\":\"search_term_string\"}}],\"inLanguage\":\"es-AR\"},{\"@type\":[\"Person\",\"Organization\"],\"@id\":\"https:\/\/apuntesdesanluis.com\/#\/schema\/person\/b55151d52296fcce64d1a72538a70b90\",\"name\":\"apuntesdesanluis.com\",\"image\":{\"@type\":\"ImageObject\",\"inLanguage\":\"es-AR\",\"@id\":\"https:\/\/apuntesdesanluis.com\/#\/schema\/person\/image\/\",\"url\":\"https:\/\/apuntesdesanluis.com\/wp-content\/uploads\/2023\/07\/cropped-apuntesdesanluis.png\",\"contentUrl\":\"https:\/\/apuntesdesanluis.com\/wp-content\/uploads\/2023\/07\/cropped-apuntesdesanluis.png\",\"width\":450,\"height\":112,\"caption\":\"apuntesdesanluis.com\"},\"logo\":{\"@id\":\"https:\/\/apuntesdesanluis.com\/#\/schema\/person\/image\/\"},\"sameAs\":[\"https:\/\/apuntesdesanluis.com\"],\"url\":\"https:\/\/apuntesdesanluis.com\/index.php\/author\/apuntesdesanluis-com\/\"}]}<\/script>\n<!-- \/ Yoast SEO plugin. -->","yoast_head_json":{"title":"COMBATEN UN INCENDIO EN LA ZONA SUR DE LA CIUDAD DE SAN LUIS - Apuntes de San Luis","robots":{"index":"index","follow":"follow","max-snippet":"max-snippet:-1","max-image-preview":"max-image-preview:large","max-video-preview":"max-video-preview:-1"},"canonical":"https:\/\/apuntesdesanluis.com\/index.php\/2023\/09\/27\/combaten-un-incendio-en-la-zona-sur-de-la-ciudad-de-san-luis\/","og_locale":"es_ES","og_type":"article","og_title":"COMBATEN UN INCENDIO EN LA ZONA SUR DE LA CIUDAD DE SAN LUIS - Apuntes de San Luis","og_description":"El jefe de Bomberos de la Polic\u00eda provincial, Rafael Godoy, explic\u00f3 que el siniestro se...","og_url":"https:\/\/apuntesdesanluis.com\/index.php\/2023\/09\/27\/combaten-un-incendio-en-la-zona-sur-de-la-ciudad-de-san-luis\/","og_site_name":"Apuntes de San Luis","article_published_time":"2023-09-27T21:23:39+00:00","og_image":[{"width":600,"height":352,"url":"https:\/\/apuntesdesanluis.com\/wp-content\/uploads\/2023\/09\/incendio-terrazas.png","type":"image\/png"}],"author":"apuntesdesanluis.com","twitter_card":"summary_large_image","twitter_misc":{"Escrito por":"apuntesdesanluis.com","Tiempo de lectura":"1 minuto"},"schema":{"@context":"https:\/\/schema.org","@graph":[{"@type":"Article","@id":"https:\/\/apuntesdesanluis.com\/index.php\/2023\/09\/27\/combaten-un-incendio-en-la-zona-sur-de-la-ciudad-de-san-luis\/#article","isPartOf":{"@id":"https:\/\/apuntesdesanluis.com\/index.php\/2023\/09\/27\/combaten-un-incendio-en-la-zona-sur-de-la-ciudad-de-san-luis\/"},"author":{"name":"apuntesdesanluis.com","@id":"https:\/\/apuntesdesanluis.com\/#\/schema\/person\/b55151d52296fcce64d1a72538a70b90"},"headline":"COMBATEN UN INCENDIO EN LA ZONA SUR DE LA CIUDAD DE SAN LUIS","datePublished":"2023-09-27T21:23:39+00:00","mainEntityOfPage":{"@id":"https:\/\/apuntesdesanluis.com\/index.php\/2023\/09\/27\/combaten-un-incendio-en-la-zona-sur-de-la-ciudad-de-san-luis\/"},"wordCount":138,"publisher":{"@id":"https:\/\/apuntesdesanluis.com\/#\/schema\/person\/b55151d52296fcce64d1a72538a70b90"},"image":{"@id":"https:\/\/apuntesdesanluis.com\/index.php\/2023\/09\/27\/combaten-un-incendio-en-la-zona-sur-de-la-ciudad-de-san-luis\/#primaryimage"},"thumbnailUrl":"https:\/\/apuntesdesanluis.com\/wp-content\/uploads\/2023\/09\/incendio-terrazas.png","articleSection":["Ciudad\/Provincia"],"inLanguage":"es-AR"},{"@type":"WebPage","@id":"https:\/\/apuntesdesanluis.com\/index.php\/2023\/09\/27\/combaten-un-incendio-en-la-zona-sur-de-la-ciudad-de-san-luis\/","url":"https:\/\/apuntesdesanluis.com\/index.php\/2023\/09\/27\/combaten-un-incendio-en-la-zona-sur-de-la-ciudad-de-san-luis\/","name":"COMBATEN UN INCENDIO EN LA ZONA SUR DE LA CIUDAD DE SAN LUIS - Apuntes de San Luis","isPartOf":{"@id":"https:\/\/apuntesdesanluis.com\/#website"},"primaryImageOfPage":{"@id":"https:\/\/apuntesdesanluis.com\/index.php\/2023\/09\/27\/combaten-un-incendio-en-la-zona-sur-de-la-ciudad-de-san-luis\/#primaryimage"},"image":{"@id":"https:\/\/apuntesdesanluis.com\/index.php\/2023\/09\/27\/combaten-un-incendio-en-la-zona-sur-de-la-ciudad-de-san-luis\/#primaryimage"},"thumbnailUrl":"https:\/\/apuntesdesanluis.com\/wp-content\/uploads\/2023\/09\/incendio-terrazas.png","datePublished":"2023-09-27T21:23:39+00:00","breadcrumb":{"@id":"https:\/\/apuntesdesanluis.com\/index.php\/2023\/09\/27\/combaten-un-incendio-en-la-zona-sur-de-la-ciudad-de-san-luis\/#breadcrumb"},"inLanguage":"es-AR","potentialAction":[{"@type":"ReadAction","target":["https:\/\/apuntesdesanluis.com\/index.php\/2023\/09\/27\/combaten-un-incendio-en-la-zona-sur-de-la-ciudad-de-san-luis\/"]}]},{"@type":"ImageObject","inLanguage":"es-AR","@id":"https:\/\/apuntesdesanluis.com\/index.php\/2023\/09\/27\/combaten-un-incendio-en-la-zona-sur-de-la-ciudad-de-san-luis\/#primaryimage","url":"https:\/\/apuntesdesanluis.com\/wp-content\/uploads\/2023\/09\/incendio-terrazas.png","contentUrl":"https:\/\/apuntesdesanluis.com\/wp-content\/uploads\/2023\/09\/incendio-terrazas.png","width":600,"height":352},{"@type":"BreadcrumbList","@id":"https:\/\/apuntesdesanluis.com\/index.php\/2023\/09\/27\/combaten-un-incendio-en-la-zona-sur-de-la-ciudad-de-san-luis\/#breadcrumb","itemListElement":[{"@type":"ListItem","position":1,"name":"Inicio","item":"https:\/\/apuntesdesanluis.com\/"},{"@type":"ListItem","position":2,"name":"COMBATEN UN INCENDIO EN LA ZONA SUR DE LA CIUDAD DE SAN LUIS"}]},{"@type":"WebSite","@id":"https:\/\/apuntesdesanluis.com\/#website","url":"https:\/\/apuntesdesanluis.com\/","name":"Apuntes de San Luis","description":"","publisher":{"@id":"https:\/\/apuntesdesanluis.com\/#\/schema\/person\/b55151d52296fcce64d1a72538a70b90"},"potentialAction":[{"@type":"SearchAction","target":{"@type":"EntryPoint","urlTemplate":"https:\/\/apuntesdesanluis.com\/?s={search_term_string}"},"query-input":{"@type":"PropertyValueSpecification","valueRequired":true,"valueName":"search_term_string"}}],"inLanguage":"es-AR"},{"@type":["Person","Organization"],"@id":"https:\/\/apuntesdesanluis.com\/#\/schema\/person\/b55151d52296fcce64d1a72538a70b90","name":"apuntesdesanluis.com","image":{"@type":"ImageObject","inLanguage":"es-AR","@id":"https:\/\/apuntesdesanluis.com\/#\/schema\/person\/image\/","url":"https:\/\/apuntesdesanluis.com\/wp-content\/uploads\/2023\/07\/cropped-apuntesdesanluis.png","contentUrl":"https:\/\/apuntesdesanluis.com\/wp-content\/uploads\/2023\/07\/cropped-apuntesdesanluis.png","width":450,"height":112,"caption":"apuntesdesanluis.com"},"logo":{"@id":"https:\/\/apuntesdesanluis.com\/#\/schema\/person\/image\/"},"sameAs":["https:\/\/apuntesdesanluis.com"],"url":"https:\/\/apuntesdesanluis.com\/index.php\/author\/apuntesdesanluis-com\/"}]}},"featured_image_urls":{"full":["https:\/\/apuntesdesanluis.com\/wp-content\/uploads\/2023\/09\/incendio-terrazas.png",600,352,false],"thumbnail":["https:\/\/apuntesdesanluis.com\/wp-content\/uploads\/2023\/09\/incendio-terrazas-150x150.png",150,150,true],"medium":["https:\/\/apuntesdesanluis.com\/wp-content\/uploads\/2023\/09\/incendio-terrazas-300x176.png",300,176,true],"medium_large":["https:\/\/apuntesdesanluis.com\/wp-content\/uploads\/2023\/09\/incendio-terrazas.png",600,352,false],"large":["https:\/\/apuntesdesanluis.com\/wp-content\/uploads\/2023\/09\/incendio-terrazas.png",600,352,false],"1536x1536":["https:\/\/apuntesdesanluis.com\/wp-content\/uploads\/2023\/09\/incendio-terrazas.png",600,352,false],"2048x2048":["https:\/\/apuntesdesanluis.com\/wp-content\/uploads\/2023\/09\/incendio-terrazas.png",600,352,false],"newsever-slider-full":["https:\/\/apuntesdesanluis.com\/wp-content\/uploads\/2023\/09\/incendio-terrazas.png",600,352,false],"newsever-featured":["https:\/\/apuntesdesanluis.com\/wp-content\/uploads\/2023\/09\/incendio-terrazas.png",600,352,false],"newsever-medium":["https:\/\/apuntesdesanluis.com\/wp-content\/uploads\/2023\/09\/incendio-terrazas.png",600,352,false]},"author_info":{"display_name":"apuntesdesanluis.com","author_link":"https:\/\/apuntesdesanluis.com\/index.php\/author\/apuntesdesanluis-com\/"},"category_info":"<a href=\"https:\/\/apuntesdesanluis.com\/index.php\/category\/ciudad-provincia\/\" rel=\"category tag\">Ciudad\/Provincia<\/a>","tag_info":"Ciudad\/Provincia","comment_count":"0","_links":{"self":[{"href":"https:\/\/apuntesdesanluis.com\/index.php\/wp-json\/wp\/v2\/posts\/4178","targetHints":{"allow":["GET"]}}],"collection":[{"href":"https:\/\/apuntesdesanluis.com\/index.php\/wp-json\/wp\/v2\/posts"}],"about":[{"href":"https:\/\/apuntesdesanluis.com\/index.php\/wp-json\/wp\/v2\/types\/post"}],"author":[{"embeddable":true,"href":"https:\/\/apuntesdesanluis.com\/index.php\/wp-json\/wp\/v2\/users\/1"}],"replies":[{"embeddable":true,"href":"https:\/\/apuntesdesanluis.com\/index.php\/wp-json\/wp\/v2\/comments?post=4178"}],"version-history":[{"count":1,"href":"https:\/\/apuntesdesanluis.com\/index.php\/wp-json\/wp\/v2\/posts\/4178\/revisions"}],"predecessor-version":[{"id":4181,"href":"https:\/\/apuntesdesanluis.com\/index.php\/wp-json\/wp\/v2\/posts\/4178\/revisions\/4181"}],"wp:featuredmedia":[{"embeddable":true,"href":"https:\/\/apuntesdesanluis.com\/index.php\/wp-json\/wp\/v2\/media\/4179"}],"wp:attachment":[{"href":"https:\/\/apuntesdesanluis.com\/index.php\/wp-json\/wp\/v2\/media?parent=4178"}],"wp:term":[{"taxonomy":"category","embeddable":true,"href":"https:\/\/apuntesdesanluis.com\/index.php\/wp-json\/wp\/v2\/categories?post=4178"},{"taxonomy":"post_tag","embeddable":true,"href":"https:\/\/apuntesdesanluis.com\/index.php\/wp-json\/wp\/v2\/tags?post=4178"}],"curies":[{"name":"wp","href":"https:\/\/api.w.org\/{rel}","templated":true}]}}