{"id":419,"date":"2023-07-26T02:56:12","date_gmt":"2023-07-26T05:56:12","guid":{"rendered":"https:\/\/apuntesdesanluis.com\/?p=419"},"modified":"2023-07-26T02:57:10","modified_gmt":"2023-07-26T05:57:10","slug":"proyecto-del-gobierno-para-asegurarse-el-control-de-la-upro","status":"publish","type":"post","link":"https:\/\/apuntesdesanluis.com\/index.php\/2023\/07\/26\/proyecto-del-gobierno-para-asegurarse-el-control-de-la-upro\/","title":{"rendered":"PROYECTO DEL GOBIERNO PARA ASEGURARSE EL CONTROL DE LA UPRO"},"content":{"rendered":"<h3>En la sesi\u00f3n de ayer del Senado provincial, ingres\u00f3 un proyecto de ley del Ejecutivo que ser\u00e1 tratado en las pr\u00f3ximas sesiones, a trav\u00e9s del cual ampl\u00eda el presupuesto para la instituci\u00f3n y modifica el modo de designaci\u00f3n de sus autoridades, adem\u00e1s de imponer l\u00edmites ante el hipot\u00e9tico caso de resolverse su intervenci\u00f3n.<\/h3>\n<h3>En la iniciativa se determina que los recursos provinciales de la <strong>Universidad Provincial de Oficios<\/strong> (UPrO) no podr\u00e1n ser inferiores al 3,5% de los recursos fiscales de la provincia, el rector y vicerrector deber\u00e1n ser designados por acuerdo del Senado (donde el PJ ostenta una clara mayor\u00eda), y en caso de intervenci\u00f3n, la medida deber\u00e1 ser dispuesta a trav\u00e9s de la \u201cAsamblea Legislativa con el acuerdo de las dos terceras partes de cada una de las C\u00e1maras\u201d, las que casualmente son controladas tambi\u00e9n por el oficialismo.<\/h3>\n<h3>La parte resolutiva del proyecto que pas\u00f3 a comisi\u00f3n establece lo siguiente:<\/h3>\n<h3>MODIFICACI\u00d3N DE ART\u00cdCULOS DE LA LEY N\u00b0 II-0879-2014<\/h3>\n<h3>UNIVERSIDAD PROVINCIAL DE OFICIOS \u201cEVA PER\u00d3N\u201d<\/h3>\n<h3><strong>ARTICULO 1\u00b0.<\/strong> \u2013 Modif\u00edquese el Art\u00edculo 1\u00b0 de la Ley N\u00b0 II \u201300879 \u2013 2014, el que quedar\u00e1 redactado de la siguiente manera: \u201cARTICULO 1\u00b0- Cr\u00e9ase la UNIVERSIDAD PROVINCIAL DE OFICIOS \u201cEVA PER\u00d3N&#8221;, como persona jur\u00eddica p\u00fablica, dotada de autonom\u00eda institucional y acad\u00e9mica y autarqu\u00eda econ\u00f3mico- financiera, la que ejercer\u00e1 en los l\u00edmites y con los alcances previstos por la presente Ley, como as\u00ed tambi\u00e9n deber\u00e1 adecuarse a las normas constitucionales y legales vigentes en la materia. La Universidad tendr\u00e1 su sede central en la Ciudad de Villa Mercedes, Departamento General Pedernera, Provincia de San Luis, estando facultada para generar anexos o extensiones \u00e1ulicas en distintas localidades de la Provincia de San Luis.<\/h3>\n<h3><strong>ARTICULO 2\u00b0.<\/strong> \u2013 Modif\u00edquese el Art\u00edculo 6\u00b0 de la Ley N\u00b0 II \u201300879 \u2013 2014, el que quedar\u00e1 redactado de la siguiente manera: \u201cART\u00cdCULO 6\u00b0. \u2013 \u201cEl gobierno de la Universidad ser\u00e1 ejercida por un Rector y un Vicerrector que ser\u00e1n designados por el Poder Ejecutivo Provincial con acuerdo del Senado y duran CUATRO (4) a\u00f1os en el ejercicio de sus funciones. El Vicerrector sustituye al Rector en caso de ausencia temporaria y en caso de ausencia definitiva lo reemplazar\u00e1 hasta tanto se produzca la designaci\u00f3n por el mecanismo previsto en este art\u00edculo. Las dem\u00e1s facultades del Rector y Vicerrector se determinar\u00e1n en el Estatuto que se dicte en el marco de la presente ley\u201d.<\/h3>\n<h3><strong>ARTICULO 3\u00b0.<\/strong> &#8211; Modif\u00edquese el Art\u00edculo 7\u00b0 de la Ley N\u00b0 II \u201300879\u20132014 el que quedar\u00e1 redactado de la siguiente manera: \u201cART\u00cdCULO 7\u00b0. &#8211; La Universidad contar\u00e1 para el cumplimiento de sus misiones y funciones con recursos financieros que ser\u00e1n incluidos anualmente en la Ley de Presupuesto General de Recursos y Gastos de la Provincia y que estar\u00e1n conformados por:<\/h3>\n<h3>a) Un aporte mensual de Recursos de la Administraci\u00f3n Provincial, que no podr\u00e1 ser inferior al 3,5% de los recursos fiscales de la Provincia, el que ser\u00e1 efectivamente transferido a la Universidad antes del quinto d\u00eda h\u00e1bil de cada mes.<\/h3>\n<h3>b) Ingresos provenientes de las prestaciones a terceros relacionados con la finalidad de la Universidad.<\/h3>\n<h3>c) Los fondos provenientes de convenios que celebre la Universidad con el Estado Nacional, Provincias o Municipios y\/o cualquier otro organismo con personer\u00eda jur\u00eddica.<\/h3>\n<h3>d) Venta de publicaciones, formularios y otros bienes y servicios conforme el ordenamiento legal vigente.<\/h3>\n<h3>e) Cualquier otro ingreso recibido por legado, donaci\u00f3n o asignado por otra norma o convenio.<\/h3>\n<h3>f) Recursos establecidos por otras leyes vigentes.<\/h3>\n<h3><strong>ARTICULO 4\u00b0.<\/strong> \u2013 Modif\u00edquese el Art\u00edculo 8\u00b0 de la Ley N\u00b0 II \u201300879\u20132014 el que quedar\u00e1 redactado de la siguiente manera: siguiente: \u201cART\u00cdCULO 8\u00b0. &#8211; La Universidad Provincial de Oficios \u201cEva Per\u00f3n\u201d solo podr\u00e1 ser intervenida por Asamblea Legislativa con el acuerdo de las dos terceras partes de cada una de las C\u00e1maras por plazo determinado, que no podr\u00e1 ser superior a los seis (6) meses, y s\u00f3lo por alguna de las siguientes causales regladas: a) Conflicto insoluble de la instituci\u00f3n que haga imposible su normal funcionamiento; b) Grave alteraci\u00f3n del orden p\u00fablico; c) Manifiesto incumplimiento de la presente ley. La intervenci\u00f3n nunca podr\u00e1 menoscabar la autonom\u00eda acad\u00e9mica y la autarqu\u00eda econ\u00f3mica financiera.\u201d<\/h3>\n<h3><strong>ARTICULO 5\u00b0.<\/strong> \u2013 Incorp\u00f3rese como Art\u00edculo 9\u00b0 de la Ley N\u00b0 II \u201300879\u20132014 el siguiente: \u201cART\u00cdCULO 9\u00b0.- Reg\u00edstrese, comun\u00edquese al Poder Ejecutivo y arch\u00edvese.-<\/h3>\n<h3><strong>ARTICULO 6\u00b0.<\/strong>&#8211;\u00a0 Reg\u00edstrese, comun\u00edquese al Poder Ejecutivo y arch\u00edvese.-<\/h3>\n","protected":false},"excerpt":{"rendered":"<p>En la sesi\u00f3n de ayer del Senado provincial, ingres\u00f3 un proyecto de ley del Ejecutivo&#8230;<\/p>\n","protected":false},"author":1,"featured_media":420,"comment_status":"closed","ping_status":"closed","sticky":false,"template":"","format":"standard","meta":{"footnotes":""},"categories":[6],"tags":[],"class_list":["post-419","post","type-post","status-publish","format-standard","has-post-thumbnail","hentry","category-ciudad-provincia"],"yoast_head":"<!-- This site is optimized with the Yoast SEO plugin v26.1.1 - https:\/\/yoast.com\/wordpress\/plugins\/seo\/ -->\n<title>PROYECTO DEL GOBIERNO PARA ASEGURARSE EL CONTROL DE LA UPRO - Apuntes de San Luis<\/title>\n<meta name=\"robots\" content=\"index, follow, max-snippet:-1, max-image-preview:large, max-video-preview:-1\" \/>\n<link rel=\"canonical\" href=\"https:\/\/apuntesdesanluis.com\/index.php\/2023\/07\/26\/proyecto-del-gobierno-para-asegurarse-el-control-de-la-upro\/\" \/>\n<meta property=\"og:locale\" content=\"es_ES\" \/>\n<meta property=\"og:type\" content=\"article\" \/>\n<meta property=\"og:title\" content=\"PROYECTO DEL GOBIERNO PARA ASEGURARSE EL CONTROL DE LA UPRO - Apuntes de San Luis\" \/>\n<meta property=\"og:description\" content=\"En la sesi\u00f3n de ayer del Senado provincial, ingres\u00f3 un proyecto de ley del Ejecutivo...\" \/>\n<meta property=\"og:url\" content=\"https:\/\/apuntesdesanluis.com\/index.php\/2023\/07\/26\/proyecto-del-gobierno-para-asegurarse-el-control-de-la-upro\/\" \/>\n<meta property=\"og:site_name\" content=\"Apuntes de San Luis\" \/>\n<meta property=\"article:published_time\" content=\"2023-07-26T05:56:12+00:00\" \/>\n<meta property=\"article:modified_time\" content=\"2023-07-26T05:57:10+00:00\" \/>\n<meta property=\"og:image\" content=\"https:\/\/apuntesdesanluis.com\/wp-content\/uploads\/2023\/07\/upro.png\" \/>\n\t<meta property=\"og:image:width\" content=\"600\" \/>\n\t<meta property=\"og:image:height\" content=\"396\" \/>\n\t<meta property=\"og:image:type\" content=\"image\/png\" \/>\n<meta name=\"author\" content=\"apuntesdesanluis.com\" \/>\n<meta name=\"twitter:card\" content=\"summary_large_image\" \/>\n<meta name=\"twitter:label1\" content=\"Escrito por\" \/>\n\t<meta name=\"twitter:data1\" content=\"apuntesdesanluis.com\" \/>\n\t<meta name=\"twitter:label2\" content=\"Tiempo de lectura\" \/>\n\t<meta name=\"twitter:data2\" content=\"4 minutos\" \/>\n<script type=\"application\/ld+json\" class=\"yoast-schema-graph\">{\"@context\":\"https:\/\/schema.org\",\"@graph\":[{\"@type\":\"Article\",\"@id\":\"https:\/\/apuntesdesanluis.com\/index.php\/2023\/07\/26\/proyecto-del-gobierno-para-asegurarse-el-control-de-la-upro\/#article\",\"isPartOf\":{\"@id\":\"https:\/\/apuntesdesanluis.com\/index.php\/2023\/07\/26\/proyecto-del-gobierno-para-asegurarse-el-control-de-la-upro\/\"},\"author\":{\"name\":\"apuntesdesanluis.com\",\"@id\":\"https:\/\/apuntesdesanluis.com\/#\/schema\/person\/b55151d52296fcce64d1a72538a70b90\"},\"headline\":\"PROYECTO DEL GOBIERNO PARA ASEGURARSE EL CONTROL DE LA UPRO\",\"datePublished\":\"2023-07-26T05:56:12+00:00\",\"dateModified\":\"2023-07-26T05:57:10+00:00\",\"mainEntityOfPage\":{\"@id\":\"https:\/\/apuntesdesanluis.com\/index.php\/2023\/07\/26\/proyecto-del-gobierno-para-asegurarse-el-control-de-la-upro\/\"},\"wordCount\":773,\"publisher\":{\"@id\":\"https:\/\/apuntesdesanluis.com\/#\/schema\/person\/b55151d52296fcce64d1a72538a70b90\"},\"image\":{\"@id\":\"https:\/\/apuntesdesanluis.com\/index.php\/2023\/07\/26\/proyecto-del-gobierno-para-asegurarse-el-control-de-la-upro\/#primaryimage\"},\"thumbnailUrl\":\"https:\/\/apuntesdesanluis.com\/wp-content\/uploads\/2023\/07\/upro.png\",\"articleSection\":[\"Ciudad\/Provincia\"],\"inLanguage\":\"es-AR\"},{\"@type\":\"WebPage\",\"@id\":\"https:\/\/apuntesdesanluis.com\/index.php\/2023\/07\/26\/proyecto-del-gobierno-para-asegurarse-el-control-de-la-upro\/\",\"url\":\"https:\/\/apuntesdesanluis.com\/index.php\/2023\/07\/26\/proyecto-del-gobierno-para-asegurarse-el-control-de-la-upro\/\",\"name\":\"PROYECTO DEL GOBIERNO PARA ASEGURARSE EL CONTROL DE LA UPRO - Apuntes de San Luis\",\"isPartOf\":{\"@id\":\"https:\/\/apuntesdesanluis.com\/#website\"},\"primaryImageOfPage\":{\"@id\":\"https:\/\/apuntesdesanluis.com\/index.php\/2023\/07\/26\/proyecto-del-gobierno-para-asegurarse-el-control-de-la-upro\/#primaryimage\"},\"image\":{\"@id\":\"https:\/\/apuntesdesanluis.com\/index.php\/2023\/07\/26\/proyecto-del-gobierno-para-asegurarse-el-control-de-la-upro\/#primaryimage\"},\"thumbnailUrl\":\"https:\/\/apuntesdesanluis.com\/wp-content\/uploads\/2023\/07\/upro.png\",\"datePublished\":\"2023-07-26T05:56:12+00:00\",\"dateModified\":\"2023-07-26T05:57:10+00:00\",\"breadcrumb\":{\"@id\":\"https:\/\/apuntesdesanluis.com\/index.php\/2023\/07\/26\/proyecto-del-gobierno-para-asegurarse-el-control-de-la-upro\/#breadcrumb\"},\"inLanguage\":\"es-AR\",\"potentialAction\":[{\"@type\":\"ReadAction\",\"target\":[\"https:\/\/apuntesdesanluis.com\/index.php\/2023\/07\/26\/proyecto-del-gobierno-para-asegurarse-el-control-de-la-upro\/\"]}]},{\"@type\":\"ImageObject\",\"inLanguage\":\"es-AR\",\"@id\":\"https:\/\/apuntesdesanluis.com\/index.php\/2023\/07\/26\/proyecto-del-gobierno-para-asegurarse-el-control-de-la-upro\/#primaryimage\",\"url\":\"https:\/\/apuntesdesanluis.com\/wp-content\/uploads\/2023\/07\/upro.png\",\"contentUrl\":\"https:\/\/apuntesdesanluis.com\/wp-content\/uploads\/2023\/07\/upro.png\",\"width\":600,\"height\":396},{\"@type\":\"BreadcrumbList\",\"@id\":\"https:\/\/apuntesdesanluis.com\/index.php\/2023\/07\/26\/proyecto-del-gobierno-para-asegurarse-el-control-de-la-upro\/#breadcrumb\",\"itemListElement\":[{\"@type\":\"ListItem\",\"position\":1,\"name\":\"Inicio\",\"item\":\"https:\/\/apuntesdesanluis.com\/\"},{\"@type\":\"ListItem\",\"position\":2,\"name\":\"PROYECTO DEL GOBIERNO PARA ASEGURARSE EL CONTROL DE LA UPRO\"}]},{\"@type\":\"WebSite\",\"@id\":\"https:\/\/apuntesdesanluis.com\/#website\",\"url\":\"https:\/\/apuntesdesanluis.com\/\",\"name\":\"Apuntes de San Luis\",\"description\":\"\",\"publisher\":{\"@id\":\"https:\/\/apuntesdesanluis.com\/#\/schema\/person\/b55151d52296fcce64d1a72538a70b90\"},\"potentialAction\":[{\"@type\":\"SearchAction\",\"target\":{\"@type\":\"EntryPoint\",\"urlTemplate\":\"https:\/\/apuntesdesanluis.com\/?s={search_term_string}\"},\"query-input\":{\"@type\":\"PropertyValueSpecification\",\"valueRequired\":true,\"valueName\":\"search_term_string\"}}],\"inLanguage\":\"es-AR\"},{\"@type\":[\"Person\",\"Organization\"],\"@id\":\"https:\/\/apuntesdesanluis.com\/#\/schema\/person\/b55151d52296fcce64d1a72538a70b90\",\"name\":\"apuntesdesanluis.com\",\"image\":{\"@type\":\"ImageObject\",\"inLanguage\":\"es-AR\",\"@id\":\"https:\/\/apuntesdesanluis.com\/#\/schema\/person\/image\/\",\"url\":\"https:\/\/apuntesdesanluis.com\/wp-content\/uploads\/2023\/07\/cropped-apuntesdesanluis.png\",\"contentUrl\":\"https:\/\/apuntesdesanluis.com\/wp-content\/uploads\/2023\/07\/cropped-apuntesdesanluis.png\",\"width\":450,\"height\":112,\"caption\":\"apuntesdesanluis.com\"},\"logo\":{\"@id\":\"https:\/\/apuntesdesanluis.com\/#\/schema\/person\/image\/\"},\"sameAs\":[\"https:\/\/apuntesdesanluis.com\"],\"url\":\"https:\/\/apuntesdesanluis.com\/index.php\/author\/apuntesdesanluis-com\/\"}]}<\/script>\n<!-- \/ Yoast SEO plugin. -->","yoast_head_json":{"title":"PROYECTO DEL GOBIERNO PARA ASEGURARSE EL CONTROL DE LA UPRO - Apuntes de San Luis","robots":{"index":"index","follow":"follow","max-snippet":"max-snippet:-1","max-image-preview":"max-image-preview:large","max-video-preview":"max-video-preview:-1"},"canonical":"https:\/\/apuntesdesanluis.com\/index.php\/2023\/07\/26\/proyecto-del-gobierno-para-asegurarse-el-control-de-la-upro\/","og_locale":"es_ES","og_type":"article","og_title":"PROYECTO DEL GOBIERNO PARA ASEGURARSE EL CONTROL DE LA UPRO - Apuntes de San Luis","og_description":"En la sesi\u00f3n de ayer del Senado provincial, ingres\u00f3 un proyecto de ley del Ejecutivo...","og_url":"https:\/\/apuntesdesanluis.com\/index.php\/2023\/07\/26\/proyecto-del-gobierno-para-asegurarse-el-control-de-la-upro\/","og_site_name":"Apuntes de San Luis","article_published_time":"2023-07-26T05:56:12+00:00","article_modified_time":"2023-07-26T05:57:10+00:00","og_image":[{"width":600,"height":396,"url":"https:\/\/apuntesdesanluis.com\/wp-content\/uploads\/2023\/07\/upro.png","type":"image\/png"}],"author":"apuntesdesanluis.com","twitter_card":"summary_large_image","twitter_misc":{"Escrito por":"apuntesdesanluis.com","Tiempo de lectura":"4 minutos"},"schema":{"@context":"https:\/\/schema.org","@graph":[{"@type":"Article","@id":"https:\/\/apuntesdesanluis.com\/index.php\/2023\/07\/26\/proyecto-del-gobierno-para-asegurarse-el-control-de-la-upro\/#article","isPartOf":{"@id":"https:\/\/apuntesdesanluis.com\/index.php\/2023\/07\/26\/proyecto-del-gobierno-para-asegurarse-el-control-de-la-upro\/"},"author":{"name":"apuntesdesanluis.com","@id":"https:\/\/apuntesdesanluis.com\/#\/schema\/person\/b55151d52296fcce64d1a72538a70b90"},"headline":"PROYECTO DEL GOBIERNO PARA ASEGURARSE EL CONTROL DE LA UPRO","datePublished":"2023-07-26T05:56:12+00:00","dateModified":"2023-07-26T05:57:10+00:00","mainEntityOfPage":{"@id":"https:\/\/apuntesdesanluis.com\/index.php\/2023\/07\/26\/proyecto-del-gobierno-para-asegurarse-el-control-de-la-upro\/"},"wordCount":773,"publisher":{"@id":"https:\/\/apuntesdesanluis.com\/#\/schema\/person\/b55151d52296fcce64d1a72538a70b90"},"image":{"@id":"https:\/\/apuntesdesanluis.com\/index.php\/2023\/07\/26\/proyecto-del-gobierno-para-asegurarse-el-control-de-la-upro\/#primaryimage"},"thumbnailUrl":"https:\/\/apuntesdesanluis.com\/wp-content\/uploads\/2023\/07\/upro.png","articleSection":["Ciudad\/Provincia"],"inLanguage":"es-AR"},{"@type":"WebPage","@id":"https:\/\/apuntesdesanluis.com\/index.php\/2023\/07\/26\/proyecto-del-gobierno-para-asegurarse-el-control-de-la-upro\/","url":"https:\/\/apuntesdesanluis.com\/index.php\/2023\/07\/26\/proyecto-del-gobierno-para-asegurarse-el-control-de-la-upro\/","name":"PROYECTO DEL GOBIERNO PARA ASEGURARSE EL CONTROL DE LA UPRO - Apuntes de San Luis","isPartOf":{"@id":"https:\/\/apuntesdesanluis.com\/#website"},"primaryImageOfPage":{"@id":"https:\/\/apuntesdesanluis.com\/index.php\/2023\/07\/26\/proyecto-del-gobierno-para-asegurarse-el-control-de-la-upro\/#primaryimage"},"image":{"@id":"https:\/\/apuntesdesanluis.com\/index.php\/2023\/07\/26\/proyecto-del-gobierno-para-asegurarse-el-control-de-la-upro\/#primaryimage"},"thumbnailUrl":"https:\/\/apuntesdesanluis.com\/wp-content\/uploads\/2023\/07\/upro.png","datePublished":"2023-07-26T05:56:12+00:00","dateModified":"2023-07-26T05:57:10+00:00","breadcrumb":{"@id":"https:\/\/apuntesdesanluis.com\/index.php\/2023\/07\/26\/proyecto-del-gobierno-para-asegurarse-el-control-de-la-upro\/#breadcrumb"},"inLanguage":"es-AR","potentialAction":[{"@type":"ReadAction","target":["https:\/\/apuntesdesanluis.com\/index.php\/2023\/07\/26\/proyecto-del-gobierno-para-asegurarse-el-control-de-la-upro\/"]}]},{"@type":"ImageObject","inLanguage":"es-AR","@id":"https:\/\/apuntesdesanluis.com\/index.php\/2023\/07\/26\/proyecto-del-gobierno-para-asegurarse-el-control-de-la-upro\/#primaryimage","url":"https:\/\/apuntesdesanluis.com\/wp-content\/uploads\/2023\/07\/upro.png","contentUrl":"https:\/\/apuntesdesanluis.com\/wp-content\/uploads\/2023\/07\/upro.png","width":600,"height":396},{"@type":"BreadcrumbList","@id":"https:\/\/apuntesdesanluis.com\/index.php\/2023\/07\/26\/proyecto-del-gobierno-para-asegurarse-el-control-de-la-upro\/#breadcrumb","itemListElement":[{"@type":"ListItem","position":1,"name":"Inicio","item":"https:\/\/apuntesdesanluis.com\/"},{"@type":"ListItem","position":2,"name":"PROYECTO DEL GOBIERNO PARA ASEGURARSE EL CONTROL DE LA UPRO"}]},{"@type":"WebSite","@id":"https:\/\/apuntesdesanluis.com\/#website","url":"https:\/\/apuntesdesanluis.com\/","name":"Apuntes de San Luis","description":"","publisher":{"@id":"https:\/\/apuntesdesanluis.com\/#\/schema\/person\/b55151d52296fcce64d1a72538a70b90"},"potentialAction":[{"@type":"SearchAction","target":{"@type":"EntryPoint","urlTemplate":"https:\/\/apuntesdesanluis.com\/?s={search_term_string}"},"query-input":{"@type":"PropertyValueSpecification","valueRequired":true,"valueName":"search_term_string"}}],"inLanguage":"es-AR"},{"@type":["Person","Organization"],"@id":"https:\/\/apuntesdesanluis.com\/#\/schema\/person\/b55151d52296fcce64d1a72538a70b90","name":"apuntesdesanluis.com","image":{"@type":"ImageObject","inLanguage":"es-AR","@id":"https:\/\/apuntesdesanluis.com\/#\/schema\/person\/image\/","url":"https:\/\/apuntesdesanluis.com\/wp-content\/uploads\/2023\/07\/cropped-apuntesdesanluis.png","contentUrl":"https:\/\/apuntesdesanluis.com\/wp-content\/uploads\/2023\/07\/cropped-apuntesdesanluis.png","width":450,"height":112,"caption":"apuntesdesanluis.com"},"logo":{"@id":"https:\/\/apuntesdesanluis.com\/#\/schema\/person\/image\/"},"sameAs":["https:\/\/apuntesdesanluis.com"],"url":"https:\/\/apuntesdesanluis.com\/index.php\/author\/apuntesdesanluis-com\/"}]}},"featured_image_urls":{"full":["https:\/\/apuntesdesanluis.com\/wp-content\/uploads\/2023\/07\/upro.png",600,396,false],"thumbnail":["https:\/\/apuntesdesanluis.com\/wp-content\/uploads\/2023\/07\/upro-150x150.png",150,150,true],"medium":["https:\/\/apuntesdesanluis.com\/wp-content\/uploads\/2023\/07\/upro-300x198.png",300,198,true],"medium_large":["https:\/\/apuntesdesanluis.com\/wp-content\/uploads\/2023\/07\/upro.png",600,396,false],"large":["https:\/\/apuntesdesanluis.com\/wp-content\/uploads\/2023\/07\/upro.png",600,396,false],"1536x1536":["https:\/\/apuntesdesanluis.com\/wp-content\/uploads\/2023\/07\/upro.png",600,396,false],"2048x2048":["https:\/\/apuntesdesanluis.com\/wp-content\/uploads\/2023\/07\/upro.png",600,396,false],"newsever-slider-full":["https:\/\/apuntesdesanluis.com\/wp-content\/uploads\/2023\/07\/upro.png",600,396,false],"newsever-featured":["https:\/\/apuntesdesanluis.com\/wp-content\/uploads\/2023\/07\/upro.png",600,396,false],"newsever-medium":["https:\/\/apuntesdesanluis.com\/wp-content\/uploads\/2023\/07\/upro.png",600,396,false]},"author_info":{"display_name":"apuntesdesanluis.com","author_link":"https:\/\/apuntesdesanluis.com\/index.php\/author\/apuntesdesanluis-com\/"},"category_info":"<a href=\"https:\/\/apuntesdesanluis.com\/index.php\/category\/ciudad-provincia\/\" rel=\"category tag\">Ciudad\/Provincia<\/a>","tag_info":"Ciudad\/Provincia","comment_count":"0","_links":{"self":[{"href":"https:\/\/apuntesdesanluis.com\/index.php\/wp-json\/wp\/v2\/posts\/419","targetHints":{"allow":["GET"]}}],"collection":[{"href":"https:\/\/apuntesdesanluis.com\/index.php\/wp-json\/wp\/v2\/posts"}],"about":[{"href":"https:\/\/apuntesdesanluis.com\/index.php\/wp-json\/wp\/v2\/types\/post"}],"author":[{"embeddable":true,"href":"https:\/\/apuntesdesanluis.com\/index.php\/wp-json\/wp\/v2\/users\/1"}],"replies":[{"embeddable":true,"href":"https:\/\/apuntesdesanluis.com\/index.php\/wp-json\/wp\/v2\/comments?post=419"}],"version-history":[{"count":2,"href":"https:\/\/apuntesdesanluis.com\/index.php\/wp-json\/wp\/v2\/posts\/419\/revisions"}],"predecessor-version":[{"id":422,"href":"https:\/\/apuntesdesanluis.com\/index.php\/wp-json\/wp\/v2\/posts\/419\/revisions\/422"}],"wp:featuredmedia":[{"embeddable":true,"href":"https:\/\/apuntesdesanluis.com\/index.php\/wp-json\/wp\/v2\/media\/420"}],"wp:attachment":[{"href":"https:\/\/apuntesdesanluis.com\/index.php\/wp-json\/wp\/v2\/media?parent=419"}],"wp:term":[{"taxonomy":"category","embeddable":true,"href":"https:\/\/apuntesdesanluis.com\/index.php\/wp-json\/wp\/v2\/categories?post=419"},{"taxonomy":"post_tag","embeddable":true,"href":"https:\/\/apuntesdesanluis.com\/index.php\/wp-json\/wp\/v2\/tags?post=419"}],"curies":[{"name":"wp","href":"https:\/\/api.w.org\/{rel}","templated":true}]}}