{"id":4192,"date":"2023-09-27T19:38:55","date_gmt":"2023-09-27T22:38:55","guid":{"rendered":"https:\/\/apuntesdesanluis.com\/?p=4192"},"modified":"2023-09-27T19:45:37","modified_gmt":"2023-09-27T22:45:37","slug":"la-upro-firmo-un-convenio-con-una-escuela-de-alta-cocina-italiana","status":"publish","type":"post","link":"https:\/\/apuntesdesanluis.com\/index.php\/2023\/09\/27\/la-upro-firmo-un-convenio-con-una-escuela-de-alta-cocina-italiana\/","title":{"rendered":"LA UPRO FIRM\u00d3 UN CONVENIO CON UNA ESCUELA DE ALTA COCINA ITALIANA"},"content":{"rendered":"<h3>Este mi\u00e9rcoles el rector de la Universidad Provincial de Oficios, <strong>Joaqu\u00edn Surroca<\/strong>, y el Director General de IFSE Italia <strong>Raffaele Trovato<\/strong>, firmaron un convenio de intercambio relacionado a alumnos y egresados de Cocina Internacional y Gerenciamiento Gastron\u00f3mico, marcando el hito de ser la primera incursi\u00f3n de la universidad de oficios en el plano mundial.<\/h3>\n<h3>La <strong>Italian Food Style Education<\/strong> es la \u00fanica escuela reconocida como de excelencia educativa por el Secretariado General de la Rep\u00fablica de Italia y es la m\u00e1s innovadora escuela de alta cocina y pasteler\u00eda peninsular. Actualmente tiene firmados acuerdos con m\u00e1s de 30 pa\u00edses y en Argentina, UPrO ser\u00e1 su primera referencia.<\/h3>\n<p><img fetchpriority=\"high\" decoding=\"async\" class=\"wp-image-4194 aligncenter\" src=\"https:\/\/apuntesdesanluis.com\/wp-content\/uploads\/2023\/09\/escuela-italiana-300x243.png\" alt=\"\" width=\"640\" height=\"518\" srcset=\"https:\/\/apuntesdesanluis.com\/wp-content\/uploads\/2023\/09\/escuela-italiana-300x243.png 300w, https:\/\/apuntesdesanluis.com\/wp-content\/uploads\/2023\/09\/escuela-italiana.png 707w\" sizes=\"(max-width: 640px) 100vw, 640px\" \/><\/p>\n<h3>\u201cEstamos muy contentos de lanzar esta nueva l\u00ednea denominada UPrO Global. Firmaremos acuerdos con distintas universidades e institutos de Europa que nos permitan llevar o traer alumnos e intercambiar experiencias\u201d coment\u00f3 Joaqu\u00edn Surroca.<\/h3>\n<h3>La r\u00fabrica del acuerdo se hizo de manera virtual, en la sala de reuniones de nave t\u00e9cnica, y cont\u00f3 con la presencia de las autoridades universitarias y el plantel t\u00e9cnico de los cursos de Cocina Internacional y Gerenciamiento Gastron\u00f3mico, adem\u00e1s de una traductora italiana.<\/h3>\n<p><img decoding=\"async\" class=\"wp-image-4195 aligncenter\" src=\"https:\/\/apuntesdesanluis.com\/wp-content\/uploads\/2023\/09\/joaquin-hablando-300x169.png\" alt=\"\" width=\"639\" height=\"360\" srcset=\"https:\/\/apuntesdesanluis.com\/wp-content\/uploads\/2023\/09\/joaquin-hablando-300x169.png 300w, https:\/\/apuntesdesanluis.com\/wp-content\/uploads\/2023\/09\/joaquin-hablando-768x432.png 768w, https:\/\/apuntesdesanluis.com\/wp-content\/uploads\/2023\/09\/joaquin-hablando.png 997w\" sizes=\"(max-width: 639px) 100vw, 639px\" \/><\/p>\n<h3>Trovato coment\u00f3 las caracter\u00edsticas del IFSE y remarc\u00f3: <em>\u201cCon este acuerdo, alumnos de Italia podr\u00e1n especializarse en cocina argentina, y vuestros alumnos lo har\u00e1n en cocina italiana. Hoy es cada vez m\u00e1s necesario especializarnos en gastronom\u00eda t\u00edpica, en un mundo tan globalizado. Este es el primer acuerdo que cerramos con Argentina\u201d<\/em>, inform\u00f3.<\/h3>\n<p><img decoding=\"async\" class=\"wp-image-4196 aligncenter\" src=\"https:\/\/apuntesdesanluis.com\/wp-content\/uploads\/2023\/09\/upro-global-1-300x173.png\" alt=\"\" width=\"638\" height=\"368\" srcset=\"https:\/\/apuntesdesanluis.com\/wp-content\/uploads\/2023\/09\/upro-global-1-300x173.png 300w, https:\/\/apuntesdesanluis.com\/wp-content\/uploads\/2023\/09\/upro-global-1.png 708w\" sizes=\"(max-width: 638px) 100vw, 638px\" \/><\/p>\n<h3>El Rector de la UPrO, <strong>Joaqu\u00edn Surroca<\/strong>, dialog\u00f3 con la prensa y adelant\u00f3 la inminente firma de otro convenio, con una escuela de cocina de Espa\u00f1a.<\/h3>\n<p>&nbsp;<\/p>\n<!--[if lt IE 9]><script>document.createElement('audio');<\/script><![endif]-->\n<audio class=\"wp-audio-shortcode\" id=\"audio-4192-1\" preload=\"none\" style=\"width: 100%;\" controls=\"controls\"><source type=\"audio\/mpeg\" src=\"https:\/\/apuntesdesanluis.com\/wp-content\/uploads\/2023\/09\/Surroca.mp3?_=1\" \/><a href=\"https:\/\/apuntesdesanluis.com\/wp-content\/uploads\/2023\/09\/Surroca.mp3\">https:\/\/apuntesdesanluis.com\/wp-content\/uploads\/2023\/09\/Surroca.mp3<\/a><\/audio>\n<p>&nbsp;<\/p>\n<p>&nbsp;<\/p>\n<p>&nbsp;<\/p>\n<p>&nbsp;<\/p>\n<p>&nbsp;<\/p>\n","protected":false},"excerpt":{"rendered":"<p>Este mi\u00e9rcoles el rector de la Universidad Provincial de Oficios, Joaqu\u00edn Surroca, y el Director&#8230;<\/p>\n","protected":false},"author":1,"featured_media":4193,"comment_status":"closed","ping_status":"closed","sticky":false,"template":"","format":"standard","meta":{"footnotes":""},"categories":[6],"tags":[],"class_list":["post-4192","post","type-post","status-publish","format-standard","has-post-thumbnail","hentry","category-ciudad-provincia"],"yoast_head":"<!-- This site is optimized with the Yoast SEO plugin v26.1.1 - https:\/\/yoast.com\/wordpress\/plugins\/seo\/ -->\n<title>LA UPRO FIRM\u00d3 UN CONVENIO CON UNA ESCUELA DE ALTA COCINA ITALIANA - Apuntes de San Luis<\/title>\n<meta name=\"robots\" content=\"index, follow, max-snippet:-1, max-image-preview:large, max-video-preview:-1\" \/>\n<link rel=\"canonical\" href=\"https:\/\/apuntesdesanluis.com\/index.php\/2023\/09\/27\/la-upro-firmo-un-convenio-con-una-escuela-de-alta-cocina-italiana\/\" \/>\n<meta property=\"og:locale\" content=\"es_ES\" \/>\n<meta property=\"og:type\" content=\"article\" \/>\n<meta property=\"og:title\" content=\"LA UPRO FIRM\u00d3 UN CONVENIO CON UNA ESCUELA DE ALTA COCINA ITALIANA - Apuntes de San Luis\" \/>\n<meta property=\"og:description\" content=\"Este mi\u00e9rcoles el rector de la Universidad Provincial de Oficios, Joaqu\u00edn Surroca, y el Director...\" \/>\n<meta property=\"og:url\" content=\"https:\/\/apuntesdesanluis.com\/index.php\/2023\/09\/27\/la-upro-firmo-un-convenio-con-una-escuela-de-alta-cocina-italiana\/\" \/>\n<meta property=\"og:site_name\" content=\"Apuntes de San Luis\" \/>\n<meta property=\"article:published_time\" content=\"2023-09-27T22:38:55+00:00\" \/>\n<meta property=\"article:modified_time\" content=\"2023-09-27T22:45:37+00:00\" \/>\n<meta property=\"og:image\" content=\"https:\/\/apuntesdesanluis.com\/wp-content\/uploads\/2023\/09\/firma-2.png\" \/>\n\t<meta property=\"og:image:width\" content=\"688\" \/>\n\t<meta property=\"og:image:height\" content=\"449\" \/>\n\t<meta property=\"og:image:type\" content=\"image\/png\" \/>\n<meta name=\"author\" content=\"apuntesdesanluis.com\" \/>\n<meta name=\"twitter:card\" content=\"summary_large_image\" \/>\n<meta name=\"twitter:label1\" content=\"Escrito por\" \/>\n\t<meta name=\"twitter:data1\" content=\"apuntesdesanluis.com\" \/>\n\t<meta name=\"twitter:label2\" content=\"Tiempo de lectura\" \/>\n\t<meta name=\"twitter:data2\" content=\"2 minutos\" \/>\n<script type=\"application\/ld+json\" class=\"yoast-schema-graph\">{\"@context\":\"https:\/\/schema.org\",\"@graph\":[{\"@type\":\"Article\",\"@id\":\"https:\/\/apuntesdesanluis.com\/index.php\/2023\/09\/27\/la-upro-firmo-un-convenio-con-una-escuela-de-alta-cocina-italiana\/#article\",\"isPartOf\":{\"@id\":\"https:\/\/apuntesdesanluis.com\/index.php\/2023\/09\/27\/la-upro-firmo-un-convenio-con-una-escuela-de-alta-cocina-italiana\/\"},\"author\":{\"name\":\"apuntesdesanluis.com\",\"@id\":\"https:\/\/apuntesdesanluis.com\/#\/schema\/person\/b55151d52296fcce64d1a72538a70b90\"},\"headline\":\"LA UPRO FIRM\u00d3 UN CONVENIO CON UNA ESCUELA DE ALTA COCINA ITALIANA\",\"datePublished\":\"2023-09-27T22:38:55+00:00\",\"dateModified\":\"2023-09-27T22:45:37+00:00\",\"mainEntityOfPage\":{\"@id\":\"https:\/\/apuntesdesanluis.com\/index.php\/2023\/09\/27\/la-upro-firmo-un-convenio-con-una-escuela-de-alta-cocina-italiana\/\"},\"wordCount\":312,\"publisher\":{\"@id\":\"https:\/\/apuntesdesanluis.com\/#\/schema\/person\/b55151d52296fcce64d1a72538a70b90\"},\"image\":{\"@id\":\"https:\/\/apuntesdesanluis.com\/index.php\/2023\/09\/27\/la-upro-firmo-un-convenio-con-una-escuela-de-alta-cocina-italiana\/#primaryimage\"},\"thumbnailUrl\":\"https:\/\/apuntesdesanluis.com\/wp-content\/uploads\/2023\/09\/firma-2.png\",\"articleSection\":[\"Ciudad\/Provincia\"],\"inLanguage\":\"es-AR\"},{\"@type\":\"WebPage\",\"@id\":\"https:\/\/apuntesdesanluis.com\/index.php\/2023\/09\/27\/la-upro-firmo-un-convenio-con-una-escuela-de-alta-cocina-italiana\/\",\"url\":\"https:\/\/apuntesdesanluis.com\/index.php\/2023\/09\/27\/la-upro-firmo-un-convenio-con-una-escuela-de-alta-cocina-italiana\/\",\"name\":\"LA UPRO FIRM\u00d3 UN CONVENIO CON UNA ESCUELA DE ALTA COCINA ITALIANA - Apuntes de San Luis\",\"isPartOf\":{\"@id\":\"https:\/\/apuntesdesanluis.com\/#website\"},\"primaryImageOfPage\":{\"@id\":\"https:\/\/apuntesdesanluis.com\/index.php\/2023\/09\/27\/la-upro-firmo-un-convenio-con-una-escuela-de-alta-cocina-italiana\/#primaryimage\"},\"image\":{\"@id\":\"https:\/\/apuntesdesanluis.com\/index.php\/2023\/09\/27\/la-upro-firmo-un-convenio-con-una-escuela-de-alta-cocina-italiana\/#primaryimage\"},\"thumbnailUrl\":\"https:\/\/apuntesdesanluis.com\/wp-content\/uploads\/2023\/09\/firma-2.png\",\"datePublished\":\"2023-09-27T22:38:55+00:00\",\"dateModified\":\"2023-09-27T22:45:37+00:00\",\"breadcrumb\":{\"@id\":\"https:\/\/apuntesdesanluis.com\/index.php\/2023\/09\/27\/la-upro-firmo-un-convenio-con-una-escuela-de-alta-cocina-italiana\/#breadcrumb\"},\"inLanguage\":\"es-AR\",\"potentialAction\":[{\"@type\":\"ReadAction\",\"target\":[\"https:\/\/apuntesdesanluis.com\/index.php\/2023\/09\/27\/la-upro-firmo-un-convenio-con-una-escuela-de-alta-cocina-italiana\/\"]}]},{\"@type\":\"ImageObject\",\"inLanguage\":\"es-AR\",\"@id\":\"https:\/\/apuntesdesanluis.com\/index.php\/2023\/09\/27\/la-upro-firmo-un-convenio-con-una-escuela-de-alta-cocina-italiana\/#primaryimage\",\"url\":\"https:\/\/apuntesdesanluis.com\/wp-content\/uploads\/2023\/09\/firma-2.png\",\"contentUrl\":\"https:\/\/apuntesdesanluis.com\/wp-content\/uploads\/2023\/09\/firma-2.png\",\"width\":688,\"height\":449},{\"@type\":\"BreadcrumbList\",\"@id\":\"https:\/\/apuntesdesanluis.com\/index.php\/2023\/09\/27\/la-upro-firmo-un-convenio-con-una-escuela-de-alta-cocina-italiana\/#breadcrumb\",\"itemListElement\":[{\"@type\":\"ListItem\",\"position\":1,\"name\":\"Inicio\",\"item\":\"https:\/\/apuntesdesanluis.com\/\"},{\"@type\":\"ListItem\",\"position\":2,\"name\":\"LA UPRO FIRM\u00d3 UN CONVENIO CON UNA ESCUELA DE ALTA COCINA ITALIANA\"}]},{\"@type\":\"WebSite\",\"@id\":\"https:\/\/apuntesdesanluis.com\/#website\",\"url\":\"https:\/\/apuntesdesanluis.com\/\",\"name\":\"Apuntes de San Luis\",\"description\":\"\",\"publisher\":{\"@id\":\"https:\/\/apuntesdesanluis.com\/#\/schema\/person\/b55151d52296fcce64d1a72538a70b90\"},\"potentialAction\":[{\"@type\":\"SearchAction\",\"target\":{\"@type\":\"EntryPoint\",\"urlTemplate\":\"https:\/\/apuntesdesanluis.com\/?s={search_term_string}\"},\"query-input\":{\"@type\":\"PropertyValueSpecification\",\"valueRequired\":true,\"valueName\":\"search_term_string\"}}],\"inLanguage\":\"es-AR\"},{\"@type\":[\"Person\",\"Organization\"],\"@id\":\"https:\/\/apuntesdesanluis.com\/#\/schema\/person\/b55151d52296fcce64d1a72538a70b90\",\"name\":\"apuntesdesanluis.com\",\"image\":{\"@type\":\"ImageObject\",\"inLanguage\":\"es-AR\",\"@id\":\"https:\/\/apuntesdesanluis.com\/#\/schema\/person\/image\/\",\"url\":\"https:\/\/apuntesdesanluis.com\/wp-content\/uploads\/2023\/07\/cropped-apuntesdesanluis.png\",\"contentUrl\":\"https:\/\/apuntesdesanluis.com\/wp-content\/uploads\/2023\/07\/cropped-apuntesdesanluis.png\",\"width\":450,\"height\":112,\"caption\":\"apuntesdesanluis.com\"},\"logo\":{\"@id\":\"https:\/\/apuntesdesanluis.com\/#\/schema\/person\/image\/\"},\"sameAs\":[\"https:\/\/apuntesdesanluis.com\"],\"url\":\"https:\/\/apuntesdesanluis.com\/index.php\/author\/apuntesdesanluis-com\/\"}]}<\/script>\n<!-- \/ Yoast SEO plugin. -->","yoast_head_json":{"title":"LA UPRO FIRM\u00d3 UN CONVENIO CON UNA ESCUELA DE ALTA COCINA ITALIANA - Apuntes de San Luis","robots":{"index":"index","follow":"follow","max-snippet":"max-snippet:-1","max-image-preview":"max-image-preview:large","max-video-preview":"max-video-preview:-1"},"canonical":"https:\/\/apuntesdesanluis.com\/index.php\/2023\/09\/27\/la-upro-firmo-un-convenio-con-una-escuela-de-alta-cocina-italiana\/","og_locale":"es_ES","og_type":"article","og_title":"LA UPRO FIRM\u00d3 UN CONVENIO CON UNA ESCUELA DE ALTA COCINA ITALIANA - Apuntes de San Luis","og_description":"Este mi\u00e9rcoles el rector de la Universidad Provincial de Oficios, Joaqu\u00edn Surroca, y el Director...","og_url":"https:\/\/apuntesdesanluis.com\/index.php\/2023\/09\/27\/la-upro-firmo-un-convenio-con-una-escuela-de-alta-cocina-italiana\/","og_site_name":"Apuntes de San Luis","article_published_time":"2023-09-27T22:38:55+00:00","article_modified_time":"2023-09-27T22:45:37+00:00","og_image":[{"width":688,"height":449,"url":"https:\/\/apuntesdesanluis.com\/wp-content\/uploads\/2023\/09\/firma-2.png","type":"image\/png"}],"author":"apuntesdesanluis.com","twitter_card":"summary_large_image","twitter_misc":{"Escrito por":"apuntesdesanluis.com","Tiempo de lectura":"2 minutos"},"schema":{"@context":"https:\/\/schema.org","@graph":[{"@type":"Article","@id":"https:\/\/apuntesdesanluis.com\/index.php\/2023\/09\/27\/la-upro-firmo-un-convenio-con-una-escuela-de-alta-cocina-italiana\/#article","isPartOf":{"@id":"https:\/\/apuntesdesanluis.com\/index.php\/2023\/09\/27\/la-upro-firmo-un-convenio-con-una-escuela-de-alta-cocina-italiana\/"},"author":{"name":"apuntesdesanluis.com","@id":"https:\/\/apuntesdesanluis.com\/#\/schema\/person\/b55151d52296fcce64d1a72538a70b90"},"headline":"LA UPRO FIRM\u00d3 UN CONVENIO CON UNA ESCUELA DE ALTA COCINA ITALIANA","datePublished":"2023-09-27T22:38:55+00:00","dateModified":"2023-09-27T22:45:37+00:00","mainEntityOfPage":{"@id":"https:\/\/apuntesdesanluis.com\/index.php\/2023\/09\/27\/la-upro-firmo-un-convenio-con-una-escuela-de-alta-cocina-italiana\/"},"wordCount":312,"publisher":{"@id":"https:\/\/apuntesdesanluis.com\/#\/schema\/person\/b55151d52296fcce64d1a72538a70b90"},"image":{"@id":"https:\/\/apuntesdesanluis.com\/index.php\/2023\/09\/27\/la-upro-firmo-un-convenio-con-una-escuela-de-alta-cocina-italiana\/#primaryimage"},"thumbnailUrl":"https:\/\/apuntesdesanluis.com\/wp-content\/uploads\/2023\/09\/firma-2.png","articleSection":["Ciudad\/Provincia"],"inLanguage":"es-AR"},{"@type":"WebPage","@id":"https:\/\/apuntesdesanluis.com\/index.php\/2023\/09\/27\/la-upro-firmo-un-convenio-con-una-escuela-de-alta-cocina-italiana\/","url":"https:\/\/apuntesdesanluis.com\/index.php\/2023\/09\/27\/la-upro-firmo-un-convenio-con-una-escuela-de-alta-cocina-italiana\/","name":"LA UPRO FIRM\u00d3 UN CONVENIO CON UNA ESCUELA DE ALTA COCINA ITALIANA - Apuntes de San Luis","isPartOf":{"@id":"https:\/\/apuntesdesanluis.com\/#website"},"primaryImageOfPage":{"@id":"https:\/\/apuntesdesanluis.com\/index.php\/2023\/09\/27\/la-upro-firmo-un-convenio-con-una-escuela-de-alta-cocina-italiana\/#primaryimage"},"image":{"@id":"https:\/\/apuntesdesanluis.com\/index.php\/2023\/09\/27\/la-upro-firmo-un-convenio-con-una-escuela-de-alta-cocina-italiana\/#primaryimage"},"thumbnailUrl":"https:\/\/apuntesdesanluis.com\/wp-content\/uploads\/2023\/09\/firma-2.png","datePublished":"2023-09-27T22:38:55+00:00","dateModified":"2023-09-27T22:45:37+00:00","breadcrumb":{"@id":"https:\/\/apuntesdesanluis.com\/index.php\/2023\/09\/27\/la-upro-firmo-un-convenio-con-una-escuela-de-alta-cocina-italiana\/#breadcrumb"},"inLanguage":"es-AR","potentialAction":[{"@type":"ReadAction","target":["https:\/\/apuntesdesanluis.com\/index.php\/2023\/09\/27\/la-upro-firmo-un-convenio-con-una-escuela-de-alta-cocina-italiana\/"]}]},{"@type":"ImageObject","inLanguage":"es-AR","@id":"https:\/\/apuntesdesanluis.com\/index.php\/2023\/09\/27\/la-upro-firmo-un-convenio-con-una-escuela-de-alta-cocina-italiana\/#primaryimage","url":"https:\/\/apuntesdesanluis.com\/wp-content\/uploads\/2023\/09\/firma-2.png","contentUrl":"https:\/\/apuntesdesanluis.com\/wp-content\/uploads\/2023\/09\/firma-2.png","width":688,"height":449},{"@type":"BreadcrumbList","@id":"https:\/\/apuntesdesanluis.com\/index.php\/2023\/09\/27\/la-upro-firmo-un-convenio-con-una-escuela-de-alta-cocina-italiana\/#breadcrumb","itemListElement":[{"@type":"ListItem","position":1,"name":"Inicio","item":"https:\/\/apuntesdesanluis.com\/"},{"@type":"ListItem","position":2,"name":"LA UPRO FIRM\u00d3 UN CONVENIO CON UNA ESCUELA DE ALTA COCINA ITALIANA"}]},{"@type":"WebSite","@id":"https:\/\/apuntesdesanluis.com\/#website","url":"https:\/\/apuntesdesanluis.com\/","name":"Apuntes de San Luis","description":"","publisher":{"@id":"https:\/\/apuntesdesanluis.com\/#\/schema\/person\/b55151d52296fcce64d1a72538a70b90"},"potentialAction":[{"@type":"SearchAction","target":{"@type":"EntryPoint","urlTemplate":"https:\/\/apuntesdesanluis.com\/?s={search_term_string}"},"query-input":{"@type":"PropertyValueSpecification","valueRequired":true,"valueName":"search_term_string"}}],"inLanguage":"es-AR"},{"@type":["Person","Organization"],"@id":"https:\/\/apuntesdesanluis.com\/#\/schema\/person\/b55151d52296fcce64d1a72538a70b90","name":"apuntesdesanluis.com","image":{"@type":"ImageObject","inLanguage":"es-AR","@id":"https:\/\/apuntesdesanluis.com\/#\/schema\/person\/image\/","url":"https:\/\/apuntesdesanluis.com\/wp-content\/uploads\/2023\/07\/cropped-apuntesdesanluis.png","contentUrl":"https:\/\/apuntesdesanluis.com\/wp-content\/uploads\/2023\/07\/cropped-apuntesdesanluis.png","width":450,"height":112,"caption":"apuntesdesanluis.com"},"logo":{"@id":"https:\/\/apuntesdesanluis.com\/#\/schema\/person\/image\/"},"sameAs":["https:\/\/apuntesdesanluis.com"],"url":"https:\/\/apuntesdesanluis.com\/index.php\/author\/apuntesdesanluis-com\/"}]}},"featured_image_urls":{"full":["https:\/\/apuntesdesanluis.com\/wp-content\/uploads\/2023\/09\/firma-2.png",688,449,false],"thumbnail":["https:\/\/apuntesdesanluis.com\/wp-content\/uploads\/2023\/09\/firma-2-150x150.png",150,150,true],"medium":["https:\/\/apuntesdesanluis.com\/wp-content\/uploads\/2023\/09\/firma-2-300x196.png",300,196,true],"medium_large":["https:\/\/apuntesdesanluis.com\/wp-content\/uploads\/2023\/09\/firma-2.png",640,418,false],"large":["https:\/\/apuntesdesanluis.com\/wp-content\/uploads\/2023\/09\/firma-2.png",640,418,false],"1536x1536":["https:\/\/apuntesdesanluis.com\/wp-content\/uploads\/2023\/09\/firma-2.png",688,449,false],"2048x2048":["https:\/\/apuntesdesanluis.com\/wp-content\/uploads\/2023\/09\/firma-2.png",688,449,false],"newsever-slider-full":["https:\/\/apuntesdesanluis.com\/wp-content\/uploads\/2023\/09\/firma-2.png",688,449,false],"newsever-featured":["https:\/\/apuntesdesanluis.com\/wp-content\/uploads\/2023\/09\/firma-2.png",688,449,false],"newsever-medium":["https:\/\/apuntesdesanluis.com\/wp-content\/uploads\/2023\/09\/firma-2.png",688,449,false]},"author_info":{"display_name":"apuntesdesanluis.com","author_link":"https:\/\/apuntesdesanluis.com\/index.php\/author\/apuntesdesanluis-com\/"},"category_info":"<a href=\"https:\/\/apuntesdesanluis.com\/index.php\/category\/ciudad-provincia\/\" rel=\"category tag\">Ciudad\/Provincia<\/a>","tag_info":"Ciudad\/Provincia","comment_count":"0","_links":{"self":[{"href":"https:\/\/apuntesdesanluis.com\/index.php\/wp-json\/wp\/v2\/posts\/4192","targetHints":{"allow":["GET"]}}],"collection":[{"href":"https:\/\/apuntesdesanluis.com\/index.php\/wp-json\/wp\/v2\/posts"}],"about":[{"href":"https:\/\/apuntesdesanluis.com\/index.php\/wp-json\/wp\/v2\/types\/post"}],"author":[{"embeddable":true,"href":"https:\/\/apuntesdesanluis.com\/index.php\/wp-json\/wp\/v2\/users\/1"}],"replies":[{"embeddable":true,"href":"https:\/\/apuntesdesanluis.com\/index.php\/wp-json\/wp\/v2\/comments?post=4192"}],"version-history":[{"count":6,"href":"https:\/\/apuntesdesanluis.com\/index.php\/wp-json\/wp\/v2\/posts\/4192\/revisions"}],"predecessor-version":[{"id":4203,"href":"https:\/\/apuntesdesanluis.com\/index.php\/wp-json\/wp\/v2\/posts\/4192\/revisions\/4203"}],"wp:featuredmedia":[{"embeddable":true,"href":"https:\/\/apuntesdesanluis.com\/index.php\/wp-json\/wp\/v2\/media\/4193"}],"wp:attachment":[{"href":"https:\/\/apuntesdesanluis.com\/index.php\/wp-json\/wp\/v2\/media?parent=4192"}],"wp:term":[{"taxonomy":"category","embeddable":true,"href":"https:\/\/apuntesdesanluis.com\/index.php\/wp-json\/wp\/v2\/categories?post=4192"},{"taxonomy":"post_tag","embeddable":true,"href":"https:\/\/apuntesdesanluis.com\/index.php\/wp-json\/wp\/v2\/tags?post=4192"}],"curies":[{"name":"wp","href":"https:\/\/api.w.org\/{rel}","templated":true}]}}