{"id":4221,"date":"2023-09-27T20:14:00","date_gmt":"2023-09-27T23:14:00","guid":{"rendered":"https:\/\/apuntesdesanluis.com\/?p=4221"},"modified":"2023-09-27T20:14:00","modified_gmt":"2023-09-27T23:14:00","slug":"mapa-de-la-pobreza-san-luis-entre-las-provincias-con-el-indice-mas-alto","status":"publish","type":"post","link":"https:\/\/apuntesdesanluis.com\/index.php\/2023\/09\/27\/mapa-de-la-pobreza-san-luis-entre-las-provincias-con-el-indice-mas-alto\/","title":{"rendered":"MAPA DE LA POBREZA: SAN LUIS, ENTRE LAS PROVINCIAS CON EL \u00cdNDICE M\u00c1S ALTO"},"content":{"rendered":"<h3>La regi\u00f3n nordeste presenta el mayor porcentaje con 42%, con la incidencia de Gran Resistencia que alcanza 60,3%. Los partidos del Gran Buenos Aires llegaron\u00a0 al 47% de pobreza. El conglomerado de Gran San Luis registra un nivel de pobreza de 47,3%.<\/h3>\n<h3>El Instituto Nacional de Estad\u00edsticas y Censos (Indec) dio a conocer este mi\u00e9rcoles el \u00edndice de pobreza, que se ubic\u00f3 en 40,1% al cierre del primer semestre de 2023. En tanto, el nivel de indigencia se ubic\u00f3 en 9,3%.<\/h3>\n<h3>Hay m\u00e1s de 18,4 millones de personas en situaci\u00f3n de pobreza y 4,3 millones de personas en situaci\u00f3n de indigencia extrapolando los datos de los 31 aglomerados medidos\u00a0 a la poblaci\u00f3n general.<\/h3>\n<h3>Al interior del n\u00famero, cuando se comienza a observar por regiones, se destacan algunas ciudades y regiones que son m\u00e1s golpeadas que otras.<\/h3>\n<h3>Entre las regiones en que se divide la medici\u00f3n en base a la distribuci\u00f3n geogr\u00e1fica, la Regi\u00f3n Noreste, resulta la que tiene el mayor nivel de pobreza, con un 42% y tambi\u00e9n la que ostenta el mayor porcentaje de indigencia, 10,6%.\u00a0\u00a0 Dentro de esta regi\u00f3n, sobresale el indice de pobreza m\u00e1s alto del pa\u00eds, que es el de Gran resistencia en Chaco, con un\u00a0 60,3% y el mayor porcentaje de indigencia del pa\u00eds tambi\u00e9n con 18,8%.<\/h3>\n<h3>Al Noreste le sigue la Regi\u00f3n Gran Buenos Aires, con un 41,4% de pobreza y un 10,4% de indigencia.\u00a0 Se da aqui el mayor contraste regional. Mientras la Ciudad Autonoma de Buenos Aires registra el menor indice de pobreza del pa\u00eds con 17,4%, del otro lado de la General Paz, el Gran Buenos Aires acumula uno de los mayores \u00edndices de pobreza, 47%. M\u00e1s de dos veces y media el \u00edndice de CABA.<\/h3>\n<h3>Al analizar los niveles de indigencia, el GBA tiene uno de los m\u00e1s altos \u00edndices con 11,6%, pero es uno de los m\u00e1s significativos por la densidad poblacional. Contiene a casi 1,5 millones de personas bajo la linea de la indigencia.<\/h3>\n<h3>La regi\u00f3n Noroeste se encuentra en tercer lugar, con un \u00edndice de 41% de pobreza y 7,8% de indigencia. Aqu\u00ed se destaca negativamente el conglomerado de Santiago del Estero &#8211; La Banda con un porcentaje de pobreza del 46,6%.<\/h3>\n<h3>La regi\u00f3n de Cuyo, mostr\u00f3 un \u00edndice de 40,7% de pobreza, y 6,7% de indigencia, donde sobresale el conglomerado de Gran San Luis, con un nivel de pobreza de 47,3%, aunque en la indigencia, el que marc\u00f3 el peor registro fue el Gran Mendoza, con el 8,7%.<\/h3>\n<h3>La regi\u00f3n pampeana se mostr\u00f3 por debajo del indice general, con un 36,8% de pobreza y un 8,2% de indigencia. Se destac\u00f3 el dato de Concordia, que expuso un 58,3% de pobreza y 18,1% de indigencia. De los peores porcentajes de los conglomerados junto con Gran Resistencia.<\/h3>\n<h3>La regi\u00f3n patag\u00f3nica es la que mejores estad\u00edsticas revel\u00f3 al\u00a0 exponer un 33,2% de pobreza y 5,5% de indigencia.<\/h3>\n","protected":false},"excerpt":{"rendered":"<p>La regi\u00f3n nordeste presenta el mayor porcentaje con 42%, con la incidencia de Gran Resistencia&#8230;<\/p>\n","protected":false},"author":1,"featured_media":4222,"comment_status":"closed","ping_status":"closed","sticky":false,"template":"","format":"standard","meta":{"footnotes":""},"categories":[6],"tags":[],"class_list":["post-4221","post","type-post","status-publish","format-standard","has-post-thumbnail","hentry","category-ciudad-provincia"],"yoast_head":"<!-- This site is optimized with the Yoast SEO plugin v26.1.1 - https:\/\/yoast.com\/wordpress\/plugins\/seo\/ -->\n<title>MAPA DE LA POBREZA: SAN LUIS, ENTRE LAS PROVINCIAS CON EL \u00cdNDICE M\u00c1S ALTO - Apuntes de San Luis<\/title>\n<meta name=\"robots\" content=\"index, follow, max-snippet:-1, max-image-preview:large, max-video-preview:-1\" \/>\n<link rel=\"canonical\" href=\"https:\/\/apuntesdesanluis.com\/index.php\/2023\/09\/27\/mapa-de-la-pobreza-san-luis-entre-las-provincias-con-el-indice-mas-alto\/\" \/>\n<meta property=\"og:locale\" content=\"es_ES\" \/>\n<meta property=\"og:type\" content=\"article\" \/>\n<meta property=\"og:title\" content=\"MAPA DE LA POBREZA: SAN LUIS, ENTRE LAS PROVINCIAS CON EL \u00cdNDICE M\u00c1S ALTO - Apuntes de San Luis\" \/>\n<meta property=\"og:description\" content=\"La regi\u00f3n nordeste presenta el mayor porcentaje con 42%, con la incidencia de Gran Resistencia...\" \/>\n<meta property=\"og:url\" content=\"https:\/\/apuntesdesanluis.com\/index.php\/2023\/09\/27\/mapa-de-la-pobreza-san-luis-entre-las-provincias-con-el-indice-mas-alto\/\" \/>\n<meta property=\"og:site_name\" content=\"Apuntes de San Luis\" \/>\n<meta property=\"article:published_time\" content=\"2023-09-27T23:14:00+00:00\" \/>\n<meta property=\"og:image\" content=\"https:\/\/apuntesdesanluis.com\/wp-content\/uploads\/2023\/09\/pobreza-en-san-luis.png\" \/>\n\t<meta property=\"og:image:width\" content=\"714\" \/>\n\t<meta property=\"og:image:height\" content=\"422\" \/>\n\t<meta property=\"og:image:type\" content=\"image\/png\" \/>\n<meta name=\"author\" content=\"apuntesdesanluis.com\" \/>\n<meta name=\"twitter:card\" content=\"summary_large_image\" \/>\n<meta name=\"twitter:label1\" content=\"Escrito por\" \/>\n\t<meta name=\"twitter:data1\" content=\"apuntesdesanluis.com\" \/>\n\t<meta name=\"twitter:label2\" content=\"Tiempo de lectura\" \/>\n\t<meta name=\"twitter:data2\" content=\"3 minutos\" \/>\n<script type=\"application\/ld+json\" class=\"yoast-schema-graph\">{\"@context\":\"https:\/\/schema.org\",\"@graph\":[{\"@type\":\"Article\",\"@id\":\"https:\/\/apuntesdesanluis.com\/index.php\/2023\/09\/27\/mapa-de-la-pobreza-san-luis-entre-las-provincias-con-el-indice-mas-alto\/#article\",\"isPartOf\":{\"@id\":\"https:\/\/apuntesdesanluis.com\/index.php\/2023\/09\/27\/mapa-de-la-pobreza-san-luis-entre-las-provincias-con-el-indice-mas-alto\/\"},\"author\":{\"name\":\"apuntesdesanluis.com\",\"@id\":\"https:\/\/apuntesdesanluis.com\/#\/schema\/person\/b55151d52296fcce64d1a72538a70b90\"},\"headline\":\"MAPA DE LA POBREZA: SAN LUIS, ENTRE LAS PROVINCIAS CON EL \u00cdNDICE M\u00c1S ALTO\",\"datePublished\":\"2023-09-27T23:14:00+00:00\",\"mainEntityOfPage\":{\"@id\":\"https:\/\/apuntesdesanluis.com\/index.php\/2023\/09\/27\/mapa-de-la-pobreza-san-luis-entre-las-provincias-con-el-indice-mas-alto\/\"},\"wordCount\":490,\"publisher\":{\"@id\":\"https:\/\/apuntesdesanluis.com\/#\/schema\/person\/b55151d52296fcce64d1a72538a70b90\"},\"image\":{\"@id\":\"https:\/\/apuntesdesanluis.com\/index.php\/2023\/09\/27\/mapa-de-la-pobreza-san-luis-entre-las-provincias-con-el-indice-mas-alto\/#primaryimage\"},\"thumbnailUrl\":\"https:\/\/apuntesdesanluis.com\/wp-content\/uploads\/2023\/09\/pobreza-en-san-luis.png\",\"articleSection\":[\"Ciudad\/Provincia\"],\"inLanguage\":\"es-AR\"},{\"@type\":\"WebPage\",\"@id\":\"https:\/\/apuntesdesanluis.com\/index.php\/2023\/09\/27\/mapa-de-la-pobreza-san-luis-entre-las-provincias-con-el-indice-mas-alto\/\",\"url\":\"https:\/\/apuntesdesanluis.com\/index.php\/2023\/09\/27\/mapa-de-la-pobreza-san-luis-entre-las-provincias-con-el-indice-mas-alto\/\",\"name\":\"MAPA DE LA POBREZA: SAN LUIS, ENTRE LAS PROVINCIAS CON EL \u00cdNDICE M\u00c1S ALTO - Apuntes de San Luis\",\"isPartOf\":{\"@id\":\"https:\/\/apuntesdesanluis.com\/#website\"},\"primaryImageOfPage\":{\"@id\":\"https:\/\/apuntesdesanluis.com\/index.php\/2023\/09\/27\/mapa-de-la-pobreza-san-luis-entre-las-provincias-con-el-indice-mas-alto\/#primaryimage\"},\"image\":{\"@id\":\"https:\/\/apuntesdesanluis.com\/index.php\/2023\/09\/27\/mapa-de-la-pobreza-san-luis-entre-las-provincias-con-el-indice-mas-alto\/#primaryimage\"},\"thumbnailUrl\":\"https:\/\/apuntesdesanluis.com\/wp-content\/uploads\/2023\/09\/pobreza-en-san-luis.png\",\"datePublished\":\"2023-09-27T23:14:00+00:00\",\"breadcrumb\":{\"@id\":\"https:\/\/apuntesdesanluis.com\/index.php\/2023\/09\/27\/mapa-de-la-pobreza-san-luis-entre-las-provincias-con-el-indice-mas-alto\/#breadcrumb\"},\"inLanguage\":\"es-AR\",\"potentialAction\":[{\"@type\":\"ReadAction\",\"target\":[\"https:\/\/apuntesdesanluis.com\/index.php\/2023\/09\/27\/mapa-de-la-pobreza-san-luis-entre-las-provincias-con-el-indice-mas-alto\/\"]}]},{\"@type\":\"ImageObject\",\"inLanguage\":\"es-AR\",\"@id\":\"https:\/\/apuntesdesanluis.com\/index.php\/2023\/09\/27\/mapa-de-la-pobreza-san-luis-entre-las-provincias-con-el-indice-mas-alto\/#primaryimage\",\"url\":\"https:\/\/apuntesdesanluis.com\/wp-content\/uploads\/2023\/09\/pobreza-en-san-luis.png\",\"contentUrl\":\"https:\/\/apuntesdesanluis.com\/wp-content\/uploads\/2023\/09\/pobreza-en-san-luis.png\",\"width\":714,\"height\":422},{\"@type\":\"BreadcrumbList\",\"@id\":\"https:\/\/apuntesdesanluis.com\/index.php\/2023\/09\/27\/mapa-de-la-pobreza-san-luis-entre-las-provincias-con-el-indice-mas-alto\/#breadcrumb\",\"itemListElement\":[{\"@type\":\"ListItem\",\"position\":1,\"name\":\"Inicio\",\"item\":\"https:\/\/apuntesdesanluis.com\/\"},{\"@type\":\"ListItem\",\"position\":2,\"name\":\"MAPA DE LA POBREZA: SAN LUIS, ENTRE LAS PROVINCIAS CON EL \u00cdNDICE M\u00c1S ALTO\"}]},{\"@type\":\"WebSite\",\"@id\":\"https:\/\/apuntesdesanluis.com\/#website\",\"url\":\"https:\/\/apuntesdesanluis.com\/\",\"name\":\"Apuntes de San Luis\",\"description\":\"\",\"publisher\":{\"@id\":\"https:\/\/apuntesdesanluis.com\/#\/schema\/person\/b55151d52296fcce64d1a72538a70b90\"},\"potentialAction\":[{\"@type\":\"SearchAction\",\"target\":{\"@type\":\"EntryPoint\",\"urlTemplate\":\"https:\/\/apuntesdesanluis.com\/?s={search_term_string}\"},\"query-input\":{\"@type\":\"PropertyValueSpecification\",\"valueRequired\":true,\"valueName\":\"search_term_string\"}}],\"inLanguage\":\"es-AR\"},{\"@type\":[\"Person\",\"Organization\"],\"@id\":\"https:\/\/apuntesdesanluis.com\/#\/schema\/person\/b55151d52296fcce64d1a72538a70b90\",\"name\":\"apuntesdesanluis.com\",\"image\":{\"@type\":\"ImageObject\",\"inLanguage\":\"es-AR\",\"@id\":\"https:\/\/apuntesdesanluis.com\/#\/schema\/person\/image\/\",\"url\":\"https:\/\/apuntesdesanluis.com\/wp-content\/uploads\/2023\/07\/cropped-apuntesdesanluis.png\",\"contentUrl\":\"https:\/\/apuntesdesanluis.com\/wp-content\/uploads\/2023\/07\/cropped-apuntesdesanluis.png\",\"width\":450,\"height\":112,\"caption\":\"apuntesdesanluis.com\"},\"logo\":{\"@id\":\"https:\/\/apuntesdesanluis.com\/#\/schema\/person\/image\/\"},\"sameAs\":[\"https:\/\/apuntesdesanluis.com\"],\"url\":\"https:\/\/apuntesdesanluis.com\/index.php\/author\/apuntesdesanluis-com\/\"}]}<\/script>\n<!-- \/ Yoast SEO plugin. -->","yoast_head_json":{"title":"MAPA DE LA POBREZA: SAN LUIS, ENTRE LAS PROVINCIAS CON EL \u00cdNDICE M\u00c1S ALTO - Apuntes de San Luis","robots":{"index":"index","follow":"follow","max-snippet":"max-snippet:-1","max-image-preview":"max-image-preview:large","max-video-preview":"max-video-preview:-1"},"canonical":"https:\/\/apuntesdesanluis.com\/index.php\/2023\/09\/27\/mapa-de-la-pobreza-san-luis-entre-las-provincias-con-el-indice-mas-alto\/","og_locale":"es_ES","og_type":"article","og_title":"MAPA DE LA POBREZA: SAN LUIS, ENTRE LAS PROVINCIAS CON EL \u00cdNDICE M\u00c1S ALTO - Apuntes de San Luis","og_description":"La regi\u00f3n nordeste presenta el mayor porcentaje con 42%, con la incidencia de Gran Resistencia...","og_url":"https:\/\/apuntesdesanluis.com\/index.php\/2023\/09\/27\/mapa-de-la-pobreza-san-luis-entre-las-provincias-con-el-indice-mas-alto\/","og_site_name":"Apuntes de San Luis","article_published_time":"2023-09-27T23:14:00+00:00","og_image":[{"width":714,"height":422,"url":"https:\/\/apuntesdesanluis.com\/wp-content\/uploads\/2023\/09\/pobreza-en-san-luis.png","type":"image\/png"}],"author":"apuntesdesanluis.com","twitter_card":"summary_large_image","twitter_misc":{"Escrito por":"apuntesdesanluis.com","Tiempo de lectura":"3 minutos"},"schema":{"@context":"https:\/\/schema.org","@graph":[{"@type":"Article","@id":"https:\/\/apuntesdesanluis.com\/index.php\/2023\/09\/27\/mapa-de-la-pobreza-san-luis-entre-las-provincias-con-el-indice-mas-alto\/#article","isPartOf":{"@id":"https:\/\/apuntesdesanluis.com\/index.php\/2023\/09\/27\/mapa-de-la-pobreza-san-luis-entre-las-provincias-con-el-indice-mas-alto\/"},"author":{"name":"apuntesdesanluis.com","@id":"https:\/\/apuntesdesanluis.com\/#\/schema\/person\/b55151d52296fcce64d1a72538a70b90"},"headline":"MAPA DE LA POBREZA: SAN LUIS, ENTRE LAS PROVINCIAS CON EL \u00cdNDICE M\u00c1S ALTO","datePublished":"2023-09-27T23:14:00+00:00","mainEntityOfPage":{"@id":"https:\/\/apuntesdesanluis.com\/index.php\/2023\/09\/27\/mapa-de-la-pobreza-san-luis-entre-las-provincias-con-el-indice-mas-alto\/"},"wordCount":490,"publisher":{"@id":"https:\/\/apuntesdesanluis.com\/#\/schema\/person\/b55151d52296fcce64d1a72538a70b90"},"image":{"@id":"https:\/\/apuntesdesanluis.com\/index.php\/2023\/09\/27\/mapa-de-la-pobreza-san-luis-entre-las-provincias-con-el-indice-mas-alto\/#primaryimage"},"thumbnailUrl":"https:\/\/apuntesdesanluis.com\/wp-content\/uploads\/2023\/09\/pobreza-en-san-luis.png","articleSection":["Ciudad\/Provincia"],"inLanguage":"es-AR"},{"@type":"WebPage","@id":"https:\/\/apuntesdesanluis.com\/index.php\/2023\/09\/27\/mapa-de-la-pobreza-san-luis-entre-las-provincias-con-el-indice-mas-alto\/","url":"https:\/\/apuntesdesanluis.com\/index.php\/2023\/09\/27\/mapa-de-la-pobreza-san-luis-entre-las-provincias-con-el-indice-mas-alto\/","name":"MAPA DE LA POBREZA: SAN LUIS, ENTRE LAS PROVINCIAS CON EL \u00cdNDICE M\u00c1S ALTO - Apuntes de San Luis","isPartOf":{"@id":"https:\/\/apuntesdesanluis.com\/#website"},"primaryImageOfPage":{"@id":"https:\/\/apuntesdesanluis.com\/index.php\/2023\/09\/27\/mapa-de-la-pobreza-san-luis-entre-las-provincias-con-el-indice-mas-alto\/#primaryimage"},"image":{"@id":"https:\/\/apuntesdesanluis.com\/index.php\/2023\/09\/27\/mapa-de-la-pobreza-san-luis-entre-las-provincias-con-el-indice-mas-alto\/#primaryimage"},"thumbnailUrl":"https:\/\/apuntesdesanluis.com\/wp-content\/uploads\/2023\/09\/pobreza-en-san-luis.png","datePublished":"2023-09-27T23:14:00+00:00","breadcrumb":{"@id":"https:\/\/apuntesdesanluis.com\/index.php\/2023\/09\/27\/mapa-de-la-pobreza-san-luis-entre-las-provincias-con-el-indice-mas-alto\/#breadcrumb"},"inLanguage":"es-AR","potentialAction":[{"@type":"ReadAction","target":["https:\/\/apuntesdesanluis.com\/index.php\/2023\/09\/27\/mapa-de-la-pobreza-san-luis-entre-las-provincias-con-el-indice-mas-alto\/"]}]},{"@type":"ImageObject","inLanguage":"es-AR","@id":"https:\/\/apuntesdesanluis.com\/index.php\/2023\/09\/27\/mapa-de-la-pobreza-san-luis-entre-las-provincias-con-el-indice-mas-alto\/#primaryimage","url":"https:\/\/apuntesdesanluis.com\/wp-content\/uploads\/2023\/09\/pobreza-en-san-luis.png","contentUrl":"https:\/\/apuntesdesanluis.com\/wp-content\/uploads\/2023\/09\/pobreza-en-san-luis.png","width":714,"height":422},{"@type":"BreadcrumbList","@id":"https:\/\/apuntesdesanluis.com\/index.php\/2023\/09\/27\/mapa-de-la-pobreza-san-luis-entre-las-provincias-con-el-indice-mas-alto\/#breadcrumb","itemListElement":[{"@type":"ListItem","position":1,"name":"Inicio","item":"https:\/\/apuntesdesanluis.com\/"},{"@type":"ListItem","position":2,"name":"MAPA DE LA POBREZA: SAN LUIS, ENTRE LAS PROVINCIAS CON EL \u00cdNDICE M\u00c1S ALTO"}]},{"@type":"WebSite","@id":"https:\/\/apuntesdesanluis.com\/#website","url":"https:\/\/apuntesdesanluis.com\/","name":"Apuntes de San Luis","description":"","publisher":{"@id":"https:\/\/apuntesdesanluis.com\/#\/schema\/person\/b55151d52296fcce64d1a72538a70b90"},"potentialAction":[{"@type":"SearchAction","target":{"@type":"EntryPoint","urlTemplate":"https:\/\/apuntesdesanluis.com\/?s={search_term_string}"},"query-input":{"@type":"PropertyValueSpecification","valueRequired":true,"valueName":"search_term_string"}}],"inLanguage":"es-AR"},{"@type":["Person","Organization"],"@id":"https:\/\/apuntesdesanluis.com\/#\/schema\/person\/b55151d52296fcce64d1a72538a70b90","name":"apuntesdesanluis.com","image":{"@type":"ImageObject","inLanguage":"es-AR","@id":"https:\/\/apuntesdesanluis.com\/#\/schema\/person\/image\/","url":"https:\/\/apuntesdesanluis.com\/wp-content\/uploads\/2023\/07\/cropped-apuntesdesanluis.png","contentUrl":"https:\/\/apuntesdesanluis.com\/wp-content\/uploads\/2023\/07\/cropped-apuntesdesanluis.png","width":450,"height":112,"caption":"apuntesdesanluis.com"},"logo":{"@id":"https:\/\/apuntesdesanluis.com\/#\/schema\/person\/image\/"},"sameAs":["https:\/\/apuntesdesanluis.com"],"url":"https:\/\/apuntesdesanluis.com\/index.php\/author\/apuntesdesanluis-com\/"}]}},"featured_image_urls":{"full":["https:\/\/apuntesdesanluis.com\/wp-content\/uploads\/2023\/09\/pobreza-en-san-luis.png",714,422,false],"thumbnail":["https:\/\/apuntesdesanluis.com\/wp-content\/uploads\/2023\/09\/pobreza-en-san-luis-150x150.png",150,150,true],"medium":["https:\/\/apuntesdesanluis.com\/wp-content\/uploads\/2023\/09\/pobreza-en-san-luis-300x177.png",300,177,true],"medium_large":["https:\/\/apuntesdesanluis.com\/wp-content\/uploads\/2023\/09\/pobreza-en-san-luis.png",640,378,false],"large":["https:\/\/apuntesdesanluis.com\/wp-content\/uploads\/2023\/09\/pobreza-en-san-luis.png",640,378,false],"1536x1536":["https:\/\/apuntesdesanluis.com\/wp-content\/uploads\/2023\/09\/pobreza-en-san-luis.png",714,422,false],"2048x2048":["https:\/\/apuntesdesanluis.com\/wp-content\/uploads\/2023\/09\/pobreza-en-san-luis.png",714,422,false],"newsever-slider-full":["https:\/\/apuntesdesanluis.com\/wp-content\/uploads\/2023\/09\/pobreza-en-san-luis.png",714,422,false],"newsever-featured":["https:\/\/apuntesdesanluis.com\/wp-content\/uploads\/2023\/09\/pobreza-en-san-luis.png",714,422,false],"newsever-medium":["https:\/\/apuntesdesanluis.com\/wp-content\/uploads\/2023\/09\/pobreza-en-san-luis.png",714,422,false]},"author_info":{"display_name":"apuntesdesanluis.com","author_link":"https:\/\/apuntesdesanluis.com\/index.php\/author\/apuntesdesanluis-com\/"},"category_info":"<a href=\"https:\/\/apuntesdesanluis.com\/index.php\/category\/ciudad-provincia\/\" rel=\"category tag\">Ciudad\/Provincia<\/a>","tag_info":"Ciudad\/Provincia","comment_count":"0","_links":{"self":[{"href":"https:\/\/apuntesdesanluis.com\/index.php\/wp-json\/wp\/v2\/posts\/4221","targetHints":{"allow":["GET"]}}],"collection":[{"href":"https:\/\/apuntesdesanluis.com\/index.php\/wp-json\/wp\/v2\/posts"}],"about":[{"href":"https:\/\/apuntesdesanluis.com\/index.php\/wp-json\/wp\/v2\/types\/post"}],"author":[{"embeddable":true,"href":"https:\/\/apuntesdesanluis.com\/index.php\/wp-json\/wp\/v2\/users\/1"}],"replies":[{"embeddable":true,"href":"https:\/\/apuntesdesanluis.com\/index.php\/wp-json\/wp\/v2\/comments?post=4221"}],"version-history":[{"count":1,"href":"https:\/\/apuntesdesanluis.com\/index.php\/wp-json\/wp\/v2\/posts\/4221\/revisions"}],"predecessor-version":[{"id":4223,"href":"https:\/\/apuntesdesanluis.com\/index.php\/wp-json\/wp\/v2\/posts\/4221\/revisions\/4223"}],"wp:featuredmedia":[{"embeddable":true,"href":"https:\/\/apuntesdesanluis.com\/index.php\/wp-json\/wp\/v2\/media\/4222"}],"wp:attachment":[{"href":"https:\/\/apuntesdesanluis.com\/index.php\/wp-json\/wp\/v2\/media?parent=4221"}],"wp:term":[{"taxonomy":"category","embeddable":true,"href":"https:\/\/apuntesdesanluis.com\/index.php\/wp-json\/wp\/v2\/categories?post=4221"},{"taxonomy":"post_tag","embeddable":true,"href":"https:\/\/apuntesdesanluis.com\/index.php\/wp-json\/wp\/v2\/tags?post=4221"}],"curies":[{"name":"wp","href":"https:\/\/api.w.org\/{rel}","templated":true}]}}